{"id":13514,"date":"2023-06-28T01:28:21","date_gmt":"2023-06-27T23:28:21","guid":{"rendered":"https:\/\/www.ladiagonale.net\/?p=13514"},"modified":"2023-06-28T18:58:51","modified_gmt":"2023-06-28T16:58:51","slug":"lom-garderait-un-oeil-sur-ben-yedder","status":"publish","type":"post","link":"https:\/\/www.ladiagonale.net\/index.php\/2023\/06\/28\/lom-garderait-un-oeil-sur-ben-yedder\/","title":{"rendered":"L&rsquo;OM garderait un \u0153il sur Ben Yedder"},"content":{"rendered":"\n\n\n<p>L&rsquo;avenir de Wissam Ben Yedder (32 ans) fait l&rsquo;objet de sp\u00e9culations. Si le capitaine de l&rsquo;AS Monaco <a href=\"https:\/\/www.ladiagonale.net\/index.php\/2023\/06\/10\/ben-yedder-piste-en-arabie-saoudite\/\">a potentiellement des touches en Arabie saoudite<\/a>, il int\u00e9resserait \u00e9galement l&rsquo;Olympique de Marseille. Selon <em>L&rsquo;\u00c9quipe<\/em>, le club phoc\u00e9en \u00e9tudierait plusieurs pistes pour renforcer son attaque, dont celle menant \u00e0 Wissam Ben Yedder, alors que la question de la prolongation de son attaquant vedette Alexis Sanchez est toujours en discussion.<\/p>\n\n\n\n<p>Le salaire du troisi\u00e8me meilleur buteur de l&rsquo;histoire du club de la Principaut\u00e9 (<a href=\"https:\/\/www.ladiagonale.net\/index.php\/2023\/03\/30\/les-10-plus-gros-salaires-de-las-monaco\/\">estim\u00e9 \u00e0 650.000 euros mensuels bruts<\/a>) serait cependant jug\u00e9 un peu trop \u00e9lev\u00e9 par les dirigeants marseillais. Le contrat de Ben Yedder, qui court jusqu&rsquo;en juin 2024, <a href=\"https:\/\/www.ladiagonale.net\/index.php\/2023\/04\/15\/la-prolongation-de-ben-yedder-ne-serait-pas-a-lordre-du-jour\/\">ne ferait pas pour l&rsquo;instant l&rsquo;objet d&rsquo;une prolongation<\/a>, m\u00eame si un d\u00e9part de l\u2019attaquant ne semble pas non plus d&rsquo;actualit\u00e9 d&rsquo;apr\u00e8s le quotidien. <\/p>\n","protected":false},"excerpt":{"rendered":"<p>L&rsquo;avenir de Wissam Ben Yedder (32 ans) fait l&rsquo;objet de sp\u00e9culations. Si le capitaine de l&rsquo;AS Monaco a potentiellement des touches en Arabie saoudite, il int\u00e9resserait \u00e9galement l&rsquo;Olympique de Marseille. Selon L&rsquo;\u00c9quipe, le club phoc\u00e9en \u00e9tudierait plusieurs pistes pour renforcer son attaque, dont celle menant \u00e0 Wissam Ben Yedder, alors que la question de la [&#8230;]\n","protected":false},"author":2,"featured_media":0,"comment_status":"open","ping_status":"open","sticky":false,"template":"","format":"standard","meta":[],"categories":[6],"tags":[86,111,110,175],"yoast_head":"<!-- This site is optimized with the Yoast SEO plugin v19.8 - https:\/\/yoast.com\/wordpress\/plugins\/seo\/ -->\n<title>L&#039;OM garderait un \u0153il sur Ben Yedder - La Diagonale<\/title>\n<meta name=\"robots\" content=\"index, follow, max-snippet:-1, max-image-preview:large, max-video-preview:-1\" \/>\n<link rel=\"canonical\" href=\"https:\/\/www.ladiagonale.net\/index.php\/2023\/06\/28\/lom-garderait-un-oeil-sur-ben-yedder\/\" \/>\n<meta property=\"og:locale\" content=\"fr_FR\" \/>\n<meta property=\"og:type\" content=\"article\" \/>\n<meta property=\"og:title\" content=\"L&#039;OM garderait un \u0153il sur Ben Yedder - La Diagonale\" \/>\n<meta property=\"og:description\" content=\"L&rsquo;avenir de Wissam Ben Yedder (32 ans) fait l&rsquo;objet de sp\u00e9culations. Si le capitaine de l&rsquo;AS Monaco a potentiellement des touches en Arabie saoudite, il int\u00e9resserait \u00e9galement l&rsquo;Olympique de Marseille. Selon L&rsquo;\u00c9quipe, le club phoc\u00e9en \u00e9tudierait plusieurs pistes pour renforcer son attaque, dont celle menant \u00e0 Wissam Ben Yedder, alors que la question de la [...]\" \/>\n<meta property=\"og:url\" content=\"https:\/\/www.ladiagonale.net\/index.php\/2023\/06\/28\/lom-garderait-un-oeil-sur-ben-yedder\/\" \/>\n<meta property=\"og:site_name\" content=\"La Diagonale\" \/>\n<meta property=\"article:published_time\" content=\"2023-06-27T23:28:21+00:00\" \/>\n<meta property=\"article:modified_time\" content=\"2023-06-28T16:58:51+00:00\" \/>\n<meta property=\"og:image\" content=\"https:\/\/www.ladiagonale.net\/wp-content\/uploads\/2022\/11\/benyedder2.png\" \/>\n\t<meta property=\"og:image:width\" content=\"1160\" \/>\n\t<meta property=\"og:image:height\" content=\"650\" \/>\n\t<meta property=\"og:image:type\" content=\"image\/png\" \/>\n<meta name=\"author\" content=\"Damien Dellerba\" \/>\n<meta name=\"twitter:card\" content=\"summary_large_image\" \/>\n<meta name=\"twitter:image\" content=\"https:\/\/www.ladiagonale.net\/wp-content\/uploads\/2022\/11\/benyedder2.png\" \/>\n<meta name=\"twitter:label1\" content=\"\u00c9crit par\" \/>\n\t<meta name=\"twitter:data1\" content=\"Damien Dellerba\" \/>\n\t<meta name=\"twitter:label2\" content=\"Dur\u00e9e de lecture estim\u00e9e\" \/>\n\t<meta name=\"twitter:data2\" content=\"1 minute\" \/>\n<script type=\"application\/ld+json\" class=\"yoast-schema-graph\">{\"@context\":\"https:\/\/schema.org\",\"@graph\":[{\"@type\":\"WebPage\",\"@id\":\"https:\/\/www.ladiagonale.net\/index.php\/2023\/06\/28\/lom-garderait-un-oeil-sur-ben-yedder\/\",\"url\":\"https:\/\/www.ladiagonale.net\/index.php\/2023\/06\/28\/lom-garderait-un-oeil-sur-ben-yedder\/\",\"name\":\"L'OM garderait un \u0153il sur Ben Yedder - La Diagonale\",\"isPartOf\":{\"@id\":\"https:\/\/www.ladiagonale.net\/#website\"},\"datePublished\":\"2023-06-27T23:28:21+00:00\",\"dateModified\":\"2023-06-28T16:58:51+00:00\",\"author\":{\"@id\":\"https:\/\/www.ladiagonale.net\/#\/schema\/person\/79ff1e7b0853ed01b2aa26e64ad300bf\"},\"breadcrumb\":{\"@id\":\"https:\/\/www.ladiagonale.net\/index.php\/2023\/06\/28\/lom-garderait-un-oeil-sur-ben-yedder\/#breadcrumb\"},\"inLanguage\":\"fr-FR\",\"potentialAction\":[{\"@type\":\"ReadAction\",\"target\":[\"https:\/\/www.ladiagonale.net\/index.php\/2023\/06\/28\/lom-garderait-un-oeil-sur-ben-yedder\/\"]}]},{\"@type\":\"BreadcrumbList\",\"@id\":\"https:\/\/www.ladiagonale.net\/index.php\/2023\/06\/28\/lom-garderait-un-oeil-sur-ben-yedder\/#breadcrumb\",\"itemListElement\":[{\"@type\":\"ListItem\",\"position\":1,\"name\":\"Accueil\",\"item\":\"https:\/\/www.ladiagonale.net\/\"},{\"@type\":\"ListItem\",\"position\":2,\"name\":\"L&rsquo;OM garderait un \u0153il sur Ben Yedder\"}]},{\"@type\":\"WebSite\",\"@id\":\"https:\/\/www.ladiagonale.net\/#website\",\"url\":\"https:\/\/www.ladiagonale.net\/\",\"name\":\"La Diagonale\",\"description\":\"Le site des supporters de l&#039;AS Monaco FC\",\"potentialAction\":[{\"@type\":\"SearchAction\",\"target\":{\"@type\":\"EntryPoint\",\"urlTemplate\":\"https:\/\/www.ladiagonale.net\/?s={search_term_string}\"},\"query-input\":\"required name=search_term_string\"}],\"inLanguage\":\"fr-FR\"},{\"@type\":\"Person\",\"@id\":\"https:\/\/www.ladiagonale.net\/#\/schema\/person\/79ff1e7b0853ed01b2aa26e64ad300bf\",\"name\":\"Damien Dellerba\",\"image\":{\"@type\":\"ImageObject\",\"inLanguage\":\"fr-FR\",\"@id\":\"https:\/\/www.ladiagonale.net\/#\/schema\/person\/image\/\",\"url\":\"https:\/\/secure.gravatar.com\/avatar\/c7850e06d3ff63cdbaee88b7fc16e2f0?s=96&d=mm&r=g\",\"contentUrl\":\"https:\/\/secure.gravatar.com\/avatar\/c7850e06d3ff63cdbaee88b7fc16e2f0?s=96&d=mm&r=g\",\"caption\":\"Damien Dellerba\"},\"url\":\"https:\/\/www.ladiagonale.net\/index.php\/author\/damien\/\"}]}<\/script>\n<!-- \/ Yoast SEO plugin. -->","yoast_head_json":{"title":"L'OM garderait un \u0153il sur Ben Yedder - La Diagonale","robots":{"index":"index","follow":"follow","max-snippet":"max-snippet:-1","max-image-preview":"max-image-preview:large","max-video-preview":"max-video-preview:-1"},"canonical":"https:\/\/www.ladiagonale.net\/index.php\/2023\/06\/28\/lom-garderait-un-oeil-sur-ben-yedder\/","og_locale":"fr_FR","og_type":"article","og_title":"L'OM garderait un \u0153il sur Ben Yedder - La Diagonale","og_description":"L&rsquo;avenir de Wissam Ben Yedder (32 ans) fait l&rsquo;objet de sp\u00e9culations. Si le capitaine de l&rsquo;AS Monaco a potentiellement des touches en Arabie saoudite, il int\u00e9resserait \u00e9galement l&rsquo;Olympique de Marseille. Selon L&rsquo;\u00c9quipe, le club phoc\u00e9en \u00e9tudierait plusieurs pistes pour renforcer son attaque, dont celle menant \u00e0 Wissam Ben Yedder, alors que la question de la [...]","og_url":"https:\/\/www.ladiagonale.net\/index.php\/2023\/06\/28\/lom-garderait-un-oeil-sur-ben-yedder\/","og_site_name":"La Diagonale","article_published_time":"2023-06-27T23:28:21+00:00","article_modified_time":"2023-06-28T16:58:51+00:00","og_image":[{"width":1160,"height":650,"url":"https:\/\/www.ladiagonale.net\/wp-content\/uploads\/2022\/11\/benyedder2.png","type":"image\/png"}],"author":"Damien Dellerba","twitter_card":"summary_large_image","twitter_image":"https:\/\/www.ladiagonale.net\/wp-content\/uploads\/2022\/11\/benyedder2.png","twitter_misc":{"\u00c9crit par":"Damien Dellerba","Dur\u00e9e de lecture estim\u00e9e":"1 minute"},"schema":{"@context":"https:\/\/schema.org","@graph":[{"@type":"WebPage","@id":"https:\/\/www.ladiagonale.net\/index.php\/2023\/06\/28\/lom-garderait-un-oeil-sur-ben-yedder\/","url":"https:\/\/www.ladiagonale.net\/index.php\/2023\/06\/28\/lom-garderait-un-oeil-sur-ben-yedder\/","name":"L'OM garderait un \u0153il sur Ben Yedder - La Diagonale","isPartOf":{"@id":"https:\/\/www.ladiagonale.net\/#website"},"datePublished":"2023-06-27T23:28:21+00:00","dateModified":"2023-06-28T16:58:51+00:00","author":{"@id":"https:\/\/www.ladiagonale.net\/#\/schema\/person\/79ff1e7b0853ed01b2aa26e64ad300bf"},"breadcrumb":{"@id":"https:\/\/www.ladiagonale.net\/index.php\/2023\/06\/28\/lom-garderait-un-oeil-sur-ben-yedder\/#breadcrumb"},"inLanguage":"fr-FR","potentialAction":[{"@type":"ReadAction","target":["https:\/\/www.ladiagonale.net\/index.php\/2023\/06\/28\/lom-garderait-un-oeil-sur-ben-yedder\/"]}]},{"@type":"BreadcrumbList","@id":"https:\/\/www.ladiagonale.net\/index.php\/2023\/06\/28\/lom-garderait-un-oeil-sur-ben-yedder\/#breadcrumb","itemListElement":[{"@type":"ListItem","position":1,"name":"Accueil","item":"https:\/\/www.ladiagonale.net\/"},{"@type":"ListItem","position":2,"name":"L&rsquo;OM garderait un \u0153il sur Ben Yedder"}]},{"@type":"WebSite","@id":"https:\/\/www.ladiagonale.net\/#website","url":"https:\/\/www.ladiagonale.net\/","name":"La Diagonale","description":"Le site des supporters de l&#039;AS Monaco FC","potentialAction":[{"@type":"SearchAction","target":{"@type":"EntryPoint","urlTemplate":"https:\/\/www.ladiagonale.net\/?s={search_term_string}"},"query-input":"required name=search_term_string"}],"inLanguage":"fr-FR"},{"@type":"Person","@id":"https:\/\/www.ladiagonale.net\/#\/schema\/person\/79ff1e7b0853ed01b2aa26e64ad300bf","name":"Damien Dellerba","image":{"@type":"ImageObject","inLanguage":"fr-FR","@id":"https:\/\/www.ladiagonale.net\/#\/schema\/person\/image\/","url":"https:\/\/secure.gravatar.com\/avatar\/c7850e06d3ff63cdbaee88b7fc16e2f0?s=96&d=mm&r=g","contentUrl":"https:\/\/secure.gravatar.com\/avatar\/c7850e06d3ff63cdbaee88b7fc16e2f0?s=96&d=mm&r=g","caption":"Damien Dellerba"},"url":"https:\/\/www.ladiagonale.net\/index.php\/author\/damien\/"}]}},"_links":{"self":[{"href":"https:\/\/www.ladiagonale.net\/index.php\/wp-json\/wp\/v2\/posts\/13514"}],"collection":[{"href":"https:\/\/www.ladiagonale.net\/index.php\/wp-json\/wp\/v2\/posts"}],"about":[{"href":"https:\/\/www.ladiagonale.net\/index.php\/wp-json\/wp\/v2\/types\/post"}],"author":[{"embeddable":true,"href":"https:\/\/www.ladiagonale.net\/index.php\/wp-json\/wp\/v2\/users\/2"}],"replies":[{"embeddable":true,"href":"https:\/\/www.ladiagonale.net\/index.php\/wp-json\/wp\/v2\/comments?post=13514"}],"version-history":[{"count":3,"href":"https:\/\/www.ladiagonale.net\/index.php\/wp-json\/wp\/v2\/posts\/13514\/revisions"}],"predecessor-version":[{"id":13521,"href":"https:\/\/www.ladiagonale.net\/index.php\/wp-json\/wp\/v2\/posts\/13514\/revisions\/13521"}],"wp:attachment":[{"href":"https:\/\/www.ladiagonale.net\/index.php\/wp-json\/wp\/v2\/media?parent=13514"}],"wp:term":[{"taxonomy":"category","embeddable":true,"href":"https:\/\/www.ladiagonale.net\/index.php\/wp-json\/wp\/v2\/categories?post=13514"},{"taxonomy":"post_tag","embeddable":true,"href":"https:\/\/www.ladiagonale.net\/index.php\/wp-json\/wp\/v2\/tags?post=13514"}],"curies":[{"name":"wp","href":"https:\/\/api.w.org\/{rel}","templated":true}]}}