{"id":13516,"date":"2023-06-28T14:10:32","date_gmt":"2023-06-28T12:10:32","guid":{"rendered":"https:\/\/www.ladiagonale.net\/?p=13516"},"modified":"2023-06-28T14:11:58","modified_gmt":"2023-06-28T12:11:58","slug":"officiel-semedo-varela-prete-au-cercle-bruges","status":"publish","type":"post","link":"https:\/\/www.ladiagonale.net\/index.php\/2023\/06\/28\/officiel-semedo-varela-prete-au-cercle-bruges\/","title":{"rendered":"Officiel : Semedo Varela pr\u00eat\u00e9 au Cercle Bruges"},"content":{"rendered":"\n<p>L\u2019officialisation n\u2019\u00e9tait plus qu\u2019une question de temps. Ce mercredi, l\u2019AS Monaco a annonc\u00e9 sur son site officiel le pr\u00eat pour une saison de Jordan Semedo Varela (20 ans) au Cercle Bruges. L\u2019international U20 fran\u00e7ais, qui a disput\u00e9 la Coupe du monde U20 en mai avec les Bleuets, <a href=\"https:\/\/www.ladiagonale.net\/index.php\/2023\/06\/26\/semedo-varela-devrait-etre-prete-au-cercle-bruges\/\">avait d\u00e9j\u00e0 fait la reprise avec le club satellite de l\u2019ASM ce lundi<\/a>.<\/p>\n\n\n\n<p>L\u2019an dernier, le lat\u00e9ral gauche avait \u00e9volu\u00e9 avec le Groupe \u00c9lite de Damien Perrinelle dont il \u00e9tait le capitaine. Il n\u2019avait jamais \u00e9t\u00e9 appel\u00e9 avec la groupe professionnel de Philippe Clement, \u00e0 l\u2019exception de rencontres amicales comme celle face \u00e0 S\u00e9ville (1-1, le 8 d\u00e9cembre 2022). Semedo Varela est sous contrat avec l\u2019AS Monaco jusqu\u2019en juin 2025.<\/p>\n","protected":false},"excerpt":{"rendered":"<p>L\u2019officialisation n\u2019\u00e9tait plus qu\u2019une question de temps. Ce mercredi, l\u2019AS Monaco a annonc\u00e9 sur son site officiel le pr\u00eat pour une saison de Jordan Semedo Varela (20 ans) au Cercle Bruges. L\u2019international U20 fran\u00e7ais, qui a disput\u00e9 la Coupe du monde U20 en mai avec les Bleuets, avait d\u00e9j\u00e0 fait la reprise avec le club [&#8230;]\n","protected":false},"author":2,"featured_media":0,"comment_status":"open","ping_status":"open","sticky":false,"template":"","format":"standard","meta":[],"categories":[4,6],"tags":[86,457,219,111,583,110],"yoast_head":"<!-- This site is optimized with the Yoast SEO plugin v19.8 - https:\/\/yoast.com\/wordpress\/plugins\/seo\/ -->\n<title>Officiel : Semedo Varela pr\u00eat\u00e9 au Cercle Bruges - La Diagonale<\/title>\n<meta name=\"robots\" content=\"index, follow, max-snippet:-1, max-image-preview:large, max-video-preview:-1\" \/>\n<link rel=\"canonical\" href=\"https:\/\/www.ladiagonale.net\/index.php\/2023\/06\/28\/officiel-semedo-varela-prete-au-cercle-bruges\/\" \/>\n<meta property=\"og:locale\" content=\"fr_FR\" \/>\n<meta property=\"og:type\" content=\"article\" \/>\n<meta property=\"og:title\" content=\"Officiel : Semedo Varela pr\u00eat\u00e9 au Cercle Bruges - La Diagonale\" \/>\n<meta property=\"og:description\" content=\"L\u2019officialisation n\u2019\u00e9tait plus qu\u2019une question de temps. Ce mercredi, l\u2019AS Monaco a annonc\u00e9 sur son site officiel le pr\u00eat pour une saison de Jordan Semedo Varela (20 ans) au Cercle Bruges. L\u2019international U20 fran\u00e7ais, qui a disput\u00e9 la Coupe du monde U20 en mai avec les Bleuets, avait d\u00e9j\u00e0 fait la reprise avec le club [...]\" \/>\n<meta property=\"og:url\" content=\"https:\/\/www.ladiagonale.net\/index.php\/2023\/06\/28\/officiel-semedo-varela-prete-au-cercle-bruges\/\" \/>\n<meta property=\"og:site_name\" content=\"La Diagonale\" \/>\n<meta property=\"article:published_time\" content=\"2023-06-28T12:10:32+00:00\" \/>\n<meta property=\"article:modified_time\" content=\"2023-06-28T12:11:58+00:00\" \/>\n<meta property=\"og:image\" content=\"https:\/\/www.ladiagonale.net\/wp-content\/uploads\/2023\/06\/semedo.png\" \/>\n\t<meta property=\"og:image:width\" content=\"1160\" \/>\n\t<meta property=\"og:image:height\" content=\"650\" \/>\n\t<meta property=\"og:image:type\" content=\"image\/png\" \/>\n<meta name=\"author\" content=\"Damien Dellerba\" \/>\n<meta name=\"twitter:card\" content=\"summary_large_image\" \/>\n<meta name=\"twitter:image\" content=\"https:\/\/www.ladiagonale.net\/wp-content\/uploads\/2023\/06\/semedo.png\" \/>\n<meta name=\"twitter:label1\" content=\"\u00c9crit par\" \/>\n\t<meta name=\"twitter:data1\" content=\"Damien Dellerba\" \/>\n\t<meta name=\"twitter:label2\" content=\"Dur\u00e9e de lecture estim\u00e9e\" \/>\n\t<meta name=\"twitter:data2\" content=\"1 minute\" \/>\n<script type=\"application\/ld+json\" class=\"yoast-schema-graph\">{\"@context\":\"https:\/\/schema.org\",\"@graph\":[{\"@type\":\"WebPage\",\"@id\":\"https:\/\/www.ladiagonale.net\/index.php\/2023\/06\/28\/officiel-semedo-varela-prete-au-cercle-bruges\/\",\"url\":\"https:\/\/www.ladiagonale.net\/index.php\/2023\/06\/28\/officiel-semedo-varela-prete-au-cercle-bruges\/\",\"name\":\"Officiel : Semedo Varela pr\u00eat\u00e9 au Cercle Bruges - La Diagonale\",\"isPartOf\":{\"@id\":\"https:\/\/www.ladiagonale.net\/#website\"},\"datePublished\":\"2023-06-28T12:10:32+00:00\",\"dateModified\":\"2023-06-28T12:11:58+00:00\",\"author\":{\"@id\":\"https:\/\/www.ladiagonale.net\/#\/schema\/person\/79ff1e7b0853ed01b2aa26e64ad300bf\"},\"breadcrumb\":{\"@id\":\"https:\/\/www.ladiagonale.net\/index.php\/2023\/06\/28\/officiel-semedo-varela-prete-au-cercle-bruges\/#breadcrumb\"},\"inLanguage\":\"fr-FR\",\"potentialAction\":[{\"@type\":\"ReadAction\",\"target\":[\"https:\/\/www.ladiagonale.net\/index.php\/2023\/06\/28\/officiel-semedo-varela-prete-au-cercle-bruges\/\"]}]},{\"@type\":\"BreadcrumbList\",\"@id\":\"https:\/\/www.ladiagonale.net\/index.php\/2023\/06\/28\/officiel-semedo-varela-prete-au-cercle-bruges\/#breadcrumb\",\"itemListElement\":[{\"@type\":\"ListItem\",\"position\":1,\"name\":\"Accueil\",\"item\":\"https:\/\/www.ladiagonale.net\/\"},{\"@type\":\"ListItem\",\"position\":2,\"name\":\"Officiel : Semedo Varela pr\u00eat\u00e9 au Cercle Bruges\"}]},{\"@type\":\"WebSite\",\"@id\":\"https:\/\/www.ladiagonale.net\/#website\",\"url\":\"https:\/\/www.ladiagonale.net\/\",\"name\":\"La Diagonale\",\"description\":\"Le site des supporters de l&#039;AS Monaco FC\",\"potentialAction\":[{\"@type\":\"SearchAction\",\"target\":{\"@type\":\"EntryPoint\",\"urlTemplate\":\"https:\/\/www.ladiagonale.net\/?s={search_term_string}\"},\"query-input\":\"required name=search_term_string\"}],\"inLanguage\":\"fr-FR\"},{\"@type\":\"Person\",\"@id\":\"https:\/\/www.ladiagonale.net\/#\/schema\/person\/79ff1e7b0853ed01b2aa26e64ad300bf\",\"name\":\"Damien Dellerba\",\"image\":{\"@type\":\"ImageObject\",\"inLanguage\":\"fr-FR\",\"@id\":\"https:\/\/www.ladiagonale.net\/#\/schema\/person\/image\/\",\"url\":\"https:\/\/secure.gravatar.com\/avatar\/c7850e06d3ff63cdbaee88b7fc16e2f0?s=96&d=mm&r=g\",\"contentUrl\":\"https:\/\/secure.gravatar.com\/avatar\/c7850e06d3ff63cdbaee88b7fc16e2f0?s=96&d=mm&r=g\",\"caption\":\"Damien Dellerba\"},\"url\":\"https:\/\/www.ladiagonale.net\/index.php\/author\/damien\/\"}]}<\/script>\n<!-- \/ Yoast SEO plugin. -->","yoast_head_json":{"title":"Officiel : Semedo Varela pr\u00eat\u00e9 au Cercle Bruges - La Diagonale","robots":{"index":"index","follow":"follow","max-snippet":"max-snippet:-1","max-image-preview":"max-image-preview:large","max-video-preview":"max-video-preview:-1"},"canonical":"https:\/\/www.ladiagonale.net\/index.php\/2023\/06\/28\/officiel-semedo-varela-prete-au-cercle-bruges\/","og_locale":"fr_FR","og_type":"article","og_title":"Officiel : Semedo Varela pr\u00eat\u00e9 au Cercle Bruges - La Diagonale","og_description":"L\u2019officialisation n\u2019\u00e9tait plus qu\u2019une question de temps. Ce mercredi, l\u2019AS Monaco a annonc\u00e9 sur son site officiel le pr\u00eat pour une saison de Jordan Semedo Varela (20 ans) au Cercle Bruges. L\u2019international U20 fran\u00e7ais, qui a disput\u00e9 la Coupe du monde U20 en mai avec les Bleuets, avait d\u00e9j\u00e0 fait la reprise avec le club [...]","og_url":"https:\/\/www.ladiagonale.net\/index.php\/2023\/06\/28\/officiel-semedo-varela-prete-au-cercle-bruges\/","og_site_name":"La Diagonale","article_published_time":"2023-06-28T12:10:32+00:00","article_modified_time":"2023-06-28T12:11:58+00:00","og_image":[{"width":1160,"height":650,"url":"https:\/\/www.ladiagonale.net\/wp-content\/uploads\/2023\/06\/semedo.png","type":"image\/png"}],"author":"Damien Dellerba","twitter_card":"summary_large_image","twitter_image":"https:\/\/www.ladiagonale.net\/wp-content\/uploads\/2023\/06\/semedo.png","twitter_misc":{"\u00c9crit par":"Damien Dellerba","Dur\u00e9e de lecture estim\u00e9e":"1 minute"},"schema":{"@context":"https:\/\/schema.org","@graph":[{"@type":"WebPage","@id":"https:\/\/www.ladiagonale.net\/index.php\/2023\/06\/28\/officiel-semedo-varela-prete-au-cercle-bruges\/","url":"https:\/\/www.ladiagonale.net\/index.php\/2023\/06\/28\/officiel-semedo-varela-prete-au-cercle-bruges\/","name":"Officiel : Semedo Varela pr\u00eat\u00e9 au Cercle Bruges - La Diagonale","isPartOf":{"@id":"https:\/\/www.ladiagonale.net\/#website"},"datePublished":"2023-06-28T12:10:32+00:00","dateModified":"2023-06-28T12:11:58+00:00","author":{"@id":"https:\/\/www.ladiagonale.net\/#\/schema\/person\/79ff1e7b0853ed01b2aa26e64ad300bf"},"breadcrumb":{"@id":"https:\/\/www.ladiagonale.net\/index.php\/2023\/06\/28\/officiel-semedo-varela-prete-au-cercle-bruges\/#breadcrumb"},"inLanguage":"fr-FR","potentialAction":[{"@type":"ReadAction","target":["https:\/\/www.ladiagonale.net\/index.php\/2023\/06\/28\/officiel-semedo-varela-prete-au-cercle-bruges\/"]}]},{"@type":"BreadcrumbList","@id":"https:\/\/www.ladiagonale.net\/index.php\/2023\/06\/28\/officiel-semedo-varela-prete-au-cercle-bruges\/#breadcrumb","itemListElement":[{"@type":"ListItem","position":1,"name":"Accueil","item":"https:\/\/www.ladiagonale.net\/"},{"@type":"ListItem","position":2,"name":"Officiel : Semedo Varela pr\u00eat\u00e9 au Cercle Bruges"}]},{"@type":"WebSite","@id":"https:\/\/www.ladiagonale.net\/#website","url":"https:\/\/www.ladiagonale.net\/","name":"La Diagonale","description":"Le site des supporters de l&#039;AS Monaco FC","potentialAction":[{"@type":"SearchAction","target":{"@type":"EntryPoint","urlTemplate":"https:\/\/www.ladiagonale.net\/?s={search_term_string}"},"query-input":"required name=search_term_string"}],"inLanguage":"fr-FR"},{"@type":"Person","@id":"https:\/\/www.ladiagonale.net\/#\/schema\/person\/79ff1e7b0853ed01b2aa26e64ad300bf","name":"Damien Dellerba","image":{"@type":"ImageObject","inLanguage":"fr-FR","@id":"https:\/\/www.ladiagonale.net\/#\/schema\/person\/image\/","url":"https:\/\/secure.gravatar.com\/avatar\/c7850e06d3ff63cdbaee88b7fc16e2f0?s=96&d=mm&r=g","contentUrl":"https:\/\/secure.gravatar.com\/avatar\/c7850e06d3ff63cdbaee88b7fc16e2f0?s=96&d=mm&r=g","caption":"Damien Dellerba"},"url":"https:\/\/www.ladiagonale.net\/index.php\/author\/damien\/"}]}},"_links":{"self":[{"href":"https:\/\/www.ladiagonale.net\/index.php\/wp-json\/wp\/v2\/posts\/13516"}],"collection":[{"href":"https:\/\/www.ladiagonale.net\/index.php\/wp-json\/wp\/v2\/posts"}],"about":[{"href":"https:\/\/www.ladiagonale.net\/index.php\/wp-json\/wp\/v2\/types\/post"}],"author":[{"embeddable":true,"href":"https:\/\/www.ladiagonale.net\/index.php\/wp-json\/wp\/v2\/users\/2"}],"replies":[{"embeddable":true,"href":"https:\/\/www.ladiagonale.net\/index.php\/wp-json\/wp\/v2\/comments?post=13516"}],"version-history":[{"count":3,"href":"https:\/\/www.ladiagonale.net\/index.php\/wp-json\/wp\/v2\/posts\/13516\/revisions"}],"predecessor-version":[{"id":13519,"href":"https:\/\/www.ladiagonale.net\/index.php\/wp-json\/wp\/v2\/posts\/13516\/revisions\/13519"}],"wp:attachment":[{"href":"https:\/\/www.ladiagonale.net\/index.php\/wp-json\/wp\/v2\/media?parent=13516"}],"wp:term":[{"taxonomy":"category","embeddable":true,"href":"https:\/\/www.ladiagonale.net\/index.php\/wp-json\/wp\/v2\/categories?post=13516"},{"taxonomy":"post_tag","embeddable":true,"href":"https:\/\/www.ladiagonale.net\/index.php\/wp-json\/wp\/v2\/tags?post=13516"}],"curies":[{"name":"wp","href":"https:\/\/api.w.org\/{rel}","templated":true}]}}