{"id":13522,"date":"2023-06-29T11:46:39","date_gmt":"2023-06-29T09:46:39","guid":{"rendered":"https:\/\/www.ladiagonale.net\/?p=13522"},"modified":"2023-06-29T11:46:43","modified_gmt":"2023-06-29T09:46:43","slug":"monaco-serait-interesse-par-musah","status":"publish","type":"post","link":"https:\/\/www.ladiagonale.net\/index.php\/2023\/06\/29\/monaco-serait-interesse-par-musah\/","title":{"rendered":"Monaco serait int\u00e9ress\u00e9 par Musah"},"content":{"rendered":"\n\n\n<p>L&rsquo;AS Monaco prospecte \u00e9galement au milieu de terrain, o\u00f9 elle s&rsquo;attend \u00e0 perdre Youssouf Fofana dans le courant de l&rsquo;\u00e9t\u00e9. Si le club de la Principaut\u00e9 <a href=\"https:\/\/www.ladiagonale.net\/index.php\/2023\/06\/26\/bitello-confirme-avoir-recu-une-offre-de-monaco\/\">a d\u00e9j\u00e0 transmis une proposition concr\u00e8te \u00e0 Bitello, le milieu de terrain br\u00e9silien du Gr\u00eamio<\/a>, il serait \u00e9galement int\u00e9ress\u00e9 par le milieu de Valence Yunus Musah (20 ans), selon le journaliste italien Gianluca Di Marzio. La concurrence serait forte sur le dossier puisque l&rsquo;AC Milan et l&rsquo;Inter Milan auraient \u00e9galement des vues sur Musah.<\/p>\n\n\n\n<p>L&rsquo;international am\u00e9ricain (24 s\u00e9lections) est sous contrat avec le club valencien jusqu&rsquo;en juin 2026 et Di Marzio indique que le prix fix\u00e9 serait assez \u00e9lev\u00e9. Arriv\u00e9 en Espagne en 2019, o\u00f9 il a pass\u00e9 un an avec la r\u00e9serve, Musah a disput\u00e9 108 matchs avec Valence dont 37 la saison derni\u00e8re. <\/p>\n","protected":false},"excerpt":{"rendered":"<p>L&rsquo;AS Monaco prospecte \u00e9galement au milieu de terrain, o\u00f9 elle s&rsquo;attend \u00e0 perdre Youssouf Fofana dans le courant de l&rsquo;\u00e9t\u00e9. Si le club de la Principaut\u00e9 a d\u00e9j\u00e0 transmis une proposition concr\u00e8te \u00e0 Bitello, le milieu de terrain br\u00e9silien du Gr\u00eamio, il serait \u00e9galement int\u00e9ress\u00e9 par le milieu de Valence Yunus Musah (20 ans), selon [&#8230;]\n","protected":false},"author":2,"featured_media":0,"comment_status":"open","ping_status":"open","sticky":false,"template":"","format":"standard","meta":[],"categories":[6],"tags":[86,111,110,584],"yoast_head":"<!-- This site is optimized with the Yoast SEO plugin v19.8 - https:\/\/yoast.com\/wordpress\/plugins\/seo\/ -->\n<title>Monaco serait int\u00e9ress\u00e9 par Musah - La Diagonale<\/title>\n<meta name=\"robots\" content=\"index, follow, max-snippet:-1, max-image-preview:large, max-video-preview:-1\" \/>\n<link rel=\"canonical\" href=\"https:\/\/www.ladiagonale.net\/index.php\/2023\/06\/29\/monaco-serait-interesse-par-musah\/\" \/>\n<meta property=\"og:locale\" content=\"fr_FR\" \/>\n<meta property=\"og:type\" content=\"article\" \/>\n<meta property=\"og:title\" content=\"Monaco serait int\u00e9ress\u00e9 par Musah - La Diagonale\" \/>\n<meta property=\"og:description\" content=\"L&rsquo;AS Monaco prospecte \u00e9galement au milieu de terrain, o\u00f9 elle s&rsquo;attend \u00e0 perdre Youssouf Fofana dans le courant de l&rsquo;\u00e9t\u00e9. Si le club de la Principaut\u00e9 a d\u00e9j\u00e0 transmis une proposition concr\u00e8te \u00e0 Bitello, le milieu de terrain br\u00e9silien du Gr\u00eamio, il serait \u00e9galement int\u00e9ress\u00e9 par le milieu de Valence Yunus Musah (20 ans), selon [...]\" \/>\n<meta property=\"og:url\" content=\"https:\/\/www.ladiagonale.net\/index.php\/2023\/06\/29\/monaco-serait-interesse-par-musah\/\" \/>\n<meta property=\"og:site_name\" content=\"La Diagonale\" \/>\n<meta property=\"article:published_time\" content=\"2023-06-29T09:46:39+00:00\" \/>\n<meta property=\"article:modified_time\" content=\"2023-06-29T09:46:43+00:00\" \/>\n<meta property=\"og:image\" content=\"https:\/\/www.ladiagonale.net\/wp-content\/uploads\/2023\/06\/musah.png\" \/>\n\t<meta property=\"og:image:width\" content=\"1160\" \/>\n\t<meta property=\"og:image:height\" content=\"650\" \/>\n\t<meta property=\"og:image:type\" content=\"image\/png\" \/>\n<meta name=\"author\" content=\"Damien Dellerba\" \/>\n<meta name=\"twitter:card\" content=\"summary_large_image\" \/>\n<meta name=\"twitter:image\" content=\"https:\/\/www.ladiagonale.net\/wp-content\/uploads\/2023\/06\/musah.png\" \/>\n<meta name=\"twitter:label1\" content=\"\u00c9crit par\" \/>\n\t<meta name=\"twitter:data1\" content=\"Damien Dellerba\" \/>\n\t<meta name=\"twitter:label2\" content=\"Dur\u00e9e de lecture estim\u00e9e\" \/>\n\t<meta name=\"twitter:data2\" content=\"1 minute\" \/>\n<script type=\"application\/ld+json\" class=\"yoast-schema-graph\">{\"@context\":\"https:\/\/schema.org\",\"@graph\":[{\"@type\":\"WebPage\",\"@id\":\"https:\/\/www.ladiagonale.net\/index.php\/2023\/06\/29\/monaco-serait-interesse-par-musah\/\",\"url\":\"https:\/\/www.ladiagonale.net\/index.php\/2023\/06\/29\/monaco-serait-interesse-par-musah\/\",\"name\":\"Monaco serait int\u00e9ress\u00e9 par Musah - La Diagonale\",\"isPartOf\":{\"@id\":\"https:\/\/www.ladiagonale.net\/#website\"},\"datePublished\":\"2023-06-29T09:46:39+00:00\",\"dateModified\":\"2023-06-29T09:46:43+00:00\",\"author\":{\"@id\":\"https:\/\/www.ladiagonale.net\/#\/schema\/person\/79ff1e7b0853ed01b2aa26e64ad300bf\"},\"breadcrumb\":{\"@id\":\"https:\/\/www.ladiagonale.net\/index.php\/2023\/06\/29\/monaco-serait-interesse-par-musah\/#breadcrumb\"},\"inLanguage\":\"fr-FR\",\"potentialAction\":[{\"@type\":\"ReadAction\",\"target\":[\"https:\/\/www.ladiagonale.net\/index.php\/2023\/06\/29\/monaco-serait-interesse-par-musah\/\"]}]},{\"@type\":\"BreadcrumbList\",\"@id\":\"https:\/\/www.ladiagonale.net\/index.php\/2023\/06\/29\/monaco-serait-interesse-par-musah\/#breadcrumb\",\"itemListElement\":[{\"@type\":\"ListItem\",\"position\":1,\"name\":\"Accueil\",\"item\":\"https:\/\/www.ladiagonale.net\/\"},{\"@type\":\"ListItem\",\"position\":2,\"name\":\"Monaco serait int\u00e9ress\u00e9 par Musah\"}]},{\"@type\":\"WebSite\",\"@id\":\"https:\/\/www.ladiagonale.net\/#website\",\"url\":\"https:\/\/www.ladiagonale.net\/\",\"name\":\"La Diagonale\",\"description\":\"Le site des supporters de l&#039;AS Monaco FC\",\"potentialAction\":[{\"@type\":\"SearchAction\",\"target\":{\"@type\":\"EntryPoint\",\"urlTemplate\":\"https:\/\/www.ladiagonale.net\/?s={search_term_string}\"},\"query-input\":\"required name=search_term_string\"}],\"inLanguage\":\"fr-FR\"},{\"@type\":\"Person\",\"@id\":\"https:\/\/www.ladiagonale.net\/#\/schema\/person\/79ff1e7b0853ed01b2aa26e64ad300bf\",\"name\":\"Damien Dellerba\",\"image\":{\"@type\":\"ImageObject\",\"inLanguage\":\"fr-FR\",\"@id\":\"https:\/\/www.ladiagonale.net\/#\/schema\/person\/image\/\",\"url\":\"https:\/\/secure.gravatar.com\/avatar\/c7850e06d3ff63cdbaee88b7fc16e2f0?s=96&d=mm&r=g\",\"contentUrl\":\"https:\/\/secure.gravatar.com\/avatar\/c7850e06d3ff63cdbaee88b7fc16e2f0?s=96&d=mm&r=g\",\"caption\":\"Damien Dellerba\"},\"url\":\"https:\/\/www.ladiagonale.net\/index.php\/author\/damien\/\"}]}<\/script>\n<!-- \/ Yoast SEO plugin. -->","yoast_head_json":{"title":"Monaco serait int\u00e9ress\u00e9 par Musah - La Diagonale","robots":{"index":"index","follow":"follow","max-snippet":"max-snippet:-1","max-image-preview":"max-image-preview:large","max-video-preview":"max-video-preview:-1"},"canonical":"https:\/\/www.ladiagonale.net\/index.php\/2023\/06\/29\/monaco-serait-interesse-par-musah\/","og_locale":"fr_FR","og_type":"article","og_title":"Monaco serait int\u00e9ress\u00e9 par Musah - La Diagonale","og_description":"L&rsquo;AS Monaco prospecte \u00e9galement au milieu de terrain, o\u00f9 elle s&rsquo;attend \u00e0 perdre Youssouf Fofana dans le courant de l&rsquo;\u00e9t\u00e9. Si le club de la Principaut\u00e9 a d\u00e9j\u00e0 transmis une proposition concr\u00e8te \u00e0 Bitello, le milieu de terrain br\u00e9silien du Gr\u00eamio, il serait \u00e9galement int\u00e9ress\u00e9 par le milieu de Valence Yunus Musah (20 ans), selon [...]","og_url":"https:\/\/www.ladiagonale.net\/index.php\/2023\/06\/29\/monaco-serait-interesse-par-musah\/","og_site_name":"La Diagonale","article_published_time":"2023-06-29T09:46:39+00:00","article_modified_time":"2023-06-29T09:46:43+00:00","og_image":[{"width":1160,"height":650,"url":"https:\/\/www.ladiagonale.net\/wp-content\/uploads\/2023\/06\/musah.png","type":"image\/png"}],"author":"Damien Dellerba","twitter_card":"summary_large_image","twitter_image":"https:\/\/www.ladiagonale.net\/wp-content\/uploads\/2023\/06\/musah.png","twitter_misc":{"\u00c9crit par":"Damien Dellerba","Dur\u00e9e de lecture estim\u00e9e":"1 minute"},"schema":{"@context":"https:\/\/schema.org","@graph":[{"@type":"WebPage","@id":"https:\/\/www.ladiagonale.net\/index.php\/2023\/06\/29\/monaco-serait-interesse-par-musah\/","url":"https:\/\/www.ladiagonale.net\/index.php\/2023\/06\/29\/monaco-serait-interesse-par-musah\/","name":"Monaco serait int\u00e9ress\u00e9 par Musah - La Diagonale","isPartOf":{"@id":"https:\/\/www.ladiagonale.net\/#website"},"datePublished":"2023-06-29T09:46:39+00:00","dateModified":"2023-06-29T09:46:43+00:00","author":{"@id":"https:\/\/www.ladiagonale.net\/#\/schema\/person\/79ff1e7b0853ed01b2aa26e64ad300bf"},"breadcrumb":{"@id":"https:\/\/www.ladiagonale.net\/index.php\/2023\/06\/29\/monaco-serait-interesse-par-musah\/#breadcrumb"},"inLanguage":"fr-FR","potentialAction":[{"@type":"ReadAction","target":["https:\/\/www.ladiagonale.net\/index.php\/2023\/06\/29\/monaco-serait-interesse-par-musah\/"]}]},{"@type":"BreadcrumbList","@id":"https:\/\/www.ladiagonale.net\/index.php\/2023\/06\/29\/monaco-serait-interesse-par-musah\/#breadcrumb","itemListElement":[{"@type":"ListItem","position":1,"name":"Accueil","item":"https:\/\/www.ladiagonale.net\/"},{"@type":"ListItem","position":2,"name":"Monaco serait int\u00e9ress\u00e9 par Musah"}]},{"@type":"WebSite","@id":"https:\/\/www.ladiagonale.net\/#website","url":"https:\/\/www.ladiagonale.net\/","name":"La Diagonale","description":"Le site des supporters de l&#039;AS Monaco FC","potentialAction":[{"@type":"SearchAction","target":{"@type":"EntryPoint","urlTemplate":"https:\/\/www.ladiagonale.net\/?s={search_term_string}"},"query-input":"required name=search_term_string"}],"inLanguage":"fr-FR"},{"@type":"Person","@id":"https:\/\/www.ladiagonale.net\/#\/schema\/person\/79ff1e7b0853ed01b2aa26e64ad300bf","name":"Damien Dellerba","image":{"@type":"ImageObject","inLanguage":"fr-FR","@id":"https:\/\/www.ladiagonale.net\/#\/schema\/person\/image\/","url":"https:\/\/secure.gravatar.com\/avatar\/c7850e06d3ff63cdbaee88b7fc16e2f0?s=96&d=mm&r=g","contentUrl":"https:\/\/secure.gravatar.com\/avatar\/c7850e06d3ff63cdbaee88b7fc16e2f0?s=96&d=mm&r=g","caption":"Damien Dellerba"},"url":"https:\/\/www.ladiagonale.net\/index.php\/author\/damien\/"}]}},"_links":{"self":[{"href":"https:\/\/www.ladiagonale.net\/index.php\/wp-json\/wp\/v2\/posts\/13522"}],"collection":[{"href":"https:\/\/www.ladiagonale.net\/index.php\/wp-json\/wp\/v2\/posts"}],"about":[{"href":"https:\/\/www.ladiagonale.net\/index.php\/wp-json\/wp\/v2\/types\/post"}],"author":[{"embeddable":true,"href":"https:\/\/www.ladiagonale.net\/index.php\/wp-json\/wp\/v2\/users\/2"}],"replies":[{"embeddable":true,"href":"https:\/\/www.ladiagonale.net\/index.php\/wp-json\/wp\/v2\/comments?post=13522"}],"version-history":[{"count":1,"href":"https:\/\/www.ladiagonale.net\/index.php\/wp-json\/wp\/v2\/posts\/13522\/revisions"}],"predecessor-version":[{"id":13524,"href":"https:\/\/www.ladiagonale.net\/index.php\/wp-json\/wp\/v2\/posts\/13522\/revisions\/13524"}],"wp:attachment":[{"href":"https:\/\/www.ladiagonale.net\/index.php\/wp-json\/wp\/v2\/media?parent=13522"}],"wp:term":[{"taxonomy":"category","embeddable":true,"href":"https:\/\/www.ladiagonale.net\/index.php\/wp-json\/wp\/v2\/categories?post=13522"},{"taxonomy":"post_tag","embeddable":true,"href":"https:\/\/www.ladiagonale.net\/index.php\/wp-json\/wp\/v2\/tags?post=13522"}],"curies":[{"name":"wp","href":"https:\/\/api.w.org\/{rel}","templated":true}]}}