{"id":13589,"date":"2023-06-29T18:12:26","date_gmt":"2023-06-29T16:12:26","guid":{"rendered":"https:\/\/www.ladiagonale.net\/?p=13589"},"modified":"2023-07-01T00:27:05","modified_gmt":"2023-06-30T22:27:05","slug":"officiel-zagre-sengage-definitivement-avec-lexcelsior-rotterdam","status":"publish","type":"post","link":"https:\/\/www.ladiagonale.net\/index.php\/2023\/06\/29\/officiel-zagre-sengage-definitivement-avec-lexcelsior-rotterdam\/","title":{"rendered":"Officiel : Zagr\u00e9 s&rsquo;engage d\u00e9finitivement avec l&rsquo;Excelsior Rotterdam"},"content":{"rendered":"\n\n\n<p>Arthur Zagr\u00e9 n&rsquo;a pas \u00e9t\u00e9 retenu du c\u00f4t\u00e9 de l&rsquo;AS Monaco, \u00e0 un an du terme de son contrat. Le club de la Principaut\u00e9 a annonc\u00e9 le transfert \u00e0 l&rsquo;Excelsior Rotterdam du lat\u00e9ral gauche de 21 ans sur son site officiel, sans pr\u00e9ciser le montant. Apr\u00e8s une saison et demie en pr\u00eat \u00e0 Utrecht, depuis 2021, o\u00f9 il a \u00e9t\u00e9 frein\u00e9 r\u00e9guli\u00e8rement par les blessures, Zagr\u00e9 a su rebondir avec l&rsquo;Excelsior Rotterdam en janvier 2022, en disputant neuf rencontres sur la deuxi\u00e8me moiti\u00e9 de saison lors d&rsquo;un nouveau pr\u00eat.<\/p>\n\n\n\n<p>Arriv\u00e9 en provenance du Paris Saint-Germain pour 10 millions d&rsquo;euros \u00e0 l&rsquo;\u00e9t\u00e9 2019, et alors qu&rsquo;il n&rsquo;\u00e9tait \u00e2g\u00e9 que de 17 ans, Zagr\u00e9 ne s&rsquo;est jamais impos\u00e9 en Principaut\u00e9 et a pass\u00e9 trois saisons en pr\u00eat, dont une avec Dijon en Ligue 1, lors de la saison 2020-2021. Il a seulement pris part \u00e0 trois bouts de matches en Coupe de France et en Coupe de la Ligue avec le maillot \u00e0 la diagonale, pour un total de 100 minutes de jeu.<\/p>\n\n\n\n<p class=\"has-white-color has-text-color has-background\" style=\"background-color:#303030\"><a href=\"https:\/\/www.ladiagonale.net\/index.php\/transferts\/\">Voir le tableau des transferts<\/a><\/p>\n","protected":false},"excerpt":{"rendered":"<p>Arthur Zagr\u00e9 n&rsquo;a pas \u00e9t\u00e9 retenu du c\u00f4t\u00e9 de l&rsquo;AS Monaco, \u00e0 un an du terme de son contrat. Le club de la Principaut\u00e9 a annonc\u00e9 le transfert \u00e0 l&rsquo;Excelsior Rotterdam du lat\u00e9ral gauche de 21 ans sur son site officiel, sans pr\u00e9ciser le montant. Apr\u00e8s une saison et demie en pr\u00eat \u00e0 Utrecht, depuis [&#8230;]\n","protected":false},"author":2,"featured_media":0,"comment_status":"open","ping_status":"open","sticky":false,"template":"","format":"standard","meta":[],"categories":[6],"tags":[393,86,111,110],"yoast_head":"<!-- This site is optimized with the Yoast SEO plugin v19.8 - https:\/\/yoast.com\/wordpress\/plugins\/seo\/ -->\n<title>Officiel : Zagr\u00e9 s&#039;engage d\u00e9finitivement avec l&#039;Excelsior Rotterdam - La Diagonale<\/title>\n<meta name=\"robots\" content=\"index, follow, max-snippet:-1, max-image-preview:large, max-video-preview:-1\" \/>\n<link rel=\"canonical\" href=\"https:\/\/www.ladiagonale.net\/index.php\/2023\/06\/29\/officiel-zagre-sengage-definitivement-avec-lexcelsior-rotterdam\/\" \/>\n<meta property=\"og:locale\" content=\"fr_FR\" \/>\n<meta property=\"og:type\" content=\"article\" \/>\n<meta property=\"og:title\" content=\"Officiel : Zagr\u00e9 s&#039;engage d\u00e9finitivement avec l&#039;Excelsior Rotterdam - La Diagonale\" \/>\n<meta property=\"og:description\" content=\"Arthur Zagr\u00e9 n&rsquo;a pas \u00e9t\u00e9 retenu du c\u00f4t\u00e9 de l&rsquo;AS Monaco, \u00e0 un an du terme de son contrat. Le club de la Principaut\u00e9 a annonc\u00e9 le transfert \u00e0 l&rsquo;Excelsior Rotterdam du lat\u00e9ral gauche de 21 ans sur son site officiel, sans pr\u00e9ciser le montant. Apr\u00e8s une saison et demie en pr\u00eat \u00e0 Utrecht, depuis [...]\" \/>\n<meta property=\"og:url\" content=\"https:\/\/www.ladiagonale.net\/index.php\/2023\/06\/29\/officiel-zagre-sengage-definitivement-avec-lexcelsior-rotterdam\/\" \/>\n<meta property=\"og:site_name\" content=\"La Diagonale\" \/>\n<meta property=\"article:published_time\" content=\"2023-06-29T16:12:26+00:00\" \/>\n<meta property=\"article:modified_time\" content=\"2023-06-30T22:27:05+00:00\" \/>\n<meta property=\"og:image\" content=\"https:\/\/www.ladiagonale.net\/wp-content\/uploads\/2023\/03\/zagre\u0301-rotterdam.png\" \/>\n\t<meta property=\"og:image:width\" content=\"1160\" \/>\n\t<meta property=\"og:image:height\" content=\"650\" \/>\n\t<meta property=\"og:image:type\" content=\"image\/png\" \/>\n<meta name=\"author\" content=\"Damien Dellerba\" \/>\n<meta name=\"twitter:card\" content=\"summary_large_image\" \/>\n<meta name=\"twitter:image\" content=\"https:\/\/www.ladiagonale.net\/wp-content\/uploads\/2023\/03\/zagre\u0301-rotterdam.png\" \/>\n<meta name=\"twitter:label1\" content=\"\u00c9crit par\" \/>\n\t<meta name=\"twitter:data1\" content=\"Damien Dellerba\" \/>\n\t<meta name=\"twitter:label2\" content=\"Dur\u00e9e de lecture estim\u00e9e\" \/>\n\t<meta name=\"twitter:data2\" content=\"1 minute\" \/>\n<script type=\"application\/ld+json\" class=\"yoast-schema-graph\">{\"@context\":\"https:\/\/schema.org\",\"@graph\":[{\"@type\":\"WebPage\",\"@id\":\"https:\/\/www.ladiagonale.net\/index.php\/2023\/06\/29\/officiel-zagre-sengage-definitivement-avec-lexcelsior-rotterdam\/\",\"url\":\"https:\/\/www.ladiagonale.net\/index.php\/2023\/06\/29\/officiel-zagre-sengage-definitivement-avec-lexcelsior-rotterdam\/\",\"name\":\"Officiel : Zagr\u00e9 s'engage d\u00e9finitivement avec l'Excelsior Rotterdam - La Diagonale\",\"isPartOf\":{\"@id\":\"https:\/\/www.ladiagonale.net\/#website\"},\"datePublished\":\"2023-06-29T16:12:26+00:00\",\"dateModified\":\"2023-06-30T22:27:05+00:00\",\"author\":{\"@id\":\"https:\/\/www.ladiagonale.net\/#\/schema\/person\/79ff1e7b0853ed01b2aa26e64ad300bf\"},\"breadcrumb\":{\"@id\":\"https:\/\/www.ladiagonale.net\/index.php\/2023\/06\/29\/officiel-zagre-sengage-definitivement-avec-lexcelsior-rotterdam\/#breadcrumb\"},\"inLanguage\":\"fr-FR\",\"potentialAction\":[{\"@type\":\"ReadAction\",\"target\":[\"https:\/\/www.ladiagonale.net\/index.php\/2023\/06\/29\/officiel-zagre-sengage-definitivement-avec-lexcelsior-rotterdam\/\"]}]},{\"@type\":\"BreadcrumbList\",\"@id\":\"https:\/\/www.ladiagonale.net\/index.php\/2023\/06\/29\/officiel-zagre-sengage-definitivement-avec-lexcelsior-rotterdam\/#breadcrumb\",\"itemListElement\":[{\"@type\":\"ListItem\",\"position\":1,\"name\":\"Accueil\",\"item\":\"https:\/\/www.ladiagonale.net\/\"},{\"@type\":\"ListItem\",\"position\":2,\"name\":\"Officiel : Zagr\u00e9 s&rsquo;engage d\u00e9finitivement avec l&rsquo;Excelsior Rotterdam\"}]},{\"@type\":\"WebSite\",\"@id\":\"https:\/\/www.ladiagonale.net\/#website\",\"url\":\"https:\/\/www.ladiagonale.net\/\",\"name\":\"La Diagonale\",\"description\":\"Le site des supporters de l&#039;AS Monaco FC\",\"potentialAction\":[{\"@type\":\"SearchAction\",\"target\":{\"@type\":\"EntryPoint\",\"urlTemplate\":\"https:\/\/www.ladiagonale.net\/?s={search_term_string}\"},\"query-input\":\"required name=search_term_string\"}],\"inLanguage\":\"fr-FR\"},{\"@type\":\"Person\",\"@id\":\"https:\/\/www.ladiagonale.net\/#\/schema\/person\/79ff1e7b0853ed01b2aa26e64ad300bf\",\"name\":\"Damien Dellerba\",\"image\":{\"@type\":\"ImageObject\",\"inLanguage\":\"fr-FR\",\"@id\":\"https:\/\/www.ladiagonale.net\/#\/schema\/person\/image\/\",\"url\":\"https:\/\/secure.gravatar.com\/avatar\/c7850e06d3ff63cdbaee88b7fc16e2f0?s=96&d=mm&r=g\",\"contentUrl\":\"https:\/\/secure.gravatar.com\/avatar\/c7850e06d3ff63cdbaee88b7fc16e2f0?s=96&d=mm&r=g\",\"caption\":\"Damien Dellerba\"},\"url\":\"https:\/\/www.ladiagonale.net\/index.php\/author\/damien\/\"}]}<\/script>\n<!-- \/ Yoast SEO plugin. -->","yoast_head_json":{"title":"Officiel : Zagr\u00e9 s'engage d\u00e9finitivement avec l'Excelsior Rotterdam - La Diagonale","robots":{"index":"index","follow":"follow","max-snippet":"max-snippet:-1","max-image-preview":"max-image-preview:large","max-video-preview":"max-video-preview:-1"},"canonical":"https:\/\/www.ladiagonale.net\/index.php\/2023\/06\/29\/officiel-zagre-sengage-definitivement-avec-lexcelsior-rotterdam\/","og_locale":"fr_FR","og_type":"article","og_title":"Officiel : Zagr\u00e9 s'engage d\u00e9finitivement avec l'Excelsior Rotterdam - La Diagonale","og_description":"Arthur Zagr\u00e9 n&rsquo;a pas \u00e9t\u00e9 retenu du c\u00f4t\u00e9 de l&rsquo;AS Monaco, \u00e0 un an du terme de son contrat. Le club de la Principaut\u00e9 a annonc\u00e9 le transfert \u00e0 l&rsquo;Excelsior Rotterdam du lat\u00e9ral gauche de 21 ans sur son site officiel, sans pr\u00e9ciser le montant. Apr\u00e8s une saison et demie en pr\u00eat \u00e0 Utrecht, depuis [...]","og_url":"https:\/\/www.ladiagonale.net\/index.php\/2023\/06\/29\/officiel-zagre-sengage-definitivement-avec-lexcelsior-rotterdam\/","og_site_name":"La Diagonale","article_published_time":"2023-06-29T16:12:26+00:00","article_modified_time":"2023-06-30T22:27:05+00:00","og_image":[{"width":1160,"height":650,"url":"https:\/\/www.ladiagonale.net\/wp-content\/uploads\/2023\/03\/zagre\u0301-rotterdam.png","type":"image\/png"}],"author":"Damien Dellerba","twitter_card":"summary_large_image","twitter_image":"https:\/\/www.ladiagonale.net\/wp-content\/uploads\/2023\/03\/zagre\u0301-rotterdam.png","twitter_misc":{"\u00c9crit par":"Damien Dellerba","Dur\u00e9e de lecture estim\u00e9e":"1 minute"},"schema":{"@context":"https:\/\/schema.org","@graph":[{"@type":"WebPage","@id":"https:\/\/www.ladiagonale.net\/index.php\/2023\/06\/29\/officiel-zagre-sengage-definitivement-avec-lexcelsior-rotterdam\/","url":"https:\/\/www.ladiagonale.net\/index.php\/2023\/06\/29\/officiel-zagre-sengage-definitivement-avec-lexcelsior-rotterdam\/","name":"Officiel : Zagr\u00e9 s'engage d\u00e9finitivement avec l'Excelsior Rotterdam - La Diagonale","isPartOf":{"@id":"https:\/\/www.ladiagonale.net\/#website"},"datePublished":"2023-06-29T16:12:26+00:00","dateModified":"2023-06-30T22:27:05+00:00","author":{"@id":"https:\/\/www.ladiagonale.net\/#\/schema\/person\/79ff1e7b0853ed01b2aa26e64ad300bf"},"breadcrumb":{"@id":"https:\/\/www.ladiagonale.net\/index.php\/2023\/06\/29\/officiel-zagre-sengage-definitivement-avec-lexcelsior-rotterdam\/#breadcrumb"},"inLanguage":"fr-FR","potentialAction":[{"@type":"ReadAction","target":["https:\/\/www.ladiagonale.net\/index.php\/2023\/06\/29\/officiel-zagre-sengage-definitivement-avec-lexcelsior-rotterdam\/"]}]},{"@type":"BreadcrumbList","@id":"https:\/\/www.ladiagonale.net\/index.php\/2023\/06\/29\/officiel-zagre-sengage-definitivement-avec-lexcelsior-rotterdam\/#breadcrumb","itemListElement":[{"@type":"ListItem","position":1,"name":"Accueil","item":"https:\/\/www.ladiagonale.net\/"},{"@type":"ListItem","position":2,"name":"Officiel : Zagr\u00e9 s&rsquo;engage d\u00e9finitivement avec l&rsquo;Excelsior Rotterdam"}]},{"@type":"WebSite","@id":"https:\/\/www.ladiagonale.net\/#website","url":"https:\/\/www.ladiagonale.net\/","name":"La Diagonale","description":"Le site des supporters de l&#039;AS Monaco FC","potentialAction":[{"@type":"SearchAction","target":{"@type":"EntryPoint","urlTemplate":"https:\/\/www.ladiagonale.net\/?s={search_term_string}"},"query-input":"required name=search_term_string"}],"inLanguage":"fr-FR"},{"@type":"Person","@id":"https:\/\/www.ladiagonale.net\/#\/schema\/person\/79ff1e7b0853ed01b2aa26e64ad300bf","name":"Damien Dellerba","image":{"@type":"ImageObject","inLanguage":"fr-FR","@id":"https:\/\/www.ladiagonale.net\/#\/schema\/person\/image\/","url":"https:\/\/secure.gravatar.com\/avatar\/c7850e06d3ff63cdbaee88b7fc16e2f0?s=96&d=mm&r=g","contentUrl":"https:\/\/secure.gravatar.com\/avatar\/c7850e06d3ff63cdbaee88b7fc16e2f0?s=96&d=mm&r=g","caption":"Damien Dellerba"},"url":"https:\/\/www.ladiagonale.net\/index.php\/author\/damien\/"}]}},"_links":{"self":[{"href":"https:\/\/www.ladiagonale.net\/index.php\/wp-json\/wp\/v2\/posts\/13589"}],"collection":[{"href":"https:\/\/www.ladiagonale.net\/index.php\/wp-json\/wp\/v2\/posts"}],"about":[{"href":"https:\/\/www.ladiagonale.net\/index.php\/wp-json\/wp\/v2\/types\/post"}],"author":[{"embeddable":true,"href":"https:\/\/www.ladiagonale.net\/index.php\/wp-json\/wp\/v2\/users\/2"}],"replies":[{"embeddable":true,"href":"https:\/\/www.ladiagonale.net\/index.php\/wp-json\/wp\/v2\/comments?post=13589"}],"version-history":[{"count":5,"href":"https:\/\/www.ladiagonale.net\/index.php\/wp-json\/wp\/v2\/posts\/13589\/revisions"}],"predecessor-version":[{"id":13628,"href":"https:\/\/www.ladiagonale.net\/index.php\/wp-json\/wp\/v2\/posts\/13589\/revisions\/13628"}],"wp:attachment":[{"href":"https:\/\/www.ladiagonale.net\/index.php\/wp-json\/wp\/v2\/media?parent=13589"}],"wp:term":[{"taxonomy":"category","embeddable":true,"href":"https:\/\/www.ladiagonale.net\/index.php\/wp-json\/wp\/v2\/categories?post=13589"},{"taxonomy":"post_tag","embeddable":true,"href":"https:\/\/www.ladiagonale.net\/index.php\/wp-json\/wp\/v2\/tags?post=13589"}],"curies":[{"name":"wp","href":"https:\/\/api.w.org\/{rel}","templated":true}]}}