{"id":13598,"date":"2023-06-29T18:50:24","date_gmt":"2023-06-29T16:50:24","guid":{"rendered":"https:\/\/www.ladiagonale.net\/?p=13598"},"modified":"2023-06-30T18:42:19","modified_gmt":"2023-06-30T16:42:19","slug":"officiel-baglieri-passe-professionnel","status":"publish","type":"post","link":"https:\/\/www.ladiagonale.net\/index.php\/2023\/06\/29\/officiel-baglieri-passe-professionnel\/","title":{"rendered":"Officiel : Baglieri passe professionnel"},"content":{"rendered":"\n\n\n<p>Enzo Baglieri est un nouveau joueur professionnel de l&rsquo;AS Monaco, <a href=\"https:\/\/www.ladiagonale.net\/index.php\/2023\/06\/15\/officiel-platret-passe-professionnel\/\">\u00e0 l&rsquo;instar d&rsquo;Aur\u00e9lien Platret<\/a>, <a href=\"https:\/\/www.ladiagonale.net\/index.php\/2023\/06\/20\/officiel-babai-signe-son-premier-contrat-professionnel\/\">Nazim Baba\u00ef<\/a> ou encore de Mayssam Benama. L&rsquo;attaquant du Groupe \u00c9lite a paraph\u00e9 un contrat avec le club de la Principaut\u00e9 jusqu&rsquo;en juin 2024, comme cela a \u00e9t\u00e9 annonc\u00e9 sur le site officiel du club mon\u00e9gasque. <\/p>\n\n\n\n<p>La saison derni\u00e8re, Damien Perrinelle, l&rsquo;entra\u00eeneur du Groupe \u00c9lite, s&rsquo;est r\u00e9guli\u00e8rement appuy\u00e9 sur le jeune joueur de 20 ans. S&rsquo;il n&rsquo;est jamais apparu avec le Groupe de Philippe Clement, il avait n\u00e9anmoins obtenu quelques minutes de jeu en rempla\u00e7ant Wissam Ben Yedder lors de la rencontre amicale disput\u00e9e contre la Spezia (1-1, le 23 mars).<\/p>\n","protected":false},"excerpt":{"rendered":"<p>Enzo Baglieri est un nouveau joueur professionnel de l&rsquo;AS Monaco, \u00e0 l&rsquo;instar d&rsquo;Aur\u00e9lien Platret, Nazim Baba\u00ef ou encore de Mayssam Benama. L&rsquo;attaquant du Groupe \u00c9lite a paraph\u00e9 un contrat avec le club de la Principaut\u00e9 jusqu&rsquo;en juin 2024, comme cela a \u00e9t\u00e9 annonc\u00e9 sur le site officiel du club mon\u00e9gasque. La saison derni\u00e8re, Damien Perrinelle, [&#8230;]\n","protected":false},"author":2,"featured_media":0,"comment_status":"open","ping_status":"open","sticky":false,"template":"","format":"standard","meta":[],"categories":[4,6],"tags":[76,86,314,587,228],"yoast_head":"<!-- This site is optimized with the Yoast SEO plugin v19.8 - https:\/\/yoast.com\/wordpress\/plugins\/seo\/ -->\n<title>Officiel : Baglieri passe professionnel - La Diagonale<\/title>\n<meta name=\"robots\" content=\"index, follow, max-snippet:-1, max-image-preview:large, max-video-preview:-1\" \/>\n<link rel=\"canonical\" href=\"https:\/\/www.ladiagonale.net\/index.php\/2023\/06\/29\/officiel-baglieri-passe-professionnel\/\" \/>\n<meta property=\"og:locale\" content=\"fr_FR\" \/>\n<meta property=\"og:type\" content=\"article\" \/>\n<meta property=\"og:title\" content=\"Officiel : Baglieri passe professionnel - La Diagonale\" \/>\n<meta property=\"og:description\" content=\"Enzo Baglieri est un nouveau joueur professionnel de l&rsquo;AS Monaco, \u00e0 l&rsquo;instar d&rsquo;Aur\u00e9lien Platret, Nazim Baba\u00ef ou encore de Mayssam Benama. L&rsquo;attaquant du Groupe \u00c9lite a paraph\u00e9 un contrat avec le club de la Principaut\u00e9 jusqu&rsquo;en juin 2024, comme cela a \u00e9t\u00e9 annonc\u00e9 sur le site officiel du club mon\u00e9gasque. La saison derni\u00e8re, Damien Perrinelle, [...]\" \/>\n<meta property=\"og:url\" content=\"https:\/\/www.ladiagonale.net\/index.php\/2023\/06\/29\/officiel-baglieri-passe-professionnel\/\" \/>\n<meta property=\"og:site_name\" content=\"La Diagonale\" \/>\n<meta property=\"article:published_time\" content=\"2023-06-29T16:50:24+00:00\" \/>\n<meta property=\"article:modified_time\" content=\"2023-06-30T16:42:19+00:00\" \/>\n<meta property=\"og:image\" content=\"https:\/\/www.ladiagonale.net\/wp-content\/uploads\/2023\/04\/baglieri.png\" \/>\n\t<meta property=\"og:image:width\" content=\"1160\" \/>\n\t<meta property=\"og:image:height\" content=\"650\" \/>\n\t<meta property=\"og:image:type\" content=\"image\/png\" \/>\n<meta name=\"author\" content=\"Damien Dellerba\" \/>\n<meta name=\"twitter:card\" content=\"summary_large_image\" \/>\n<meta name=\"twitter:image\" content=\"https:\/\/www.ladiagonale.net\/wp-content\/uploads\/2023\/04\/baglieri.png\" \/>\n<meta name=\"twitter:label1\" content=\"\u00c9crit par\" \/>\n\t<meta name=\"twitter:data1\" content=\"Damien Dellerba\" \/>\n\t<meta name=\"twitter:label2\" content=\"Dur\u00e9e de lecture estim\u00e9e\" \/>\n\t<meta name=\"twitter:data2\" content=\"1 minute\" \/>\n<script type=\"application\/ld+json\" class=\"yoast-schema-graph\">{\"@context\":\"https:\/\/schema.org\",\"@graph\":[{\"@type\":\"WebPage\",\"@id\":\"https:\/\/www.ladiagonale.net\/index.php\/2023\/06\/29\/officiel-baglieri-passe-professionnel\/\",\"url\":\"https:\/\/www.ladiagonale.net\/index.php\/2023\/06\/29\/officiel-baglieri-passe-professionnel\/\",\"name\":\"Officiel : Baglieri passe professionnel - La Diagonale\",\"isPartOf\":{\"@id\":\"https:\/\/www.ladiagonale.net\/#website\"},\"datePublished\":\"2023-06-29T16:50:24+00:00\",\"dateModified\":\"2023-06-30T16:42:19+00:00\",\"author\":{\"@id\":\"https:\/\/www.ladiagonale.net\/#\/schema\/person\/79ff1e7b0853ed01b2aa26e64ad300bf\"},\"breadcrumb\":{\"@id\":\"https:\/\/www.ladiagonale.net\/index.php\/2023\/06\/29\/officiel-baglieri-passe-professionnel\/#breadcrumb\"},\"inLanguage\":\"fr-FR\",\"potentialAction\":[{\"@type\":\"ReadAction\",\"target\":[\"https:\/\/www.ladiagonale.net\/index.php\/2023\/06\/29\/officiel-baglieri-passe-professionnel\/\"]}]},{\"@type\":\"BreadcrumbList\",\"@id\":\"https:\/\/www.ladiagonale.net\/index.php\/2023\/06\/29\/officiel-baglieri-passe-professionnel\/#breadcrumb\",\"itemListElement\":[{\"@type\":\"ListItem\",\"position\":1,\"name\":\"Accueil\",\"item\":\"https:\/\/www.ladiagonale.net\/\"},{\"@type\":\"ListItem\",\"position\":2,\"name\":\"Officiel : Baglieri passe professionnel\"}]},{\"@type\":\"WebSite\",\"@id\":\"https:\/\/www.ladiagonale.net\/#website\",\"url\":\"https:\/\/www.ladiagonale.net\/\",\"name\":\"La Diagonale\",\"description\":\"Le site des supporters de l&#039;AS Monaco FC\",\"potentialAction\":[{\"@type\":\"SearchAction\",\"target\":{\"@type\":\"EntryPoint\",\"urlTemplate\":\"https:\/\/www.ladiagonale.net\/?s={search_term_string}\"},\"query-input\":\"required name=search_term_string\"}],\"inLanguage\":\"fr-FR\"},{\"@type\":\"Person\",\"@id\":\"https:\/\/www.ladiagonale.net\/#\/schema\/person\/79ff1e7b0853ed01b2aa26e64ad300bf\",\"name\":\"Damien Dellerba\",\"image\":{\"@type\":\"ImageObject\",\"inLanguage\":\"fr-FR\",\"@id\":\"https:\/\/www.ladiagonale.net\/#\/schema\/person\/image\/\",\"url\":\"https:\/\/secure.gravatar.com\/avatar\/c7850e06d3ff63cdbaee88b7fc16e2f0?s=96&d=mm&r=g\",\"contentUrl\":\"https:\/\/secure.gravatar.com\/avatar\/c7850e06d3ff63cdbaee88b7fc16e2f0?s=96&d=mm&r=g\",\"caption\":\"Damien Dellerba\"},\"url\":\"https:\/\/www.ladiagonale.net\/index.php\/author\/damien\/\"}]}<\/script>\n<!-- \/ Yoast SEO plugin. -->","yoast_head_json":{"title":"Officiel : Baglieri passe professionnel - La Diagonale","robots":{"index":"index","follow":"follow","max-snippet":"max-snippet:-1","max-image-preview":"max-image-preview:large","max-video-preview":"max-video-preview:-1"},"canonical":"https:\/\/www.ladiagonale.net\/index.php\/2023\/06\/29\/officiel-baglieri-passe-professionnel\/","og_locale":"fr_FR","og_type":"article","og_title":"Officiel : Baglieri passe professionnel - La Diagonale","og_description":"Enzo Baglieri est un nouveau joueur professionnel de l&rsquo;AS Monaco, \u00e0 l&rsquo;instar d&rsquo;Aur\u00e9lien Platret, Nazim Baba\u00ef ou encore de Mayssam Benama. L&rsquo;attaquant du Groupe \u00c9lite a paraph\u00e9 un contrat avec le club de la Principaut\u00e9 jusqu&rsquo;en juin 2024, comme cela a \u00e9t\u00e9 annonc\u00e9 sur le site officiel du club mon\u00e9gasque. La saison derni\u00e8re, Damien Perrinelle, [...]","og_url":"https:\/\/www.ladiagonale.net\/index.php\/2023\/06\/29\/officiel-baglieri-passe-professionnel\/","og_site_name":"La Diagonale","article_published_time":"2023-06-29T16:50:24+00:00","article_modified_time":"2023-06-30T16:42:19+00:00","og_image":[{"width":1160,"height":650,"url":"https:\/\/www.ladiagonale.net\/wp-content\/uploads\/2023\/04\/baglieri.png","type":"image\/png"}],"author":"Damien Dellerba","twitter_card":"summary_large_image","twitter_image":"https:\/\/www.ladiagonale.net\/wp-content\/uploads\/2023\/04\/baglieri.png","twitter_misc":{"\u00c9crit par":"Damien Dellerba","Dur\u00e9e de lecture estim\u00e9e":"1 minute"},"schema":{"@context":"https:\/\/schema.org","@graph":[{"@type":"WebPage","@id":"https:\/\/www.ladiagonale.net\/index.php\/2023\/06\/29\/officiel-baglieri-passe-professionnel\/","url":"https:\/\/www.ladiagonale.net\/index.php\/2023\/06\/29\/officiel-baglieri-passe-professionnel\/","name":"Officiel : Baglieri passe professionnel - La Diagonale","isPartOf":{"@id":"https:\/\/www.ladiagonale.net\/#website"},"datePublished":"2023-06-29T16:50:24+00:00","dateModified":"2023-06-30T16:42:19+00:00","author":{"@id":"https:\/\/www.ladiagonale.net\/#\/schema\/person\/79ff1e7b0853ed01b2aa26e64ad300bf"},"breadcrumb":{"@id":"https:\/\/www.ladiagonale.net\/index.php\/2023\/06\/29\/officiel-baglieri-passe-professionnel\/#breadcrumb"},"inLanguage":"fr-FR","potentialAction":[{"@type":"ReadAction","target":["https:\/\/www.ladiagonale.net\/index.php\/2023\/06\/29\/officiel-baglieri-passe-professionnel\/"]}]},{"@type":"BreadcrumbList","@id":"https:\/\/www.ladiagonale.net\/index.php\/2023\/06\/29\/officiel-baglieri-passe-professionnel\/#breadcrumb","itemListElement":[{"@type":"ListItem","position":1,"name":"Accueil","item":"https:\/\/www.ladiagonale.net\/"},{"@type":"ListItem","position":2,"name":"Officiel : Baglieri passe professionnel"}]},{"@type":"WebSite","@id":"https:\/\/www.ladiagonale.net\/#website","url":"https:\/\/www.ladiagonale.net\/","name":"La Diagonale","description":"Le site des supporters de l&#039;AS Monaco FC","potentialAction":[{"@type":"SearchAction","target":{"@type":"EntryPoint","urlTemplate":"https:\/\/www.ladiagonale.net\/?s={search_term_string}"},"query-input":"required name=search_term_string"}],"inLanguage":"fr-FR"},{"@type":"Person","@id":"https:\/\/www.ladiagonale.net\/#\/schema\/person\/79ff1e7b0853ed01b2aa26e64ad300bf","name":"Damien Dellerba","image":{"@type":"ImageObject","inLanguage":"fr-FR","@id":"https:\/\/www.ladiagonale.net\/#\/schema\/person\/image\/","url":"https:\/\/secure.gravatar.com\/avatar\/c7850e06d3ff63cdbaee88b7fc16e2f0?s=96&d=mm&r=g","contentUrl":"https:\/\/secure.gravatar.com\/avatar\/c7850e06d3ff63cdbaee88b7fc16e2f0?s=96&d=mm&r=g","caption":"Damien Dellerba"},"url":"https:\/\/www.ladiagonale.net\/index.php\/author\/damien\/"}]}},"_links":{"self":[{"href":"https:\/\/www.ladiagonale.net\/index.php\/wp-json\/wp\/v2\/posts\/13598"}],"collection":[{"href":"https:\/\/www.ladiagonale.net\/index.php\/wp-json\/wp\/v2\/posts"}],"about":[{"href":"https:\/\/www.ladiagonale.net\/index.php\/wp-json\/wp\/v2\/types\/post"}],"author":[{"embeddable":true,"href":"https:\/\/www.ladiagonale.net\/index.php\/wp-json\/wp\/v2\/users\/2"}],"replies":[{"embeddable":true,"href":"https:\/\/www.ladiagonale.net\/index.php\/wp-json\/wp\/v2\/comments?post=13598"}],"version-history":[{"count":4,"href":"https:\/\/www.ladiagonale.net\/index.php\/wp-json\/wp\/v2\/posts\/13598\/revisions"}],"predecessor-version":[{"id":13604,"href":"https:\/\/www.ladiagonale.net\/index.php\/wp-json\/wp\/v2\/posts\/13598\/revisions\/13604"}],"wp:attachment":[{"href":"https:\/\/www.ladiagonale.net\/index.php\/wp-json\/wp\/v2\/media?parent=13598"}],"wp:term":[{"taxonomy":"category","embeddable":true,"href":"https:\/\/www.ladiagonale.net\/index.php\/wp-json\/wp\/v2\/categories?post=13598"},{"taxonomy":"post_tag","embeddable":true,"href":"https:\/\/www.ladiagonale.net\/index.php\/wp-json\/wp\/v2\/tags?post=13598"}],"curies":[{"name":"wp","href":"https:\/\/api.w.org\/{rel}","templated":true}]}}