{"id":13605,"date":"2023-06-29T21:13:00","date_gmt":"2023-06-29T19:13:00","guid":{"rendered":"https:\/\/www.ladiagonale.net\/?p=13605"},"modified":"2023-06-29T21:16:08","modified_gmt":"2023-06-29T19:16:08","slug":"luefa-repousse-sa-decision-pour-une-eventuelle-presence-de-lasm-en-europe","status":"publish","type":"post","link":"https:\/\/www.ladiagonale.net\/index.php\/2023\/06\/29\/luefa-repousse-sa-decision-pour-une-eventuelle-presence-de-lasm-en-europe\/","title":{"rendered":"L&rsquo;UEFA repousse sa d\u00e9cision pour une \u00e9ventuelle pr\u00e9sence de l&rsquo;ASM en Europe"},"content":{"rendered":"\n\n\n<p>C&rsquo;est le feuilleton qui tient en haleine les supporters de l&rsquo;AS Monaco, \u00e0 l&rsquo;aube du d\u00e9but de la nouvelle saison. Le club de la Principaut\u00e9 <a href=\"https:\/\/www.ladiagonale.net\/index.php\/2023\/06\/23\/une-reponse-attendue-lundi-pour-la-coupe-deurope\/\">ne sait toujours pas s&rsquo;il sera europ\u00e9en la saison prochaine<\/a> et si le TFC, qui a acquis sa qualification pour la Ligue Europa gr\u00e2ce \u00e0 sa victoire en Coupe de France, sera mis sur la touche. La chambre de contr\u00f4le financier des clubs de l&rsquo;UEFA avait pr\u00e9vu d&rsquo;annoncer ce vendredi sa d\u00e9cision finale, indique <em>L&rsquo;\u00c9quipe<\/em>, mais elle a finalement d\u00e9cid\u00e9 de la repousser \u00e0 la semaine prochaine. Selon le quotidien, elle pourrait \u00eatre rendue publique entre mercredi et vendredi prochains.<\/p>\n\n\n\n<p>Si Toulouse n&rsquo;a pas encore l&rsquo;assurance de pouvoir \u00eatre europ\u00e9en la saison prochaine, l\u2019ajournement du verdict pourrait \u00eatre interpr\u00e9t\u00e9 comme un signal positif, juge <em>L&rsquo;\u00c9quipe<\/em>, qui pr\u00e9cise toutefois que les gages donn\u00e9s par <em>Les Violets<\/em> n&rsquo;auraient pas encore pleinement convaincu l&rsquo;instance dirigeante du football europ\u00e9en. Ces derniers jours, le TFC a vu tous les membres de <em>RedBird Capital Partners<\/em>, le fonds d&rsquo;investissement am\u00e9ricain qui poss\u00e8de \u00e9galement l&rsquo;AC Milan, d\u00e9missionner de son conseil d&rsquo;administration et une scission des soci\u00e9t\u00e9s entre Toulouse et Milan serait en cours.<\/p>\n\n\n\n<p>Du c\u00f4t\u00e9 de l&rsquo;ASM, il faudra parer au plus vite si l&rsquo;UEFA venait \u00e0 recaler le vainqueur de la Coupe de France, puisqu&rsquo;elle ne prendrait pas exactement la place du TFC en phase de poules de Ligue Europa. Par un jeu de chaises musicales, c&rsquo;est Lille (5<sup>e<\/sup> du dernier championnat) qui en prendrait possession, tandis que Monaco r\u00e9cup\u00e9rerait celle du LOSC pour disputer les barrages de la Ligue Europa Conf\u00e9rence, qui doivent se tenir les 24 et 31 ao\u00fbt. Dans la pr\u00e9paration d&rsquo;une saison, cela change forc\u00e9ment beaucoup de choses, alors que l&rsquo;ASM ne conna\u00eet toujours pas son prochain entra\u00eeneur.<\/p>\n","protected":false},"excerpt":{"rendered":"<p>C&rsquo;est le feuilleton qui tient en haleine les supporters de l&rsquo;AS Monaco, \u00e0 l&rsquo;aube du d\u00e9but de la nouvelle saison. Le club de la Principaut\u00e9 ne sait toujours pas s&rsquo;il sera europ\u00e9en la saison prochaine et si le TFC, qui a acquis sa qualification pour la Ligue Europa gr\u00e2ce \u00e0 sa victoire en Coupe de [&#8230;]\n","protected":false},"author":2,"featured_media":0,"comment_status":"open","ping_status":"open","sticky":false,"template":"","format":"standard","meta":[],"categories":[6],"tags":[86,579,434],"yoast_head":"<!-- This site is optimized with the Yoast SEO plugin v19.8 - https:\/\/yoast.com\/wordpress\/plugins\/seo\/ -->\n<title>L&#039;UEFA repousse sa d\u00e9cision pour une \u00e9ventuelle pr\u00e9sence de l&#039;ASM en Europe - La Diagonale<\/title>\n<meta name=\"robots\" content=\"index, follow, max-snippet:-1, max-image-preview:large, max-video-preview:-1\" \/>\n<link rel=\"canonical\" href=\"https:\/\/www.ladiagonale.net\/index.php\/2023\/06\/29\/luefa-repousse-sa-decision-pour-une-eventuelle-presence-de-lasm-en-europe\/\" \/>\n<meta property=\"og:locale\" content=\"fr_FR\" \/>\n<meta property=\"og:type\" content=\"article\" \/>\n<meta property=\"og:title\" content=\"L&#039;UEFA repousse sa d\u00e9cision pour une \u00e9ventuelle pr\u00e9sence de l&#039;ASM en Europe - La Diagonale\" \/>\n<meta property=\"og:description\" content=\"C&rsquo;est le feuilleton qui tient en haleine les supporters de l&rsquo;AS Monaco, \u00e0 l&rsquo;aube du d\u00e9but de la nouvelle saison. Le club de la Principaut\u00e9 ne sait toujours pas s&rsquo;il sera europ\u00e9en la saison prochaine et si le TFC, qui a acquis sa qualification pour la Ligue Europa gr\u00e2ce \u00e0 sa victoire en Coupe de [...]\" \/>\n<meta property=\"og:url\" content=\"https:\/\/www.ladiagonale.net\/index.php\/2023\/06\/29\/luefa-repousse-sa-decision-pour-une-eventuelle-presence-de-lasm-en-europe\/\" \/>\n<meta property=\"og:site_name\" content=\"La Diagonale\" \/>\n<meta property=\"article:published_time\" content=\"2023-06-29T19:13:00+00:00\" \/>\n<meta property=\"article:modified_time\" content=\"2023-06-29T19:16:08+00:00\" \/>\n<meta property=\"og:image\" content=\"https:\/\/www.ladiagonale.net\/wp-content\/uploads\/2023\/03\/uefa-1.png\" \/>\n\t<meta property=\"og:image:width\" content=\"1160\" \/>\n\t<meta property=\"og:image:height\" content=\"650\" \/>\n\t<meta property=\"og:image:type\" content=\"image\/png\" \/>\n<meta name=\"author\" content=\"Damien Dellerba\" \/>\n<meta name=\"twitter:card\" content=\"summary_large_image\" \/>\n<meta name=\"twitter:image\" content=\"https:\/\/www.ladiagonale.net\/wp-content\/uploads\/2023\/03\/uefa-1.png\" \/>\n<meta name=\"twitter:label1\" content=\"\u00c9crit par\" \/>\n\t<meta name=\"twitter:data1\" content=\"Damien Dellerba\" \/>\n\t<meta name=\"twitter:label2\" content=\"Dur\u00e9e de lecture estim\u00e9e\" \/>\n\t<meta name=\"twitter:data2\" content=\"2 minutes\" \/>\n<script type=\"application\/ld+json\" class=\"yoast-schema-graph\">{\"@context\":\"https:\/\/schema.org\",\"@graph\":[{\"@type\":\"WebPage\",\"@id\":\"https:\/\/www.ladiagonale.net\/index.php\/2023\/06\/29\/luefa-repousse-sa-decision-pour-une-eventuelle-presence-de-lasm-en-europe\/\",\"url\":\"https:\/\/www.ladiagonale.net\/index.php\/2023\/06\/29\/luefa-repousse-sa-decision-pour-une-eventuelle-presence-de-lasm-en-europe\/\",\"name\":\"L'UEFA repousse sa d\u00e9cision pour une \u00e9ventuelle pr\u00e9sence de l'ASM en Europe - La Diagonale\",\"isPartOf\":{\"@id\":\"https:\/\/www.ladiagonale.net\/#website\"},\"datePublished\":\"2023-06-29T19:13:00+00:00\",\"dateModified\":\"2023-06-29T19:16:08+00:00\",\"author\":{\"@id\":\"https:\/\/www.ladiagonale.net\/#\/schema\/person\/79ff1e7b0853ed01b2aa26e64ad300bf\"},\"breadcrumb\":{\"@id\":\"https:\/\/www.ladiagonale.net\/index.php\/2023\/06\/29\/luefa-repousse-sa-decision-pour-une-eventuelle-presence-de-lasm-en-europe\/#breadcrumb\"},\"inLanguage\":\"fr-FR\",\"potentialAction\":[{\"@type\":\"ReadAction\",\"target\":[\"https:\/\/www.ladiagonale.net\/index.php\/2023\/06\/29\/luefa-repousse-sa-decision-pour-une-eventuelle-presence-de-lasm-en-europe\/\"]}]},{\"@type\":\"BreadcrumbList\",\"@id\":\"https:\/\/www.ladiagonale.net\/index.php\/2023\/06\/29\/luefa-repousse-sa-decision-pour-une-eventuelle-presence-de-lasm-en-europe\/#breadcrumb\",\"itemListElement\":[{\"@type\":\"ListItem\",\"position\":1,\"name\":\"Accueil\",\"item\":\"https:\/\/www.ladiagonale.net\/\"},{\"@type\":\"ListItem\",\"position\":2,\"name\":\"L&rsquo;UEFA repousse sa d\u00e9cision pour une \u00e9ventuelle pr\u00e9sence de l&rsquo;ASM en Europe\"}]},{\"@type\":\"WebSite\",\"@id\":\"https:\/\/www.ladiagonale.net\/#website\",\"url\":\"https:\/\/www.ladiagonale.net\/\",\"name\":\"La Diagonale\",\"description\":\"Le site des supporters de l&#039;AS Monaco FC\",\"potentialAction\":[{\"@type\":\"SearchAction\",\"target\":{\"@type\":\"EntryPoint\",\"urlTemplate\":\"https:\/\/www.ladiagonale.net\/?s={search_term_string}\"},\"query-input\":\"required name=search_term_string\"}],\"inLanguage\":\"fr-FR\"},{\"@type\":\"Person\",\"@id\":\"https:\/\/www.ladiagonale.net\/#\/schema\/person\/79ff1e7b0853ed01b2aa26e64ad300bf\",\"name\":\"Damien Dellerba\",\"image\":{\"@type\":\"ImageObject\",\"inLanguage\":\"fr-FR\",\"@id\":\"https:\/\/www.ladiagonale.net\/#\/schema\/person\/image\/\",\"url\":\"https:\/\/secure.gravatar.com\/avatar\/c7850e06d3ff63cdbaee88b7fc16e2f0?s=96&d=mm&r=g\",\"contentUrl\":\"https:\/\/secure.gravatar.com\/avatar\/c7850e06d3ff63cdbaee88b7fc16e2f0?s=96&d=mm&r=g\",\"caption\":\"Damien Dellerba\"},\"url\":\"https:\/\/www.ladiagonale.net\/index.php\/author\/damien\/\"}]}<\/script>\n<!-- \/ Yoast SEO plugin. -->","yoast_head_json":{"title":"L'UEFA repousse sa d\u00e9cision pour une \u00e9ventuelle pr\u00e9sence de l'ASM en Europe - La Diagonale","robots":{"index":"index","follow":"follow","max-snippet":"max-snippet:-1","max-image-preview":"max-image-preview:large","max-video-preview":"max-video-preview:-1"},"canonical":"https:\/\/www.ladiagonale.net\/index.php\/2023\/06\/29\/luefa-repousse-sa-decision-pour-une-eventuelle-presence-de-lasm-en-europe\/","og_locale":"fr_FR","og_type":"article","og_title":"L'UEFA repousse sa d\u00e9cision pour une \u00e9ventuelle pr\u00e9sence de l'ASM en Europe - La Diagonale","og_description":"C&rsquo;est le feuilleton qui tient en haleine les supporters de l&rsquo;AS Monaco, \u00e0 l&rsquo;aube du d\u00e9but de la nouvelle saison. Le club de la Principaut\u00e9 ne sait toujours pas s&rsquo;il sera europ\u00e9en la saison prochaine et si le TFC, qui a acquis sa qualification pour la Ligue Europa gr\u00e2ce \u00e0 sa victoire en Coupe de [...]","og_url":"https:\/\/www.ladiagonale.net\/index.php\/2023\/06\/29\/luefa-repousse-sa-decision-pour-une-eventuelle-presence-de-lasm-en-europe\/","og_site_name":"La Diagonale","article_published_time":"2023-06-29T19:13:00+00:00","article_modified_time":"2023-06-29T19:16:08+00:00","og_image":[{"width":1160,"height":650,"url":"https:\/\/www.ladiagonale.net\/wp-content\/uploads\/2023\/03\/uefa-1.png","type":"image\/png"}],"author":"Damien Dellerba","twitter_card":"summary_large_image","twitter_image":"https:\/\/www.ladiagonale.net\/wp-content\/uploads\/2023\/03\/uefa-1.png","twitter_misc":{"\u00c9crit par":"Damien Dellerba","Dur\u00e9e de lecture estim\u00e9e":"2 minutes"},"schema":{"@context":"https:\/\/schema.org","@graph":[{"@type":"WebPage","@id":"https:\/\/www.ladiagonale.net\/index.php\/2023\/06\/29\/luefa-repousse-sa-decision-pour-une-eventuelle-presence-de-lasm-en-europe\/","url":"https:\/\/www.ladiagonale.net\/index.php\/2023\/06\/29\/luefa-repousse-sa-decision-pour-une-eventuelle-presence-de-lasm-en-europe\/","name":"L'UEFA repousse sa d\u00e9cision pour une \u00e9ventuelle pr\u00e9sence de l'ASM en Europe - La Diagonale","isPartOf":{"@id":"https:\/\/www.ladiagonale.net\/#website"},"datePublished":"2023-06-29T19:13:00+00:00","dateModified":"2023-06-29T19:16:08+00:00","author":{"@id":"https:\/\/www.ladiagonale.net\/#\/schema\/person\/79ff1e7b0853ed01b2aa26e64ad300bf"},"breadcrumb":{"@id":"https:\/\/www.ladiagonale.net\/index.php\/2023\/06\/29\/luefa-repousse-sa-decision-pour-une-eventuelle-presence-de-lasm-en-europe\/#breadcrumb"},"inLanguage":"fr-FR","potentialAction":[{"@type":"ReadAction","target":["https:\/\/www.ladiagonale.net\/index.php\/2023\/06\/29\/luefa-repousse-sa-decision-pour-une-eventuelle-presence-de-lasm-en-europe\/"]}]},{"@type":"BreadcrumbList","@id":"https:\/\/www.ladiagonale.net\/index.php\/2023\/06\/29\/luefa-repousse-sa-decision-pour-une-eventuelle-presence-de-lasm-en-europe\/#breadcrumb","itemListElement":[{"@type":"ListItem","position":1,"name":"Accueil","item":"https:\/\/www.ladiagonale.net\/"},{"@type":"ListItem","position":2,"name":"L&rsquo;UEFA repousse sa d\u00e9cision pour une \u00e9ventuelle pr\u00e9sence de l&rsquo;ASM en Europe"}]},{"@type":"WebSite","@id":"https:\/\/www.ladiagonale.net\/#website","url":"https:\/\/www.ladiagonale.net\/","name":"La Diagonale","description":"Le site des supporters de l&#039;AS Monaco FC","potentialAction":[{"@type":"SearchAction","target":{"@type":"EntryPoint","urlTemplate":"https:\/\/www.ladiagonale.net\/?s={search_term_string}"},"query-input":"required name=search_term_string"}],"inLanguage":"fr-FR"},{"@type":"Person","@id":"https:\/\/www.ladiagonale.net\/#\/schema\/person\/79ff1e7b0853ed01b2aa26e64ad300bf","name":"Damien Dellerba","image":{"@type":"ImageObject","inLanguage":"fr-FR","@id":"https:\/\/www.ladiagonale.net\/#\/schema\/person\/image\/","url":"https:\/\/secure.gravatar.com\/avatar\/c7850e06d3ff63cdbaee88b7fc16e2f0?s=96&d=mm&r=g","contentUrl":"https:\/\/secure.gravatar.com\/avatar\/c7850e06d3ff63cdbaee88b7fc16e2f0?s=96&d=mm&r=g","caption":"Damien Dellerba"},"url":"https:\/\/www.ladiagonale.net\/index.php\/author\/damien\/"}]}},"_links":{"self":[{"href":"https:\/\/www.ladiagonale.net\/index.php\/wp-json\/wp\/v2\/posts\/13605"}],"collection":[{"href":"https:\/\/www.ladiagonale.net\/index.php\/wp-json\/wp\/v2\/posts"}],"about":[{"href":"https:\/\/www.ladiagonale.net\/index.php\/wp-json\/wp\/v2\/types\/post"}],"author":[{"embeddable":true,"href":"https:\/\/www.ladiagonale.net\/index.php\/wp-json\/wp\/v2\/users\/2"}],"replies":[{"embeddable":true,"href":"https:\/\/www.ladiagonale.net\/index.php\/wp-json\/wp\/v2\/comments?post=13605"}],"version-history":[{"count":4,"href":"https:\/\/www.ladiagonale.net\/index.php\/wp-json\/wp\/v2\/posts\/13605\/revisions"}],"predecessor-version":[{"id":13609,"href":"https:\/\/www.ladiagonale.net\/index.php\/wp-json\/wp\/v2\/posts\/13605\/revisions\/13609"}],"wp:attachment":[{"href":"https:\/\/www.ladiagonale.net\/index.php\/wp-json\/wp\/v2\/media?parent=13605"}],"wp:term":[{"taxonomy":"category","embeddable":true,"href":"https:\/\/www.ladiagonale.net\/index.php\/wp-json\/wp\/v2\/categories?post=13605"},{"taxonomy":"post_tag","embeddable":true,"href":"https:\/\/www.ladiagonale.net\/index.php\/wp-json\/wp\/v2\/tags?post=13605"}],"curies":[{"name":"wp","href":"https:\/\/api.w.org\/{rel}","templated":true}]}}