{"id":13638,"date":"2023-07-02T09:37:36","date_gmt":"2023-07-02T07:37:36","guid":{"rendered":"https:\/\/www.ladiagonale.net\/?p=13638"},"modified":"2023-07-03T00:37:31","modified_gmt":"2023-07-02T22:37:31","slug":"carnet-christian-dalger-sest-eteint","status":"publish","type":"post","link":"https:\/\/www.ladiagonale.net\/index.php\/2023\/07\/02\/carnet-christian-dalger-sest-eteint\/","title":{"rendered":"Carnet : Christian Dalger s\u2019est \u00e9teint"},"content":{"rendered":"\n<p>Il sera parti apr\u00e8s avoir vu Wissam Ben Yedder le d\u00e9passer au classement des buteurs lors de cette saison 2022-2023 pour en prendre la troisi\u00e8me place, alors qu\u2019on se demandait si un autre joueur pourrait un jour atteindre son total de 89 buts avec le maillot \u00e0 la diagonale. La l\u00e9gende de l\u2019AS Monaco (1971-1980) Christian Dalger s\u2019en est all\u00e9e dans la nuit de samedi \u00e0 dimanche, \u00e0 seulement 73 ans, des suites d&rsquo;une longue maladie.<\/p>\n\n\n\n<p>Christian Dalger avec l&rsquo;ASM, c&rsquo;est un titre de champion de France en 1978, une Coupe de France en 1980 et 333 matchs disput\u00e9s en neuf saisons, sans oublier des caviars \u00e0 la pelle pour Delio Onnis pendant pr\u00e8s d&rsquo;une d\u00e9cennie. Le virevoltant ailier avait \u00e9galement connu l&rsquo;\u00e9quipe de France (6 s\u00e9lections) et avait particip\u00e9 \u00e0 la Coupe du monde 1978 en Argentine, avec son grand ami et co\u00e9quipier Jean Petit, qui l&rsquo;a accompagn\u00e9 jusque dans ses derniers instants.<\/p>\n\n\n\n<p>La Diagonale adresse toutes ses condol\u00e9ances \u00e0 la famille et aux proches de Christian Dalger.<\/p>\n","protected":false},"excerpt":{"rendered":"<p>Il sera parti apr\u00e8s avoir vu Wissam Ben Yedder le d\u00e9passer au classement des buteurs lors de cette saison 2022-2023 pour en prendre la troisi\u00e8me place, alors qu\u2019on se demandait si un autre joueur pourrait un jour atteindre son total de 89 buts avec le maillot \u00e0 la diagonale. La l\u00e9gende de l\u2019AS Monaco (1971-1980) [&#8230;]\n","protected":false},"author":2,"featured_media":0,"comment_status":"open","ping_status":"open","sticky":false,"template":"","format":"standard","meta":[],"categories":[4,6],"tags":[255,86,590,368,273],"yoast_head":"<!-- This site is optimized with the Yoast SEO plugin v19.8 - https:\/\/yoast.com\/wordpress\/plugins\/seo\/ -->\n<title>Carnet : Christian Dalger s\u2019est \u00e9teint - La Diagonale<\/title>\n<meta name=\"robots\" content=\"index, follow, max-snippet:-1, max-image-preview:large, max-video-preview:-1\" \/>\n<link rel=\"canonical\" href=\"https:\/\/www.ladiagonale.net\/index.php\/2023\/07\/02\/carnet-christian-dalger-sest-eteint\/\" \/>\n<meta property=\"og:locale\" content=\"fr_FR\" \/>\n<meta property=\"og:type\" content=\"article\" \/>\n<meta property=\"og:title\" content=\"Carnet : Christian Dalger s\u2019est \u00e9teint - La Diagonale\" \/>\n<meta property=\"og:description\" content=\"Il sera parti apr\u00e8s avoir vu Wissam Ben Yedder le d\u00e9passer au classement des buteurs lors de cette saison 2022-2023 pour en prendre la troisi\u00e8me place, alors qu\u2019on se demandait si un autre joueur pourrait un jour atteindre son total de 89 buts avec le maillot \u00e0 la diagonale. La l\u00e9gende de l\u2019AS Monaco (1971-1980) [...]\" \/>\n<meta property=\"og:url\" content=\"https:\/\/www.ladiagonale.net\/index.php\/2023\/07\/02\/carnet-christian-dalger-sest-eteint\/\" \/>\n<meta property=\"og:site_name\" content=\"La Diagonale\" \/>\n<meta property=\"article:published_time\" content=\"2023-07-02T07:37:36+00:00\" \/>\n<meta property=\"article:modified_time\" content=\"2023-07-02T22:37:31+00:00\" \/>\n<meta property=\"og:image\" content=\"https:\/\/www.ladiagonale.net\/wp-content\/uploads\/2023\/07\/christian-dalger-1160x650-copie.png\" \/>\n\t<meta property=\"og:image:width\" content=\"1160\" \/>\n\t<meta property=\"og:image:height\" content=\"650\" \/>\n\t<meta property=\"og:image:type\" content=\"image\/png\" \/>\n<meta name=\"author\" content=\"Damien Dellerba\" \/>\n<meta name=\"twitter:card\" content=\"summary_large_image\" \/>\n<meta name=\"twitter:image\" content=\"https:\/\/www.ladiagonale.net\/wp-content\/uploads\/2023\/07\/christian-dalger-1160x650-copie.png\" \/>\n<meta name=\"twitter:label1\" content=\"\u00c9crit par\" \/>\n\t<meta name=\"twitter:data1\" content=\"Damien Dellerba\" \/>\n\t<meta name=\"twitter:label2\" content=\"Dur\u00e9e de lecture estim\u00e9e\" \/>\n\t<meta name=\"twitter:data2\" content=\"1 minute\" \/>\n<script type=\"application\/ld+json\" class=\"yoast-schema-graph\">{\"@context\":\"https:\/\/schema.org\",\"@graph\":[{\"@type\":\"WebPage\",\"@id\":\"https:\/\/www.ladiagonale.net\/index.php\/2023\/07\/02\/carnet-christian-dalger-sest-eteint\/\",\"url\":\"https:\/\/www.ladiagonale.net\/index.php\/2023\/07\/02\/carnet-christian-dalger-sest-eteint\/\",\"name\":\"Carnet : Christian Dalger s\u2019est \u00e9teint - La Diagonale\",\"isPartOf\":{\"@id\":\"https:\/\/www.ladiagonale.net\/#website\"},\"datePublished\":\"2023-07-02T07:37:36+00:00\",\"dateModified\":\"2023-07-02T22:37:31+00:00\",\"author\":{\"@id\":\"https:\/\/www.ladiagonale.net\/#\/schema\/person\/79ff1e7b0853ed01b2aa26e64ad300bf\"},\"breadcrumb\":{\"@id\":\"https:\/\/www.ladiagonale.net\/index.php\/2023\/07\/02\/carnet-christian-dalger-sest-eteint\/#breadcrumb\"},\"inLanguage\":\"fr-FR\",\"potentialAction\":[{\"@type\":\"ReadAction\",\"target\":[\"https:\/\/www.ladiagonale.net\/index.php\/2023\/07\/02\/carnet-christian-dalger-sest-eteint\/\"]}]},{\"@type\":\"BreadcrumbList\",\"@id\":\"https:\/\/www.ladiagonale.net\/index.php\/2023\/07\/02\/carnet-christian-dalger-sest-eteint\/#breadcrumb\",\"itemListElement\":[{\"@type\":\"ListItem\",\"position\":1,\"name\":\"Accueil\",\"item\":\"https:\/\/www.ladiagonale.net\/\"},{\"@type\":\"ListItem\",\"position\":2,\"name\":\"Carnet : Christian Dalger s\u2019est \u00e9teint\"}]},{\"@type\":\"WebSite\",\"@id\":\"https:\/\/www.ladiagonale.net\/#website\",\"url\":\"https:\/\/www.ladiagonale.net\/\",\"name\":\"La Diagonale\",\"description\":\"Le site des supporters de l&#039;AS Monaco FC\",\"potentialAction\":[{\"@type\":\"SearchAction\",\"target\":{\"@type\":\"EntryPoint\",\"urlTemplate\":\"https:\/\/www.ladiagonale.net\/?s={search_term_string}\"},\"query-input\":\"required name=search_term_string\"}],\"inLanguage\":\"fr-FR\"},{\"@type\":\"Person\",\"@id\":\"https:\/\/www.ladiagonale.net\/#\/schema\/person\/79ff1e7b0853ed01b2aa26e64ad300bf\",\"name\":\"Damien Dellerba\",\"image\":{\"@type\":\"ImageObject\",\"inLanguage\":\"fr-FR\",\"@id\":\"https:\/\/www.ladiagonale.net\/#\/schema\/person\/image\/\",\"url\":\"https:\/\/secure.gravatar.com\/avatar\/c7850e06d3ff63cdbaee88b7fc16e2f0?s=96&d=mm&r=g\",\"contentUrl\":\"https:\/\/secure.gravatar.com\/avatar\/c7850e06d3ff63cdbaee88b7fc16e2f0?s=96&d=mm&r=g\",\"caption\":\"Damien Dellerba\"},\"url\":\"https:\/\/www.ladiagonale.net\/index.php\/author\/damien\/\"}]}<\/script>\n<!-- \/ Yoast SEO plugin. -->","yoast_head_json":{"title":"Carnet : Christian Dalger s\u2019est \u00e9teint - La Diagonale","robots":{"index":"index","follow":"follow","max-snippet":"max-snippet:-1","max-image-preview":"max-image-preview:large","max-video-preview":"max-video-preview:-1"},"canonical":"https:\/\/www.ladiagonale.net\/index.php\/2023\/07\/02\/carnet-christian-dalger-sest-eteint\/","og_locale":"fr_FR","og_type":"article","og_title":"Carnet : Christian Dalger s\u2019est \u00e9teint - La Diagonale","og_description":"Il sera parti apr\u00e8s avoir vu Wissam Ben Yedder le d\u00e9passer au classement des buteurs lors de cette saison 2022-2023 pour en prendre la troisi\u00e8me place, alors qu\u2019on se demandait si un autre joueur pourrait un jour atteindre son total de 89 buts avec le maillot \u00e0 la diagonale. La l\u00e9gende de l\u2019AS Monaco (1971-1980) [...]","og_url":"https:\/\/www.ladiagonale.net\/index.php\/2023\/07\/02\/carnet-christian-dalger-sest-eteint\/","og_site_name":"La Diagonale","article_published_time":"2023-07-02T07:37:36+00:00","article_modified_time":"2023-07-02T22:37:31+00:00","og_image":[{"width":1160,"height":650,"url":"https:\/\/www.ladiagonale.net\/wp-content\/uploads\/2023\/07\/christian-dalger-1160x650-copie.png","type":"image\/png"}],"author":"Damien Dellerba","twitter_card":"summary_large_image","twitter_image":"https:\/\/www.ladiagonale.net\/wp-content\/uploads\/2023\/07\/christian-dalger-1160x650-copie.png","twitter_misc":{"\u00c9crit par":"Damien Dellerba","Dur\u00e9e de lecture estim\u00e9e":"1 minute"},"schema":{"@context":"https:\/\/schema.org","@graph":[{"@type":"WebPage","@id":"https:\/\/www.ladiagonale.net\/index.php\/2023\/07\/02\/carnet-christian-dalger-sest-eteint\/","url":"https:\/\/www.ladiagonale.net\/index.php\/2023\/07\/02\/carnet-christian-dalger-sest-eteint\/","name":"Carnet : Christian Dalger s\u2019est \u00e9teint - La Diagonale","isPartOf":{"@id":"https:\/\/www.ladiagonale.net\/#website"},"datePublished":"2023-07-02T07:37:36+00:00","dateModified":"2023-07-02T22:37:31+00:00","author":{"@id":"https:\/\/www.ladiagonale.net\/#\/schema\/person\/79ff1e7b0853ed01b2aa26e64ad300bf"},"breadcrumb":{"@id":"https:\/\/www.ladiagonale.net\/index.php\/2023\/07\/02\/carnet-christian-dalger-sest-eteint\/#breadcrumb"},"inLanguage":"fr-FR","potentialAction":[{"@type":"ReadAction","target":["https:\/\/www.ladiagonale.net\/index.php\/2023\/07\/02\/carnet-christian-dalger-sest-eteint\/"]}]},{"@type":"BreadcrumbList","@id":"https:\/\/www.ladiagonale.net\/index.php\/2023\/07\/02\/carnet-christian-dalger-sest-eteint\/#breadcrumb","itemListElement":[{"@type":"ListItem","position":1,"name":"Accueil","item":"https:\/\/www.ladiagonale.net\/"},{"@type":"ListItem","position":2,"name":"Carnet : Christian Dalger s\u2019est \u00e9teint"}]},{"@type":"WebSite","@id":"https:\/\/www.ladiagonale.net\/#website","url":"https:\/\/www.ladiagonale.net\/","name":"La Diagonale","description":"Le site des supporters de l&#039;AS Monaco FC","potentialAction":[{"@type":"SearchAction","target":{"@type":"EntryPoint","urlTemplate":"https:\/\/www.ladiagonale.net\/?s={search_term_string}"},"query-input":"required name=search_term_string"}],"inLanguage":"fr-FR"},{"@type":"Person","@id":"https:\/\/www.ladiagonale.net\/#\/schema\/person\/79ff1e7b0853ed01b2aa26e64ad300bf","name":"Damien Dellerba","image":{"@type":"ImageObject","inLanguage":"fr-FR","@id":"https:\/\/www.ladiagonale.net\/#\/schema\/person\/image\/","url":"https:\/\/secure.gravatar.com\/avatar\/c7850e06d3ff63cdbaee88b7fc16e2f0?s=96&d=mm&r=g","contentUrl":"https:\/\/secure.gravatar.com\/avatar\/c7850e06d3ff63cdbaee88b7fc16e2f0?s=96&d=mm&r=g","caption":"Damien Dellerba"},"url":"https:\/\/www.ladiagonale.net\/index.php\/author\/damien\/"}]}},"_links":{"self":[{"href":"https:\/\/www.ladiagonale.net\/index.php\/wp-json\/wp\/v2\/posts\/13638"}],"collection":[{"href":"https:\/\/www.ladiagonale.net\/index.php\/wp-json\/wp\/v2\/posts"}],"about":[{"href":"https:\/\/www.ladiagonale.net\/index.php\/wp-json\/wp\/v2\/types\/post"}],"author":[{"embeddable":true,"href":"https:\/\/www.ladiagonale.net\/index.php\/wp-json\/wp\/v2\/users\/2"}],"replies":[{"embeddable":true,"href":"https:\/\/www.ladiagonale.net\/index.php\/wp-json\/wp\/v2\/comments?post=13638"}],"version-history":[{"count":6,"href":"https:\/\/www.ladiagonale.net\/index.php\/wp-json\/wp\/v2\/posts\/13638\/revisions"}],"predecessor-version":[{"id":13671,"href":"https:\/\/www.ladiagonale.net\/index.php\/wp-json\/wp\/v2\/posts\/13638\/revisions\/13671"}],"wp:attachment":[{"href":"https:\/\/www.ladiagonale.net\/index.php\/wp-json\/wp\/v2\/media?parent=13638"}],"wp:term":[{"taxonomy":"category","embeddable":true,"href":"https:\/\/www.ladiagonale.net\/index.php\/wp-json\/wp\/v2\/categories?post=13638"},{"taxonomy":"post_tag","embeddable":true,"href":"https:\/\/www.ladiagonale.net\/index.php\/wp-json\/wp\/v2\/tags?post=13638"}],"curies":[{"name":"wp","href":"https:\/\/api.w.org\/{rel}","templated":true}]}}