{"id":13648,"date":"2023-07-02T12:31:00","date_gmt":"2023-07-02T10:31:00","guid":{"rendered":"https:\/\/www.ladiagonale.net\/?p=13648"},"modified":"2023-07-02T12:35:35","modified_gmt":"2023-07-02T10:35:35","slug":"podcast-ecoutez-le-mur-des-legendes-sur-christian-dalger","status":"publish","type":"post","link":"https:\/\/www.ladiagonale.net\/index.php\/2023\/07\/02\/podcast-ecoutez-le-mur-des-legendes-sur-christian-dalger\/","title":{"rendered":"Podcast : \u00e9coutez Le Mur des L\u00e9gendes sur Christian Dalger"},"content":{"rendered":"\n\n\n<p>Dans la nuit de samedi \u00e0 dimanche,<a href=\"https:\/\/www.ladiagonale.net\/index.php\/2023\/07\/02\/carnet-christian-dalger-sest-eteint\/\"> l&rsquo;AS Monaco a perdu l&rsquo;une de ses l\u00e9gendes<\/a>, Christian Dalger. Bien avant cette triste nouvelle, l&rsquo;\u00e9quipe de Radio Diagonale avait rendu hommage \u00e0 celui qui avait fait les belles heures du club de la Principaut\u00e9 entre 1971 et 1980, avec ses amis et co\u00e9quipiers Jean Petit et Delio Onnis.<\/p>\n\n\n\n<p>Vous pouvez regarder cette \u00e9mission en vid\u00e9o sur le player Youtube juste en dessous, ou bien vous rendre sur le podcast audio sur <a href=\"https:\/\/www.ladiagonale.net\/index.php\/album\/le-mur-des-legendes\/\">la page d\u00e9di\u00e9e \u00e0 l&rsquo;\u00e9mission \u00ab\u00a0Le Mur des L\u00e9gendes\u00a0\u00bb<\/a>.<\/p>\n\n\n\n<ul><li>Pr\u00e9sentation : Damien<\/li><li>Chroniqueurs : Boris et Rom<\/li><\/ul>\n\n\n\n<figure class=\"wp-block-embed is-type-video is-provider-youtube wp-block-embed-youtube wp-embed-aspect-16-9 wp-has-aspect-ratio\"><div class=\"wp-block-embed__wrapper\">\n<iframe loading=\"lazy\" title=\"Le Mur des L\u00e9gendes #41 - Christian Dalger\" width=\"1020\" height=\"574\" src=\"https:\/\/www.youtube.com\/embed\/IrWz7BHCWW0?feature=oembed\" frameborder=\"0\" allow=\"accelerometer; autoplay; clipboard-write; encrypted-media; gyroscope; picture-in-picture; web-share\" allowfullscreen><\/iframe>\n<\/div><\/figure>\n","protected":false},"excerpt":{"rendered":"<p>Dans la nuit de samedi \u00e0 dimanche, l&rsquo;AS Monaco a perdu l&rsquo;une de ses l\u00e9gendes, Christian Dalger. Bien avant cette triste nouvelle, l&rsquo;\u00e9quipe de Radio Diagonale avait rendu hommage \u00e0 celui qui avait fait les belles heures du club de la Principaut\u00e9 entre 1971 et 1980, avec ses amis et co\u00e9quipiers Jean Petit et Delio [&#8230;]\n","protected":false},"author":2,"featured_media":13665,"comment_status":"open","ping_status":"open","sticky":false,"template":"","format":"standard","meta":[],"categories":[5,6],"tags":[255,86,590,368,247,272,292],"yoast_head":"<!-- This site is optimized with the Yoast SEO plugin v19.8 - https:\/\/yoast.com\/wordpress\/plugins\/seo\/ -->\n<title>Podcast : \u00e9coutez Le Mur des L\u00e9gendes sur Christian Dalger - La Diagonale<\/title>\n<meta name=\"robots\" content=\"index, follow, max-snippet:-1, max-image-preview:large, max-video-preview:-1\" \/>\n<link rel=\"canonical\" href=\"https:\/\/www.ladiagonale.net\/index.php\/2023\/07\/02\/podcast-ecoutez-le-mur-des-legendes-sur-christian-dalger\/\" \/>\n<meta property=\"og:locale\" content=\"fr_FR\" \/>\n<meta property=\"og:type\" content=\"article\" \/>\n<meta property=\"og:title\" content=\"Podcast : \u00e9coutez Le Mur des L\u00e9gendes sur Christian Dalger - La Diagonale\" \/>\n<meta property=\"og:description\" content=\"Dans la nuit de samedi \u00e0 dimanche, l&rsquo;AS Monaco a perdu l&rsquo;une de ses l\u00e9gendes, Christian Dalger. Bien avant cette triste nouvelle, l&rsquo;\u00e9quipe de Radio Diagonale avait rendu hommage \u00e0 celui qui avait fait les belles heures du club de la Principaut\u00e9 entre 1971 et 1980, avec ses amis et co\u00e9quipiers Jean Petit et Delio [...]\" \/>\n<meta property=\"og:url\" content=\"https:\/\/www.ladiagonale.net\/index.php\/2023\/07\/02\/podcast-ecoutez-le-mur-des-legendes-sur-christian-dalger\/\" \/>\n<meta property=\"og:site_name\" content=\"La Diagonale\" \/>\n<meta property=\"article:published_time\" content=\"2023-07-02T10:31:00+00:00\" \/>\n<meta property=\"article:modified_time\" content=\"2023-07-02T10:35:35+00:00\" \/>\n<meta property=\"og:image\" content=\"https:\/\/www.ladiagonale.net\/wp-content\/uploads\/2023\/07\/MINIATURE-YT-DALGER-1024x576.png\" \/>\n\t<meta property=\"og:image:width\" content=\"1024\" \/>\n\t<meta property=\"og:image:height\" content=\"576\" \/>\n\t<meta property=\"og:image:type\" content=\"image\/png\" \/>\n<meta name=\"author\" content=\"Damien Dellerba\" \/>\n<meta name=\"twitter:card\" content=\"summary_large_image\" \/>\n<meta name=\"twitter:image\" content=\"https:\/\/www.ladiagonale.net\/wp-content\/uploads\/2023\/07\/MINIATURE-YT-DALGER.png\" \/>\n<meta name=\"twitter:label1\" content=\"\u00c9crit par\" \/>\n\t<meta name=\"twitter:data1\" content=\"Damien Dellerba\" \/>\n\t<meta name=\"twitter:label2\" content=\"Dur\u00e9e de lecture estim\u00e9e\" \/>\n\t<meta name=\"twitter:data2\" content=\"1 minute\" \/>\n<script type=\"application\/ld+json\" class=\"yoast-schema-graph\">{\"@context\":\"https:\/\/schema.org\",\"@graph\":[{\"@type\":\"WebPage\",\"@id\":\"https:\/\/www.ladiagonale.net\/index.php\/2023\/07\/02\/podcast-ecoutez-le-mur-des-legendes-sur-christian-dalger\/\",\"url\":\"https:\/\/www.ladiagonale.net\/index.php\/2023\/07\/02\/podcast-ecoutez-le-mur-des-legendes-sur-christian-dalger\/\",\"name\":\"Podcast : \u00e9coutez Le Mur des L\u00e9gendes sur Christian Dalger - La Diagonale\",\"isPartOf\":{\"@id\":\"https:\/\/www.ladiagonale.net\/#website\"},\"datePublished\":\"2023-07-02T10:31:00+00:00\",\"dateModified\":\"2023-07-02T10:35:35+00:00\",\"author\":{\"@id\":\"https:\/\/www.ladiagonale.net\/#\/schema\/person\/79ff1e7b0853ed01b2aa26e64ad300bf\"},\"breadcrumb\":{\"@id\":\"https:\/\/www.ladiagonale.net\/index.php\/2023\/07\/02\/podcast-ecoutez-le-mur-des-legendes-sur-christian-dalger\/#breadcrumb\"},\"inLanguage\":\"fr-FR\",\"potentialAction\":[{\"@type\":\"ReadAction\",\"target\":[\"https:\/\/www.ladiagonale.net\/index.php\/2023\/07\/02\/podcast-ecoutez-le-mur-des-legendes-sur-christian-dalger\/\"]}]},{\"@type\":\"BreadcrumbList\",\"@id\":\"https:\/\/www.ladiagonale.net\/index.php\/2023\/07\/02\/podcast-ecoutez-le-mur-des-legendes-sur-christian-dalger\/#breadcrumb\",\"itemListElement\":[{\"@type\":\"ListItem\",\"position\":1,\"name\":\"Accueil\",\"item\":\"https:\/\/www.ladiagonale.net\/\"},{\"@type\":\"ListItem\",\"position\":2,\"name\":\"Podcast : \u00e9coutez Le Mur des L\u00e9gendes sur Christian Dalger\"}]},{\"@type\":\"WebSite\",\"@id\":\"https:\/\/www.ladiagonale.net\/#website\",\"url\":\"https:\/\/www.ladiagonale.net\/\",\"name\":\"La Diagonale\",\"description\":\"Le site des supporters de l&#039;AS Monaco FC\",\"potentialAction\":[{\"@type\":\"SearchAction\",\"target\":{\"@type\":\"EntryPoint\",\"urlTemplate\":\"https:\/\/www.ladiagonale.net\/?s={search_term_string}\"},\"query-input\":\"required name=search_term_string\"}],\"inLanguage\":\"fr-FR\"},{\"@type\":\"Person\",\"@id\":\"https:\/\/www.ladiagonale.net\/#\/schema\/person\/79ff1e7b0853ed01b2aa26e64ad300bf\",\"name\":\"Damien Dellerba\",\"image\":{\"@type\":\"ImageObject\",\"inLanguage\":\"fr-FR\",\"@id\":\"https:\/\/www.ladiagonale.net\/#\/schema\/person\/image\/\",\"url\":\"https:\/\/secure.gravatar.com\/avatar\/c7850e06d3ff63cdbaee88b7fc16e2f0?s=96&d=mm&r=g\",\"contentUrl\":\"https:\/\/secure.gravatar.com\/avatar\/c7850e06d3ff63cdbaee88b7fc16e2f0?s=96&d=mm&r=g\",\"caption\":\"Damien Dellerba\"},\"url\":\"https:\/\/www.ladiagonale.net\/index.php\/author\/damien\/\"}]}<\/script>\n<!-- \/ Yoast SEO plugin. -->","yoast_head_json":{"title":"Podcast : \u00e9coutez Le Mur des L\u00e9gendes sur Christian Dalger - La Diagonale","robots":{"index":"index","follow":"follow","max-snippet":"max-snippet:-1","max-image-preview":"max-image-preview:large","max-video-preview":"max-video-preview:-1"},"canonical":"https:\/\/www.ladiagonale.net\/index.php\/2023\/07\/02\/podcast-ecoutez-le-mur-des-legendes-sur-christian-dalger\/","og_locale":"fr_FR","og_type":"article","og_title":"Podcast : \u00e9coutez Le Mur des L\u00e9gendes sur Christian Dalger - La Diagonale","og_description":"Dans la nuit de samedi \u00e0 dimanche, l&rsquo;AS Monaco a perdu l&rsquo;une de ses l\u00e9gendes, Christian Dalger. Bien avant cette triste nouvelle, l&rsquo;\u00e9quipe de Radio Diagonale avait rendu hommage \u00e0 celui qui avait fait les belles heures du club de la Principaut\u00e9 entre 1971 et 1980, avec ses amis et co\u00e9quipiers Jean Petit et Delio [...]","og_url":"https:\/\/www.ladiagonale.net\/index.php\/2023\/07\/02\/podcast-ecoutez-le-mur-des-legendes-sur-christian-dalger\/","og_site_name":"La Diagonale","article_published_time":"2023-07-02T10:31:00+00:00","article_modified_time":"2023-07-02T10:35:35+00:00","og_image":[{"width":1024,"height":576,"url":"https:\/\/www.ladiagonale.net\/wp-content\/uploads\/2023\/07\/MINIATURE-YT-DALGER-1024x576.png","type":"image\/png"}],"author":"Damien Dellerba","twitter_card":"summary_large_image","twitter_image":"https:\/\/www.ladiagonale.net\/wp-content\/uploads\/2023\/07\/MINIATURE-YT-DALGER.png","twitter_misc":{"\u00c9crit par":"Damien Dellerba","Dur\u00e9e de lecture estim\u00e9e":"1 minute"},"schema":{"@context":"https:\/\/schema.org","@graph":[{"@type":"WebPage","@id":"https:\/\/www.ladiagonale.net\/index.php\/2023\/07\/02\/podcast-ecoutez-le-mur-des-legendes-sur-christian-dalger\/","url":"https:\/\/www.ladiagonale.net\/index.php\/2023\/07\/02\/podcast-ecoutez-le-mur-des-legendes-sur-christian-dalger\/","name":"Podcast : \u00e9coutez Le Mur des L\u00e9gendes sur Christian Dalger - La Diagonale","isPartOf":{"@id":"https:\/\/www.ladiagonale.net\/#website"},"datePublished":"2023-07-02T10:31:00+00:00","dateModified":"2023-07-02T10:35:35+00:00","author":{"@id":"https:\/\/www.ladiagonale.net\/#\/schema\/person\/79ff1e7b0853ed01b2aa26e64ad300bf"},"breadcrumb":{"@id":"https:\/\/www.ladiagonale.net\/index.php\/2023\/07\/02\/podcast-ecoutez-le-mur-des-legendes-sur-christian-dalger\/#breadcrumb"},"inLanguage":"fr-FR","potentialAction":[{"@type":"ReadAction","target":["https:\/\/www.ladiagonale.net\/index.php\/2023\/07\/02\/podcast-ecoutez-le-mur-des-legendes-sur-christian-dalger\/"]}]},{"@type":"BreadcrumbList","@id":"https:\/\/www.ladiagonale.net\/index.php\/2023\/07\/02\/podcast-ecoutez-le-mur-des-legendes-sur-christian-dalger\/#breadcrumb","itemListElement":[{"@type":"ListItem","position":1,"name":"Accueil","item":"https:\/\/www.ladiagonale.net\/"},{"@type":"ListItem","position":2,"name":"Podcast : \u00e9coutez Le Mur des L\u00e9gendes sur Christian Dalger"}]},{"@type":"WebSite","@id":"https:\/\/www.ladiagonale.net\/#website","url":"https:\/\/www.ladiagonale.net\/","name":"La Diagonale","description":"Le site des supporters de l&#039;AS Monaco FC","potentialAction":[{"@type":"SearchAction","target":{"@type":"EntryPoint","urlTemplate":"https:\/\/www.ladiagonale.net\/?s={search_term_string}"},"query-input":"required name=search_term_string"}],"inLanguage":"fr-FR"},{"@type":"Person","@id":"https:\/\/www.ladiagonale.net\/#\/schema\/person\/79ff1e7b0853ed01b2aa26e64ad300bf","name":"Damien Dellerba","image":{"@type":"ImageObject","inLanguage":"fr-FR","@id":"https:\/\/www.ladiagonale.net\/#\/schema\/person\/image\/","url":"https:\/\/secure.gravatar.com\/avatar\/c7850e06d3ff63cdbaee88b7fc16e2f0?s=96&d=mm&r=g","contentUrl":"https:\/\/secure.gravatar.com\/avatar\/c7850e06d3ff63cdbaee88b7fc16e2f0?s=96&d=mm&r=g","caption":"Damien Dellerba"},"url":"https:\/\/www.ladiagonale.net\/index.php\/author\/damien\/"}]}},"_links":{"self":[{"href":"https:\/\/www.ladiagonale.net\/index.php\/wp-json\/wp\/v2\/posts\/13648"}],"collection":[{"href":"https:\/\/www.ladiagonale.net\/index.php\/wp-json\/wp\/v2\/posts"}],"about":[{"href":"https:\/\/www.ladiagonale.net\/index.php\/wp-json\/wp\/v2\/types\/post"}],"author":[{"embeddable":true,"href":"https:\/\/www.ladiagonale.net\/index.php\/wp-json\/wp\/v2\/users\/2"}],"replies":[{"embeddable":true,"href":"https:\/\/www.ladiagonale.net\/index.php\/wp-json\/wp\/v2\/comments?post=13648"}],"version-history":[{"count":5,"href":"https:\/\/www.ladiagonale.net\/index.php\/wp-json\/wp\/v2\/posts\/13648\/revisions"}],"predecessor-version":[{"id":13668,"href":"https:\/\/www.ladiagonale.net\/index.php\/wp-json\/wp\/v2\/posts\/13648\/revisions\/13668"}],"wp:featuredmedia":[{"embeddable":true,"href":"https:\/\/www.ladiagonale.net\/index.php\/wp-json\/wp\/v2\/media\/13665"}],"wp:attachment":[{"href":"https:\/\/www.ladiagonale.net\/index.php\/wp-json\/wp\/v2\/media?parent=13648"}],"wp:term":[{"taxonomy":"category","embeddable":true,"href":"https:\/\/www.ladiagonale.net\/index.php\/wp-json\/wp\/v2\/categories?post=13648"},{"taxonomy":"post_tag","embeddable":true,"href":"https:\/\/www.ladiagonale.net\/index.php\/wp-json\/wp\/v2\/tags?post=13648"}],"curies":[{"name":"wp","href":"https:\/\/api.w.org\/{rel}","templated":true}]}}