{"id":13657,"date":"2023-07-02T00:55:58","date_gmt":"2023-07-01T22:55:58","guid":{"rendered":"https:\/\/www.ladiagonale.net\/?p=13657"},"modified":"2023-07-02T01:08:10","modified_gmt":"2023-07-01T23:08:10","slug":"officiel-olmeta-sengage-a-lille","status":"publish","type":"post","link":"https:\/\/www.ladiagonale.net\/index.php\/2023\/07\/02\/officiel-olmeta-sengage-a-lille\/","title":{"rendered":"Officiel : Olmeta s\u2019engage \u00e0 Lille"},"content":{"rendered":"\n<p>Son d\u00e9part ne faisait plus beaucoup de doute mais il a \u00e9t\u00e9 confirm\u00e9 par le LOSC. Lisandru Olmeta (17 ans) n\u2019est plus un joueur de l\u2019AS Monaco puisqu\u2019il s\u2019est finalement engag\u00e9 avec Lille ce samedi, o\u00f9 il a sign\u00e9 son premier contrat professionnel portant sur trois saisons, jusqu\u2019en 2026. Courtis\u00e9 par plusieurs \u00e9curies europ\u00e9ennes, Monaco avait tent\u00e9 de signer son jeune espoir mais sans parvenir \u00e0 le convaincre sur son projet.<\/p>\n\n\n\n<p>Arriv\u00e9 en Principaut\u00e9 \u00e0 l\u2019\u00e9t\u00e9 2020, le portier va rapidement monter en gamme dans les cat\u00e9gories de jeunes. L\u2019an pass\u00e9, il a r\u00e9guli\u00e8rement \u00e9volu\u00e9 avec le Groupe \u00c9lite de Damien Perrinelle et a \u00e9galement fait partie du groupe vainqueur de la Coupe Gambardella, en prenant part \u00e0 trois rencontres. Pendant la saison, il avait notamment \u00e9t\u00e9 appel\u00e9 a quelques reprises par Philippe Clement pour participer \u00e0 des s\u00e9ances d\u2019entra\u00eenement avec le groupe pro. International U17, il avait brill\u00e9 et remport\u00e9 l\u2019Euro U17 avec la France en juin 2022.<\/p>\n","protected":false},"excerpt":{"rendered":"<p>Son d\u00e9part ne faisait plus beaucoup de doute mais il a \u00e9t\u00e9 confirm\u00e9 par le LOSC. Lisandru Olmeta (17 ans) n\u2019est plus un joueur de l\u2019AS Monaco puisqu\u2019il s\u2019est finalement engag\u00e9 avec Lille ce samedi, o\u00f9 il a sign\u00e9 son premier contrat professionnel portant sur trois saisons, jusqu\u2019en 2026. Courtis\u00e9 par plusieurs \u00e9curies europ\u00e9ennes, Monaco [&#8230;]\n","protected":false},"author":2,"featured_media":0,"comment_status":"open","ping_status":"open","sticky":false,"template":"","format":"standard","meta":[],"categories":[4,6],"tags":[76,86,264],"yoast_head":"<!-- This site is optimized with the Yoast SEO plugin v19.8 - https:\/\/yoast.com\/wordpress\/plugins\/seo\/ -->\n<title>Officiel : Olmeta s\u2019engage \u00e0 Lille - La Diagonale<\/title>\n<meta name=\"robots\" content=\"index, follow, max-snippet:-1, max-image-preview:large, max-video-preview:-1\" \/>\n<link rel=\"canonical\" href=\"https:\/\/www.ladiagonale.net\/index.php\/2023\/07\/02\/officiel-olmeta-sengage-a-lille\/\" \/>\n<meta property=\"og:locale\" content=\"fr_FR\" \/>\n<meta property=\"og:type\" content=\"article\" \/>\n<meta property=\"og:title\" content=\"Officiel : Olmeta s\u2019engage \u00e0 Lille - La Diagonale\" \/>\n<meta property=\"og:description\" content=\"Son d\u00e9part ne faisait plus beaucoup de doute mais il a \u00e9t\u00e9 confirm\u00e9 par le LOSC. Lisandru Olmeta (17 ans) n\u2019est plus un joueur de l\u2019AS Monaco puisqu\u2019il s\u2019est finalement engag\u00e9 avec Lille ce samedi, o\u00f9 il a sign\u00e9 son premier contrat professionnel portant sur trois saisons, jusqu\u2019en 2026. Courtis\u00e9 par plusieurs \u00e9curies europ\u00e9ennes, Monaco [...]\" \/>\n<meta property=\"og:url\" content=\"https:\/\/www.ladiagonale.net\/index.php\/2023\/07\/02\/officiel-olmeta-sengage-a-lille\/\" \/>\n<meta property=\"og:site_name\" content=\"La Diagonale\" \/>\n<meta property=\"article:published_time\" content=\"2023-07-01T22:55:58+00:00\" \/>\n<meta property=\"article:modified_time\" content=\"2023-07-01T23:08:10+00:00\" \/>\n<meta property=\"og:image\" content=\"https:\/\/www.ladiagonale.net\/wp-content\/uploads\/2023\/01\/olmeta2.png\" \/>\n\t<meta property=\"og:image:width\" content=\"1160\" \/>\n\t<meta property=\"og:image:height\" content=\"650\" \/>\n\t<meta property=\"og:image:type\" content=\"image\/png\" \/>\n<meta name=\"author\" content=\"Damien Dellerba\" \/>\n<meta name=\"twitter:card\" content=\"summary_large_image\" \/>\n<meta name=\"twitter:image\" content=\"https:\/\/www.ladiagonale.net\/wp-content\/uploads\/2023\/01\/olmeta2.png\" \/>\n<meta name=\"twitter:label1\" content=\"\u00c9crit par\" \/>\n\t<meta name=\"twitter:data1\" content=\"Damien Dellerba\" \/>\n\t<meta name=\"twitter:label2\" content=\"Dur\u00e9e de lecture estim\u00e9e\" \/>\n\t<meta name=\"twitter:data2\" content=\"1 minute\" \/>\n<script type=\"application\/ld+json\" class=\"yoast-schema-graph\">{\"@context\":\"https:\/\/schema.org\",\"@graph\":[{\"@type\":\"WebPage\",\"@id\":\"https:\/\/www.ladiagonale.net\/index.php\/2023\/07\/02\/officiel-olmeta-sengage-a-lille\/\",\"url\":\"https:\/\/www.ladiagonale.net\/index.php\/2023\/07\/02\/officiel-olmeta-sengage-a-lille\/\",\"name\":\"Officiel : Olmeta s\u2019engage \u00e0 Lille - La Diagonale\",\"isPartOf\":{\"@id\":\"https:\/\/www.ladiagonale.net\/#website\"},\"datePublished\":\"2023-07-01T22:55:58+00:00\",\"dateModified\":\"2023-07-01T23:08:10+00:00\",\"author\":{\"@id\":\"https:\/\/www.ladiagonale.net\/#\/schema\/person\/79ff1e7b0853ed01b2aa26e64ad300bf\"},\"breadcrumb\":{\"@id\":\"https:\/\/www.ladiagonale.net\/index.php\/2023\/07\/02\/officiel-olmeta-sengage-a-lille\/#breadcrumb\"},\"inLanguage\":\"fr-FR\",\"potentialAction\":[{\"@type\":\"ReadAction\",\"target\":[\"https:\/\/www.ladiagonale.net\/index.php\/2023\/07\/02\/officiel-olmeta-sengage-a-lille\/\"]}]},{\"@type\":\"BreadcrumbList\",\"@id\":\"https:\/\/www.ladiagonale.net\/index.php\/2023\/07\/02\/officiel-olmeta-sengage-a-lille\/#breadcrumb\",\"itemListElement\":[{\"@type\":\"ListItem\",\"position\":1,\"name\":\"Accueil\",\"item\":\"https:\/\/www.ladiagonale.net\/\"},{\"@type\":\"ListItem\",\"position\":2,\"name\":\"Officiel : Olmeta s\u2019engage \u00e0 Lille\"}]},{\"@type\":\"WebSite\",\"@id\":\"https:\/\/www.ladiagonale.net\/#website\",\"url\":\"https:\/\/www.ladiagonale.net\/\",\"name\":\"La Diagonale\",\"description\":\"Le site des supporters de l&#039;AS Monaco FC\",\"potentialAction\":[{\"@type\":\"SearchAction\",\"target\":{\"@type\":\"EntryPoint\",\"urlTemplate\":\"https:\/\/www.ladiagonale.net\/?s={search_term_string}\"},\"query-input\":\"required name=search_term_string\"}],\"inLanguage\":\"fr-FR\"},{\"@type\":\"Person\",\"@id\":\"https:\/\/www.ladiagonale.net\/#\/schema\/person\/79ff1e7b0853ed01b2aa26e64ad300bf\",\"name\":\"Damien Dellerba\",\"image\":{\"@type\":\"ImageObject\",\"inLanguage\":\"fr-FR\",\"@id\":\"https:\/\/www.ladiagonale.net\/#\/schema\/person\/image\/\",\"url\":\"https:\/\/secure.gravatar.com\/avatar\/c7850e06d3ff63cdbaee88b7fc16e2f0?s=96&d=mm&r=g\",\"contentUrl\":\"https:\/\/secure.gravatar.com\/avatar\/c7850e06d3ff63cdbaee88b7fc16e2f0?s=96&d=mm&r=g\",\"caption\":\"Damien Dellerba\"},\"url\":\"https:\/\/www.ladiagonale.net\/index.php\/author\/damien\/\"}]}<\/script>\n<!-- \/ Yoast SEO plugin. -->","yoast_head_json":{"title":"Officiel : Olmeta s\u2019engage \u00e0 Lille - La Diagonale","robots":{"index":"index","follow":"follow","max-snippet":"max-snippet:-1","max-image-preview":"max-image-preview:large","max-video-preview":"max-video-preview:-1"},"canonical":"https:\/\/www.ladiagonale.net\/index.php\/2023\/07\/02\/officiel-olmeta-sengage-a-lille\/","og_locale":"fr_FR","og_type":"article","og_title":"Officiel : Olmeta s\u2019engage \u00e0 Lille - La Diagonale","og_description":"Son d\u00e9part ne faisait plus beaucoup de doute mais il a \u00e9t\u00e9 confirm\u00e9 par le LOSC. Lisandru Olmeta (17 ans) n\u2019est plus un joueur de l\u2019AS Monaco puisqu\u2019il s\u2019est finalement engag\u00e9 avec Lille ce samedi, o\u00f9 il a sign\u00e9 son premier contrat professionnel portant sur trois saisons, jusqu\u2019en 2026. Courtis\u00e9 par plusieurs \u00e9curies europ\u00e9ennes, Monaco [...]","og_url":"https:\/\/www.ladiagonale.net\/index.php\/2023\/07\/02\/officiel-olmeta-sengage-a-lille\/","og_site_name":"La Diagonale","article_published_time":"2023-07-01T22:55:58+00:00","article_modified_time":"2023-07-01T23:08:10+00:00","og_image":[{"width":1160,"height":650,"url":"https:\/\/www.ladiagonale.net\/wp-content\/uploads\/2023\/01\/olmeta2.png","type":"image\/png"}],"author":"Damien Dellerba","twitter_card":"summary_large_image","twitter_image":"https:\/\/www.ladiagonale.net\/wp-content\/uploads\/2023\/01\/olmeta2.png","twitter_misc":{"\u00c9crit par":"Damien Dellerba","Dur\u00e9e de lecture estim\u00e9e":"1 minute"},"schema":{"@context":"https:\/\/schema.org","@graph":[{"@type":"WebPage","@id":"https:\/\/www.ladiagonale.net\/index.php\/2023\/07\/02\/officiel-olmeta-sengage-a-lille\/","url":"https:\/\/www.ladiagonale.net\/index.php\/2023\/07\/02\/officiel-olmeta-sengage-a-lille\/","name":"Officiel : Olmeta s\u2019engage \u00e0 Lille - La Diagonale","isPartOf":{"@id":"https:\/\/www.ladiagonale.net\/#website"},"datePublished":"2023-07-01T22:55:58+00:00","dateModified":"2023-07-01T23:08:10+00:00","author":{"@id":"https:\/\/www.ladiagonale.net\/#\/schema\/person\/79ff1e7b0853ed01b2aa26e64ad300bf"},"breadcrumb":{"@id":"https:\/\/www.ladiagonale.net\/index.php\/2023\/07\/02\/officiel-olmeta-sengage-a-lille\/#breadcrumb"},"inLanguage":"fr-FR","potentialAction":[{"@type":"ReadAction","target":["https:\/\/www.ladiagonale.net\/index.php\/2023\/07\/02\/officiel-olmeta-sengage-a-lille\/"]}]},{"@type":"BreadcrumbList","@id":"https:\/\/www.ladiagonale.net\/index.php\/2023\/07\/02\/officiel-olmeta-sengage-a-lille\/#breadcrumb","itemListElement":[{"@type":"ListItem","position":1,"name":"Accueil","item":"https:\/\/www.ladiagonale.net\/"},{"@type":"ListItem","position":2,"name":"Officiel : Olmeta s\u2019engage \u00e0 Lille"}]},{"@type":"WebSite","@id":"https:\/\/www.ladiagonale.net\/#website","url":"https:\/\/www.ladiagonale.net\/","name":"La Diagonale","description":"Le site des supporters de l&#039;AS Monaco FC","potentialAction":[{"@type":"SearchAction","target":{"@type":"EntryPoint","urlTemplate":"https:\/\/www.ladiagonale.net\/?s={search_term_string}"},"query-input":"required name=search_term_string"}],"inLanguage":"fr-FR"},{"@type":"Person","@id":"https:\/\/www.ladiagonale.net\/#\/schema\/person\/79ff1e7b0853ed01b2aa26e64ad300bf","name":"Damien Dellerba","image":{"@type":"ImageObject","inLanguage":"fr-FR","@id":"https:\/\/www.ladiagonale.net\/#\/schema\/person\/image\/","url":"https:\/\/secure.gravatar.com\/avatar\/c7850e06d3ff63cdbaee88b7fc16e2f0?s=96&d=mm&r=g","contentUrl":"https:\/\/secure.gravatar.com\/avatar\/c7850e06d3ff63cdbaee88b7fc16e2f0?s=96&d=mm&r=g","caption":"Damien Dellerba"},"url":"https:\/\/www.ladiagonale.net\/index.php\/author\/damien\/"}]}},"_links":{"self":[{"href":"https:\/\/www.ladiagonale.net\/index.php\/wp-json\/wp\/v2\/posts\/13657"}],"collection":[{"href":"https:\/\/www.ladiagonale.net\/index.php\/wp-json\/wp\/v2\/posts"}],"about":[{"href":"https:\/\/www.ladiagonale.net\/index.php\/wp-json\/wp\/v2\/types\/post"}],"author":[{"embeddable":true,"href":"https:\/\/www.ladiagonale.net\/index.php\/wp-json\/wp\/v2\/users\/2"}],"replies":[{"embeddable":true,"href":"https:\/\/www.ladiagonale.net\/index.php\/wp-json\/wp\/v2\/comments?post=13657"}],"version-history":[{"count":4,"href":"https:\/\/www.ladiagonale.net\/index.php\/wp-json\/wp\/v2\/posts\/13657\/revisions"}],"predecessor-version":[{"id":13662,"href":"https:\/\/www.ladiagonale.net\/index.php\/wp-json\/wp\/v2\/posts\/13657\/revisions\/13662"}],"wp:attachment":[{"href":"https:\/\/www.ladiagonale.net\/index.php\/wp-json\/wp\/v2\/media?parent=13657"}],"wp:term":[{"taxonomy":"category","embeddable":true,"href":"https:\/\/www.ladiagonale.net\/index.php\/wp-json\/wp\/v2\/categories?post=13657"},{"taxonomy":"post_tag","embeddable":true,"href":"https:\/\/www.ladiagonale.net\/index.php\/wp-json\/wp\/v2\/tags?post=13657"}],"curies":[{"name":"wp","href":"https:\/\/api.w.org\/{rel}","templated":true}]}}