{"id":13784,"date":"2023-07-05T19:36:08","date_gmt":"2023-07-05T17:36:08","guid":{"rendered":"https:\/\/www.ladiagonale.net\/?p=13784"},"modified":"2023-07-05T20:42:21","modified_gmt":"2023-07-05T18:42:21","slug":"monaco-aurait-contacte-le-defenseur-bella-kotchap","status":"publish","type":"post","link":"https:\/\/www.ladiagonale.net\/index.php\/2023\/07\/05\/monaco-aurait-contacte-le-defenseur-bella-kotchap\/","title":{"rendered":"Monaco aurait pris des contacts pour le d\u00e9fenseur Bella-Kotchap"},"content":{"rendered":"\n\n\n<p>Si Adi H\u00fctter, le nouvel entra\u00eeneur de l&rsquo;AS Monaco, veut pouvoir faire \u00e9voluer son \u00e9quipe dans son syst\u00e8me de pr\u00e9dilection, en 3-4-2-1, il faudra que le club de la Principaut\u00e9 trouve des renforts en d\u00e9fense centrale, alors qu&rsquo;Axel Disasi est sur le d\u00e9part. D&rsquo;apr\u00e8s <em>L&rsquo;\u00c9quipe<\/em>, Monaco appr\u00e9cierait le profil d&rsquo;Armel Bella-Kotchap, qui \u00e9volue \u00e0 Southampton, et aurait m\u00eame d\u00e9j\u00e0 pris des contacts avec son club.<\/p>\n\n\n\n<p>\u00c2g\u00e9 de 21 ans, l&rsquo;international allemand (2 s\u00e9lections) aurait manifest\u00e9 son d\u00e9sir de quitter le club anglais, rel\u00e9gu\u00e9 en <em>Championship<\/em> cette saison, et avec lequel il est li\u00e9 jusqu&rsquo;en juin 2026. Mais selon le quotidien, le RB Leipzig aurait \u00e9galement des vues sur Bella-Kotchap. Lors de la derni\u00e8re saison, le d\u00e9fenseur a disput\u00e9 26 rencontres avec Southampton, dont 24 en <em>Premier League.<\/em><\/p>\n","protected":false},"excerpt":{"rendered":"<p>Si Adi H\u00fctter, le nouvel entra\u00eeneur de l&rsquo;AS Monaco, veut pouvoir faire \u00e9voluer son \u00e9quipe dans son syst\u00e8me de pr\u00e9dilection, en 3-4-2-1, il faudra que le club de la Principaut\u00e9 trouve des renforts en d\u00e9fense centrale, alors qu&rsquo;Axel Disasi est sur le d\u00e9part. D&rsquo;apr\u00e8s L&rsquo;\u00c9quipe, Monaco appr\u00e9cierait le profil d&rsquo;Armel Bella-Kotchap, qui \u00e9volue \u00e0 Southampton, [&#8230;]\n","protected":false},"author":2,"featured_media":0,"comment_status":"open","ping_status":"open","sticky":false,"template":"","format":"standard","meta":[],"categories":[6],"tags":[600,86,111,110],"yoast_head":"<!-- This site is optimized with the Yoast SEO plugin v19.8 - https:\/\/yoast.com\/wordpress\/plugins\/seo\/ -->\n<title>Monaco aurait pris des contacts pour le d\u00e9fenseur Bella-Kotchap - La Diagonale<\/title>\n<meta name=\"robots\" content=\"index, follow, max-snippet:-1, max-image-preview:large, max-video-preview:-1\" \/>\n<link rel=\"canonical\" href=\"https:\/\/www.ladiagonale.net\/index.php\/2023\/07\/05\/monaco-aurait-contacte-le-defenseur-bella-kotchap\/\" \/>\n<meta property=\"og:locale\" content=\"fr_FR\" \/>\n<meta property=\"og:type\" content=\"article\" \/>\n<meta property=\"og:title\" content=\"Monaco aurait pris des contacts pour le d\u00e9fenseur Bella-Kotchap - La Diagonale\" \/>\n<meta property=\"og:description\" content=\"Si Adi H\u00fctter, le nouvel entra\u00eeneur de l&rsquo;AS Monaco, veut pouvoir faire \u00e9voluer son \u00e9quipe dans son syst\u00e8me de pr\u00e9dilection, en 3-4-2-1, il faudra que le club de la Principaut\u00e9 trouve des renforts en d\u00e9fense centrale, alors qu&rsquo;Axel Disasi est sur le d\u00e9part. D&rsquo;apr\u00e8s L&rsquo;\u00c9quipe, Monaco appr\u00e9cierait le profil d&rsquo;Armel Bella-Kotchap, qui \u00e9volue \u00e0 Southampton, [...]\" \/>\n<meta property=\"og:url\" content=\"https:\/\/www.ladiagonale.net\/index.php\/2023\/07\/05\/monaco-aurait-contacte-le-defenseur-bella-kotchap\/\" \/>\n<meta property=\"og:site_name\" content=\"La Diagonale\" \/>\n<meta property=\"article:published_time\" content=\"2023-07-05T17:36:08+00:00\" \/>\n<meta property=\"article:modified_time\" content=\"2023-07-05T18:42:21+00:00\" \/>\n<meta property=\"og:image\" content=\"https:\/\/www.ladiagonale.net\/wp-content\/uploads\/2023\/07\/bella-kotchap-soton-2223-img1.webp\" \/>\n\t<meta property=\"og:image:width\" content=\"1920\" \/>\n\t<meta property=\"og:image:height\" content=\"1080\" \/>\n\t<meta property=\"og:image:type\" content=\"image\/webp\" \/>\n<meta name=\"author\" content=\"Damien Dellerba\" \/>\n<meta name=\"twitter:card\" content=\"summary_large_image\" \/>\n<meta name=\"twitter:image\" content=\"https:\/\/www.ladiagonale.net\/wp-content\/uploads\/2023\/07\/bella-kotchap-soton-2223-img1.webp\" \/>\n<meta name=\"twitter:label1\" content=\"\u00c9crit par\" \/>\n\t<meta name=\"twitter:data1\" content=\"Damien Dellerba\" \/>\n\t<meta name=\"twitter:label2\" content=\"Dur\u00e9e de lecture estim\u00e9e\" \/>\n\t<meta name=\"twitter:data2\" content=\"1 minute\" \/>\n<script type=\"application\/ld+json\" class=\"yoast-schema-graph\">{\"@context\":\"https:\/\/schema.org\",\"@graph\":[{\"@type\":\"WebPage\",\"@id\":\"https:\/\/www.ladiagonale.net\/index.php\/2023\/07\/05\/monaco-aurait-contacte-le-defenseur-bella-kotchap\/\",\"url\":\"https:\/\/www.ladiagonale.net\/index.php\/2023\/07\/05\/monaco-aurait-contacte-le-defenseur-bella-kotchap\/\",\"name\":\"Monaco aurait pris des contacts pour le d\u00e9fenseur Bella-Kotchap - La Diagonale\",\"isPartOf\":{\"@id\":\"https:\/\/www.ladiagonale.net\/#website\"},\"datePublished\":\"2023-07-05T17:36:08+00:00\",\"dateModified\":\"2023-07-05T18:42:21+00:00\",\"author\":{\"@id\":\"https:\/\/www.ladiagonale.net\/#\/schema\/person\/79ff1e7b0853ed01b2aa26e64ad300bf\"},\"breadcrumb\":{\"@id\":\"https:\/\/www.ladiagonale.net\/index.php\/2023\/07\/05\/monaco-aurait-contacte-le-defenseur-bella-kotchap\/#breadcrumb\"},\"inLanguage\":\"fr-FR\",\"potentialAction\":[{\"@type\":\"ReadAction\",\"target\":[\"https:\/\/www.ladiagonale.net\/index.php\/2023\/07\/05\/monaco-aurait-contacte-le-defenseur-bella-kotchap\/\"]}]},{\"@type\":\"BreadcrumbList\",\"@id\":\"https:\/\/www.ladiagonale.net\/index.php\/2023\/07\/05\/monaco-aurait-contacte-le-defenseur-bella-kotchap\/#breadcrumb\",\"itemListElement\":[{\"@type\":\"ListItem\",\"position\":1,\"name\":\"Accueil\",\"item\":\"https:\/\/www.ladiagonale.net\/\"},{\"@type\":\"ListItem\",\"position\":2,\"name\":\"Monaco aurait pris des contacts pour le d\u00e9fenseur Bella-Kotchap\"}]},{\"@type\":\"WebSite\",\"@id\":\"https:\/\/www.ladiagonale.net\/#website\",\"url\":\"https:\/\/www.ladiagonale.net\/\",\"name\":\"La Diagonale\",\"description\":\"Le site des supporters de l&#039;AS Monaco FC\",\"potentialAction\":[{\"@type\":\"SearchAction\",\"target\":{\"@type\":\"EntryPoint\",\"urlTemplate\":\"https:\/\/www.ladiagonale.net\/?s={search_term_string}\"},\"query-input\":\"required name=search_term_string\"}],\"inLanguage\":\"fr-FR\"},{\"@type\":\"Person\",\"@id\":\"https:\/\/www.ladiagonale.net\/#\/schema\/person\/79ff1e7b0853ed01b2aa26e64ad300bf\",\"name\":\"Damien Dellerba\",\"image\":{\"@type\":\"ImageObject\",\"inLanguage\":\"fr-FR\",\"@id\":\"https:\/\/www.ladiagonale.net\/#\/schema\/person\/image\/\",\"url\":\"https:\/\/secure.gravatar.com\/avatar\/c7850e06d3ff63cdbaee88b7fc16e2f0?s=96&d=mm&r=g\",\"contentUrl\":\"https:\/\/secure.gravatar.com\/avatar\/c7850e06d3ff63cdbaee88b7fc16e2f0?s=96&d=mm&r=g\",\"caption\":\"Damien Dellerba\"},\"url\":\"https:\/\/www.ladiagonale.net\/index.php\/author\/damien\/\"}]}<\/script>\n<!-- \/ Yoast SEO plugin. -->","yoast_head_json":{"title":"Monaco aurait pris des contacts pour le d\u00e9fenseur Bella-Kotchap - La Diagonale","robots":{"index":"index","follow":"follow","max-snippet":"max-snippet:-1","max-image-preview":"max-image-preview:large","max-video-preview":"max-video-preview:-1"},"canonical":"https:\/\/www.ladiagonale.net\/index.php\/2023\/07\/05\/monaco-aurait-contacte-le-defenseur-bella-kotchap\/","og_locale":"fr_FR","og_type":"article","og_title":"Monaco aurait pris des contacts pour le d\u00e9fenseur Bella-Kotchap - La Diagonale","og_description":"Si Adi H\u00fctter, le nouvel entra\u00eeneur de l&rsquo;AS Monaco, veut pouvoir faire \u00e9voluer son \u00e9quipe dans son syst\u00e8me de pr\u00e9dilection, en 3-4-2-1, il faudra que le club de la Principaut\u00e9 trouve des renforts en d\u00e9fense centrale, alors qu&rsquo;Axel Disasi est sur le d\u00e9part. D&rsquo;apr\u00e8s L&rsquo;\u00c9quipe, Monaco appr\u00e9cierait le profil d&rsquo;Armel Bella-Kotchap, qui \u00e9volue \u00e0 Southampton, [...]","og_url":"https:\/\/www.ladiagonale.net\/index.php\/2023\/07\/05\/monaco-aurait-contacte-le-defenseur-bella-kotchap\/","og_site_name":"La Diagonale","article_published_time":"2023-07-05T17:36:08+00:00","article_modified_time":"2023-07-05T18:42:21+00:00","og_image":[{"width":1920,"height":1080,"url":"https:\/\/www.ladiagonale.net\/wp-content\/uploads\/2023\/07\/bella-kotchap-soton-2223-img1.webp","type":"image\/webp"}],"author":"Damien Dellerba","twitter_card":"summary_large_image","twitter_image":"https:\/\/www.ladiagonale.net\/wp-content\/uploads\/2023\/07\/bella-kotchap-soton-2223-img1.webp","twitter_misc":{"\u00c9crit par":"Damien Dellerba","Dur\u00e9e de lecture estim\u00e9e":"1 minute"},"schema":{"@context":"https:\/\/schema.org","@graph":[{"@type":"WebPage","@id":"https:\/\/www.ladiagonale.net\/index.php\/2023\/07\/05\/monaco-aurait-contacte-le-defenseur-bella-kotchap\/","url":"https:\/\/www.ladiagonale.net\/index.php\/2023\/07\/05\/monaco-aurait-contacte-le-defenseur-bella-kotchap\/","name":"Monaco aurait pris des contacts pour le d\u00e9fenseur Bella-Kotchap - La Diagonale","isPartOf":{"@id":"https:\/\/www.ladiagonale.net\/#website"},"datePublished":"2023-07-05T17:36:08+00:00","dateModified":"2023-07-05T18:42:21+00:00","author":{"@id":"https:\/\/www.ladiagonale.net\/#\/schema\/person\/79ff1e7b0853ed01b2aa26e64ad300bf"},"breadcrumb":{"@id":"https:\/\/www.ladiagonale.net\/index.php\/2023\/07\/05\/monaco-aurait-contacte-le-defenseur-bella-kotchap\/#breadcrumb"},"inLanguage":"fr-FR","potentialAction":[{"@type":"ReadAction","target":["https:\/\/www.ladiagonale.net\/index.php\/2023\/07\/05\/monaco-aurait-contacte-le-defenseur-bella-kotchap\/"]}]},{"@type":"BreadcrumbList","@id":"https:\/\/www.ladiagonale.net\/index.php\/2023\/07\/05\/monaco-aurait-contacte-le-defenseur-bella-kotchap\/#breadcrumb","itemListElement":[{"@type":"ListItem","position":1,"name":"Accueil","item":"https:\/\/www.ladiagonale.net\/"},{"@type":"ListItem","position":2,"name":"Monaco aurait pris des contacts pour le d\u00e9fenseur Bella-Kotchap"}]},{"@type":"WebSite","@id":"https:\/\/www.ladiagonale.net\/#website","url":"https:\/\/www.ladiagonale.net\/","name":"La Diagonale","description":"Le site des supporters de l&#039;AS Monaco FC","potentialAction":[{"@type":"SearchAction","target":{"@type":"EntryPoint","urlTemplate":"https:\/\/www.ladiagonale.net\/?s={search_term_string}"},"query-input":"required name=search_term_string"}],"inLanguage":"fr-FR"},{"@type":"Person","@id":"https:\/\/www.ladiagonale.net\/#\/schema\/person\/79ff1e7b0853ed01b2aa26e64ad300bf","name":"Damien Dellerba","image":{"@type":"ImageObject","inLanguage":"fr-FR","@id":"https:\/\/www.ladiagonale.net\/#\/schema\/person\/image\/","url":"https:\/\/secure.gravatar.com\/avatar\/c7850e06d3ff63cdbaee88b7fc16e2f0?s=96&d=mm&r=g","contentUrl":"https:\/\/secure.gravatar.com\/avatar\/c7850e06d3ff63cdbaee88b7fc16e2f0?s=96&d=mm&r=g","caption":"Damien Dellerba"},"url":"https:\/\/www.ladiagonale.net\/index.php\/author\/damien\/"}]}},"_links":{"self":[{"href":"https:\/\/www.ladiagonale.net\/index.php\/wp-json\/wp\/v2\/posts\/13784"}],"collection":[{"href":"https:\/\/www.ladiagonale.net\/index.php\/wp-json\/wp\/v2\/posts"}],"about":[{"href":"https:\/\/www.ladiagonale.net\/index.php\/wp-json\/wp\/v2\/types\/post"}],"author":[{"embeddable":true,"href":"https:\/\/www.ladiagonale.net\/index.php\/wp-json\/wp\/v2\/users\/2"}],"replies":[{"embeddable":true,"href":"https:\/\/www.ladiagonale.net\/index.php\/wp-json\/wp\/v2\/comments?post=13784"}],"version-history":[{"count":4,"href":"https:\/\/www.ladiagonale.net\/index.php\/wp-json\/wp\/v2\/posts\/13784\/revisions"}],"predecessor-version":[{"id":13789,"href":"https:\/\/www.ladiagonale.net\/index.php\/wp-json\/wp\/v2\/posts\/13784\/revisions\/13789"}],"wp:attachment":[{"href":"https:\/\/www.ladiagonale.net\/index.php\/wp-json\/wp\/v2\/media?parent=13784"}],"wp:term":[{"taxonomy":"category","embeddable":true,"href":"https:\/\/www.ladiagonale.net\/index.php\/wp-json\/wp\/v2\/categories?post=13784"},{"taxonomy":"post_tag","embeddable":true,"href":"https:\/\/www.ladiagonale.net\/index.php\/wp-json\/wp\/v2\/tags?post=13784"}],"curies":[{"name":"wp","href":"https:\/\/api.w.org\/{rel}","templated":true}]}}