{"id":13790,"date":"2023-07-06T14:35:06","date_gmt":"2023-07-06T12:35:06","guid":{"rendered":"https:\/\/www.ladiagonale.net\/?p=13790"},"modified":"2023-07-06T14:35:08","modified_gmt":"2023-07-06T12:35:08","slug":"rennes-se-serait-renseigne-pour-ben-yedder-florian-maurice-dement-actualise","status":"publish","type":"post","link":"https:\/\/www.ladiagonale.net\/index.php\/2023\/07\/06\/rennes-se-serait-renseigne-pour-ben-yedder-florian-maurice-dement-actualise\/","title":{"rendered":"Rennes se serait renseign\u00e9 pour Ben Yedder, Florian Maurice d\u00e9ment (Actualis\u00e9)"},"content":{"rendered":"\n\n\n<p>Wissam Ben Yedder pourrait bien animer le mercato de l&rsquo;AS Monaco. Au mois de juin, des int\u00e9r\u00eats provenant <a href=\"https:\/\/www.ladiagonale.net\/index.php\/2023\/06\/10\/ben-yedder-piste-en-arabie-saoudite\/\">d&rsquo;Arabie saoudite<\/a> et <a href=\"https:\/\/www.ladiagonale.net\/index.php\/2023\/06\/28\/lom-garderait-un-oeil-sur-ben-yedder\/\">de l&rsquo;Olympique de Marseille<\/a> avaient \u00e9t\u00e9 d\u00e9voil\u00e9s dans diff\u00e9rents m\u00e9dias. Cette fois, c&rsquo;est le Stade Rennais qui aurait pris des renseignements pour le capitaine de l&rsquo;AS Monaco, \u00e0 en croire les informations du journaliste de <em>La cha\u00eene L&rsquo;\u00c9quipe<\/em> et de <em>Prime Video<\/em>, Karim Bennani. <\/p>\n\n\n\n<p>Le troisi\u00e8me meilleur buteur de l&rsquo;histoire du club n&rsquo;a plus qu&rsquo;un an de contrat avec le club de la Principaut\u00e9, avec un salaire estim\u00e9 \u00e0 650.000 euros brut mensuels, alors qu&rsquo;il f\u00eatera ses 33 ans dans un peu plus d&rsquo;un mois (le 12 ao\u00fbt). Et pour l&rsquo;heure, <a href=\"https:\/\/www.ladiagonale.net\/index.php\/2023\/04\/15\/la-prolongation-de-ben-yedder-ne-serait-pas-a-lordre-du-jour\/\">l&rsquo;ASM ne semble pas press\u00e9e de prolonger le contrat de Ben Yedder<\/a>, malgr\u00e9 une saison \u00e0 25 buts et six passes d\u00e9cisives.<\/p>\n\n\n\n<p><strong>Actualisation : <\/strong>Le directeur technique du Stade Rennais a ni\u00e9 les rumeurs liant le club breton \u00e0 Wissam Ben Yedder, ce jeudi en conf\u00e9rence de presse, \u00e0 l&rsquo;occasion de la pr\u00e9sentation des nouvelles recrues Ludovic Blas et Gauthier Gallon. <em>\u00ab\u00a0Non, ce n\u2019est pas une piste aujourd\u2019hui\u00a0\u00bb<\/em>, a l\u00e2ch\u00e9 le dirigeant rennais, dans des propos rapport\u00e9s par Cl\u00e9ment Gavard, journaliste \u00e0 <em>So Foot<\/em>.<\/p>\n","protected":false},"excerpt":{"rendered":"<p>Wissam Ben Yedder pourrait bien animer le mercato de l&rsquo;AS Monaco. Au mois de juin, des int\u00e9r\u00eats provenant d&rsquo;Arabie saoudite et de l&rsquo;Olympique de Marseille avaient \u00e9t\u00e9 d\u00e9voil\u00e9s dans diff\u00e9rents m\u00e9dias. Cette fois, c&rsquo;est le Stade Rennais qui aurait pris des renseignements pour le capitaine de l&rsquo;AS Monaco, \u00e0 en croire les informations du journaliste [&#8230;]\n","protected":false},"author":2,"featured_media":0,"comment_status":"open","ping_status":"open","sticky":false,"template":"","format":"standard","meta":[],"categories":[6],"tags":[86,111,601,110,175],"yoast_head":"<!-- This site is optimized with the Yoast SEO plugin v19.8 - https:\/\/yoast.com\/wordpress\/plugins\/seo\/ -->\n<title>Rennes se serait renseign\u00e9 pour Ben Yedder, Florian Maurice d\u00e9ment (Actualis\u00e9) - La Diagonale<\/title>\n<meta name=\"robots\" content=\"index, follow, max-snippet:-1, max-image-preview:large, max-video-preview:-1\" \/>\n<link rel=\"canonical\" href=\"https:\/\/www.ladiagonale.net\/index.php\/2023\/07\/06\/rennes-se-serait-renseigne-pour-ben-yedder-florian-maurice-dement-actualise\/\" \/>\n<meta property=\"og:locale\" content=\"fr_FR\" \/>\n<meta property=\"og:type\" content=\"article\" \/>\n<meta property=\"og:title\" content=\"Rennes se serait renseign\u00e9 pour Ben Yedder, Florian Maurice d\u00e9ment (Actualis\u00e9) - La Diagonale\" \/>\n<meta property=\"og:description\" content=\"Wissam Ben Yedder pourrait bien animer le mercato de l&rsquo;AS Monaco. Au mois de juin, des int\u00e9r\u00eats provenant d&rsquo;Arabie saoudite et de l&rsquo;Olympique de Marseille avaient \u00e9t\u00e9 d\u00e9voil\u00e9s dans diff\u00e9rents m\u00e9dias. Cette fois, c&rsquo;est le Stade Rennais qui aurait pris des renseignements pour le capitaine de l&rsquo;AS Monaco, \u00e0 en croire les informations du journaliste [...]\" \/>\n<meta property=\"og:url\" content=\"https:\/\/www.ladiagonale.net\/index.php\/2023\/07\/06\/rennes-se-serait-renseigne-pour-ben-yedder-florian-maurice-dement-actualise\/\" \/>\n<meta property=\"og:site_name\" content=\"La Diagonale\" \/>\n<meta property=\"article:published_time\" content=\"2023-07-06T12:35:06+00:00\" \/>\n<meta property=\"article:modified_time\" content=\"2023-07-06T12:35:08+00:00\" \/>\n<meta property=\"og:image\" content=\"https:\/\/www.ladiagonale.net\/wp-content\/uploads\/2022\/11\/benyedder2.png\" \/>\n\t<meta property=\"og:image:width\" content=\"1160\" \/>\n\t<meta property=\"og:image:height\" content=\"650\" \/>\n\t<meta property=\"og:image:type\" content=\"image\/png\" \/>\n<meta name=\"author\" content=\"Damien Dellerba\" \/>\n<meta name=\"twitter:card\" content=\"summary_large_image\" \/>\n<meta name=\"twitter:image\" content=\"https:\/\/www.ladiagonale.net\/wp-content\/uploads\/2022\/11\/benyedder2.png\" \/>\n<meta name=\"twitter:label1\" content=\"\u00c9crit par\" \/>\n\t<meta name=\"twitter:data1\" content=\"Damien Dellerba\" \/>\n\t<meta name=\"twitter:label2\" content=\"Dur\u00e9e de lecture estim\u00e9e\" \/>\n\t<meta name=\"twitter:data2\" content=\"1 minute\" \/>\n<script type=\"application\/ld+json\" class=\"yoast-schema-graph\">{\"@context\":\"https:\/\/schema.org\",\"@graph\":[{\"@type\":\"WebPage\",\"@id\":\"https:\/\/www.ladiagonale.net\/index.php\/2023\/07\/06\/rennes-se-serait-renseigne-pour-ben-yedder-florian-maurice-dement-actualise\/\",\"url\":\"https:\/\/www.ladiagonale.net\/index.php\/2023\/07\/06\/rennes-se-serait-renseigne-pour-ben-yedder-florian-maurice-dement-actualise\/\",\"name\":\"Rennes se serait renseign\u00e9 pour Ben Yedder, Florian Maurice d\u00e9ment (Actualis\u00e9) - La Diagonale\",\"isPartOf\":{\"@id\":\"https:\/\/www.ladiagonale.net\/#website\"},\"datePublished\":\"2023-07-06T12:35:06+00:00\",\"dateModified\":\"2023-07-06T12:35:08+00:00\",\"author\":{\"@id\":\"https:\/\/www.ladiagonale.net\/#\/schema\/person\/79ff1e7b0853ed01b2aa26e64ad300bf\"},\"breadcrumb\":{\"@id\":\"https:\/\/www.ladiagonale.net\/index.php\/2023\/07\/06\/rennes-se-serait-renseigne-pour-ben-yedder-florian-maurice-dement-actualise\/#breadcrumb\"},\"inLanguage\":\"fr-FR\",\"potentialAction\":[{\"@type\":\"ReadAction\",\"target\":[\"https:\/\/www.ladiagonale.net\/index.php\/2023\/07\/06\/rennes-se-serait-renseigne-pour-ben-yedder-florian-maurice-dement-actualise\/\"]}]},{\"@type\":\"BreadcrumbList\",\"@id\":\"https:\/\/www.ladiagonale.net\/index.php\/2023\/07\/06\/rennes-se-serait-renseigne-pour-ben-yedder-florian-maurice-dement-actualise\/#breadcrumb\",\"itemListElement\":[{\"@type\":\"ListItem\",\"position\":1,\"name\":\"Accueil\",\"item\":\"https:\/\/www.ladiagonale.net\/\"},{\"@type\":\"ListItem\",\"position\":2,\"name\":\"Rennes se serait renseign\u00e9 pour Ben Yedder, Florian Maurice d\u00e9ment (Actualis\u00e9)\"}]},{\"@type\":\"WebSite\",\"@id\":\"https:\/\/www.ladiagonale.net\/#website\",\"url\":\"https:\/\/www.ladiagonale.net\/\",\"name\":\"La Diagonale\",\"description\":\"Le site des supporters de l&#039;AS Monaco FC\",\"potentialAction\":[{\"@type\":\"SearchAction\",\"target\":{\"@type\":\"EntryPoint\",\"urlTemplate\":\"https:\/\/www.ladiagonale.net\/?s={search_term_string}\"},\"query-input\":\"required name=search_term_string\"}],\"inLanguage\":\"fr-FR\"},{\"@type\":\"Person\",\"@id\":\"https:\/\/www.ladiagonale.net\/#\/schema\/person\/79ff1e7b0853ed01b2aa26e64ad300bf\",\"name\":\"Damien Dellerba\",\"image\":{\"@type\":\"ImageObject\",\"inLanguage\":\"fr-FR\",\"@id\":\"https:\/\/www.ladiagonale.net\/#\/schema\/person\/image\/\",\"url\":\"https:\/\/secure.gravatar.com\/avatar\/c7850e06d3ff63cdbaee88b7fc16e2f0?s=96&d=mm&r=g\",\"contentUrl\":\"https:\/\/secure.gravatar.com\/avatar\/c7850e06d3ff63cdbaee88b7fc16e2f0?s=96&d=mm&r=g\",\"caption\":\"Damien Dellerba\"},\"url\":\"https:\/\/www.ladiagonale.net\/index.php\/author\/damien\/\"}]}<\/script>\n<!-- \/ Yoast SEO plugin. -->","yoast_head_json":{"title":"Rennes se serait renseign\u00e9 pour Ben Yedder, Florian Maurice d\u00e9ment (Actualis\u00e9) - La Diagonale","robots":{"index":"index","follow":"follow","max-snippet":"max-snippet:-1","max-image-preview":"max-image-preview:large","max-video-preview":"max-video-preview:-1"},"canonical":"https:\/\/www.ladiagonale.net\/index.php\/2023\/07\/06\/rennes-se-serait-renseigne-pour-ben-yedder-florian-maurice-dement-actualise\/","og_locale":"fr_FR","og_type":"article","og_title":"Rennes se serait renseign\u00e9 pour Ben Yedder, Florian Maurice d\u00e9ment (Actualis\u00e9) - La Diagonale","og_description":"Wissam Ben Yedder pourrait bien animer le mercato de l&rsquo;AS Monaco. Au mois de juin, des int\u00e9r\u00eats provenant d&rsquo;Arabie saoudite et de l&rsquo;Olympique de Marseille avaient \u00e9t\u00e9 d\u00e9voil\u00e9s dans diff\u00e9rents m\u00e9dias. Cette fois, c&rsquo;est le Stade Rennais qui aurait pris des renseignements pour le capitaine de l&rsquo;AS Monaco, \u00e0 en croire les informations du journaliste [...]","og_url":"https:\/\/www.ladiagonale.net\/index.php\/2023\/07\/06\/rennes-se-serait-renseigne-pour-ben-yedder-florian-maurice-dement-actualise\/","og_site_name":"La Diagonale","article_published_time":"2023-07-06T12:35:06+00:00","article_modified_time":"2023-07-06T12:35:08+00:00","og_image":[{"width":1160,"height":650,"url":"https:\/\/www.ladiagonale.net\/wp-content\/uploads\/2022\/11\/benyedder2.png","type":"image\/png"}],"author":"Damien Dellerba","twitter_card":"summary_large_image","twitter_image":"https:\/\/www.ladiagonale.net\/wp-content\/uploads\/2022\/11\/benyedder2.png","twitter_misc":{"\u00c9crit par":"Damien Dellerba","Dur\u00e9e de lecture estim\u00e9e":"1 minute"},"schema":{"@context":"https:\/\/schema.org","@graph":[{"@type":"WebPage","@id":"https:\/\/www.ladiagonale.net\/index.php\/2023\/07\/06\/rennes-se-serait-renseigne-pour-ben-yedder-florian-maurice-dement-actualise\/","url":"https:\/\/www.ladiagonale.net\/index.php\/2023\/07\/06\/rennes-se-serait-renseigne-pour-ben-yedder-florian-maurice-dement-actualise\/","name":"Rennes se serait renseign\u00e9 pour Ben Yedder, Florian Maurice d\u00e9ment (Actualis\u00e9) - La Diagonale","isPartOf":{"@id":"https:\/\/www.ladiagonale.net\/#website"},"datePublished":"2023-07-06T12:35:06+00:00","dateModified":"2023-07-06T12:35:08+00:00","author":{"@id":"https:\/\/www.ladiagonale.net\/#\/schema\/person\/79ff1e7b0853ed01b2aa26e64ad300bf"},"breadcrumb":{"@id":"https:\/\/www.ladiagonale.net\/index.php\/2023\/07\/06\/rennes-se-serait-renseigne-pour-ben-yedder-florian-maurice-dement-actualise\/#breadcrumb"},"inLanguage":"fr-FR","potentialAction":[{"@type":"ReadAction","target":["https:\/\/www.ladiagonale.net\/index.php\/2023\/07\/06\/rennes-se-serait-renseigne-pour-ben-yedder-florian-maurice-dement-actualise\/"]}]},{"@type":"BreadcrumbList","@id":"https:\/\/www.ladiagonale.net\/index.php\/2023\/07\/06\/rennes-se-serait-renseigne-pour-ben-yedder-florian-maurice-dement-actualise\/#breadcrumb","itemListElement":[{"@type":"ListItem","position":1,"name":"Accueil","item":"https:\/\/www.ladiagonale.net\/"},{"@type":"ListItem","position":2,"name":"Rennes se serait renseign\u00e9 pour Ben Yedder, Florian Maurice d\u00e9ment (Actualis\u00e9)"}]},{"@type":"WebSite","@id":"https:\/\/www.ladiagonale.net\/#website","url":"https:\/\/www.ladiagonale.net\/","name":"La Diagonale","description":"Le site des supporters de l&#039;AS Monaco FC","potentialAction":[{"@type":"SearchAction","target":{"@type":"EntryPoint","urlTemplate":"https:\/\/www.ladiagonale.net\/?s={search_term_string}"},"query-input":"required name=search_term_string"}],"inLanguage":"fr-FR"},{"@type":"Person","@id":"https:\/\/www.ladiagonale.net\/#\/schema\/person\/79ff1e7b0853ed01b2aa26e64ad300bf","name":"Damien Dellerba","image":{"@type":"ImageObject","inLanguage":"fr-FR","@id":"https:\/\/www.ladiagonale.net\/#\/schema\/person\/image\/","url":"https:\/\/secure.gravatar.com\/avatar\/c7850e06d3ff63cdbaee88b7fc16e2f0?s=96&d=mm&r=g","contentUrl":"https:\/\/secure.gravatar.com\/avatar\/c7850e06d3ff63cdbaee88b7fc16e2f0?s=96&d=mm&r=g","caption":"Damien Dellerba"},"url":"https:\/\/www.ladiagonale.net\/index.php\/author\/damien\/"}]}},"_links":{"self":[{"href":"https:\/\/www.ladiagonale.net\/index.php\/wp-json\/wp\/v2\/posts\/13790"}],"collection":[{"href":"https:\/\/www.ladiagonale.net\/index.php\/wp-json\/wp\/v2\/posts"}],"about":[{"href":"https:\/\/www.ladiagonale.net\/index.php\/wp-json\/wp\/v2\/types\/post"}],"author":[{"embeddable":true,"href":"https:\/\/www.ladiagonale.net\/index.php\/wp-json\/wp\/v2\/users\/2"}],"replies":[{"embeddable":true,"href":"https:\/\/www.ladiagonale.net\/index.php\/wp-json\/wp\/v2\/comments?post=13790"}],"version-history":[{"count":3,"href":"https:\/\/www.ladiagonale.net\/index.php\/wp-json\/wp\/v2\/posts\/13790\/revisions"}],"predecessor-version":[{"id":13799,"href":"https:\/\/www.ladiagonale.net\/index.php\/wp-json\/wp\/v2\/posts\/13790\/revisions\/13799"}],"wp:attachment":[{"href":"https:\/\/www.ladiagonale.net\/index.php\/wp-json\/wp\/v2\/media?parent=13790"}],"wp:term":[{"taxonomy":"category","embeddable":true,"href":"https:\/\/www.ladiagonale.net\/index.php\/wp-json\/wp\/v2\/categories?post=13790"},{"taxonomy":"post_tag","embeddable":true,"href":"https:\/\/www.ladiagonale.net\/index.php\/wp-json\/wp\/v2\/tags?post=13790"}],"curies":[{"name":"wp","href":"https:\/\/api.w.org\/{rel}","templated":true}]}}