{"id":13792,"date":"2023-07-06T14:28:14","date_gmt":"2023-07-06T12:28:14","guid":{"rendered":"https:\/\/www.ladiagonale.net\/?p=13792"},"modified":"2023-07-06T14:28:17","modified_gmt":"2023-07-06T12:28:17","slug":"monaco-lance-sa-campagne-dabonnement-pour-la-saison-2023-2024","status":"publish","type":"post","link":"https:\/\/www.ladiagonale.net\/index.php\/2023\/07\/06\/monaco-lance-sa-campagne-dabonnement-pour-la-saison-2023-2024\/","title":{"rendered":"Monaco lance sa campagne d&rsquo;abonnement pour la saison 2023-2024"},"content":{"rendered":"\n\n\n<p>\u00c0 un peu plus d&rsquo;un mois de la reprise de la Ligue 1, l\u2019AS Monaco a lanc\u00e9 ce jeudi sa campagne d\u2019abonnement pour la saison 2023-2024 et elle pourra se faire aux guichets du stade Louis-II ou bien directement sur la billetterie en ligne du club. Pour la troisi\u00e8me ann\u00e9e cons\u00e9cutive, les tarifs restent inchang\u00e9s, tant pour les nouveaux abonn\u00e9s que pour les renouvellements qui b\u00e9n\u00e9ficient d\u2019un tarif r\u00e9duit, et ce malgr\u00e9 la baisse du nombre de matches, puisque la Ligue 1 passe \u00e0 18 clubs et que le stade Louis-II accueillera deux rencontres de moins. <\/p>\n\n\n\n<p>Et avec l&rsquo;absence de coupe d&rsquo;Europe, seules les places de Coupe de France seront gratuites, alors que la saison pass\u00e9e avait vu une place offerte pour le troisi\u00e8me tour pr\u00e9liminaire et pour le barrage de la Ligue des champions. Des pertes d&rsquo;avantages qui se veulent compens\u00e9es notamment par une petite baisse des tarifs des abonnements \u00ab kid \u00bb, qui concerne les moins de 12 ans, mais \u00e9galement par un tarif r\u00e9duit du maillot si celui-ci est achet\u00e9 avec l&rsquo;abonnement. Le prix du maillot est fix\u00e9 \u00e0 70 euros pour les adultes et \u00e0 60 euros pour les enfants.<\/p>\n\n\n\n<h4 class=\"has-vivid-red-color has-text-color\" style=\"font-style:normal;font-weight:400;text-transform:uppercase\">Les tribunes \u00ab\u00a0Secondes\u00a0\u00bb toujours ferm\u00e9es aux abonnements<\/h4>\n\n\n\n<p>Pour ce qui est des emplacements, il faudra d\u00e9bourser 220 euros en tribunes \u00ab\u00a0Pesages\u00a0\u00bb (contre 145 euros en tarif r\u00e9duit, 72,50 euros pour les enfants) tandis que les tribunes les plus ch\u00e8res, \u00ab\u00a0Honneur B\/A2\/B2\u00a0\u00bb seront \u00e0 1300 euros (1000 euros en tarif r\u00e9duit, 500 euros pour les enfants). Entre les deux, il faudra compter entre 550 euros (450 euros pour le tarif r\u00e9duit, 225 euros pour les enfants) et 800 euros (650 euros pour le tarif r\u00e9duit, 325 euros pour les enfants) pour prendre place respectivement en tribune \u00ab\u00a0Premi\u00e8re lat\u00e9rale E\/F\u00a0\u00bb et en tribune \u00ab\u00a0Premi\u00e8re centrale E\/F\u00a0\u00bb. <\/p>\n\n\n\n<p>On peut regretter une nouvelle fois l\u2019impossibilit\u00e9 de souscrire \u00e0 un abonnement dans les tribunes \u00ab\u00a0Secondes E\/F\u00a0\u00bb, tandis que la \u00ab\u00a0Seconde B\u00a0\u00bb sera uniquement r\u00e9serv\u00e9e aux abonn\u00e9s de la \u00ab\u00a0Munegu Family\u00a0\u00bb. Pour un adulte plus un enfant, il faudra d\u00e9bourser 450 euros pour les 17 matchs. Ajouter un adulte suppl\u00e9mentaire co\u00fbtera 350 euros, tandis que l&rsquo;ajout d&rsquo;une enfant de moins de 12 ans reviendra \u00e0 100 euros par t\u00eate.<\/p>\n","protected":false},"excerpt":{"rendered":"<p>\u00c0 un peu plus d&rsquo;un mois de la reprise de la Ligue 1, l\u2019AS Monaco a lanc\u00e9 ce jeudi sa campagne d\u2019abonnement pour la saison 2023-2024 et elle pourra se faire aux guichets du stade Louis-II ou bien directement sur la billetterie en ligne du club. Pour la troisi\u00e8me ann\u00e9e cons\u00e9cutive, les tarifs restent inchang\u00e9s, [&#8230;]\n","protected":false},"author":2,"featured_media":0,"comment_status":"open","ping_status":"open","sticky":false,"template":"","format":"standard","meta":[],"categories":[4,6],"tags":[602,86,152],"yoast_head":"<!-- This site is optimized with the Yoast SEO plugin v19.8 - https:\/\/yoast.com\/wordpress\/plugins\/seo\/ -->\n<title>Monaco lance sa campagne d&#039;abonnement pour la saison 2023-2024 - La Diagonale<\/title>\n<meta name=\"robots\" content=\"index, follow, max-snippet:-1, max-image-preview:large, max-video-preview:-1\" \/>\n<link rel=\"canonical\" href=\"https:\/\/www.ladiagonale.net\/index.php\/2023\/07\/06\/monaco-lance-sa-campagne-dabonnement-pour-la-saison-2023-2024\/\" \/>\n<meta property=\"og:locale\" content=\"fr_FR\" \/>\n<meta property=\"og:type\" content=\"article\" \/>\n<meta property=\"og:title\" content=\"Monaco lance sa campagne d&#039;abonnement pour la saison 2023-2024 - La Diagonale\" \/>\n<meta property=\"og:description\" content=\"\u00c0 un peu plus d&rsquo;un mois de la reprise de la Ligue 1, l\u2019AS Monaco a lanc\u00e9 ce jeudi sa campagne d\u2019abonnement pour la saison 2023-2024 et elle pourra se faire aux guichets du stade Louis-II ou bien directement sur la billetterie en ligne du club. Pour la troisi\u00e8me ann\u00e9e cons\u00e9cutive, les tarifs restent inchang\u00e9s, [...]\" \/>\n<meta property=\"og:url\" content=\"https:\/\/www.ladiagonale.net\/index.php\/2023\/07\/06\/monaco-lance-sa-campagne-dabonnement-pour-la-saison-2023-2024\/\" \/>\n<meta property=\"og:site_name\" content=\"La Diagonale\" \/>\n<meta property=\"article:published_time\" content=\"2023-07-06T12:28:14+00:00\" \/>\n<meta property=\"article:modified_time\" content=\"2023-07-06T12:28:17+00:00\" \/>\n<meta property=\"og:image\" content=\"https:\/\/www.ladiagonale.net\/wp-content\/uploads\/2022\/09\/ligue1.png\" \/>\n\t<meta property=\"og:image:width\" content=\"1160\" \/>\n\t<meta property=\"og:image:height\" content=\"650\" \/>\n\t<meta property=\"og:image:type\" content=\"image\/png\" \/>\n<meta name=\"author\" content=\"Damien Dellerba\" \/>\n<meta name=\"twitter:card\" content=\"summary_large_image\" \/>\n<meta name=\"twitter:image\" content=\"https:\/\/www.ladiagonale.net\/wp-content\/uploads\/2022\/10\/ligue1.png\" \/>\n<meta name=\"twitter:label1\" content=\"\u00c9crit par\" \/>\n\t<meta name=\"twitter:data1\" content=\"Damien Dellerba\" \/>\n\t<meta name=\"twitter:label2\" content=\"Dur\u00e9e de lecture estim\u00e9e\" \/>\n\t<meta name=\"twitter:data2\" content=\"2 minutes\" \/>\n<script type=\"application\/ld+json\" class=\"yoast-schema-graph\">{\"@context\":\"https:\/\/schema.org\",\"@graph\":[{\"@type\":\"WebPage\",\"@id\":\"https:\/\/www.ladiagonale.net\/index.php\/2023\/07\/06\/monaco-lance-sa-campagne-dabonnement-pour-la-saison-2023-2024\/\",\"url\":\"https:\/\/www.ladiagonale.net\/index.php\/2023\/07\/06\/monaco-lance-sa-campagne-dabonnement-pour-la-saison-2023-2024\/\",\"name\":\"Monaco lance sa campagne d'abonnement pour la saison 2023-2024 - La Diagonale\",\"isPartOf\":{\"@id\":\"https:\/\/www.ladiagonale.net\/#website\"},\"datePublished\":\"2023-07-06T12:28:14+00:00\",\"dateModified\":\"2023-07-06T12:28:17+00:00\",\"author\":{\"@id\":\"https:\/\/www.ladiagonale.net\/#\/schema\/person\/79ff1e7b0853ed01b2aa26e64ad300bf\"},\"breadcrumb\":{\"@id\":\"https:\/\/www.ladiagonale.net\/index.php\/2023\/07\/06\/monaco-lance-sa-campagne-dabonnement-pour-la-saison-2023-2024\/#breadcrumb\"},\"inLanguage\":\"fr-FR\",\"potentialAction\":[{\"@type\":\"ReadAction\",\"target\":[\"https:\/\/www.ladiagonale.net\/index.php\/2023\/07\/06\/monaco-lance-sa-campagne-dabonnement-pour-la-saison-2023-2024\/\"]}]},{\"@type\":\"BreadcrumbList\",\"@id\":\"https:\/\/www.ladiagonale.net\/index.php\/2023\/07\/06\/monaco-lance-sa-campagne-dabonnement-pour-la-saison-2023-2024\/#breadcrumb\",\"itemListElement\":[{\"@type\":\"ListItem\",\"position\":1,\"name\":\"Accueil\",\"item\":\"https:\/\/www.ladiagonale.net\/\"},{\"@type\":\"ListItem\",\"position\":2,\"name\":\"Monaco lance sa campagne d&rsquo;abonnement pour la saison 2023-2024\"}]},{\"@type\":\"WebSite\",\"@id\":\"https:\/\/www.ladiagonale.net\/#website\",\"url\":\"https:\/\/www.ladiagonale.net\/\",\"name\":\"La Diagonale\",\"description\":\"Le site des supporters de l&#039;AS Monaco FC\",\"potentialAction\":[{\"@type\":\"SearchAction\",\"target\":{\"@type\":\"EntryPoint\",\"urlTemplate\":\"https:\/\/www.ladiagonale.net\/?s={search_term_string}\"},\"query-input\":\"required name=search_term_string\"}],\"inLanguage\":\"fr-FR\"},{\"@type\":\"Person\",\"@id\":\"https:\/\/www.ladiagonale.net\/#\/schema\/person\/79ff1e7b0853ed01b2aa26e64ad300bf\",\"name\":\"Damien Dellerba\",\"image\":{\"@type\":\"ImageObject\",\"inLanguage\":\"fr-FR\",\"@id\":\"https:\/\/www.ladiagonale.net\/#\/schema\/person\/image\/\",\"url\":\"https:\/\/secure.gravatar.com\/avatar\/c7850e06d3ff63cdbaee88b7fc16e2f0?s=96&d=mm&r=g\",\"contentUrl\":\"https:\/\/secure.gravatar.com\/avatar\/c7850e06d3ff63cdbaee88b7fc16e2f0?s=96&d=mm&r=g\",\"caption\":\"Damien Dellerba\"},\"url\":\"https:\/\/www.ladiagonale.net\/index.php\/author\/damien\/\"}]}<\/script>\n<!-- \/ Yoast SEO plugin. -->","yoast_head_json":{"title":"Monaco lance sa campagne d'abonnement pour la saison 2023-2024 - La Diagonale","robots":{"index":"index","follow":"follow","max-snippet":"max-snippet:-1","max-image-preview":"max-image-preview:large","max-video-preview":"max-video-preview:-1"},"canonical":"https:\/\/www.ladiagonale.net\/index.php\/2023\/07\/06\/monaco-lance-sa-campagne-dabonnement-pour-la-saison-2023-2024\/","og_locale":"fr_FR","og_type":"article","og_title":"Monaco lance sa campagne d'abonnement pour la saison 2023-2024 - La Diagonale","og_description":"\u00c0 un peu plus d&rsquo;un mois de la reprise de la Ligue 1, l\u2019AS Monaco a lanc\u00e9 ce jeudi sa campagne d\u2019abonnement pour la saison 2023-2024 et elle pourra se faire aux guichets du stade Louis-II ou bien directement sur la billetterie en ligne du club. Pour la troisi\u00e8me ann\u00e9e cons\u00e9cutive, les tarifs restent inchang\u00e9s, [...]","og_url":"https:\/\/www.ladiagonale.net\/index.php\/2023\/07\/06\/monaco-lance-sa-campagne-dabonnement-pour-la-saison-2023-2024\/","og_site_name":"La Diagonale","article_published_time":"2023-07-06T12:28:14+00:00","article_modified_time":"2023-07-06T12:28:17+00:00","og_image":[{"width":1160,"height":650,"url":"https:\/\/www.ladiagonale.net\/wp-content\/uploads\/2022\/09\/ligue1.png","type":"image\/png"}],"author":"Damien Dellerba","twitter_card":"summary_large_image","twitter_image":"https:\/\/www.ladiagonale.net\/wp-content\/uploads\/2022\/10\/ligue1.png","twitter_misc":{"\u00c9crit par":"Damien Dellerba","Dur\u00e9e de lecture estim\u00e9e":"2 minutes"},"schema":{"@context":"https:\/\/schema.org","@graph":[{"@type":"WebPage","@id":"https:\/\/www.ladiagonale.net\/index.php\/2023\/07\/06\/monaco-lance-sa-campagne-dabonnement-pour-la-saison-2023-2024\/","url":"https:\/\/www.ladiagonale.net\/index.php\/2023\/07\/06\/monaco-lance-sa-campagne-dabonnement-pour-la-saison-2023-2024\/","name":"Monaco lance sa campagne d'abonnement pour la saison 2023-2024 - La Diagonale","isPartOf":{"@id":"https:\/\/www.ladiagonale.net\/#website"},"datePublished":"2023-07-06T12:28:14+00:00","dateModified":"2023-07-06T12:28:17+00:00","author":{"@id":"https:\/\/www.ladiagonale.net\/#\/schema\/person\/79ff1e7b0853ed01b2aa26e64ad300bf"},"breadcrumb":{"@id":"https:\/\/www.ladiagonale.net\/index.php\/2023\/07\/06\/monaco-lance-sa-campagne-dabonnement-pour-la-saison-2023-2024\/#breadcrumb"},"inLanguage":"fr-FR","potentialAction":[{"@type":"ReadAction","target":["https:\/\/www.ladiagonale.net\/index.php\/2023\/07\/06\/monaco-lance-sa-campagne-dabonnement-pour-la-saison-2023-2024\/"]}]},{"@type":"BreadcrumbList","@id":"https:\/\/www.ladiagonale.net\/index.php\/2023\/07\/06\/monaco-lance-sa-campagne-dabonnement-pour-la-saison-2023-2024\/#breadcrumb","itemListElement":[{"@type":"ListItem","position":1,"name":"Accueil","item":"https:\/\/www.ladiagonale.net\/"},{"@type":"ListItem","position":2,"name":"Monaco lance sa campagne d&rsquo;abonnement pour la saison 2023-2024"}]},{"@type":"WebSite","@id":"https:\/\/www.ladiagonale.net\/#website","url":"https:\/\/www.ladiagonale.net\/","name":"La Diagonale","description":"Le site des supporters de l&#039;AS Monaco FC","potentialAction":[{"@type":"SearchAction","target":{"@type":"EntryPoint","urlTemplate":"https:\/\/www.ladiagonale.net\/?s={search_term_string}"},"query-input":"required name=search_term_string"}],"inLanguage":"fr-FR"},{"@type":"Person","@id":"https:\/\/www.ladiagonale.net\/#\/schema\/person\/79ff1e7b0853ed01b2aa26e64ad300bf","name":"Damien Dellerba","image":{"@type":"ImageObject","inLanguage":"fr-FR","@id":"https:\/\/www.ladiagonale.net\/#\/schema\/person\/image\/","url":"https:\/\/secure.gravatar.com\/avatar\/c7850e06d3ff63cdbaee88b7fc16e2f0?s=96&d=mm&r=g","contentUrl":"https:\/\/secure.gravatar.com\/avatar\/c7850e06d3ff63cdbaee88b7fc16e2f0?s=96&d=mm&r=g","caption":"Damien Dellerba"},"url":"https:\/\/www.ladiagonale.net\/index.php\/author\/damien\/"}]}},"_links":{"self":[{"href":"https:\/\/www.ladiagonale.net\/index.php\/wp-json\/wp\/v2\/posts\/13792"}],"collection":[{"href":"https:\/\/www.ladiagonale.net\/index.php\/wp-json\/wp\/v2\/posts"}],"about":[{"href":"https:\/\/www.ladiagonale.net\/index.php\/wp-json\/wp\/v2\/types\/post"}],"author":[{"embeddable":true,"href":"https:\/\/www.ladiagonale.net\/index.php\/wp-json\/wp\/v2\/users\/2"}],"replies":[{"embeddable":true,"href":"https:\/\/www.ladiagonale.net\/index.php\/wp-json\/wp\/v2\/comments?post=13792"}],"version-history":[{"count":3,"href":"https:\/\/www.ladiagonale.net\/index.php\/wp-json\/wp\/v2\/posts\/13792\/revisions"}],"predecessor-version":[{"id":13797,"href":"https:\/\/www.ladiagonale.net\/index.php\/wp-json\/wp\/v2\/posts\/13792\/revisions\/13797"}],"wp:attachment":[{"href":"https:\/\/www.ladiagonale.net\/index.php\/wp-json\/wp\/v2\/media?parent=13792"}],"wp:term":[{"taxonomy":"category","embeddable":true,"href":"https:\/\/www.ladiagonale.net\/index.php\/wp-json\/wp\/v2\/categories?post=13792"},{"taxonomy":"post_tag","embeddable":true,"href":"https:\/\/www.ladiagonale.net\/index.php\/wp-json\/wp\/v2\/tags?post=13792"}],"curies":[{"name":"wp","href":"https:\/\/api.w.org\/{rel}","templated":true}]}}