{"id":13806,"date":"2023-07-06T17:41:32","date_gmt":"2023-07-06T15:41:32","guid":{"rendered":"https:\/\/www.ladiagonale.net\/?p=13806"},"modified":"2023-07-06T17:41:36","modified_gmt":"2023-07-06T15:41:36","slug":"scuro-veut-que-monaco-retrouve-la-ligue-des-champions","status":"publish","type":"post","link":"https:\/\/www.ladiagonale.net\/index.php\/2023\/07\/06\/scuro-veut-que-monaco-retrouve-la-ligue-des-champions\/","title":{"rendered":"Scuro veut que Monaco retrouve la Ligue des champions"},"content":{"rendered":"\n<p>C\u2019est en lisant un texte en fran\u00e7ais qu\u2019il avait pr\u00e9par\u00e9 que Thiago Scuro a prononc\u00e9 ses premiers mots devant la presse, pour son intronisation en tant que directeur du football de l\u2019AS Monaco. \u00ab\u00a0<em>Je suis heureux d\u2019\u00eatre ici et de rejoindre le projet sportif d\u2019un grand et prestigieux club<\/em>\u00a0\u00bb, a-t-il introduit, avant de promettre de parler fran\u00e7ais le plus rapidement possible. Celui qui remplace Paul Mitchell a confi\u00e9 sa satisfaction de faire d\u00e9sormais partie de la grande histoire de l\u2019AS Monaco.<\/p>\n\n\n\n<p>\u00ab\u00a0<em>C\u2019est un plaisir d\u2019\u00eatre ici<\/em>, a confi\u00e9 Scuro. <em>Depuis les premiers contacts, j\u2019ai pu voir que c\u2019\u00e9tait un grand nom dans mon pays. Monaco a une grosse r\u00e9putation au Br\u00e9sil et en Am\u00e9rique du Sud, et quand j\u2019ai commenc\u00e9 \u00e0 \u00e9tudier le projet du club et la vision du pr\u00e9sident en profondeur, ce qui a \u00e9t\u00e9 mis en place ici depuis trois ans, cela a \u00e9t\u00e9 une d\u00e9cision facile \u00e0 prendre. Depuis le premier jour j\u2019ai re\u00e7u un excellent accueil ici.<\/em>\u00a0\u00bb<\/p>\n\n\n\n<p>Le Br\u00e9silien a \u00e9voqu\u00e9 sa relation de travail avec Paul Mitchell, qui restera encore quelques temps pour faire la transition avec son successeur. Scuro confirme toutefois avoir pleinement la main sur les dossiers et les d\u00e9cisions \u00e0 prendre : \u00ab\u00a0<em>On travaille en coop\u00e9ration. Je prends la main dans les d\u00e9cisions et les proc\u00e9dures. Paul (Mitchell) me soutient, ce qui est tr\u00e8s positif, et cela me permet un apprentissage plus rapide. Il est l\u00e0 depuis quelques temps et il conna\u00eet les gens mais les d\u00e9cisions m\u2019appartiennent et \u00e9galement \u00e0 Adi (H\u00fctter). L\u2019aide de Paul est tr\u00e8s importante quant \u00e0 mon int\u00e9gration.<\/em>\u00a0\u00bb<\/p>\n\n\n\n<h4 class=\"has-vivid-red-color has-text-color\" style=\"font-style:normal;font-weight:400;text-transform:uppercase\">Tourn\u00e9 vers la Ligue des champions<\/h4>\n\n\n\n<p>La saison prochaine risque fort de se d\u00e9rouler sans coupe d\u2019Europe, <a href=\"https:\/\/www.ladiagonale.net\/index.php\/2023\/06\/29\/luefa-repousse-sa-decision-pour-une-eventuelle-presence-de-lasm-en-europe\/\">en attendant que l\u2019UEFA tranche le cas de Toulouse et sa participation en Ligue Europa Conf\u00e9rence<\/a>. Le nouveau directeur du football de l\u2019ASM y est attentif, alors que le verdict devrait \u00eatre connu vendredi : \u00ab\u00a0<em>Nous sommes au courant de cette situation et nous suivons cela de pr\u00e8s. C\u2019est l\u2019UEFA qui d\u00e9cidera du sort de Toulouse. Si nous devions disputer une comp\u00e9tition europ\u00e9enne, cela aura forc\u00e9ment des cons\u00e9quences. On se pr\u00e9pare \u00e0 ce sc\u00e9nario, notamment pour ce qui est de la taille de l\u2019effectif. Le staff le prend en compte dans ses plannings, car plus de matchs et de semaines avec deux matchs par semaine, changera le planning de tout le monde.<\/em>\u00a0\u00bb<\/p>\n\n\n\n<p>Scuro a en tout cas affirm\u00e9 ses ambitions de retrouver la Ligue des champions d\u00e8s la saison prochaine : \u00ab\u00a0<em>L\u2019objectif c\u2019est de retrouver la Ligue des champions. C\u2019est ce que nous avons en t\u00eate et nous devons le mettre \u00e0 l\u2019esprit des joueurs. On a besoin d\u2019avoir tous les employ\u00e9s du club impliqu\u00e9s dans cet objectif. On sait que pour atteindre des objectifs dans le foot, il faut du travail acharn\u00e9, de l\u2019implication. C\u2019est un travail dans le d\u00e9tail au quotidien. C\u2019est une saison qui va \u00eatre dure, un championnat qui va \u00eatre dur, tout le monde doit travailler \u00e0 son plus haut niveau et ma t\u00e2che est de convaincre tout le monde que c\u2019est possible.<\/em>\u00a0\u00bb<\/p>\n\n\n\n<h4 class=\"has-vivid-red-color has-text-color\" style=\"font-style:normal;font-weight:400;text-transform:uppercase\">Scuro explique le choix d\u2019Adi H\u00fctter<\/h4>\n\n\n\n<p>Le nouvel homme fort de l\u2019organigramme de l\u2019ASM a d\u00e9taill\u00e9 le choix de prendre Adi H\u00fctter comme entra\u00eeneur : \u00ab\u00a0<em>Le point de d\u00e9part est li\u00e9 \u00e0 la philosophie de jeu. Ce qu\u2019il a montr\u00e9 dans ses \u00e9quipes pr\u00e9c\u00e9dentes est exactement ce que nous voulions faire en termes de jeu et ce que l\u2019\u00e9quipe a montr\u00e9 sur les derni\u00e8res saisons, \u00e0 savoir un jeu agressif et excitant. L\u2019id\u00e9e de jeu doit conduire au succ\u00e8s. Quand on voit ses comp\u00e9tences, son CV, il laisse de bons souvenirs partout o\u00f9 il est pass\u00e9. C\u2019est un team player, qui travaille pour le collectif et qui est capable d\u2019\u00eatre un leader pour le staff et les joueurs o\u00f9 l\u2019on a de super collaborateurs dans tous les d\u00e9partements. Adi sera capable de rassembler tout \u00e7a.<\/em>\u00a0\u00bb<\/p>\n\n\n\n<p>Si l\u2019entra\u00eeneur autrichien n\u2019a sign\u00e9 que pour deux saisons, jusqu\u2019en 2025, Scuro esp\u00e8re pouvoir travailler sur du long terme avec H\u00fctter : \u00ab\u00a0<em>Mon historique montre que j\u2019ai eu de longues relations avec les coachs. C\u2019est toujours un objectif car avoir de la stabilit\u00e9 dans le foot et travailler avec une m\u00eame personne sur la dur\u00e9e. Je suis capable de faire cela et Adi a \u00e9galement eu de longs mandants dans ses clubs. Depuis le d\u00e9but, notre relation est tr\u00e8s positive. J\u2019ai toujours travaill\u00e9 ainsi car je sais que cela apporte de bons r\u00e9sultats au club.<\/em>\u00a0\u00bb<\/p>\n\n\n","protected":false},"excerpt":{"rendered":"<p>C\u2019est en lisant un texte en fran\u00e7ais qu\u2019il avait pr\u00e9par\u00e9 que Thiago Scuro a prononc\u00e9 ses premiers mots devant la presse, pour son intronisation en tant que directeur du football de l\u2019AS Monaco. \u00ab\u00a0Je suis heureux d\u2019\u00eatre ici et de rejoindre le projet sportif d\u2019un grand et prestigieux club\u00a0\u00bb, a-t-il introduit, avant de promettre de [&#8230;]\n","protected":false},"author":2,"featured_media":0,"comment_status":"open","ping_status":"open","sticky":false,"template":"","format":"standard","meta":[],"categories":[6],"tags":[86,603,479],"yoast_head":"<!-- This site is optimized with the Yoast SEO plugin v19.8 - https:\/\/yoast.com\/wordpress\/plugins\/seo\/ -->\n<title>Scuro veut que Monaco retrouve la Ligue des champions - La Diagonale<\/title>\n<meta name=\"robots\" content=\"index, follow, max-snippet:-1, max-image-preview:large, max-video-preview:-1\" \/>\n<link rel=\"canonical\" href=\"https:\/\/www.ladiagonale.net\/index.php\/2023\/07\/06\/scuro-veut-que-monaco-retrouve-la-ligue-des-champions\/\" \/>\n<meta property=\"og:locale\" content=\"fr_FR\" \/>\n<meta property=\"og:type\" content=\"article\" \/>\n<meta property=\"og:title\" content=\"Scuro veut que Monaco retrouve la Ligue des champions - La Diagonale\" \/>\n<meta property=\"og:description\" content=\"C\u2019est en lisant un texte en fran\u00e7ais qu\u2019il avait pr\u00e9par\u00e9 que Thiago Scuro a prononc\u00e9 ses premiers mots devant la presse, pour son intronisation en tant que directeur du football de l\u2019AS Monaco. \u00ab\u00a0Je suis heureux d\u2019\u00eatre ici et de rejoindre le projet sportif d\u2019un grand et prestigieux club\u00a0\u00bb, a-t-il introduit, avant de promettre de [...]\" \/>\n<meta property=\"og:url\" content=\"https:\/\/www.ladiagonale.net\/index.php\/2023\/07\/06\/scuro-veut-que-monaco-retrouve-la-ligue-des-champions\/\" \/>\n<meta property=\"og:site_name\" content=\"La Diagonale\" \/>\n<meta property=\"article:published_time\" content=\"2023-07-06T15:41:32+00:00\" \/>\n<meta property=\"article:modified_time\" content=\"2023-07-06T15:41:36+00:00\" \/>\n<meta property=\"og:image\" content=\"https:\/\/www.ladiagonale.net\/wp-content\/uploads\/2023\/07\/scuro.png\" \/>\n\t<meta property=\"og:image:width\" content=\"1160\" \/>\n\t<meta property=\"og:image:height\" content=\"650\" \/>\n\t<meta property=\"og:image:type\" content=\"image\/png\" \/>\n<meta name=\"author\" content=\"Damien Dellerba\" \/>\n<meta name=\"twitter:card\" content=\"summary_large_image\" \/>\n<meta name=\"twitter:image\" content=\"https:\/\/www.ladiagonale.net\/wp-content\/uploads\/2023\/07\/scuro.png\" \/>\n<meta name=\"twitter:label1\" content=\"\u00c9crit par\" \/>\n\t<meta name=\"twitter:data1\" content=\"Damien Dellerba\" \/>\n\t<meta name=\"twitter:label2\" content=\"Dur\u00e9e de lecture estim\u00e9e\" \/>\n\t<meta name=\"twitter:data2\" content=\"4 minutes\" \/>\n<script type=\"application\/ld+json\" class=\"yoast-schema-graph\">{\"@context\":\"https:\/\/schema.org\",\"@graph\":[{\"@type\":\"WebPage\",\"@id\":\"https:\/\/www.ladiagonale.net\/index.php\/2023\/07\/06\/scuro-veut-que-monaco-retrouve-la-ligue-des-champions\/\",\"url\":\"https:\/\/www.ladiagonale.net\/index.php\/2023\/07\/06\/scuro-veut-que-monaco-retrouve-la-ligue-des-champions\/\",\"name\":\"Scuro veut que Monaco retrouve la Ligue des champions - La Diagonale\",\"isPartOf\":{\"@id\":\"https:\/\/www.ladiagonale.net\/#website\"},\"datePublished\":\"2023-07-06T15:41:32+00:00\",\"dateModified\":\"2023-07-06T15:41:36+00:00\",\"author\":{\"@id\":\"https:\/\/www.ladiagonale.net\/#\/schema\/person\/79ff1e7b0853ed01b2aa26e64ad300bf\"},\"breadcrumb\":{\"@id\":\"https:\/\/www.ladiagonale.net\/index.php\/2023\/07\/06\/scuro-veut-que-monaco-retrouve-la-ligue-des-champions\/#breadcrumb\"},\"inLanguage\":\"fr-FR\",\"potentialAction\":[{\"@type\":\"ReadAction\",\"target\":[\"https:\/\/www.ladiagonale.net\/index.php\/2023\/07\/06\/scuro-veut-que-monaco-retrouve-la-ligue-des-champions\/\"]}]},{\"@type\":\"BreadcrumbList\",\"@id\":\"https:\/\/www.ladiagonale.net\/index.php\/2023\/07\/06\/scuro-veut-que-monaco-retrouve-la-ligue-des-champions\/#breadcrumb\",\"itemListElement\":[{\"@type\":\"ListItem\",\"position\":1,\"name\":\"Accueil\",\"item\":\"https:\/\/www.ladiagonale.net\/\"},{\"@type\":\"ListItem\",\"position\":2,\"name\":\"Scuro veut que Monaco retrouve la Ligue des champions\"}]},{\"@type\":\"WebSite\",\"@id\":\"https:\/\/www.ladiagonale.net\/#website\",\"url\":\"https:\/\/www.ladiagonale.net\/\",\"name\":\"La Diagonale\",\"description\":\"Le site des supporters de l&#039;AS Monaco FC\",\"potentialAction\":[{\"@type\":\"SearchAction\",\"target\":{\"@type\":\"EntryPoint\",\"urlTemplate\":\"https:\/\/www.ladiagonale.net\/?s={search_term_string}\"},\"query-input\":\"required name=search_term_string\"}],\"inLanguage\":\"fr-FR\"},{\"@type\":\"Person\",\"@id\":\"https:\/\/www.ladiagonale.net\/#\/schema\/person\/79ff1e7b0853ed01b2aa26e64ad300bf\",\"name\":\"Damien Dellerba\",\"image\":{\"@type\":\"ImageObject\",\"inLanguage\":\"fr-FR\",\"@id\":\"https:\/\/www.ladiagonale.net\/#\/schema\/person\/image\/\",\"url\":\"https:\/\/secure.gravatar.com\/avatar\/c7850e06d3ff63cdbaee88b7fc16e2f0?s=96&d=mm&r=g\",\"contentUrl\":\"https:\/\/secure.gravatar.com\/avatar\/c7850e06d3ff63cdbaee88b7fc16e2f0?s=96&d=mm&r=g\",\"caption\":\"Damien Dellerba\"},\"url\":\"https:\/\/www.ladiagonale.net\/index.php\/author\/damien\/\"}]}<\/script>\n<!-- \/ Yoast SEO plugin. -->","yoast_head_json":{"title":"Scuro veut que Monaco retrouve la Ligue des champions - La Diagonale","robots":{"index":"index","follow":"follow","max-snippet":"max-snippet:-1","max-image-preview":"max-image-preview:large","max-video-preview":"max-video-preview:-1"},"canonical":"https:\/\/www.ladiagonale.net\/index.php\/2023\/07\/06\/scuro-veut-que-monaco-retrouve-la-ligue-des-champions\/","og_locale":"fr_FR","og_type":"article","og_title":"Scuro veut que Monaco retrouve la Ligue des champions - La Diagonale","og_description":"C\u2019est en lisant un texte en fran\u00e7ais qu\u2019il avait pr\u00e9par\u00e9 que Thiago Scuro a prononc\u00e9 ses premiers mots devant la presse, pour son intronisation en tant que directeur du football de l\u2019AS Monaco. \u00ab\u00a0Je suis heureux d\u2019\u00eatre ici et de rejoindre le projet sportif d\u2019un grand et prestigieux club\u00a0\u00bb, a-t-il introduit, avant de promettre de [...]","og_url":"https:\/\/www.ladiagonale.net\/index.php\/2023\/07\/06\/scuro-veut-que-monaco-retrouve-la-ligue-des-champions\/","og_site_name":"La Diagonale","article_published_time":"2023-07-06T15:41:32+00:00","article_modified_time":"2023-07-06T15:41:36+00:00","og_image":[{"width":1160,"height":650,"url":"https:\/\/www.ladiagonale.net\/wp-content\/uploads\/2023\/07\/scuro.png","type":"image\/png"}],"author":"Damien Dellerba","twitter_card":"summary_large_image","twitter_image":"https:\/\/www.ladiagonale.net\/wp-content\/uploads\/2023\/07\/scuro.png","twitter_misc":{"\u00c9crit par":"Damien Dellerba","Dur\u00e9e de lecture estim\u00e9e":"4 minutes"},"schema":{"@context":"https:\/\/schema.org","@graph":[{"@type":"WebPage","@id":"https:\/\/www.ladiagonale.net\/index.php\/2023\/07\/06\/scuro-veut-que-monaco-retrouve-la-ligue-des-champions\/","url":"https:\/\/www.ladiagonale.net\/index.php\/2023\/07\/06\/scuro-veut-que-monaco-retrouve-la-ligue-des-champions\/","name":"Scuro veut que Monaco retrouve la Ligue des champions - La Diagonale","isPartOf":{"@id":"https:\/\/www.ladiagonale.net\/#website"},"datePublished":"2023-07-06T15:41:32+00:00","dateModified":"2023-07-06T15:41:36+00:00","author":{"@id":"https:\/\/www.ladiagonale.net\/#\/schema\/person\/79ff1e7b0853ed01b2aa26e64ad300bf"},"breadcrumb":{"@id":"https:\/\/www.ladiagonale.net\/index.php\/2023\/07\/06\/scuro-veut-que-monaco-retrouve-la-ligue-des-champions\/#breadcrumb"},"inLanguage":"fr-FR","potentialAction":[{"@type":"ReadAction","target":["https:\/\/www.ladiagonale.net\/index.php\/2023\/07\/06\/scuro-veut-que-monaco-retrouve-la-ligue-des-champions\/"]}]},{"@type":"BreadcrumbList","@id":"https:\/\/www.ladiagonale.net\/index.php\/2023\/07\/06\/scuro-veut-que-monaco-retrouve-la-ligue-des-champions\/#breadcrumb","itemListElement":[{"@type":"ListItem","position":1,"name":"Accueil","item":"https:\/\/www.ladiagonale.net\/"},{"@type":"ListItem","position":2,"name":"Scuro veut que Monaco retrouve la Ligue des champions"}]},{"@type":"WebSite","@id":"https:\/\/www.ladiagonale.net\/#website","url":"https:\/\/www.ladiagonale.net\/","name":"La Diagonale","description":"Le site des supporters de l&#039;AS Monaco FC","potentialAction":[{"@type":"SearchAction","target":{"@type":"EntryPoint","urlTemplate":"https:\/\/www.ladiagonale.net\/?s={search_term_string}"},"query-input":"required name=search_term_string"}],"inLanguage":"fr-FR"},{"@type":"Person","@id":"https:\/\/www.ladiagonale.net\/#\/schema\/person\/79ff1e7b0853ed01b2aa26e64ad300bf","name":"Damien Dellerba","image":{"@type":"ImageObject","inLanguage":"fr-FR","@id":"https:\/\/www.ladiagonale.net\/#\/schema\/person\/image\/","url":"https:\/\/secure.gravatar.com\/avatar\/c7850e06d3ff63cdbaee88b7fc16e2f0?s=96&d=mm&r=g","contentUrl":"https:\/\/secure.gravatar.com\/avatar\/c7850e06d3ff63cdbaee88b7fc16e2f0?s=96&d=mm&r=g","caption":"Damien Dellerba"},"url":"https:\/\/www.ladiagonale.net\/index.php\/author\/damien\/"}]}},"_links":{"self":[{"href":"https:\/\/www.ladiagonale.net\/index.php\/wp-json\/wp\/v2\/posts\/13806"}],"collection":[{"href":"https:\/\/www.ladiagonale.net\/index.php\/wp-json\/wp\/v2\/posts"}],"about":[{"href":"https:\/\/www.ladiagonale.net\/index.php\/wp-json\/wp\/v2\/types\/post"}],"author":[{"embeddable":true,"href":"https:\/\/www.ladiagonale.net\/index.php\/wp-json\/wp\/v2\/users\/2"}],"replies":[{"embeddable":true,"href":"https:\/\/www.ladiagonale.net\/index.php\/wp-json\/wp\/v2\/comments?post=13806"}],"version-history":[{"count":1,"href":"https:\/\/www.ladiagonale.net\/index.php\/wp-json\/wp\/v2\/posts\/13806\/revisions"}],"predecessor-version":[{"id":13808,"href":"https:\/\/www.ladiagonale.net\/index.php\/wp-json\/wp\/v2\/posts\/13806\/revisions\/13808"}],"wp:attachment":[{"href":"https:\/\/www.ladiagonale.net\/index.php\/wp-json\/wp\/v2\/media?parent=13806"}],"wp:term":[{"taxonomy":"category","embeddable":true,"href":"https:\/\/www.ladiagonale.net\/index.php\/wp-json\/wp\/v2\/categories?post=13806"},{"taxonomy":"post_tag","embeddable":true,"href":"https:\/\/www.ladiagonale.net\/index.php\/wp-json\/wp\/v2\/tags?post=13806"}],"curies":[{"name":"wp","href":"https:\/\/api.w.org\/{rel}","templated":true}]}}