{"id":13809,"date":"2023-07-06T18:09:25","date_gmt":"2023-07-06T16:09:25","guid":{"rendered":"https:\/\/www.ladiagonale.net\/?p=13809"},"modified":"2023-07-06T18:09:28","modified_gmt":"2023-07-06T16:09:28","slug":"scuro-sexprime-sur-le-mercato","status":"publish","type":"post","link":"https:\/\/www.ladiagonale.net\/index.php\/2023\/07\/06\/scuro-sexprime-sur-le-mercato\/","title":{"rendered":"Scuro s\u2019exprime sur le mercato"},"content":{"rendered":"\n<p>En pleine p\u00e9riode de mercato, l\u2019AS Monaco a enfin mis de l\u2019ordre dans son organigramme et va d\u00e9sormais pouvoir avancer sur son recrutement. Thiago Scuro a indiqu\u00e9 que le club avait d\u00e9j\u00e0 d\u00e9fini des pistes mais n\u2019a rien voulu l\u00e2cher : \u00ab\u00a0<em>Lorsqu\u2019on aura du concret, le club l\u2019annoncera\u00a0\u00bb, <\/em>s\u2019est-il content\u00e9 de d\u00e9clarer. Questionn\u00e9 sur le poste de gardien et une potentielle chance donn\u00e9e \u00e0 Radoslaw Majecki, Scuro n\u2019a pas cach\u00e9 que le club \u00e9tait en pleine recherche :<em> \u00ab\u00a0C\u2019est un poste sur lequel nous portons une grande attention. On \u00e9tudie le march\u00e9 pour pouvoir offrir le plus de qualit\u00e9 possible \u00e0 ce poste.<\/em>\u00a0\u00bb<\/p>\n\n\n\n<p>Le Br\u00e9silien a expliqu\u00e9 que les profils de joueurs recherch\u00e9s \u00e9taient d\u00e9finis par l\u2019identit\u00e9 de jeu de l&rsquo;\u00e9quipe : \u00ab\u00a0<em>L\u2019objectif est d\u2019avoir une m\u00eame philosophie sur plusieurs saisons et c\u2019est le style qui va orienter vers un certain type de recrutement. On va avoir besoin de joueurs qui soient physiquement \u00e0 la hauteur, la vitesse va \u00eatre importante. Des joueurs qui ont faim dans la conqu\u00eate du ballon et il faudra trouver un \u00e9quilibre entre les profils des joueurs, afin d\u2019apporter de la stabilit\u00e9 pour le club. Ce sont les principes cl\u00e9s et on y travaille. On verra dans quels domaines on peut progresser.<\/em> \u00bb<\/p>\n\n\n\n<p>Sans coupe d\u2019Europe, Monaco aura peut-\u00eatre moins de facilit\u00e9 \u00e0 attirer des joueurs. Pour le Directeur du football, il faudra miser sur d\u2019autres arguments, et selon lui, Monaco en dispose de solides : \u00ab\u00a0<em>C\u2019est un sujet, l\u2019absence de coupe d\u2019Europe. Les joueurs veulent jouer des comp\u00e9titions europ\u00e9ennes. Mais nous pouvons utiliser d\u2019autres arguments \u00e0 notre disposition : un centre d\u2019entra\u00eenement exceptionnel, des ambitions, un style de jeu clair et un groupe de joueurs avec lequel on veut b\u00e2tir sur le long terme.\u00a0<\/em>\u00bb<\/p>\n\n\n","protected":false},"excerpt":{"rendered":"<p>En pleine p\u00e9riode de mercato, l\u2019AS Monaco a enfin mis de l\u2019ordre dans son organigramme et va d\u00e9sormais pouvoir avancer sur son recrutement. Thiago Scuro a indiqu\u00e9 que le club avait d\u00e9j\u00e0 d\u00e9fini des pistes mais n\u2019a rien voulu l\u00e2cher : \u00ab\u00a0Lorsqu\u2019on aura du concret, le club l\u2019annoncera\u00a0\u00bb, s\u2019est-il content\u00e9 de d\u00e9clarer. Questionn\u00e9 sur le [&#8230;]\n","protected":false},"author":2,"featured_media":0,"comment_status":"open","ping_status":"open","sticky":false,"template":"","format":"standard","meta":[],"categories":[6],"tags":[86,111,479,110],"yoast_head":"<!-- This site is optimized with the Yoast SEO plugin v19.8 - https:\/\/yoast.com\/wordpress\/plugins\/seo\/ -->\n<title>Scuro s\u2019exprime sur le mercato - La Diagonale<\/title>\n<meta name=\"robots\" content=\"index, follow, max-snippet:-1, max-image-preview:large, max-video-preview:-1\" \/>\n<link rel=\"canonical\" href=\"https:\/\/www.ladiagonale.net\/index.php\/2023\/07\/06\/scuro-sexprime-sur-le-mercato\/\" \/>\n<meta property=\"og:locale\" content=\"fr_FR\" \/>\n<meta property=\"og:type\" content=\"article\" \/>\n<meta property=\"og:title\" content=\"Scuro s\u2019exprime sur le mercato - La Diagonale\" \/>\n<meta property=\"og:description\" content=\"En pleine p\u00e9riode de mercato, l\u2019AS Monaco a enfin mis de l\u2019ordre dans son organigramme et va d\u00e9sormais pouvoir avancer sur son recrutement. Thiago Scuro a indiqu\u00e9 que le club avait d\u00e9j\u00e0 d\u00e9fini des pistes mais n\u2019a rien voulu l\u00e2cher : \u00ab\u00a0Lorsqu\u2019on aura du concret, le club l\u2019annoncera\u00a0\u00bb, s\u2019est-il content\u00e9 de d\u00e9clarer. Questionn\u00e9 sur le [...]\" \/>\n<meta property=\"og:url\" content=\"https:\/\/www.ladiagonale.net\/index.php\/2023\/07\/06\/scuro-sexprime-sur-le-mercato\/\" \/>\n<meta property=\"og:site_name\" content=\"La Diagonale\" \/>\n<meta property=\"article:published_time\" content=\"2023-07-06T16:09:25+00:00\" \/>\n<meta property=\"article:modified_time\" content=\"2023-07-06T16:09:28+00:00\" \/>\n<meta property=\"og:image\" content=\"https:\/\/www.ladiagonale.net\/wp-content\/uploads\/2023\/07\/scuro2.png\" \/>\n\t<meta property=\"og:image:width\" content=\"1160\" \/>\n\t<meta property=\"og:image:height\" content=\"650\" \/>\n\t<meta property=\"og:image:type\" content=\"image\/png\" \/>\n<meta name=\"author\" content=\"Damien Dellerba\" \/>\n<meta name=\"twitter:card\" content=\"summary_large_image\" \/>\n<meta name=\"twitter:image\" content=\"https:\/\/www.ladiagonale.net\/wp-content\/uploads\/2023\/07\/scuro2.png\" \/>\n<meta name=\"twitter:label1\" content=\"\u00c9crit par\" \/>\n\t<meta name=\"twitter:data1\" content=\"Damien Dellerba\" \/>\n\t<meta name=\"twitter:label2\" content=\"Dur\u00e9e de lecture estim\u00e9e\" \/>\n\t<meta name=\"twitter:data2\" content=\"2 minutes\" \/>\n<script type=\"application\/ld+json\" class=\"yoast-schema-graph\">{\"@context\":\"https:\/\/schema.org\",\"@graph\":[{\"@type\":\"WebPage\",\"@id\":\"https:\/\/www.ladiagonale.net\/index.php\/2023\/07\/06\/scuro-sexprime-sur-le-mercato\/\",\"url\":\"https:\/\/www.ladiagonale.net\/index.php\/2023\/07\/06\/scuro-sexprime-sur-le-mercato\/\",\"name\":\"Scuro s\u2019exprime sur le mercato - La Diagonale\",\"isPartOf\":{\"@id\":\"https:\/\/www.ladiagonale.net\/#website\"},\"datePublished\":\"2023-07-06T16:09:25+00:00\",\"dateModified\":\"2023-07-06T16:09:28+00:00\",\"author\":{\"@id\":\"https:\/\/www.ladiagonale.net\/#\/schema\/person\/79ff1e7b0853ed01b2aa26e64ad300bf\"},\"breadcrumb\":{\"@id\":\"https:\/\/www.ladiagonale.net\/index.php\/2023\/07\/06\/scuro-sexprime-sur-le-mercato\/#breadcrumb\"},\"inLanguage\":\"fr-FR\",\"potentialAction\":[{\"@type\":\"ReadAction\",\"target\":[\"https:\/\/www.ladiagonale.net\/index.php\/2023\/07\/06\/scuro-sexprime-sur-le-mercato\/\"]}]},{\"@type\":\"BreadcrumbList\",\"@id\":\"https:\/\/www.ladiagonale.net\/index.php\/2023\/07\/06\/scuro-sexprime-sur-le-mercato\/#breadcrumb\",\"itemListElement\":[{\"@type\":\"ListItem\",\"position\":1,\"name\":\"Accueil\",\"item\":\"https:\/\/www.ladiagonale.net\/\"},{\"@type\":\"ListItem\",\"position\":2,\"name\":\"Scuro s\u2019exprime sur le mercato\"}]},{\"@type\":\"WebSite\",\"@id\":\"https:\/\/www.ladiagonale.net\/#website\",\"url\":\"https:\/\/www.ladiagonale.net\/\",\"name\":\"La Diagonale\",\"description\":\"Le site des supporters de l&#039;AS Monaco FC\",\"potentialAction\":[{\"@type\":\"SearchAction\",\"target\":{\"@type\":\"EntryPoint\",\"urlTemplate\":\"https:\/\/www.ladiagonale.net\/?s={search_term_string}\"},\"query-input\":\"required name=search_term_string\"}],\"inLanguage\":\"fr-FR\"},{\"@type\":\"Person\",\"@id\":\"https:\/\/www.ladiagonale.net\/#\/schema\/person\/79ff1e7b0853ed01b2aa26e64ad300bf\",\"name\":\"Damien Dellerba\",\"image\":{\"@type\":\"ImageObject\",\"inLanguage\":\"fr-FR\",\"@id\":\"https:\/\/www.ladiagonale.net\/#\/schema\/person\/image\/\",\"url\":\"https:\/\/secure.gravatar.com\/avatar\/c7850e06d3ff63cdbaee88b7fc16e2f0?s=96&d=mm&r=g\",\"contentUrl\":\"https:\/\/secure.gravatar.com\/avatar\/c7850e06d3ff63cdbaee88b7fc16e2f0?s=96&d=mm&r=g\",\"caption\":\"Damien Dellerba\"},\"url\":\"https:\/\/www.ladiagonale.net\/index.php\/author\/damien\/\"}]}<\/script>\n<!-- \/ Yoast SEO plugin. -->","yoast_head_json":{"title":"Scuro s\u2019exprime sur le mercato - La Diagonale","robots":{"index":"index","follow":"follow","max-snippet":"max-snippet:-1","max-image-preview":"max-image-preview:large","max-video-preview":"max-video-preview:-1"},"canonical":"https:\/\/www.ladiagonale.net\/index.php\/2023\/07\/06\/scuro-sexprime-sur-le-mercato\/","og_locale":"fr_FR","og_type":"article","og_title":"Scuro s\u2019exprime sur le mercato - La Diagonale","og_description":"En pleine p\u00e9riode de mercato, l\u2019AS Monaco a enfin mis de l\u2019ordre dans son organigramme et va d\u00e9sormais pouvoir avancer sur son recrutement. Thiago Scuro a indiqu\u00e9 que le club avait d\u00e9j\u00e0 d\u00e9fini des pistes mais n\u2019a rien voulu l\u00e2cher : \u00ab\u00a0Lorsqu\u2019on aura du concret, le club l\u2019annoncera\u00a0\u00bb, s\u2019est-il content\u00e9 de d\u00e9clarer. Questionn\u00e9 sur le [...]","og_url":"https:\/\/www.ladiagonale.net\/index.php\/2023\/07\/06\/scuro-sexprime-sur-le-mercato\/","og_site_name":"La Diagonale","article_published_time":"2023-07-06T16:09:25+00:00","article_modified_time":"2023-07-06T16:09:28+00:00","og_image":[{"width":1160,"height":650,"url":"https:\/\/www.ladiagonale.net\/wp-content\/uploads\/2023\/07\/scuro2.png","type":"image\/png"}],"author":"Damien Dellerba","twitter_card":"summary_large_image","twitter_image":"https:\/\/www.ladiagonale.net\/wp-content\/uploads\/2023\/07\/scuro2.png","twitter_misc":{"\u00c9crit par":"Damien Dellerba","Dur\u00e9e de lecture estim\u00e9e":"2 minutes"},"schema":{"@context":"https:\/\/schema.org","@graph":[{"@type":"WebPage","@id":"https:\/\/www.ladiagonale.net\/index.php\/2023\/07\/06\/scuro-sexprime-sur-le-mercato\/","url":"https:\/\/www.ladiagonale.net\/index.php\/2023\/07\/06\/scuro-sexprime-sur-le-mercato\/","name":"Scuro s\u2019exprime sur le mercato - La Diagonale","isPartOf":{"@id":"https:\/\/www.ladiagonale.net\/#website"},"datePublished":"2023-07-06T16:09:25+00:00","dateModified":"2023-07-06T16:09:28+00:00","author":{"@id":"https:\/\/www.ladiagonale.net\/#\/schema\/person\/79ff1e7b0853ed01b2aa26e64ad300bf"},"breadcrumb":{"@id":"https:\/\/www.ladiagonale.net\/index.php\/2023\/07\/06\/scuro-sexprime-sur-le-mercato\/#breadcrumb"},"inLanguage":"fr-FR","potentialAction":[{"@type":"ReadAction","target":["https:\/\/www.ladiagonale.net\/index.php\/2023\/07\/06\/scuro-sexprime-sur-le-mercato\/"]}]},{"@type":"BreadcrumbList","@id":"https:\/\/www.ladiagonale.net\/index.php\/2023\/07\/06\/scuro-sexprime-sur-le-mercato\/#breadcrumb","itemListElement":[{"@type":"ListItem","position":1,"name":"Accueil","item":"https:\/\/www.ladiagonale.net\/"},{"@type":"ListItem","position":2,"name":"Scuro s\u2019exprime sur le mercato"}]},{"@type":"WebSite","@id":"https:\/\/www.ladiagonale.net\/#website","url":"https:\/\/www.ladiagonale.net\/","name":"La Diagonale","description":"Le site des supporters de l&#039;AS Monaco FC","potentialAction":[{"@type":"SearchAction","target":{"@type":"EntryPoint","urlTemplate":"https:\/\/www.ladiagonale.net\/?s={search_term_string}"},"query-input":"required name=search_term_string"}],"inLanguage":"fr-FR"},{"@type":"Person","@id":"https:\/\/www.ladiagonale.net\/#\/schema\/person\/79ff1e7b0853ed01b2aa26e64ad300bf","name":"Damien Dellerba","image":{"@type":"ImageObject","inLanguage":"fr-FR","@id":"https:\/\/www.ladiagonale.net\/#\/schema\/person\/image\/","url":"https:\/\/secure.gravatar.com\/avatar\/c7850e06d3ff63cdbaee88b7fc16e2f0?s=96&d=mm&r=g","contentUrl":"https:\/\/secure.gravatar.com\/avatar\/c7850e06d3ff63cdbaee88b7fc16e2f0?s=96&d=mm&r=g","caption":"Damien Dellerba"},"url":"https:\/\/www.ladiagonale.net\/index.php\/author\/damien\/"}]}},"_links":{"self":[{"href":"https:\/\/www.ladiagonale.net\/index.php\/wp-json\/wp\/v2\/posts\/13809"}],"collection":[{"href":"https:\/\/www.ladiagonale.net\/index.php\/wp-json\/wp\/v2\/posts"}],"about":[{"href":"https:\/\/www.ladiagonale.net\/index.php\/wp-json\/wp\/v2\/types\/post"}],"author":[{"embeddable":true,"href":"https:\/\/www.ladiagonale.net\/index.php\/wp-json\/wp\/v2\/users\/2"}],"replies":[{"embeddable":true,"href":"https:\/\/www.ladiagonale.net\/index.php\/wp-json\/wp\/v2\/comments?post=13809"}],"version-history":[{"count":1,"href":"https:\/\/www.ladiagonale.net\/index.php\/wp-json\/wp\/v2\/posts\/13809\/revisions"}],"predecessor-version":[{"id":13811,"href":"https:\/\/www.ladiagonale.net\/index.php\/wp-json\/wp\/v2\/posts\/13809\/revisions\/13811"}],"wp:attachment":[{"href":"https:\/\/www.ladiagonale.net\/index.php\/wp-json\/wp\/v2\/media?parent=13809"}],"wp:term":[{"taxonomy":"category","embeddable":true,"href":"https:\/\/www.ladiagonale.net\/index.php\/wp-json\/wp\/v2\/categories?post=13809"},{"taxonomy":"post_tag","embeddable":true,"href":"https:\/\/www.ladiagonale.net\/index.php\/wp-json\/wp\/v2\/tags?post=13809"}],"curies":[{"name":"wp","href":"https:\/\/api.w.org\/{rel}","templated":true}]}}