{"id":13843,"date":"2023-07-10T23:34:54","date_gmt":"2023-07-10T21:34:54","guid":{"rendered":"https:\/\/www.ladiagonale.net\/?p=13843"},"modified":"2023-07-10T23:35:31","modified_gmt":"2023-07-10T21:35:31","slug":"ben-yedder-se-verrait-bien-a-letranger","status":"publish","type":"post","link":"https:\/\/www.ladiagonale.net\/index.php\/2023\/07\/10\/ben-yedder-se-verrait-bien-a-letranger\/","title":{"rendered":"Ben Yedder se verrait bien \u00e0 l&rsquo;\u00e9tranger"},"content":{"rendered":"\n\n\n<p>R\u00e9cemment, <a href=\"https:\/\/www.ladiagonale.net\/index.php\/2023\/07\/06\/rennes-se-serait-renseigne-pour-ben-yedder-florian-maurice-dement-actualise\/\">une rumeur \u00e9voquant un int\u00e9r\u00eat de Rennes pour Wissam Ben Yedder<\/a> avait surgi dans la presse, imm\u00e9diatement d\u00e9mentie par le directeur technique breton, Florian Maurice. Mais le nom du capitaine de l&rsquo;AS Monaco a aussi \u00e9t\u00e9 <a href=\"https:\/\/www.ladiagonale.net\/index.php\/2023\/06\/28\/lom-garderait-un-oeil-sur-ben-yedder\/\">r\u00e9guli\u00e8rement cit\u00e9 du c\u00f4t\u00e9 de l&rsquo;OM<\/a>, notamment en cas de d\u00e9part d&rsquo;Alexis Sanchez. Ben Yedder ne devrait toutefois pas d\u00e9barquer dans la cit\u00e9 phoc\u00e9enne, avance <em>L&rsquo;\u00c9quipe<\/em>, qui pr\u00e9cise que le profil de l&rsquo;attaquant mon\u00e9gasque ne collerait pas avec le style de jeu de Marcelino, l&rsquo;entra\u00eeneur de l&rsquo;OM.<\/p>\n\n\n\n<p>Le quotidien sportif indique \u00e9galement que le troisi\u00e8me buteur de l&rsquo;histoire du club ne serait pas non plus emball\u00e9 par un transfert \u00e0 Marseille et aurait une pr\u00e9f\u00e9rence pour rejoindre un championnat \u00e9tranger. L&rsquo;ancien joueur du S\u00e9ville FC n&rsquo;a jamais cach\u00e9 son affection pour l&rsquo;Espagne et la <em>Liga<\/em>. \u00c0 32 ans, Ben Yedder dispose encore d&rsquo;un an de contrat avec l&rsquo;ASM. Si un d\u00e9part cet \u00e9t\u00e9 ne semblait pas forc\u00e9ment \u00e0 l&rsquo;ordre du jour d&rsquo;apr\u00e8s <em>L&rsquo;\u00c9quipe<\/em>, <a href=\"https:\/\/www.ladiagonale.net\/index.php\/2023\/04\/15\/la-prolongation-de-ben-yedder-ne-serait-pas-a-lordre-du-jour\/\">une prolongation de contrat non plus<\/a>.<\/p>\n","protected":false},"excerpt":{"rendered":"<p>R\u00e9cemment, une rumeur \u00e9voquant un int\u00e9r\u00eat de Rennes pour Wissam Ben Yedder avait surgi dans la presse, imm\u00e9diatement d\u00e9mentie par le directeur technique breton, Florian Maurice. Mais le nom du capitaine de l&rsquo;AS Monaco a aussi \u00e9t\u00e9 r\u00e9guli\u00e8rement cit\u00e9 du c\u00f4t\u00e9 de l&rsquo;OM, notamment en cas de d\u00e9part d&rsquo;Alexis Sanchez. Ben Yedder ne devrait toutefois [&#8230;]\n","protected":false},"author":2,"featured_media":0,"comment_status":"open","ping_status":"open","sticky":false,"template":"","format":"standard","meta":[],"categories":[6],"tags":[86,605,111,298,110,175],"yoast_head":"<!-- This site is optimized with the Yoast SEO plugin v19.8 - https:\/\/yoast.com\/wordpress\/plugins\/seo\/ -->\n<title>Ben Yedder se verrait bien \u00e0 l&#039;\u00e9tranger - La Diagonale<\/title>\n<meta name=\"robots\" content=\"index, follow, max-snippet:-1, max-image-preview:large, max-video-preview:-1\" \/>\n<link rel=\"canonical\" href=\"https:\/\/www.ladiagonale.net\/index.php\/2023\/07\/10\/ben-yedder-se-verrait-bien-a-letranger\/\" \/>\n<meta property=\"og:locale\" content=\"fr_FR\" \/>\n<meta property=\"og:type\" content=\"article\" \/>\n<meta property=\"og:title\" content=\"Ben Yedder se verrait bien \u00e0 l&#039;\u00e9tranger - La Diagonale\" \/>\n<meta property=\"og:description\" content=\"R\u00e9cemment, une rumeur \u00e9voquant un int\u00e9r\u00eat de Rennes pour Wissam Ben Yedder avait surgi dans la presse, imm\u00e9diatement d\u00e9mentie par le directeur technique breton, Florian Maurice. Mais le nom du capitaine de l&rsquo;AS Monaco a aussi \u00e9t\u00e9 r\u00e9guli\u00e8rement cit\u00e9 du c\u00f4t\u00e9 de l&rsquo;OM, notamment en cas de d\u00e9part d&rsquo;Alexis Sanchez. Ben Yedder ne devrait toutefois [...]\" \/>\n<meta property=\"og:url\" content=\"https:\/\/www.ladiagonale.net\/index.php\/2023\/07\/10\/ben-yedder-se-verrait-bien-a-letranger\/\" \/>\n<meta property=\"og:site_name\" content=\"La Diagonale\" \/>\n<meta property=\"article:published_time\" content=\"2023-07-10T21:34:54+00:00\" \/>\n<meta property=\"article:modified_time\" content=\"2023-07-10T21:35:31+00:00\" \/>\n<meta property=\"og:image\" content=\"https:\/\/www.ladiagonale.net\/wp-content\/uploads\/2022\/12\/ben-yedder3.png\" \/>\n\t<meta property=\"og:image:width\" content=\"1160\" \/>\n\t<meta property=\"og:image:height\" content=\"650\" \/>\n\t<meta property=\"og:image:type\" content=\"image\/png\" \/>\n<meta name=\"author\" content=\"Damien Dellerba\" \/>\n<meta name=\"twitter:card\" content=\"summary_large_image\" \/>\n<meta name=\"twitter:image\" content=\"https:\/\/www.ladiagonale.net\/wp-content\/uploads\/2022\/12\/ben-yedder3.png\" \/>\n<meta name=\"twitter:label1\" content=\"\u00c9crit par\" \/>\n\t<meta name=\"twitter:data1\" content=\"Damien Dellerba\" \/>\n\t<meta name=\"twitter:label2\" content=\"Dur\u00e9e de lecture estim\u00e9e\" \/>\n\t<meta name=\"twitter:data2\" content=\"1 minute\" \/>\n<script type=\"application\/ld+json\" class=\"yoast-schema-graph\">{\"@context\":\"https:\/\/schema.org\",\"@graph\":[{\"@type\":\"WebPage\",\"@id\":\"https:\/\/www.ladiagonale.net\/index.php\/2023\/07\/10\/ben-yedder-se-verrait-bien-a-letranger\/\",\"url\":\"https:\/\/www.ladiagonale.net\/index.php\/2023\/07\/10\/ben-yedder-se-verrait-bien-a-letranger\/\",\"name\":\"Ben Yedder se verrait bien \u00e0 l'\u00e9tranger - La Diagonale\",\"isPartOf\":{\"@id\":\"https:\/\/www.ladiagonale.net\/#website\"},\"datePublished\":\"2023-07-10T21:34:54+00:00\",\"dateModified\":\"2023-07-10T21:35:31+00:00\",\"author\":{\"@id\":\"https:\/\/www.ladiagonale.net\/#\/schema\/person\/79ff1e7b0853ed01b2aa26e64ad300bf\"},\"breadcrumb\":{\"@id\":\"https:\/\/www.ladiagonale.net\/index.php\/2023\/07\/10\/ben-yedder-se-verrait-bien-a-letranger\/#breadcrumb\"},\"inLanguage\":\"fr-FR\",\"potentialAction\":[{\"@type\":\"ReadAction\",\"target\":[\"https:\/\/www.ladiagonale.net\/index.php\/2023\/07\/10\/ben-yedder-se-verrait-bien-a-letranger\/\"]}]},{\"@type\":\"BreadcrumbList\",\"@id\":\"https:\/\/www.ladiagonale.net\/index.php\/2023\/07\/10\/ben-yedder-se-verrait-bien-a-letranger\/#breadcrumb\",\"itemListElement\":[{\"@type\":\"ListItem\",\"position\":1,\"name\":\"Accueil\",\"item\":\"https:\/\/www.ladiagonale.net\/\"},{\"@type\":\"ListItem\",\"position\":2,\"name\":\"Ben Yedder se verrait bien \u00e0 l&rsquo;\u00e9tranger\"}]},{\"@type\":\"WebSite\",\"@id\":\"https:\/\/www.ladiagonale.net\/#website\",\"url\":\"https:\/\/www.ladiagonale.net\/\",\"name\":\"La Diagonale\",\"description\":\"Le site des supporters de l&#039;AS Monaco FC\",\"potentialAction\":[{\"@type\":\"SearchAction\",\"target\":{\"@type\":\"EntryPoint\",\"urlTemplate\":\"https:\/\/www.ladiagonale.net\/?s={search_term_string}\"},\"query-input\":\"required name=search_term_string\"}],\"inLanguage\":\"fr-FR\"},{\"@type\":\"Person\",\"@id\":\"https:\/\/www.ladiagonale.net\/#\/schema\/person\/79ff1e7b0853ed01b2aa26e64ad300bf\",\"name\":\"Damien Dellerba\",\"image\":{\"@type\":\"ImageObject\",\"inLanguage\":\"fr-FR\",\"@id\":\"https:\/\/www.ladiagonale.net\/#\/schema\/person\/image\/\",\"url\":\"https:\/\/secure.gravatar.com\/avatar\/c7850e06d3ff63cdbaee88b7fc16e2f0?s=96&d=mm&r=g\",\"contentUrl\":\"https:\/\/secure.gravatar.com\/avatar\/c7850e06d3ff63cdbaee88b7fc16e2f0?s=96&d=mm&r=g\",\"caption\":\"Damien Dellerba\"},\"url\":\"https:\/\/www.ladiagonale.net\/index.php\/author\/damien\/\"}]}<\/script>\n<!-- \/ Yoast SEO plugin. -->","yoast_head_json":{"title":"Ben Yedder se verrait bien \u00e0 l'\u00e9tranger - La Diagonale","robots":{"index":"index","follow":"follow","max-snippet":"max-snippet:-1","max-image-preview":"max-image-preview:large","max-video-preview":"max-video-preview:-1"},"canonical":"https:\/\/www.ladiagonale.net\/index.php\/2023\/07\/10\/ben-yedder-se-verrait-bien-a-letranger\/","og_locale":"fr_FR","og_type":"article","og_title":"Ben Yedder se verrait bien \u00e0 l'\u00e9tranger - La Diagonale","og_description":"R\u00e9cemment, une rumeur \u00e9voquant un int\u00e9r\u00eat de Rennes pour Wissam Ben Yedder avait surgi dans la presse, imm\u00e9diatement d\u00e9mentie par le directeur technique breton, Florian Maurice. Mais le nom du capitaine de l&rsquo;AS Monaco a aussi \u00e9t\u00e9 r\u00e9guli\u00e8rement cit\u00e9 du c\u00f4t\u00e9 de l&rsquo;OM, notamment en cas de d\u00e9part d&rsquo;Alexis Sanchez. Ben Yedder ne devrait toutefois [...]","og_url":"https:\/\/www.ladiagonale.net\/index.php\/2023\/07\/10\/ben-yedder-se-verrait-bien-a-letranger\/","og_site_name":"La Diagonale","article_published_time":"2023-07-10T21:34:54+00:00","article_modified_time":"2023-07-10T21:35:31+00:00","og_image":[{"width":1160,"height":650,"url":"https:\/\/www.ladiagonale.net\/wp-content\/uploads\/2022\/12\/ben-yedder3.png","type":"image\/png"}],"author":"Damien Dellerba","twitter_card":"summary_large_image","twitter_image":"https:\/\/www.ladiagonale.net\/wp-content\/uploads\/2022\/12\/ben-yedder3.png","twitter_misc":{"\u00c9crit par":"Damien Dellerba","Dur\u00e9e de lecture estim\u00e9e":"1 minute"},"schema":{"@context":"https:\/\/schema.org","@graph":[{"@type":"WebPage","@id":"https:\/\/www.ladiagonale.net\/index.php\/2023\/07\/10\/ben-yedder-se-verrait-bien-a-letranger\/","url":"https:\/\/www.ladiagonale.net\/index.php\/2023\/07\/10\/ben-yedder-se-verrait-bien-a-letranger\/","name":"Ben Yedder se verrait bien \u00e0 l'\u00e9tranger - La Diagonale","isPartOf":{"@id":"https:\/\/www.ladiagonale.net\/#website"},"datePublished":"2023-07-10T21:34:54+00:00","dateModified":"2023-07-10T21:35:31+00:00","author":{"@id":"https:\/\/www.ladiagonale.net\/#\/schema\/person\/79ff1e7b0853ed01b2aa26e64ad300bf"},"breadcrumb":{"@id":"https:\/\/www.ladiagonale.net\/index.php\/2023\/07\/10\/ben-yedder-se-verrait-bien-a-letranger\/#breadcrumb"},"inLanguage":"fr-FR","potentialAction":[{"@type":"ReadAction","target":["https:\/\/www.ladiagonale.net\/index.php\/2023\/07\/10\/ben-yedder-se-verrait-bien-a-letranger\/"]}]},{"@type":"BreadcrumbList","@id":"https:\/\/www.ladiagonale.net\/index.php\/2023\/07\/10\/ben-yedder-se-verrait-bien-a-letranger\/#breadcrumb","itemListElement":[{"@type":"ListItem","position":1,"name":"Accueil","item":"https:\/\/www.ladiagonale.net\/"},{"@type":"ListItem","position":2,"name":"Ben Yedder se verrait bien \u00e0 l&rsquo;\u00e9tranger"}]},{"@type":"WebSite","@id":"https:\/\/www.ladiagonale.net\/#website","url":"https:\/\/www.ladiagonale.net\/","name":"La Diagonale","description":"Le site des supporters de l&#039;AS Monaco FC","potentialAction":[{"@type":"SearchAction","target":{"@type":"EntryPoint","urlTemplate":"https:\/\/www.ladiagonale.net\/?s={search_term_string}"},"query-input":"required name=search_term_string"}],"inLanguage":"fr-FR"},{"@type":"Person","@id":"https:\/\/www.ladiagonale.net\/#\/schema\/person\/79ff1e7b0853ed01b2aa26e64ad300bf","name":"Damien Dellerba","image":{"@type":"ImageObject","inLanguage":"fr-FR","@id":"https:\/\/www.ladiagonale.net\/#\/schema\/person\/image\/","url":"https:\/\/secure.gravatar.com\/avatar\/c7850e06d3ff63cdbaee88b7fc16e2f0?s=96&d=mm&r=g","contentUrl":"https:\/\/secure.gravatar.com\/avatar\/c7850e06d3ff63cdbaee88b7fc16e2f0?s=96&d=mm&r=g","caption":"Damien Dellerba"},"url":"https:\/\/www.ladiagonale.net\/index.php\/author\/damien\/"}]}},"_links":{"self":[{"href":"https:\/\/www.ladiagonale.net\/index.php\/wp-json\/wp\/v2\/posts\/13843"}],"collection":[{"href":"https:\/\/www.ladiagonale.net\/index.php\/wp-json\/wp\/v2\/posts"}],"about":[{"href":"https:\/\/www.ladiagonale.net\/index.php\/wp-json\/wp\/v2\/types\/post"}],"author":[{"embeddable":true,"href":"https:\/\/www.ladiagonale.net\/index.php\/wp-json\/wp\/v2\/users\/2"}],"replies":[{"embeddable":true,"href":"https:\/\/www.ladiagonale.net\/index.php\/wp-json\/wp\/v2\/comments?post=13843"}],"version-history":[{"count":2,"href":"https:\/\/www.ladiagonale.net\/index.php\/wp-json\/wp\/v2\/posts\/13843\/revisions"}],"predecessor-version":[{"id":13845,"href":"https:\/\/www.ladiagonale.net\/index.php\/wp-json\/wp\/v2\/posts\/13843\/revisions\/13845"}],"wp:attachment":[{"href":"https:\/\/www.ladiagonale.net\/index.php\/wp-json\/wp\/v2\/media?parent=13843"}],"wp:term":[{"taxonomy":"category","embeddable":true,"href":"https:\/\/www.ladiagonale.net\/index.php\/wp-json\/wp\/v2\/categories?post=13843"},{"taxonomy":"post_tag","embeddable":true,"href":"https:\/\/www.ladiagonale.net\/index.php\/wp-json\/wp\/v2\/tags?post=13843"}],"curies":[{"name":"wp","href":"https:\/\/api.w.org\/{rel}","templated":true}]}}