{"id":13850,"date":"2023-07-11T16:31:38","date_gmt":"2023-07-11T14:31:38","guid":{"rendered":"https:\/\/www.ladiagonale.net\/?p=13850"},"modified":"2023-07-11T16:36:43","modified_gmt":"2023-07-11T14:36:43","slug":"jean-lucas-et-musaba-avec-le-groupe-elite","status":"publish","type":"post","link":"https:\/\/www.ladiagonale.net\/index.php\/2023\/07\/11\/jean-lucas-et-musaba-avec-le-groupe-elite\/","title":{"rendered":"Jean Lucas et Musaba avec le Groupe \u00c9lite"},"content":{"rendered":"\n<p>Le grand d\u00e9classement continue pour Jean Lucas. Ind\u00e9sirable depuis de nombreux mois \u00e0 l\u2019AS Monaco (il n\u2019a plus jou\u00e9 depuis octobre), le milieu de terrain, qui \u00e9tait pr\u00e9sent \u00e0 la reprise du groupe professionnel le 3 juillet, a \u00e9galement effectu\u00e9 la reprise avec le Groupe \u00c9lite de Damien Perrinelle ce lundi. Le Br\u00e9silien n\u2019\u00e9tait pas le seul \u00e0 descendre d\u2019un niveau puisqu\u2019il \u00e9tait accompagn\u00e9 d\u2019Anthony Musaba.<\/p>\n\n\n<div class=\"wp-block-image\">\n<figure class=\"aligncenter size-large\"><img loading=\"lazy\" width=\"279\" height=\"300\" src=\"https:\/\/www.ladiagonale.net\/wp-content\/uploads\/2023\/07\/image-279x300.jpg\" alt=\"\" class=\"wp-image-13849\" srcset=\"https:\/\/www.ladiagonale.net\/wp-content\/uploads\/2023\/07\/image-279x300.jpg 279w, https:\/\/www.ladiagonale.net\/wp-content\/uploads\/2023\/07\/image-119x128.jpg 119w, https:\/\/www.ladiagonale.net\/wp-content\/uploads\/2023\/07\/image-30x32.jpg 30w, https:\/\/www.ladiagonale.net\/wp-content\/uploads\/2023\/07\/image.jpg 473w\" sizes=\"(max-width: 279px) 100vw, 279px\" \/><figcaption class=\"wp-element-caption\">Musaba (\u00e0 gauche) et Jean Lucas (\u00e0 droite) &#8211; Cr\u00e9dit photo : Twitter de Dejan Kuzmanovic<\/figcaption><\/figure><\/div>\n\n\n<p>Samedi, pour la premi\u00e8re rencontre de la pr\u00e9saison face \u00e0 l\u2019Union Saint-Gilloise, les deux joueurs n\u2019avaient d\u00e9j\u00e0 pas \u00e9t\u00e9 convoqu\u00e9s par Adi H\u00fctter, malgr\u00e9 un groupe largement rajeuni. Depuis janvier, Jean Lucas a \u00e9t\u00e9 r\u00e9guli\u00e8rement sollicit\u00e9 au Br\u00e9sil, notamment pour un pr\u00eat, mais le club de la Principaut\u00e9, souhaitant un transfert sec, n\u2019a jamais pu trouver un point de chute \u00e0 l\u2019ancien Lyonnais, sous contrat jusqu\u2019en 2026. <a href=\"https:\/\/www.ladiagonale.net\/index.php\/2023\/06\/22\/le-sporting-portugal-aurait-renonce-a-jean-lucas\/\">La derni\u00e8re piste concr\u00e8te menait au Sporting Portugal<\/a> mais le club portugais a finalement privil\u00e9gi\u00e9 d\u2019autres pistes.<\/p>\n\n\n\n<p>De son c\u00f4t\u00e9 de l\u2019ailier n\u00e9erlandais Anthony Musaba (22 ans), qui ne compte qu\u2019une apparition avec le maillot \u00e0 la diagonale (contre le Sparta Prague, le 2 ao\u00fbt 2021), revient d\u2019un quatri\u00e8me pr\u00eat cons\u00e9cutif. Il est sous contrat jusqu\u2019en juin 2025 et il semble peu probable que son avenir s\u2019inscrive en Principaut\u00e9. <\/p>\n","protected":false},"excerpt":{"rendered":"<p>Le grand d\u00e9classement continue pour Jean Lucas. Ind\u00e9sirable depuis de nombreux mois \u00e0 l\u2019AS Monaco (il n\u2019a plus jou\u00e9 depuis octobre), le milieu de terrain, qui \u00e9tait pr\u00e9sent \u00e0 la reprise du groupe professionnel le 3 juillet, a \u00e9galement effectu\u00e9 la reprise avec le Groupe \u00c9lite de Damien Perrinelle ce lundi. Le Br\u00e9silien n\u2019\u00e9tait pas [&#8230;]\n","protected":false},"author":2,"featured_media":0,"comment_status":"open","ping_status":"open","sticky":false,"template":"","format":"standard","meta":[],"categories":[6],"tags":[312,86,228,262],"yoast_head":"<!-- This site is optimized with the Yoast SEO plugin v19.8 - https:\/\/yoast.com\/wordpress\/plugins\/seo\/ -->\n<title>Jean Lucas et Musaba avec le Groupe \u00c9lite - La Diagonale<\/title>\n<meta name=\"robots\" content=\"index, follow, max-snippet:-1, max-image-preview:large, max-video-preview:-1\" \/>\n<link rel=\"canonical\" href=\"https:\/\/www.ladiagonale.net\/index.php\/2023\/07\/11\/jean-lucas-et-musaba-avec-le-groupe-elite\/\" \/>\n<meta property=\"og:locale\" content=\"fr_FR\" \/>\n<meta property=\"og:type\" content=\"article\" \/>\n<meta property=\"og:title\" content=\"Jean Lucas et Musaba avec le Groupe \u00c9lite - La Diagonale\" \/>\n<meta property=\"og:description\" content=\"Le grand d\u00e9classement continue pour Jean Lucas. Ind\u00e9sirable depuis de nombreux mois \u00e0 l\u2019AS Monaco (il n\u2019a plus jou\u00e9 depuis octobre), le milieu de terrain, qui \u00e9tait pr\u00e9sent \u00e0 la reprise du groupe professionnel le 3 juillet, a \u00e9galement effectu\u00e9 la reprise avec le Groupe \u00c9lite de Damien Perrinelle ce lundi. Le Br\u00e9silien n\u2019\u00e9tait pas [...]\" \/>\n<meta property=\"og:url\" content=\"https:\/\/www.ladiagonale.net\/index.php\/2023\/07\/11\/jean-lucas-et-musaba-avec-le-groupe-elite\/\" \/>\n<meta property=\"og:site_name\" content=\"La Diagonale\" \/>\n<meta property=\"article:published_time\" content=\"2023-07-11T14:31:38+00:00\" \/>\n<meta property=\"article:modified_time\" content=\"2023-07-11T14:36:43+00:00\" \/>\n<meta property=\"og:image\" content=\"https:\/\/www.ladiagonale.net\/wp-content\/uploads\/2022\/12\/jlucas.png\" \/>\n\t<meta property=\"og:image:width\" content=\"1160\" \/>\n\t<meta property=\"og:image:height\" content=\"650\" \/>\n\t<meta property=\"og:image:type\" content=\"image\/png\" \/>\n<meta name=\"author\" content=\"Damien Dellerba\" \/>\n<meta name=\"twitter:card\" content=\"summary_large_image\" \/>\n<meta name=\"twitter:image\" content=\"https:\/\/www.ladiagonale.net\/wp-content\/uploads\/2022\/12\/jlucas.png\" \/>\n<meta name=\"twitter:label1\" content=\"\u00c9crit par\" \/>\n\t<meta name=\"twitter:data1\" content=\"Damien Dellerba\" \/>\n\t<meta name=\"twitter:label2\" content=\"Dur\u00e9e de lecture estim\u00e9e\" \/>\n\t<meta name=\"twitter:data2\" content=\"2 minutes\" \/>\n<script type=\"application\/ld+json\" class=\"yoast-schema-graph\">{\"@context\":\"https:\/\/schema.org\",\"@graph\":[{\"@type\":\"WebPage\",\"@id\":\"https:\/\/www.ladiagonale.net\/index.php\/2023\/07\/11\/jean-lucas-et-musaba-avec-le-groupe-elite\/\",\"url\":\"https:\/\/www.ladiagonale.net\/index.php\/2023\/07\/11\/jean-lucas-et-musaba-avec-le-groupe-elite\/\",\"name\":\"Jean Lucas et Musaba avec le Groupe \u00c9lite - La Diagonale\",\"isPartOf\":{\"@id\":\"https:\/\/www.ladiagonale.net\/#website\"},\"datePublished\":\"2023-07-11T14:31:38+00:00\",\"dateModified\":\"2023-07-11T14:36:43+00:00\",\"author\":{\"@id\":\"https:\/\/www.ladiagonale.net\/#\/schema\/person\/79ff1e7b0853ed01b2aa26e64ad300bf\"},\"breadcrumb\":{\"@id\":\"https:\/\/www.ladiagonale.net\/index.php\/2023\/07\/11\/jean-lucas-et-musaba-avec-le-groupe-elite\/#breadcrumb\"},\"inLanguage\":\"fr-FR\",\"potentialAction\":[{\"@type\":\"ReadAction\",\"target\":[\"https:\/\/www.ladiagonale.net\/index.php\/2023\/07\/11\/jean-lucas-et-musaba-avec-le-groupe-elite\/\"]}]},{\"@type\":\"BreadcrumbList\",\"@id\":\"https:\/\/www.ladiagonale.net\/index.php\/2023\/07\/11\/jean-lucas-et-musaba-avec-le-groupe-elite\/#breadcrumb\",\"itemListElement\":[{\"@type\":\"ListItem\",\"position\":1,\"name\":\"Accueil\",\"item\":\"https:\/\/www.ladiagonale.net\/\"},{\"@type\":\"ListItem\",\"position\":2,\"name\":\"Jean Lucas et Musaba avec le Groupe \u00c9lite\"}]},{\"@type\":\"WebSite\",\"@id\":\"https:\/\/www.ladiagonale.net\/#website\",\"url\":\"https:\/\/www.ladiagonale.net\/\",\"name\":\"La Diagonale\",\"description\":\"Le site des supporters de l&#039;AS Monaco FC\",\"potentialAction\":[{\"@type\":\"SearchAction\",\"target\":{\"@type\":\"EntryPoint\",\"urlTemplate\":\"https:\/\/www.ladiagonale.net\/?s={search_term_string}\"},\"query-input\":\"required name=search_term_string\"}],\"inLanguage\":\"fr-FR\"},{\"@type\":\"Person\",\"@id\":\"https:\/\/www.ladiagonale.net\/#\/schema\/person\/79ff1e7b0853ed01b2aa26e64ad300bf\",\"name\":\"Damien Dellerba\",\"image\":{\"@type\":\"ImageObject\",\"inLanguage\":\"fr-FR\",\"@id\":\"https:\/\/www.ladiagonale.net\/#\/schema\/person\/image\/\",\"url\":\"https:\/\/secure.gravatar.com\/avatar\/c7850e06d3ff63cdbaee88b7fc16e2f0?s=96&d=mm&r=g\",\"contentUrl\":\"https:\/\/secure.gravatar.com\/avatar\/c7850e06d3ff63cdbaee88b7fc16e2f0?s=96&d=mm&r=g\",\"caption\":\"Damien Dellerba\"},\"url\":\"https:\/\/www.ladiagonale.net\/index.php\/author\/damien\/\"}]}<\/script>\n<!-- \/ Yoast SEO plugin. -->","yoast_head_json":{"title":"Jean Lucas et Musaba avec le Groupe \u00c9lite - La Diagonale","robots":{"index":"index","follow":"follow","max-snippet":"max-snippet:-1","max-image-preview":"max-image-preview:large","max-video-preview":"max-video-preview:-1"},"canonical":"https:\/\/www.ladiagonale.net\/index.php\/2023\/07\/11\/jean-lucas-et-musaba-avec-le-groupe-elite\/","og_locale":"fr_FR","og_type":"article","og_title":"Jean Lucas et Musaba avec le Groupe \u00c9lite - La Diagonale","og_description":"Le grand d\u00e9classement continue pour Jean Lucas. Ind\u00e9sirable depuis de nombreux mois \u00e0 l\u2019AS Monaco (il n\u2019a plus jou\u00e9 depuis octobre), le milieu de terrain, qui \u00e9tait pr\u00e9sent \u00e0 la reprise du groupe professionnel le 3 juillet, a \u00e9galement effectu\u00e9 la reprise avec le Groupe \u00c9lite de Damien Perrinelle ce lundi. Le Br\u00e9silien n\u2019\u00e9tait pas [...]","og_url":"https:\/\/www.ladiagonale.net\/index.php\/2023\/07\/11\/jean-lucas-et-musaba-avec-le-groupe-elite\/","og_site_name":"La Diagonale","article_published_time":"2023-07-11T14:31:38+00:00","article_modified_time":"2023-07-11T14:36:43+00:00","og_image":[{"width":1160,"height":650,"url":"https:\/\/www.ladiagonale.net\/wp-content\/uploads\/2022\/12\/jlucas.png","type":"image\/png"}],"author":"Damien Dellerba","twitter_card":"summary_large_image","twitter_image":"https:\/\/www.ladiagonale.net\/wp-content\/uploads\/2022\/12\/jlucas.png","twitter_misc":{"\u00c9crit par":"Damien Dellerba","Dur\u00e9e de lecture estim\u00e9e":"2 minutes"},"schema":{"@context":"https:\/\/schema.org","@graph":[{"@type":"WebPage","@id":"https:\/\/www.ladiagonale.net\/index.php\/2023\/07\/11\/jean-lucas-et-musaba-avec-le-groupe-elite\/","url":"https:\/\/www.ladiagonale.net\/index.php\/2023\/07\/11\/jean-lucas-et-musaba-avec-le-groupe-elite\/","name":"Jean Lucas et Musaba avec le Groupe \u00c9lite - La Diagonale","isPartOf":{"@id":"https:\/\/www.ladiagonale.net\/#website"},"datePublished":"2023-07-11T14:31:38+00:00","dateModified":"2023-07-11T14:36:43+00:00","author":{"@id":"https:\/\/www.ladiagonale.net\/#\/schema\/person\/79ff1e7b0853ed01b2aa26e64ad300bf"},"breadcrumb":{"@id":"https:\/\/www.ladiagonale.net\/index.php\/2023\/07\/11\/jean-lucas-et-musaba-avec-le-groupe-elite\/#breadcrumb"},"inLanguage":"fr-FR","potentialAction":[{"@type":"ReadAction","target":["https:\/\/www.ladiagonale.net\/index.php\/2023\/07\/11\/jean-lucas-et-musaba-avec-le-groupe-elite\/"]}]},{"@type":"BreadcrumbList","@id":"https:\/\/www.ladiagonale.net\/index.php\/2023\/07\/11\/jean-lucas-et-musaba-avec-le-groupe-elite\/#breadcrumb","itemListElement":[{"@type":"ListItem","position":1,"name":"Accueil","item":"https:\/\/www.ladiagonale.net\/"},{"@type":"ListItem","position":2,"name":"Jean Lucas et Musaba avec le Groupe \u00c9lite"}]},{"@type":"WebSite","@id":"https:\/\/www.ladiagonale.net\/#website","url":"https:\/\/www.ladiagonale.net\/","name":"La Diagonale","description":"Le site des supporters de l&#039;AS Monaco FC","potentialAction":[{"@type":"SearchAction","target":{"@type":"EntryPoint","urlTemplate":"https:\/\/www.ladiagonale.net\/?s={search_term_string}"},"query-input":"required name=search_term_string"}],"inLanguage":"fr-FR"},{"@type":"Person","@id":"https:\/\/www.ladiagonale.net\/#\/schema\/person\/79ff1e7b0853ed01b2aa26e64ad300bf","name":"Damien Dellerba","image":{"@type":"ImageObject","inLanguage":"fr-FR","@id":"https:\/\/www.ladiagonale.net\/#\/schema\/person\/image\/","url":"https:\/\/secure.gravatar.com\/avatar\/c7850e06d3ff63cdbaee88b7fc16e2f0?s=96&d=mm&r=g","contentUrl":"https:\/\/secure.gravatar.com\/avatar\/c7850e06d3ff63cdbaee88b7fc16e2f0?s=96&d=mm&r=g","caption":"Damien Dellerba"},"url":"https:\/\/www.ladiagonale.net\/index.php\/author\/damien\/"}]}},"_links":{"self":[{"href":"https:\/\/www.ladiagonale.net\/index.php\/wp-json\/wp\/v2\/posts\/13850"}],"collection":[{"href":"https:\/\/www.ladiagonale.net\/index.php\/wp-json\/wp\/v2\/posts"}],"about":[{"href":"https:\/\/www.ladiagonale.net\/index.php\/wp-json\/wp\/v2\/types\/post"}],"author":[{"embeddable":true,"href":"https:\/\/www.ladiagonale.net\/index.php\/wp-json\/wp\/v2\/users\/2"}],"replies":[{"embeddable":true,"href":"https:\/\/www.ladiagonale.net\/index.php\/wp-json\/wp\/v2\/comments?post=13850"}],"version-history":[{"count":4,"href":"https:\/\/www.ladiagonale.net\/index.php\/wp-json\/wp\/v2\/posts\/13850\/revisions"}],"predecessor-version":[{"id":13854,"href":"https:\/\/www.ladiagonale.net\/index.php\/wp-json\/wp\/v2\/posts\/13850\/revisions\/13854"}],"wp:attachment":[{"href":"https:\/\/www.ladiagonale.net\/index.php\/wp-json\/wp\/v2\/media?parent=13850"}],"wp:term":[{"taxonomy":"category","embeddable":true,"href":"https:\/\/www.ladiagonale.net\/index.php\/wp-json\/wp\/v2\/categories?post=13850"},{"taxonomy":"post_tag","embeddable":true,"href":"https:\/\/www.ladiagonale.net\/index.php\/wp-json\/wp\/v2\/tags?post=13850"}],"curies":[{"name":"wp","href":"https:\/\/api.w.org\/{rel}","templated":true}]}}