{"id":13855,"date":"2023-07-12T00:19:07","date_gmt":"2023-07-11T22:19:07","guid":{"rendered":"https:\/\/www.ladiagonale.net\/?p=13855"},"modified":"2023-07-12T12:09:46","modified_gmt":"2023-07-12T10:09:46","slug":"santos-aurait-transmis-une-offre-pour-jean-lucas-actualise","status":"publish","type":"post","link":"https:\/\/www.ladiagonale.net\/index.php\/2023\/07\/12\/santos-aurait-transmis-une-offre-pour-jean-lucas-actualise\/","title":{"rendered":"Santos aurait transmis une offre pour Jean Lucas (Actualis\u00e9)"},"content":{"rendered":"\n\n\n<p>Malgr\u00e9 de nombreuses sollicitations depuis le d\u00e9but de l&rsquo;ann\u00e9e 2023, Jean Lucas n&rsquo;a toujours pas trouv\u00e9 de nouveau club, alors qu&rsquo;il n&rsquo;est plus d\u00e9sir\u00e9 \u00e0 l&rsquo;AS Monaco, o\u00f9 il n&rsquo;a plus jou\u00e9 depuis le 27 octobre 2022, et <a href=\"https:\/\/www.ladiagonale.net\/index.php\/2023\/07\/11\/jean-lucas-et-musaba-avec-le-groupe-elite\/\">qu&rsquo;il s&rsquo;entra\u00eene d\u00e9sormais avec le Groupe \u00c9lite<\/a>. Le club br\u00e9silien de Santos avait d\u00e9j\u00e0 tent\u00e9 de se faire pr\u00eater le milieu de terrain de 25 ans au cours des derniers mois mais s&rsquo;\u00e9tait heurt\u00e9 aux exigences de l&rsquo;AS Monaco qui pr\u00e9f\u00e9rait un transfert, <a href=\"https:\/\/www.ladiagonale.net\/index.php\/2023\/03\/22\/santos-proche-de-jeter-leponge-pour-jean-lucas\/\">poussant le club de <em>Peixe<\/em> \u00e0 jeter l&rsquo;\u00e9ponge sur ce dossier<\/a>. <\/p>\n\n\n\n<p>Toutefois, selon <em>Globo<\/em>, le prochain transfert d&rsquo;Angelo Gabriel vers Chelsea, pour un montant avoisinant les 15 millions d&rsquo;euros, pourrait permettre au club br\u00e9silien de disposer de liquidit\u00e9s plus importantes afin de revenir \u00e0 la charge pour Jean Lucas. Cela aurait d&rsquo;ailleurs eu pour cons\u00e9quence imm\u00e9diate une reprise des contacts entre Santos et le milieu de terrain de l&rsquo;ASM, qui dispose d&rsquo;un contrat jusqu\u2019en 2026. Le club br\u00e9silien m\u00e8nerait cependant une n\u00e9gociation en parall\u00e8le pour Bruno Henrique, qui \u00e9volue \u00e0 Al-Ittihad.<\/p>\n\n\n\n<p><strong>Actualisation : <\/strong>\u00c0 en croire UOL, le club br\u00e9silien serait pass\u00e9 \u00e0 la vitesse sup\u00e9rieure et aurait fait une premi\u00e8re offre pour obtenir le transfert du milieu de terrain de l&rsquo;AS Monaco.<\/p>\n","protected":false},"excerpt":{"rendered":"<p>Malgr\u00e9 de nombreuses sollicitations depuis le d\u00e9but de l&rsquo;ann\u00e9e 2023, Jean Lucas n&rsquo;a toujours pas trouv\u00e9 de nouveau club, alors qu&rsquo;il n&rsquo;est plus d\u00e9sir\u00e9 \u00e0 l&rsquo;AS Monaco, o\u00f9 il n&rsquo;a plus jou\u00e9 depuis le 27 octobre 2022, et qu&rsquo;il s&rsquo;entra\u00eene d\u00e9sormais avec le Groupe \u00c9lite. Le club br\u00e9silien de Santos avait d\u00e9j\u00e0 tent\u00e9 de se [&#8230;]\n","protected":false},"author":2,"featured_media":0,"comment_status":"open","ping_status":"open","sticky":false,"template":"","format":"standard","meta":[],"categories":[6],"tags":[86,262,111,608,110],"yoast_head":"<!-- This site is optimized with the Yoast SEO plugin v19.8 - https:\/\/yoast.com\/wordpress\/plugins\/seo\/ -->\n<title>Santos aurait transmis une offre pour Jean Lucas (Actualis\u00e9) - La Diagonale<\/title>\n<meta name=\"robots\" content=\"index, follow, max-snippet:-1, max-image-preview:large, max-video-preview:-1\" \/>\n<link rel=\"canonical\" href=\"https:\/\/www.ladiagonale.net\/index.php\/2023\/07\/12\/santos-aurait-transmis-une-offre-pour-jean-lucas-actualise\/\" \/>\n<meta property=\"og:locale\" content=\"fr_FR\" \/>\n<meta property=\"og:type\" content=\"article\" \/>\n<meta property=\"og:title\" content=\"Santos aurait transmis une offre pour Jean Lucas (Actualis\u00e9) - La Diagonale\" \/>\n<meta property=\"og:description\" content=\"Malgr\u00e9 de nombreuses sollicitations depuis le d\u00e9but de l&rsquo;ann\u00e9e 2023, Jean Lucas n&rsquo;a toujours pas trouv\u00e9 de nouveau club, alors qu&rsquo;il n&rsquo;est plus d\u00e9sir\u00e9 \u00e0 l&rsquo;AS Monaco, o\u00f9 il n&rsquo;a plus jou\u00e9 depuis le 27 octobre 2022, et qu&rsquo;il s&rsquo;entra\u00eene d\u00e9sormais avec le Groupe \u00c9lite. Le club br\u00e9silien de Santos avait d\u00e9j\u00e0 tent\u00e9 de se [...]\" \/>\n<meta property=\"og:url\" content=\"https:\/\/www.ladiagonale.net\/index.php\/2023\/07\/12\/santos-aurait-transmis-une-offre-pour-jean-lucas-actualise\/\" \/>\n<meta property=\"og:site_name\" content=\"La Diagonale\" \/>\n<meta property=\"article:published_time\" content=\"2023-07-11T22:19:07+00:00\" \/>\n<meta property=\"article:modified_time\" content=\"2023-07-12T10:09:46+00:00\" \/>\n<meta property=\"og:image\" content=\"https:\/\/www.ladiagonale.net\/wp-content\/uploads\/2022\/12\/jlucas.png\" \/>\n\t<meta property=\"og:image:width\" content=\"1160\" \/>\n\t<meta property=\"og:image:height\" content=\"650\" \/>\n\t<meta property=\"og:image:type\" content=\"image\/png\" \/>\n<meta name=\"author\" content=\"Damien Dellerba\" \/>\n<meta name=\"twitter:card\" content=\"summary_large_image\" \/>\n<meta name=\"twitter:image\" content=\"https:\/\/www.ladiagonale.net\/wp-content\/uploads\/2022\/12\/jlucas.png\" \/>\n<meta name=\"twitter:label1\" content=\"\u00c9crit par\" \/>\n\t<meta name=\"twitter:data1\" content=\"Damien Dellerba\" \/>\n\t<meta name=\"twitter:label2\" content=\"Dur\u00e9e de lecture estim\u00e9e\" \/>\n\t<meta name=\"twitter:data2\" content=\"2 minutes\" \/>\n<script type=\"application\/ld+json\" class=\"yoast-schema-graph\">{\"@context\":\"https:\/\/schema.org\",\"@graph\":[{\"@type\":\"WebPage\",\"@id\":\"https:\/\/www.ladiagonale.net\/index.php\/2023\/07\/12\/santos-aurait-transmis-une-offre-pour-jean-lucas-actualise\/\",\"url\":\"https:\/\/www.ladiagonale.net\/index.php\/2023\/07\/12\/santos-aurait-transmis-une-offre-pour-jean-lucas-actualise\/\",\"name\":\"Santos aurait transmis une offre pour Jean Lucas (Actualis\u00e9) - La Diagonale\",\"isPartOf\":{\"@id\":\"https:\/\/www.ladiagonale.net\/#website\"},\"datePublished\":\"2023-07-11T22:19:07+00:00\",\"dateModified\":\"2023-07-12T10:09:46+00:00\",\"author\":{\"@id\":\"https:\/\/www.ladiagonale.net\/#\/schema\/person\/79ff1e7b0853ed01b2aa26e64ad300bf\"},\"breadcrumb\":{\"@id\":\"https:\/\/www.ladiagonale.net\/index.php\/2023\/07\/12\/santos-aurait-transmis-une-offre-pour-jean-lucas-actualise\/#breadcrumb\"},\"inLanguage\":\"fr-FR\",\"potentialAction\":[{\"@type\":\"ReadAction\",\"target\":[\"https:\/\/www.ladiagonale.net\/index.php\/2023\/07\/12\/santos-aurait-transmis-une-offre-pour-jean-lucas-actualise\/\"]}]},{\"@type\":\"BreadcrumbList\",\"@id\":\"https:\/\/www.ladiagonale.net\/index.php\/2023\/07\/12\/santos-aurait-transmis-une-offre-pour-jean-lucas-actualise\/#breadcrumb\",\"itemListElement\":[{\"@type\":\"ListItem\",\"position\":1,\"name\":\"Accueil\",\"item\":\"https:\/\/www.ladiagonale.net\/\"},{\"@type\":\"ListItem\",\"position\":2,\"name\":\"Santos aurait transmis une offre pour Jean Lucas (Actualis\u00e9)\"}]},{\"@type\":\"WebSite\",\"@id\":\"https:\/\/www.ladiagonale.net\/#website\",\"url\":\"https:\/\/www.ladiagonale.net\/\",\"name\":\"La Diagonale\",\"description\":\"Le site des supporters de l&#039;AS Monaco FC\",\"potentialAction\":[{\"@type\":\"SearchAction\",\"target\":{\"@type\":\"EntryPoint\",\"urlTemplate\":\"https:\/\/www.ladiagonale.net\/?s={search_term_string}\"},\"query-input\":\"required name=search_term_string\"}],\"inLanguage\":\"fr-FR\"},{\"@type\":\"Person\",\"@id\":\"https:\/\/www.ladiagonale.net\/#\/schema\/person\/79ff1e7b0853ed01b2aa26e64ad300bf\",\"name\":\"Damien Dellerba\",\"image\":{\"@type\":\"ImageObject\",\"inLanguage\":\"fr-FR\",\"@id\":\"https:\/\/www.ladiagonale.net\/#\/schema\/person\/image\/\",\"url\":\"https:\/\/secure.gravatar.com\/avatar\/c7850e06d3ff63cdbaee88b7fc16e2f0?s=96&d=mm&r=g\",\"contentUrl\":\"https:\/\/secure.gravatar.com\/avatar\/c7850e06d3ff63cdbaee88b7fc16e2f0?s=96&d=mm&r=g\",\"caption\":\"Damien Dellerba\"},\"url\":\"https:\/\/www.ladiagonale.net\/index.php\/author\/damien\/\"}]}<\/script>\n<!-- \/ Yoast SEO plugin. -->","yoast_head_json":{"title":"Santos aurait transmis une offre pour Jean Lucas (Actualis\u00e9) - La Diagonale","robots":{"index":"index","follow":"follow","max-snippet":"max-snippet:-1","max-image-preview":"max-image-preview:large","max-video-preview":"max-video-preview:-1"},"canonical":"https:\/\/www.ladiagonale.net\/index.php\/2023\/07\/12\/santos-aurait-transmis-une-offre-pour-jean-lucas-actualise\/","og_locale":"fr_FR","og_type":"article","og_title":"Santos aurait transmis une offre pour Jean Lucas (Actualis\u00e9) - La Diagonale","og_description":"Malgr\u00e9 de nombreuses sollicitations depuis le d\u00e9but de l&rsquo;ann\u00e9e 2023, Jean Lucas n&rsquo;a toujours pas trouv\u00e9 de nouveau club, alors qu&rsquo;il n&rsquo;est plus d\u00e9sir\u00e9 \u00e0 l&rsquo;AS Monaco, o\u00f9 il n&rsquo;a plus jou\u00e9 depuis le 27 octobre 2022, et qu&rsquo;il s&rsquo;entra\u00eene d\u00e9sormais avec le Groupe \u00c9lite. Le club br\u00e9silien de Santos avait d\u00e9j\u00e0 tent\u00e9 de se [...]","og_url":"https:\/\/www.ladiagonale.net\/index.php\/2023\/07\/12\/santos-aurait-transmis-une-offre-pour-jean-lucas-actualise\/","og_site_name":"La Diagonale","article_published_time":"2023-07-11T22:19:07+00:00","article_modified_time":"2023-07-12T10:09:46+00:00","og_image":[{"width":1160,"height":650,"url":"https:\/\/www.ladiagonale.net\/wp-content\/uploads\/2022\/12\/jlucas.png","type":"image\/png"}],"author":"Damien Dellerba","twitter_card":"summary_large_image","twitter_image":"https:\/\/www.ladiagonale.net\/wp-content\/uploads\/2022\/12\/jlucas.png","twitter_misc":{"\u00c9crit par":"Damien Dellerba","Dur\u00e9e de lecture estim\u00e9e":"2 minutes"},"schema":{"@context":"https:\/\/schema.org","@graph":[{"@type":"WebPage","@id":"https:\/\/www.ladiagonale.net\/index.php\/2023\/07\/12\/santos-aurait-transmis-une-offre-pour-jean-lucas-actualise\/","url":"https:\/\/www.ladiagonale.net\/index.php\/2023\/07\/12\/santos-aurait-transmis-une-offre-pour-jean-lucas-actualise\/","name":"Santos aurait transmis une offre pour Jean Lucas (Actualis\u00e9) - La Diagonale","isPartOf":{"@id":"https:\/\/www.ladiagonale.net\/#website"},"datePublished":"2023-07-11T22:19:07+00:00","dateModified":"2023-07-12T10:09:46+00:00","author":{"@id":"https:\/\/www.ladiagonale.net\/#\/schema\/person\/79ff1e7b0853ed01b2aa26e64ad300bf"},"breadcrumb":{"@id":"https:\/\/www.ladiagonale.net\/index.php\/2023\/07\/12\/santos-aurait-transmis-une-offre-pour-jean-lucas-actualise\/#breadcrumb"},"inLanguage":"fr-FR","potentialAction":[{"@type":"ReadAction","target":["https:\/\/www.ladiagonale.net\/index.php\/2023\/07\/12\/santos-aurait-transmis-une-offre-pour-jean-lucas-actualise\/"]}]},{"@type":"BreadcrumbList","@id":"https:\/\/www.ladiagonale.net\/index.php\/2023\/07\/12\/santos-aurait-transmis-une-offre-pour-jean-lucas-actualise\/#breadcrumb","itemListElement":[{"@type":"ListItem","position":1,"name":"Accueil","item":"https:\/\/www.ladiagonale.net\/"},{"@type":"ListItem","position":2,"name":"Santos aurait transmis une offre pour Jean Lucas (Actualis\u00e9)"}]},{"@type":"WebSite","@id":"https:\/\/www.ladiagonale.net\/#website","url":"https:\/\/www.ladiagonale.net\/","name":"La Diagonale","description":"Le site des supporters de l&#039;AS Monaco FC","potentialAction":[{"@type":"SearchAction","target":{"@type":"EntryPoint","urlTemplate":"https:\/\/www.ladiagonale.net\/?s={search_term_string}"},"query-input":"required name=search_term_string"}],"inLanguage":"fr-FR"},{"@type":"Person","@id":"https:\/\/www.ladiagonale.net\/#\/schema\/person\/79ff1e7b0853ed01b2aa26e64ad300bf","name":"Damien Dellerba","image":{"@type":"ImageObject","inLanguage":"fr-FR","@id":"https:\/\/www.ladiagonale.net\/#\/schema\/person\/image\/","url":"https:\/\/secure.gravatar.com\/avatar\/c7850e06d3ff63cdbaee88b7fc16e2f0?s=96&d=mm&r=g","contentUrl":"https:\/\/secure.gravatar.com\/avatar\/c7850e06d3ff63cdbaee88b7fc16e2f0?s=96&d=mm&r=g","caption":"Damien Dellerba"},"url":"https:\/\/www.ladiagonale.net\/index.php\/author\/damien\/"}]}},"_links":{"self":[{"href":"https:\/\/www.ladiagonale.net\/index.php\/wp-json\/wp\/v2\/posts\/13855"}],"collection":[{"href":"https:\/\/www.ladiagonale.net\/index.php\/wp-json\/wp\/v2\/posts"}],"about":[{"href":"https:\/\/www.ladiagonale.net\/index.php\/wp-json\/wp\/v2\/types\/post"}],"author":[{"embeddable":true,"href":"https:\/\/www.ladiagonale.net\/index.php\/wp-json\/wp\/v2\/users\/2"}],"replies":[{"embeddable":true,"href":"https:\/\/www.ladiagonale.net\/index.php\/wp-json\/wp\/v2\/comments?post=13855"}],"version-history":[{"count":3,"href":"https:\/\/www.ladiagonale.net\/index.php\/wp-json\/wp\/v2\/posts\/13855\/revisions"}],"predecessor-version":[{"id":13868,"href":"https:\/\/www.ladiagonale.net\/index.php\/wp-json\/wp\/v2\/posts\/13855\/revisions\/13868"}],"wp:attachment":[{"href":"https:\/\/www.ladiagonale.net\/index.php\/wp-json\/wp\/v2\/media?parent=13855"}],"wp:term":[{"taxonomy":"category","embeddable":true,"href":"https:\/\/www.ladiagonale.net\/index.php\/wp-json\/wp\/v2\/categories?post=13855"},{"taxonomy":"post_tag","embeddable":true,"href":"https:\/\/www.ladiagonale.net\/index.php\/wp-json\/wp\/v2\/tags?post=13855"}],"curies":[{"name":"wp","href":"https:\/\/api.w.org\/{rel}","templated":true}]}}