{"id":13871,"date":"2023-07-12T18:50:56","date_gmt":"2023-07-12T16:50:56","guid":{"rendered":"https:\/\/www.ladiagonale.net\/?p=13871"},"modified":"2023-07-15T12:09:38","modified_gmt":"2023-07-15T10:09:38","slug":"monaco-serait-interesse-par-tidiam-gomis","status":"publish","type":"post","link":"https:\/\/www.ladiagonale.net\/index.php\/2023\/07\/12\/monaco-serait-interesse-par-tidiam-gomis\/","title":{"rendered":"Monaco serait int\u00e9ress\u00e9 par Tidiam Gomis"},"content":{"rendered":"\n\n\n<p>L&rsquo;AS Monaco aurait manifest\u00e9 son int\u00e9r\u00eat pour Tidiam Gomis, grand espoir de Caen, d&rsquo;apr\u00e8s <em>RMC Sport<\/em>. L&rsquo;ailier gauche, \u00e2g\u00e9 de seulement 16 ans, est le plus jeune professionnel de l&rsquo;histoire du club normand, avec qui il est li\u00e9 jusqu&rsquo;en juin 2025. Mais l&rsquo;ASM ne serait pas le seul club sur les rangs, alors que les contacts avec son entourage remonteraient \u00e0 plusieurs mois. Le Bayer Leverkusen serait en pole sur ce dossier et le Borussia Dortmund serait \u00e9galement sur le coup, tout comme Lyon. <em>RMC<\/em> pr\u00e9cise toutefois que Caen n&rsquo;est pas vendeur.<\/p>\n\n\n\n<p>Si Gomis a effectu\u00e9 la reprise de l&rsquo;entra\u00eenement cette saison avec le groupe professionnel du pensionnaire de Ligue 2, il n&rsquo;a pas encore pris part \u00e0 la moindre rencontre en pro. La saison derni\u00e8re, il a \u00e9volu\u00e9 avec l&rsquo;\u00e9quipe r\u00e9serve du Stade Malherbe, en National 2 (12 rencontres pour un 1 but). Entre mai et juin, il a disput\u00e9 l&rsquo;Euro U17 avec l&rsquo;\u00e9quipe de France en compagnie du Mon\u00e9gasque Sa\u00efmon Bouabr\u00e9, o\u00f9 il a termin\u00e9 vice-champion. Gomis avait pris part \u00e0 toutes les rencontres et inscrit deux buts.<\/p>\n\n\n\n<p class=\"has-white-color has-text-color has-background\" style=\"background-color:#303030\"><a href=\"https:\/\/www.ladiagonale.net\/index.php\/transferts\/\">Voir le tableau des transferts<\/a><\/p>\n","protected":false},"excerpt":{"rendered":"<p>L&rsquo;AS Monaco aurait manifest\u00e9 son int\u00e9r\u00eat pour Tidiam Gomis, grand espoir de Caen, d&rsquo;apr\u00e8s RMC Sport. L&rsquo;ailier gauche, \u00e2g\u00e9 de seulement 16 ans, est le plus jeune professionnel de l&rsquo;histoire du club normand, avec qui il est li\u00e9 jusqu&rsquo;en juin 2025. Mais l&rsquo;ASM ne serait pas le seul club sur les rangs, alors que les [&#8230;]\n","protected":false},"author":2,"featured_media":0,"comment_status":"open","ping_status":"open","sticky":false,"template":"","format":"standard","meta":[],"categories":[6],"tags":[86,611,111,610,110],"yoast_head":"<!-- This site is optimized with the Yoast SEO plugin v19.8 - https:\/\/yoast.com\/wordpress\/plugins\/seo\/ -->\n<title>Monaco serait int\u00e9ress\u00e9 par Tidiam Gomis - La Diagonale<\/title>\n<meta name=\"robots\" content=\"index, follow, max-snippet:-1, max-image-preview:large, max-video-preview:-1\" \/>\n<link rel=\"canonical\" href=\"https:\/\/www.ladiagonale.net\/index.php\/2023\/07\/12\/monaco-serait-interesse-par-tidiam-gomis\/\" \/>\n<meta property=\"og:locale\" content=\"fr_FR\" \/>\n<meta property=\"og:type\" content=\"article\" \/>\n<meta property=\"og:title\" content=\"Monaco serait int\u00e9ress\u00e9 par Tidiam Gomis - La Diagonale\" \/>\n<meta property=\"og:description\" content=\"L&rsquo;AS Monaco aurait manifest\u00e9 son int\u00e9r\u00eat pour Tidiam Gomis, grand espoir de Caen, d&rsquo;apr\u00e8s RMC Sport. L&rsquo;ailier gauche, \u00e2g\u00e9 de seulement 16 ans, est le plus jeune professionnel de l&rsquo;histoire du club normand, avec qui il est li\u00e9 jusqu&rsquo;en juin 2025. Mais l&rsquo;ASM ne serait pas le seul club sur les rangs, alors que les [...]\" \/>\n<meta property=\"og:url\" content=\"https:\/\/www.ladiagonale.net\/index.php\/2023\/07\/12\/monaco-serait-interesse-par-tidiam-gomis\/\" \/>\n<meta property=\"og:site_name\" content=\"La Diagonale\" \/>\n<meta property=\"article:published_time\" content=\"2023-07-12T16:50:56+00:00\" \/>\n<meta property=\"article:modified_time\" content=\"2023-07-15T10:09:38+00:00\" \/>\n<meta property=\"og:image\" content=\"https:\/\/www.ladiagonale.net\/wp-content\/uploads\/2023\/07\/gomis.png\" \/>\n\t<meta property=\"og:image:width\" content=\"1160\" \/>\n\t<meta property=\"og:image:height\" content=\"650\" \/>\n\t<meta property=\"og:image:type\" content=\"image\/png\" \/>\n<meta name=\"author\" content=\"Damien Dellerba\" \/>\n<meta name=\"twitter:card\" content=\"summary_large_image\" \/>\n<meta name=\"twitter:image\" content=\"https:\/\/www.ladiagonale.net\/wp-content\/uploads\/2023\/07\/gomis.png\" \/>\n<meta name=\"twitter:label1\" content=\"\u00c9crit par\" \/>\n\t<meta name=\"twitter:data1\" content=\"Damien Dellerba\" \/>\n\t<meta name=\"twitter:label2\" content=\"Dur\u00e9e de lecture estim\u00e9e\" \/>\n\t<meta name=\"twitter:data2\" content=\"1 minute\" \/>\n<script type=\"application\/ld+json\" class=\"yoast-schema-graph\">{\"@context\":\"https:\/\/schema.org\",\"@graph\":[{\"@type\":\"WebPage\",\"@id\":\"https:\/\/www.ladiagonale.net\/index.php\/2023\/07\/12\/monaco-serait-interesse-par-tidiam-gomis\/\",\"url\":\"https:\/\/www.ladiagonale.net\/index.php\/2023\/07\/12\/monaco-serait-interesse-par-tidiam-gomis\/\",\"name\":\"Monaco serait int\u00e9ress\u00e9 par Tidiam Gomis - La Diagonale\",\"isPartOf\":{\"@id\":\"https:\/\/www.ladiagonale.net\/#website\"},\"datePublished\":\"2023-07-12T16:50:56+00:00\",\"dateModified\":\"2023-07-15T10:09:38+00:00\",\"author\":{\"@id\":\"https:\/\/www.ladiagonale.net\/#\/schema\/person\/79ff1e7b0853ed01b2aa26e64ad300bf\"},\"breadcrumb\":{\"@id\":\"https:\/\/www.ladiagonale.net\/index.php\/2023\/07\/12\/monaco-serait-interesse-par-tidiam-gomis\/#breadcrumb\"},\"inLanguage\":\"fr-FR\",\"potentialAction\":[{\"@type\":\"ReadAction\",\"target\":[\"https:\/\/www.ladiagonale.net\/index.php\/2023\/07\/12\/monaco-serait-interesse-par-tidiam-gomis\/\"]}]},{\"@type\":\"BreadcrumbList\",\"@id\":\"https:\/\/www.ladiagonale.net\/index.php\/2023\/07\/12\/monaco-serait-interesse-par-tidiam-gomis\/#breadcrumb\",\"itemListElement\":[{\"@type\":\"ListItem\",\"position\":1,\"name\":\"Accueil\",\"item\":\"https:\/\/www.ladiagonale.net\/\"},{\"@type\":\"ListItem\",\"position\":2,\"name\":\"Monaco serait int\u00e9ress\u00e9 par Tidiam Gomis\"}]},{\"@type\":\"WebSite\",\"@id\":\"https:\/\/www.ladiagonale.net\/#website\",\"url\":\"https:\/\/www.ladiagonale.net\/\",\"name\":\"La Diagonale\",\"description\":\"Le site des supporters de l&#039;AS Monaco FC\",\"potentialAction\":[{\"@type\":\"SearchAction\",\"target\":{\"@type\":\"EntryPoint\",\"urlTemplate\":\"https:\/\/www.ladiagonale.net\/?s={search_term_string}\"},\"query-input\":\"required name=search_term_string\"}],\"inLanguage\":\"fr-FR\"},{\"@type\":\"Person\",\"@id\":\"https:\/\/www.ladiagonale.net\/#\/schema\/person\/79ff1e7b0853ed01b2aa26e64ad300bf\",\"name\":\"Damien Dellerba\",\"image\":{\"@type\":\"ImageObject\",\"inLanguage\":\"fr-FR\",\"@id\":\"https:\/\/www.ladiagonale.net\/#\/schema\/person\/image\/\",\"url\":\"https:\/\/secure.gravatar.com\/avatar\/c7850e06d3ff63cdbaee88b7fc16e2f0?s=96&d=mm&r=g\",\"contentUrl\":\"https:\/\/secure.gravatar.com\/avatar\/c7850e06d3ff63cdbaee88b7fc16e2f0?s=96&d=mm&r=g\",\"caption\":\"Damien Dellerba\"},\"url\":\"https:\/\/www.ladiagonale.net\/index.php\/author\/damien\/\"}]}<\/script>\n<!-- \/ Yoast SEO plugin. -->","yoast_head_json":{"title":"Monaco serait int\u00e9ress\u00e9 par Tidiam Gomis - La Diagonale","robots":{"index":"index","follow":"follow","max-snippet":"max-snippet:-1","max-image-preview":"max-image-preview:large","max-video-preview":"max-video-preview:-1"},"canonical":"https:\/\/www.ladiagonale.net\/index.php\/2023\/07\/12\/monaco-serait-interesse-par-tidiam-gomis\/","og_locale":"fr_FR","og_type":"article","og_title":"Monaco serait int\u00e9ress\u00e9 par Tidiam Gomis - La Diagonale","og_description":"L&rsquo;AS Monaco aurait manifest\u00e9 son int\u00e9r\u00eat pour Tidiam Gomis, grand espoir de Caen, d&rsquo;apr\u00e8s RMC Sport. L&rsquo;ailier gauche, \u00e2g\u00e9 de seulement 16 ans, est le plus jeune professionnel de l&rsquo;histoire du club normand, avec qui il est li\u00e9 jusqu&rsquo;en juin 2025. Mais l&rsquo;ASM ne serait pas le seul club sur les rangs, alors que les [...]","og_url":"https:\/\/www.ladiagonale.net\/index.php\/2023\/07\/12\/monaco-serait-interesse-par-tidiam-gomis\/","og_site_name":"La Diagonale","article_published_time":"2023-07-12T16:50:56+00:00","article_modified_time":"2023-07-15T10:09:38+00:00","og_image":[{"width":1160,"height":650,"url":"https:\/\/www.ladiagonale.net\/wp-content\/uploads\/2023\/07\/gomis.png","type":"image\/png"}],"author":"Damien Dellerba","twitter_card":"summary_large_image","twitter_image":"https:\/\/www.ladiagonale.net\/wp-content\/uploads\/2023\/07\/gomis.png","twitter_misc":{"\u00c9crit par":"Damien Dellerba","Dur\u00e9e de lecture estim\u00e9e":"1 minute"},"schema":{"@context":"https:\/\/schema.org","@graph":[{"@type":"WebPage","@id":"https:\/\/www.ladiagonale.net\/index.php\/2023\/07\/12\/monaco-serait-interesse-par-tidiam-gomis\/","url":"https:\/\/www.ladiagonale.net\/index.php\/2023\/07\/12\/monaco-serait-interesse-par-tidiam-gomis\/","name":"Monaco serait int\u00e9ress\u00e9 par Tidiam Gomis - La Diagonale","isPartOf":{"@id":"https:\/\/www.ladiagonale.net\/#website"},"datePublished":"2023-07-12T16:50:56+00:00","dateModified":"2023-07-15T10:09:38+00:00","author":{"@id":"https:\/\/www.ladiagonale.net\/#\/schema\/person\/79ff1e7b0853ed01b2aa26e64ad300bf"},"breadcrumb":{"@id":"https:\/\/www.ladiagonale.net\/index.php\/2023\/07\/12\/monaco-serait-interesse-par-tidiam-gomis\/#breadcrumb"},"inLanguage":"fr-FR","potentialAction":[{"@type":"ReadAction","target":["https:\/\/www.ladiagonale.net\/index.php\/2023\/07\/12\/monaco-serait-interesse-par-tidiam-gomis\/"]}]},{"@type":"BreadcrumbList","@id":"https:\/\/www.ladiagonale.net\/index.php\/2023\/07\/12\/monaco-serait-interesse-par-tidiam-gomis\/#breadcrumb","itemListElement":[{"@type":"ListItem","position":1,"name":"Accueil","item":"https:\/\/www.ladiagonale.net\/"},{"@type":"ListItem","position":2,"name":"Monaco serait int\u00e9ress\u00e9 par Tidiam Gomis"}]},{"@type":"WebSite","@id":"https:\/\/www.ladiagonale.net\/#website","url":"https:\/\/www.ladiagonale.net\/","name":"La Diagonale","description":"Le site des supporters de l&#039;AS Monaco FC","potentialAction":[{"@type":"SearchAction","target":{"@type":"EntryPoint","urlTemplate":"https:\/\/www.ladiagonale.net\/?s={search_term_string}"},"query-input":"required name=search_term_string"}],"inLanguage":"fr-FR"},{"@type":"Person","@id":"https:\/\/www.ladiagonale.net\/#\/schema\/person\/79ff1e7b0853ed01b2aa26e64ad300bf","name":"Damien Dellerba","image":{"@type":"ImageObject","inLanguage":"fr-FR","@id":"https:\/\/www.ladiagonale.net\/#\/schema\/person\/image\/","url":"https:\/\/secure.gravatar.com\/avatar\/c7850e06d3ff63cdbaee88b7fc16e2f0?s=96&d=mm&r=g","contentUrl":"https:\/\/secure.gravatar.com\/avatar\/c7850e06d3ff63cdbaee88b7fc16e2f0?s=96&d=mm&r=g","caption":"Damien Dellerba"},"url":"https:\/\/www.ladiagonale.net\/index.php\/author\/damien\/"}]}},"_links":{"self":[{"href":"https:\/\/www.ladiagonale.net\/index.php\/wp-json\/wp\/v2\/posts\/13871"}],"collection":[{"href":"https:\/\/www.ladiagonale.net\/index.php\/wp-json\/wp\/v2\/posts"}],"about":[{"href":"https:\/\/www.ladiagonale.net\/index.php\/wp-json\/wp\/v2\/types\/post"}],"author":[{"embeddable":true,"href":"https:\/\/www.ladiagonale.net\/index.php\/wp-json\/wp\/v2\/users\/2"}],"replies":[{"embeddable":true,"href":"https:\/\/www.ladiagonale.net\/index.php\/wp-json\/wp\/v2\/comments?post=13871"}],"version-history":[{"count":3,"href":"https:\/\/www.ladiagonale.net\/index.php\/wp-json\/wp\/v2\/posts\/13871\/revisions"}],"predecessor-version":[{"id":14012,"href":"https:\/\/www.ladiagonale.net\/index.php\/wp-json\/wp\/v2\/posts\/13871\/revisions\/14012"}],"wp:attachment":[{"href":"https:\/\/www.ladiagonale.net\/index.php\/wp-json\/wp\/v2\/media?parent=13871"}],"wp:term":[{"taxonomy":"category","embeddable":true,"href":"https:\/\/www.ladiagonale.net\/index.php\/wp-json\/wp\/v2\/categories?post=13871"},{"taxonomy":"post_tag","embeddable":true,"href":"https:\/\/www.ladiagonale.net\/index.php\/wp-json\/wp\/v2\/tags?post=13871"}],"curies":[{"name":"wp","href":"https:\/\/api.w.org\/{rel}","templated":true}]}}