{"id":13874,"date":"2023-07-12T19:59:04","date_gmt":"2023-07-12T17:59:04","guid":{"rendered":"https:\/\/www.ladiagonale.net\/?p=13874"},"modified":"2023-08-10T14:23:39","modified_gmt":"2023-08-10T12:23:39","slug":"jean-lucas-devrait-rejoindre-santos","status":"publish","type":"post","link":"https:\/\/www.ladiagonale.net\/index.php\/2023\/07\/12\/jean-lucas-devrait-rejoindre-santos\/","title":{"rendered":"Jean Lucas devrait rejoindre Santos"},"content":{"rendered":"\n\n\n<p>Si l&rsquo;AS Monaco ne compte plus sur Jean Lucas depuis de nombreux mois, son d\u00e9part n&rsquo;a pas forc\u00e9ment \u00e9t\u00e9 facilit\u00e9 pour autant par le club de la Principaut\u00e9. Depuis ce mardi, un regain d&rsquo;int\u00e9r\u00eat de la part de son ancien club de Santos a \u00e9t\u00e9 \u00e9voqu\u00e9 par la presse br\u00e9silienne et <a href=\"https:\/\/www.ladiagonale.net\/index.php\/2023\/07\/12\/santos-aurait-transmis-une-offre-pour-jean-lucas-actualise\/\">une premi\u00e8re offre de transfert aurait m\u00eame \u00e9t\u00e9 transmise \u00e0 Monaco<\/a>. Cette fois, l&rsquo;ASM semble avoir trouv\u00e9 son compte puisque selon <em>Foot Mercato<\/em>, le milieu de terrain de 25 ans, sous contrat jusqu&rsquo;en 2025, devrait passer sa visite m\u00e9dicale dans les prochaines heures.<\/p>\n\n\n\n<p>Si aucun montant de l&rsquo;op\u00e9ration n&rsquo;a \u00e9t\u00e9 avanc\u00e9, Monaco aurait c\u00e9d\u00e9 plus facilement \u00e0 Santos pour se positionner sur un de leurs jeunes attaquants, Deivid Washington (18 ans), \u00e0 en croire <em>UOL<\/em>, et l&rsquo;utiliser comme un levier de n\u00e9gociation. Le joueur serait notamment appr\u00e9ci\u00e9 de Thiago Scuro, le directeur du football de l&rsquo;ASM, depuis plusieurs mois. Son contrat avec Santos court jusqu&rsquo;en avril 2026 et sa clause lib\u00e9ratoire serait fix\u00e9e \u00e0 100 millions de reaux, soit un peu moins de 20 millions d&rsquo;euros.<\/p>\n\n\n\n<p class=\"has-white-color has-text-color has-background\" style=\"background-color:#303030\"><a href=\"https:\/\/www.ladiagonale.net\/index.php\/transferts\/\">Voir le tableau des transferts<\/a><\/p>\n","protected":false},"excerpt":{"rendered":"<p>Si l&rsquo;AS Monaco ne compte plus sur Jean Lucas depuis de nombreux mois, son d\u00e9part n&rsquo;a pas forc\u00e9ment \u00e9t\u00e9 facilit\u00e9 pour autant par le club de la Principaut\u00e9. Depuis ce mardi, un regain d&rsquo;int\u00e9r\u00eat de la part de son ancien club de Santos a \u00e9t\u00e9 \u00e9voqu\u00e9 par la presse br\u00e9silienne et une premi\u00e8re offre de [&#8230;]\n","protected":false},"author":2,"featured_media":0,"comment_status":"open","ping_status":"open","sticky":false,"template":"","format":"standard","meta":[],"categories":[6],"tags":[86,654,262,111,608,110],"yoast_head":"<!-- This site is optimized with the Yoast SEO plugin v19.8 - https:\/\/yoast.com\/wordpress\/plugins\/seo\/ -->\n<title>Jean Lucas devrait rejoindre Santos - La Diagonale<\/title>\n<meta name=\"robots\" content=\"index, follow, max-snippet:-1, max-image-preview:large, max-video-preview:-1\" \/>\n<link rel=\"canonical\" href=\"https:\/\/www.ladiagonale.net\/index.php\/2023\/07\/12\/jean-lucas-devrait-rejoindre-santos\/\" \/>\n<meta property=\"og:locale\" content=\"fr_FR\" \/>\n<meta property=\"og:type\" content=\"article\" \/>\n<meta property=\"og:title\" content=\"Jean Lucas devrait rejoindre Santos - La Diagonale\" \/>\n<meta property=\"og:description\" content=\"Si l&rsquo;AS Monaco ne compte plus sur Jean Lucas depuis de nombreux mois, son d\u00e9part n&rsquo;a pas forc\u00e9ment \u00e9t\u00e9 facilit\u00e9 pour autant par le club de la Principaut\u00e9. Depuis ce mardi, un regain d&rsquo;int\u00e9r\u00eat de la part de son ancien club de Santos a \u00e9t\u00e9 \u00e9voqu\u00e9 par la presse br\u00e9silienne et une premi\u00e8re offre de [...]\" \/>\n<meta property=\"og:url\" content=\"https:\/\/www.ladiagonale.net\/index.php\/2023\/07\/12\/jean-lucas-devrait-rejoindre-santos\/\" \/>\n<meta property=\"og:site_name\" content=\"La Diagonale\" \/>\n<meta property=\"article:published_time\" content=\"2023-07-12T17:59:04+00:00\" \/>\n<meta property=\"article:modified_time\" content=\"2023-08-10T12:23:39+00:00\" \/>\n<meta property=\"og:image\" content=\"https:\/\/www.ladiagonale.net\/wp-content\/uploads\/2022\/12\/jlucas.png\" \/>\n\t<meta property=\"og:image:width\" content=\"1160\" \/>\n\t<meta property=\"og:image:height\" content=\"650\" \/>\n\t<meta property=\"og:image:type\" content=\"image\/png\" \/>\n<meta name=\"author\" content=\"Damien Dellerba\" \/>\n<meta name=\"twitter:card\" content=\"summary_large_image\" \/>\n<meta name=\"twitter:image\" content=\"https:\/\/www.ladiagonale.net\/wp-content\/uploads\/2022\/12\/jlucas.png\" \/>\n<meta name=\"twitter:label1\" content=\"\u00c9crit par\" \/>\n\t<meta name=\"twitter:data1\" content=\"Damien Dellerba\" \/>\n\t<meta name=\"twitter:label2\" content=\"Dur\u00e9e de lecture estim\u00e9e\" \/>\n\t<meta name=\"twitter:data2\" content=\"1 minute\" \/>\n<script type=\"application\/ld+json\" class=\"yoast-schema-graph\">{\"@context\":\"https:\/\/schema.org\",\"@graph\":[{\"@type\":\"WebPage\",\"@id\":\"https:\/\/www.ladiagonale.net\/index.php\/2023\/07\/12\/jean-lucas-devrait-rejoindre-santos\/\",\"url\":\"https:\/\/www.ladiagonale.net\/index.php\/2023\/07\/12\/jean-lucas-devrait-rejoindre-santos\/\",\"name\":\"Jean Lucas devrait rejoindre Santos - La Diagonale\",\"isPartOf\":{\"@id\":\"https:\/\/www.ladiagonale.net\/#website\"},\"datePublished\":\"2023-07-12T17:59:04+00:00\",\"dateModified\":\"2023-08-10T12:23:39+00:00\",\"author\":{\"@id\":\"https:\/\/www.ladiagonale.net\/#\/schema\/person\/79ff1e7b0853ed01b2aa26e64ad300bf\"},\"breadcrumb\":{\"@id\":\"https:\/\/www.ladiagonale.net\/index.php\/2023\/07\/12\/jean-lucas-devrait-rejoindre-santos\/#breadcrumb\"},\"inLanguage\":\"fr-FR\",\"potentialAction\":[{\"@type\":\"ReadAction\",\"target\":[\"https:\/\/www.ladiagonale.net\/index.php\/2023\/07\/12\/jean-lucas-devrait-rejoindre-santos\/\"]}]},{\"@type\":\"BreadcrumbList\",\"@id\":\"https:\/\/www.ladiagonale.net\/index.php\/2023\/07\/12\/jean-lucas-devrait-rejoindre-santos\/#breadcrumb\",\"itemListElement\":[{\"@type\":\"ListItem\",\"position\":1,\"name\":\"Accueil\",\"item\":\"https:\/\/www.ladiagonale.net\/\"},{\"@type\":\"ListItem\",\"position\":2,\"name\":\"Jean Lucas devrait rejoindre Santos\"}]},{\"@type\":\"WebSite\",\"@id\":\"https:\/\/www.ladiagonale.net\/#website\",\"url\":\"https:\/\/www.ladiagonale.net\/\",\"name\":\"La Diagonale\",\"description\":\"Le site des supporters de l&#039;AS Monaco FC\",\"potentialAction\":[{\"@type\":\"SearchAction\",\"target\":{\"@type\":\"EntryPoint\",\"urlTemplate\":\"https:\/\/www.ladiagonale.net\/?s={search_term_string}\"},\"query-input\":\"required name=search_term_string\"}],\"inLanguage\":\"fr-FR\"},{\"@type\":\"Person\",\"@id\":\"https:\/\/www.ladiagonale.net\/#\/schema\/person\/79ff1e7b0853ed01b2aa26e64ad300bf\",\"name\":\"Damien Dellerba\",\"image\":{\"@type\":\"ImageObject\",\"inLanguage\":\"fr-FR\",\"@id\":\"https:\/\/www.ladiagonale.net\/#\/schema\/person\/image\/\",\"url\":\"https:\/\/secure.gravatar.com\/avatar\/c7850e06d3ff63cdbaee88b7fc16e2f0?s=96&d=mm&r=g\",\"contentUrl\":\"https:\/\/secure.gravatar.com\/avatar\/c7850e06d3ff63cdbaee88b7fc16e2f0?s=96&d=mm&r=g\",\"caption\":\"Damien Dellerba\"},\"url\":\"https:\/\/www.ladiagonale.net\/index.php\/author\/damien\/\"}]}<\/script>\n<!-- \/ Yoast SEO plugin. -->","yoast_head_json":{"title":"Jean Lucas devrait rejoindre Santos - La Diagonale","robots":{"index":"index","follow":"follow","max-snippet":"max-snippet:-1","max-image-preview":"max-image-preview:large","max-video-preview":"max-video-preview:-1"},"canonical":"https:\/\/www.ladiagonale.net\/index.php\/2023\/07\/12\/jean-lucas-devrait-rejoindre-santos\/","og_locale":"fr_FR","og_type":"article","og_title":"Jean Lucas devrait rejoindre Santos - La Diagonale","og_description":"Si l&rsquo;AS Monaco ne compte plus sur Jean Lucas depuis de nombreux mois, son d\u00e9part n&rsquo;a pas forc\u00e9ment \u00e9t\u00e9 facilit\u00e9 pour autant par le club de la Principaut\u00e9. Depuis ce mardi, un regain d&rsquo;int\u00e9r\u00eat de la part de son ancien club de Santos a \u00e9t\u00e9 \u00e9voqu\u00e9 par la presse br\u00e9silienne et une premi\u00e8re offre de [...]","og_url":"https:\/\/www.ladiagonale.net\/index.php\/2023\/07\/12\/jean-lucas-devrait-rejoindre-santos\/","og_site_name":"La Diagonale","article_published_time":"2023-07-12T17:59:04+00:00","article_modified_time":"2023-08-10T12:23:39+00:00","og_image":[{"width":1160,"height":650,"url":"https:\/\/www.ladiagonale.net\/wp-content\/uploads\/2022\/12\/jlucas.png","type":"image\/png"}],"author":"Damien Dellerba","twitter_card":"summary_large_image","twitter_image":"https:\/\/www.ladiagonale.net\/wp-content\/uploads\/2022\/12\/jlucas.png","twitter_misc":{"\u00c9crit par":"Damien Dellerba","Dur\u00e9e de lecture estim\u00e9e":"1 minute"},"schema":{"@context":"https:\/\/schema.org","@graph":[{"@type":"WebPage","@id":"https:\/\/www.ladiagonale.net\/index.php\/2023\/07\/12\/jean-lucas-devrait-rejoindre-santos\/","url":"https:\/\/www.ladiagonale.net\/index.php\/2023\/07\/12\/jean-lucas-devrait-rejoindre-santos\/","name":"Jean Lucas devrait rejoindre Santos - La Diagonale","isPartOf":{"@id":"https:\/\/www.ladiagonale.net\/#website"},"datePublished":"2023-07-12T17:59:04+00:00","dateModified":"2023-08-10T12:23:39+00:00","author":{"@id":"https:\/\/www.ladiagonale.net\/#\/schema\/person\/79ff1e7b0853ed01b2aa26e64ad300bf"},"breadcrumb":{"@id":"https:\/\/www.ladiagonale.net\/index.php\/2023\/07\/12\/jean-lucas-devrait-rejoindre-santos\/#breadcrumb"},"inLanguage":"fr-FR","potentialAction":[{"@type":"ReadAction","target":["https:\/\/www.ladiagonale.net\/index.php\/2023\/07\/12\/jean-lucas-devrait-rejoindre-santos\/"]}]},{"@type":"BreadcrumbList","@id":"https:\/\/www.ladiagonale.net\/index.php\/2023\/07\/12\/jean-lucas-devrait-rejoindre-santos\/#breadcrumb","itemListElement":[{"@type":"ListItem","position":1,"name":"Accueil","item":"https:\/\/www.ladiagonale.net\/"},{"@type":"ListItem","position":2,"name":"Jean Lucas devrait rejoindre Santos"}]},{"@type":"WebSite","@id":"https:\/\/www.ladiagonale.net\/#website","url":"https:\/\/www.ladiagonale.net\/","name":"La Diagonale","description":"Le site des supporters de l&#039;AS Monaco FC","potentialAction":[{"@type":"SearchAction","target":{"@type":"EntryPoint","urlTemplate":"https:\/\/www.ladiagonale.net\/?s={search_term_string}"},"query-input":"required name=search_term_string"}],"inLanguage":"fr-FR"},{"@type":"Person","@id":"https:\/\/www.ladiagonale.net\/#\/schema\/person\/79ff1e7b0853ed01b2aa26e64ad300bf","name":"Damien Dellerba","image":{"@type":"ImageObject","inLanguage":"fr-FR","@id":"https:\/\/www.ladiagonale.net\/#\/schema\/person\/image\/","url":"https:\/\/secure.gravatar.com\/avatar\/c7850e06d3ff63cdbaee88b7fc16e2f0?s=96&d=mm&r=g","contentUrl":"https:\/\/secure.gravatar.com\/avatar\/c7850e06d3ff63cdbaee88b7fc16e2f0?s=96&d=mm&r=g","caption":"Damien Dellerba"},"url":"https:\/\/www.ladiagonale.net\/index.php\/author\/damien\/"}]}},"_links":{"self":[{"href":"https:\/\/www.ladiagonale.net\/index.php\/wp-json\/wp\/v2\/posts\/13874"}],"collection":[{"href":"https:\/\/www.ladiagonale.net\/index.php\/wp-json\/wp\/v2\/posts"}],"about":[{"href":"https:\/\/www.ladiagonale.net\/index.php\/wp-json\/wp\/v2\/types\/post"}],"author":[{"embeddable":true,"href":"https:\/\/www.ladiagonale.net\/index.php\/wp-json\/wp\/v2\/users\/2"}],"replies":[{"embeddable":true,"href":"https:\/\/www.ladiagonale.net\/index.php\/wp-json\/wp\/v2\/comments?post=13874"}],"version-history":[{"count":3,"href":"https:\/\/www.ladiagonale.net\/index.php\/wp-json\/wp\/v2\/posts\/13874\/revisions"}],"predecessor-version":[{"id":14011,"href":"https:\/\/www.ladiagonale.net\/index.php\/wp-json\/wp\/v2\/posts\/13874\/revisions\/14011"}],"wp:attachment":[{"href":"https:\/\/www.ladiagonale.net\/index.php\/wp-json\/wp\/v2\/media?parent=13874"}],"wp:term":[{"taxonomy":"category","embeddable":true,"href":"https:\/\/www.ladiagonale.net\/index.php\/wp-json\/wp\/v2\/categories?post=13874"},{"taxonomy":"post_tag","embeddable":true,"href":"https:\/\/www.ladiagonale.net\/index.php\/wp-json\/wp\/v2\/tags?post=13874"}],"curies":[{"name":"wp","href":"https:\/\/api.w.org\/{rel}","templated":true}]}}