{"id":13883,"date":"2023-07-12T21:33:31","date_gmt":"2023-07-12T19:33:31","guid":{"rendered":"https:\/\/www.ladiagonale.net\/?p=13883"},"modified":"2023-07-13T01:27:10","modified_gmt":"2023-07-12T23:27:10","slug":"la-gardien-philipp-kohn-vers-monaco","status":"publish","type":"post","link":"https:\/\/www.ladiagonale.net\/index.php\/2023\/07\/12\/la-gardien-philipp-kohn-vers-monaco\/","title":{"rendered":"La gardien Philipp K\u00f6hn vers Monaco ?"},"content":{"rendered":"\n\n\n<p>L&rsquo;AS Monaco serait en passe de trouver son nouveau gardien de but. \u00c0 en croire <em>L&rsquo;\u00c9quipe<\/em>, le choix de l&rsquo;ASM se serait port\u00e9 sur le portier du RB Salzbourg, Philipp K\u00f6hn. L&rsquo;information r\u00e9v\u00e9l\u00e9e par le quotidien indique que les n\u00e9gociations avancent positivement entre les deux clubs, m\u00eame s&rsquo;il n&rsquo;y a pas encore d&rsquo;accord trouv\u00e9, et que Monaco pourrait damer le pion \u00e0 plusieurs formations allemandes \u00e9galement sur le coup. Le club de la Principaut\u00e9 aurait suivi les performances du portier de 25 ans toute la saison derni\u00e8re, qui l\u2019a vu \u00eatre sacr\u00e9 champion d\u2019Autriche pour la seconde fois, et o\u00f9 il a r\u00e9alis\u00e9 19 <em>clean sheets <\/em>sur 42 matchs disput\u00e9s.<\/p>\n\n\n\n<p>Sous contrat avec Salzbourg jusqu&rsquo;en juin 2025, Kh\u00f6n serait \u00e9galement s\u00e9duit \u00e0 l&rsquo;id\u00e9e de d\u00e9barquer sur le Rocher et les \u00e9changes avec Thiago Scuro se seraient multipli\u00e9s r\u00e9cemment. Le nouveau directeur du football de l\u2019AS Monaco aurait appr\u00e9ci\u00e9 la mentalit\u00e9 de K\u00f6hn, qui apporterait une exp\u00e9rience europ\u00e9enne non-n\u00e9gligeable (14 matches en Ligue des champions). International suisse, il a aussi pris part \u00e0 la Coupe du monde 2022 dans un r\u00f4le de doublure.<\/p>\n\n\n\n<p>Apr\u00e8s les fins de pr\u00eat d&rsquo;Alexander N\u00fcbel et de Thomas Didillon, l&rsquo;ASM se retrouve devant un v\u00e9ritable chantier pour ce poste de gardien, alors que Radoslaw Majecki est lui revenu de son pr\u00eat du Cercle Bruges. Si le Polonais a commenc\u00e9 le premier match amical de la pr\u00e9saison contre l&rsquo;Union Saint-Gilloise, il ne fait pas figure de favori aupr\u00e8s des dirigeants mon\u00e9gasques, <a href=\"https:\/\/www.ladiagonale.net\/index.php\/2023\/07\/06\/scuro-sexprime-sur-le-mercato\/\">comme l&rsquo;avait laiss\u00e9 entendre Thiago Scuro<\/a>.<\/p>\n","protected":false},"excerpt":{"rendered":"<p>L&rsquo;AS Monaco serait en passe de trouver son nouveau gardien de but. \u00c0 en croire L&rsquo;\u00c9quipe, le choix de l&rsquo;ASM se serait port\u00e9 sur le portier du RB Salzbourg, Philipp K\u00f6hn. L&rsquo;information r\u00e9v\u00e9l\u00e9e par le quotidien indique que les n\u00e9gociations avancent positivement entre les deux clubs, m\u00eame s&rsquo;il n&rsquo;y a pas encore d&rsquo;accord trouv\u00e9, et [&#8230;]\n","protected":false},"author":2,"featured_media":0,"comment_status":"open","ping_status":"open","sticky":false,"template":"","format":"standard","meta":[],"categories":[6],"tags":[86,111,615,614,110],"yoast_head":"<!-- This site is optimized with the Yoast SEO plugin v19.8 - https:\/\/yoast.com\/wordpress\/plugins\/seo\/ -->\n<title>La gardien Philipp K\u00f6hn vers Monaco ? - La Diagonale<\/title>\n<meta name=\"robots\" content=\"index, follow, max-snippet:-1, max-image-preview:large, max-video-preview:-1\" \/>\n<link rel=\"canonical\" href=\"https:\/\/www.ladiagonale.net\/index.php\/2023\/07\/12\/la-gardien-philipp-kohn-vers-monaco\/\" \/>\n<meta property=\"og:locale\" content=\"fr_FR\" \/>\n<meta property=\"og:type\" content=\"article\" \/>\n<meta property=\"og:title\" content=\"La gardien Philipp K\u00f6hn vers Monaco ? - La Diagonale\" \/>\n<meta property=\"og:description\" content=\"L&rsquo;AS Monaco serait en passe de trouver son nouveau gardien de but. \u00c0 en croire L&rsquo;\u00c9quipe, le choix de l&rsquo;ASM se serait port\u00e9 sur le portier du RB Salzbourg, Philipp K\u00f6hn. L&rsquo;information r\u00e9v\u00e9l\u00e9e par le quotidien indique que les n\u00e9gociations avancent positivement entre les deux clubs, m\u00eame s&rsquo;il n&rsquo;y a pas encore d&rsquo;accord trouv\u00e9, et [...]\" \/>\n<meta property=\"og:url\" content=\"https:\/\/www.ladiagonale.net\/index.php\/2023\/07\/12\/la-gardien-philipp-kohn-vers-monaco\/\" \/>\n<meta property=\"og:site_name\" content=\"La Diagonale\" \/>\n<meta property=\"article:published_time\" content=\"2023-07-12T19:33:31+00:00\" \/>\n<meta property=\"article:modified_time\" content=\"2023-07-12T23:27:10+00:00\" \/>\n<meta property=\"og:image\" content=\"https:\/\/www.ladiagonale.net\/wp-content\/uploads\/2023\/07\/kohn.png\" \/>\n\t<meta property=\"og:image:width\" content=\"1160\" \/>\n\t<meta property=\"og:image:height\" content=\"650\" \/>\n\t<meta property=\"og:image:type\" content=\"image\/png\" \/>\n<meta name=\"author\" content=\"Damien Dellerba\" \/>\n<meta name=\"twitter:card\" content=\"summary_large_image\" \/>\n<meta name=\"twitter:image\" content=\"https:\/\/www.ladiagonale.net\/wp-content\/uploads\/2023\/07\/kohn.png\" \/>\n<meta name=\"twitter:label1\" content=\"\u00c9crit par\" \/>\n\t<meta name=\"twitter:data1\" content=\"Damien Dellerba\" \/>\n\t<meta name=\"twitter:label2\" content=\"Dur\u00e9e de lecture estim\u00e9e\" \/>\n\t<meta name=\"twitter:data2\" content=\"1 minute\" \/>\n<script type=\"application\/ld+json\" class=\"yoast-schema-graph\">{\"@context\":\"https:\/\/schema.org\",\"@graph\":[{\"@type\":\"WebPage\",\"@id\":\"https:\/\/www.ladiagonale.net\/index.php\/2023\/07\/12\/la-gardien-philipp-kohn-vers-monaco\/\",\"url\":\"https:\/\/www.ladiagonale.net\/index.php\/2023\/07\/12\/la-gardien-philipp-kohn-vers-monaco\/\",\"name\":\"La gardien Philipp K\u00f6hn vers Monaco ? - La Diagonale\",\"isPartOf\":{\"@id\":\"https:\/\/www.ladiagonale.net\/#website\"},\"datePublished\":\"2023-07-12T19:33:31+00:00\",\"dateModified\":\"2023-07-12T23:27:10+00:00\",\"author\":{\"@id\":\"https:\/\/www.ladiagonale.net\/#\/schema\/person\/79ff1e7b0853ed01b2aa26e64ad300bf\"},\"breadcrumb\":{\"@id\":\"https:\/\/www.ladiagonale.net\/index.php\/2023\/07\/12\/la-gardien-philipp-kohn-vers-monaco\/#breadcrumb\"},\"inLanguage\":\"fr-FR\",\"potentialAction\":[{\"@type\":\"ReadAction\",\"target\":[\"https:\/\/www.ladiagonale.net\/index.php\/2023\/07\/12\/la-gardien-philipp-kohn-vers-monaco\/\"]}]},{\"@type\":\"BreadcrumbList\",\"@id\":\"https:\/\/www.ladiagonale.net\/index.php\/2023\/07\/12\/la-gardien-philipp-kohn-vers-monaco\/#breadcrumb\",\"itemListElement\":[{\"@type\":\"ListItem\",\"position\":1,\"name\":\"Accueil\",\"item\":\"https:\/\/www.ladiagonale.net\/\"},{\"@type\":\"ListItem\",\"position\":2,\"name\":\"La gardien Philipp K\u00f6hn vers Monaco ?\"}]},{\"@type\":\"WebSite\",\"@id\":\"https:\/\/www.ladiagonale.net\/#website\",\"url\":\"https:\/\/www.ladiagonale.net\/\",\"name\":\"La Diagonale\",\"description\":\"Le site des supporters de l&#039;AS Monaco FC\",\"potentialAction\":[{\"@type\":\"SearchAction\",\"target\":{\"@type\":\"EntryPoint\",\"urlTemplate\":\"https:\/\/www.ladiagonale.net\/?s={search_term_string}\"},\"query-input\":\"required name=search_term_string\"}],\"inLanguage\":\"fr-FR\"},{\"@type\":\"Person\",\"@id\":\"https:\/\/www.ladiagonale.net\/#\/schema\/person\/79ff1e7b0853ed01b2aa26e64ad300bf\",\"name\":\"Damien Dellerba\",\"image\":{\"@type\":\"ImageObject\",\"inLanguage\":\"fr-FR\",\"@id\":\"https:\/\/www.ladiagonale.net\/#\/schema\/person\/image\/\",\"url\":\"https:\/\/secure.gravatar.com\/avatar\/c7850e06d3ff63cdbaee88b7fc16e2f0?s=96&d=mm&r=g\",\"contentUrl\":\"https:\/\/secure.gravatar.com\/avatar\/c7850e06d3ff63cdbaee88b7fc16e2f0?s=96&d=mm&r=g\",\"caption\":\"Damien Dellerba\"},\"url\":\"https:\/\/www.ladiagonale.net\/index.php\/author\/damien\/\"}]}<\/script>\n<!-- \/ Yoast SEO plugin. -->","yoast_head_json":{"title":"La gardien Philipp K\u00f6hn vers Monaco ? - La Diagonale","robots":{"index":"index","follow":"follow","max-snippet":"max-snippet:-1","max-image-preview":"max-image-preview:large","max-video-preview":"max-video-preview:-1"},"canonical":"https:\/\/www.ladiagonale.net\/index.php\/2023\/07\/12\/la-gardien-philipp-kohn-vers-monaco\/","og_locale":"fr_FR","og_type":"article","og_title":"La gardien Philipp K\u00f6hn vers Monaco ? - La Diagonale","og_description":"L&rsquo;AS Monaco serait en passe de trouver son nouveau gardien de but. \u00c0 en croire L&rsquo;\u00c9quipe, le choix de l&rsquo;ASM se serait port\u00e9 sur le portier du RB Salzbourg, Philipp K\u00f6hn. L&rsquo;information r\u00e9v\u00e9l\u00e9e par le quotidien indique que les n\u00e9gociations avancent positivement entre les deux clubs, m\u00eame s&rsquo;il n&rsquo;y a pas encore d&rsquo;accord trouv\u00e9, et [...]","og_url":"https:\/\/www.ladiagonale.net\/index.php\/2023\/07\/12\/la-gardien-philipp-kohn-vers-monaco\/","og_site_name":"La Diagonale","article_published_time":"2023-07-12T19:33:31+00:00","article_modified_time":"2023-07-12T23:27:10+00:00","og_image":[{"width":1160,"height":650,"url":"https:\/\/www.ladiagonale.net\/wp-content\/uploads\/2023\/07\/kohn.png","type":"image\/png"}],"author":"Damien Dellerba","twitter_card":"summary_large_image","twitter_image":"https:\/\/www.ladiagonale.net\/wp-content\/uploads\/2023\/07\/kohn.png","twitter_misc":{"\u00c9crit par":"Damien Dellerba","Dur\u00e9e de lecture estim\u00e9e":"1 minute"},"schema":{"@context":"https:\/\/schema.org","@graph":[{"@type":"WebPage","@id":"https:\/\/www.ladiagonale.net\/index.php\/2023\/07\/12\/la-gardien-philipp-kohn-vers-monaco\/","url":"https:\/\/www.ladiagonale.net\/index.php\/2023\/07\/12\/la-gardien-philipp-kohn-vers-monaco\/","name":"La gardien Philipp K\u00f6hn vers Monaco ? - La Diagonale","isPartOf":{"@id":"https:\/\/www.ladiagonale.net\/#website"},"datePublished":"2023-07-12T19:33:31+00:00","dateModified":"2023-07-12T23:27:10+00:00","author":{"@id":"https:\/\/www.ladiagonale.net\/#\/schema\/person\/79ff1e7b0853ed01b2aa26e64ad300bf"},"breadcrumb":{"@id":"https:\/\/www.ladiagonale.net\/index.php\/2023\/07\/12\/la-gardien-philipp-kohn-vers-monaco\/#breadcrumb"},"inLanguage":"fr-FR","potentialAction":[{"@type":"ReadAction","target":["https:\/\/www.ladiagonale.net\/index.php\/2023\/07\/12\/la-gardien-philipp-kohn-vers-monaco\/"]}]},{"@type":"BreadcrumbList","@id":"https:\/\/www.ladiagonale.net\/index.php\/2023\/07\/12\/la-gardien-philipp-kohn-vers-monaco\/#breadcrumb","itemListElement":[{"@type":"ListItem","position":1,"name":"Accueil","item":"https:\/\/www.ladiagonale.net\/"},{"@type":"ListItem","position":2,"name":"La gardien Philipp K\u00f6hn vers Monaco ?"}]},{"@type":"WebSite","@id":"https:\/\/www.ladiagonale.net\/#website","url":"https:\/\/www.ladiagonale.net\/","name":"La Diagonale","description":"Le site des supporters de l&#039;AS Monaco FC","potentialAction":[{"@type":"SearchAction","target":{"@type":"EntryPoint","urlTemplate":"https:\/\/www.ladiagonale.net\/?s={search_term_string}"},"query-input":"required name=search_term_string"}],"inLanguage":"fr-FR"},{"@type":"Person","@id":"https:\/\/www.ladiagonale.net\/#\/schema\/person\/79ff1e7b0853ed01b2aa26e64ad300bf","name":"Damien Dellerba","image":{"@type":"ImageObject","inLanguage":"fr-FR","@id":"https:\/\/www.ladiagonale.net\/#\/schema\/person\/image\/","url":"https:\/\/secure.gravatar.com\/avatar\/c7850e06d3ff63cdbaee88b7fc16e2f0?s=96&d=mm&r=g","contentUrl":"https:\/\/secure.gravatar.com\/avatar\/c7850e06d3ff63cdbaee88b7fc16e2f0?s=96&d=mm&r=g","caption":"Damien Dellerba"},"url":"https:\/\/www.ladiagonale.net\/index.php\/author\/damien\/"}]}},"_links":{"self":[{"href":"https:\/\/www.ladiagonale.net\/index.php\/wp-json\/wp\/v2\/posts\/13883"}],"collection":[{"href":"https:\/\/www.ladiagonale.net\/index.php\/wp-json\/wp\/v2\/posts"}],"about":[{"href":"https:\/\/www.ladiagonale.net\/index.php\/wp-json\/wp\/v2\/types\/post"}],"author":[{"embeddable":true,"href":"https:\/\/www.ladiagonale.net\/index.php\/wp-json\/wp\/v2\/users\/2"}],"replies":[{"embeddable":true,"href":"https:\/\/www.ladiagonale.net\/index.php\/wp-json\/wp\/v2\/comments?post=13883"}],"version-history":[{"count":11,"href":"https:\/\/www.ladiagonale.net\/index.php\/wp-json\/wp\/v2\/posts\/13883\/revisions"}],"predecessor-version":[{"id":13895,"href":"https:\/\/www.ladiagonale.net\/index.php\/wp-json\/wp\/v2\/posts\/13883\/revisions\/13895"}],"wp:attachment":[{"href":"https:\/\/www.ladiagonale.net\/index.php\/wp-json\/wp\/v2\/media?parent=13883"}],"wp:term":[{"taxonomy":"category","embeddable":true,"href":"https:\/\/www.ladiagonale.net\/index.php\/wp-json\/wp\/v2\/categories?post=13883"},{"taxonomy":"post_tag","embeddable":true,"href":"https:\/\/www.ladiagonale.net\/index.php\/wp-json\/wp\/v2\/tags?post=13883"}],"curies":[{"name":"wp","href":"https:\/\/api.w.org\/{rel}","templated":true}]}}