{"id":13896,"date":"2023-07-13T10:20:05","date_gmt":"2023-07-13T08:20:05","guid":{"rendered":"https:\/\/www.ladiagonale.net\/?p=13896"},"modified":"2023-07-13T13:53:42","modified_gmt":"2023-07-13T11:53:42","slug":"le-maillot-domicile-de-las-monaco-devoile","status":"publish","type":"post","link":"https:\/\/www.ladiagonale.net\/index.php\/2023\/07\/13\/le-maillot-domicile-de-las-monaco-devoile\/","title":{"rendered":"Le maillot domicile de l&rsquo;AS Monaco d\u00e9voil\u00e9"},"content":{"rendered":"\n\n\n<p>Attendu par la communaut\u00e9 de supporters, le nouveau maillot domicile pour la saison 2023-2024 de l&rsquo;AS Monaco, confectionn\u00e9 par l&rsquo;\u00e9quipementier Kappa, a \u00e9t\u00e9 d\u00e9voil\u00e9 ce jeudi. Sans surprise, la diagonale \u00e0 55 degr\u00e9s est bien pr\u00e9sente \u00e0 l&rsquo;avant du maillot. Absente du dos depuis 2021, la diagonale va s&rsquo;y retrouver cette saison, excentr\u00e9e et discr\u00e8te. En surimpression sur la partie rouge, \u00ab\u00a0<em>un motif graphique compos\u00e9 de quadrilat\u00e8res, \u00e9galement dispos\u00e9s \u00e0 55\u00b0 degr\u00e9s<\/em>\u00a0\u00bb a \u00e9t\u00e9 ajout\u00e9. <\/p>\n\n\n\n<figure class=\"wp-block-image size-large is-resized\"><img loading=\"lazy\" src=\"https:\/\/www.ladiagonale.net\/wp-content\/uploads\/2023\/07\/F05xNvsX0AE-BuX-819x1024.jpg\" alt=\"\" class=\"wp-image-13904\" width=\"410\" height=\"512\" srcset=\"https:\/\/www.ladiagonale.net\/wp-content\/uploads\/2023\/07\/F05xNvsX0AE-BuX-819x1024.jpg 819w, https:\/\/www.ladiagonale.net\/wp-content\/uploads\/2023\/07\/F05xNvsX0AE-BuX-240x300.jpg 240w, https:\/\/www.ladiagonale.net\/wp-content\/uploads\/2023\/07\/F05xNvsX0AE-BuX-768x960.jpg 768w, https:\/\/www.ladiagonale.net\/wp-content\/uploads\/2023\/07\/F05xNvsX0AE-BuX-1229x1536.jpg 1229w, https:\/\/www.ladiagonale.net\/wp-content\/uploads\/2023\/07\/F05xNvsX0AE-BuX-1639x2048.jpg 1639w, https:\/\/www.ladiagonale.net\/wp-content\/uploads\/2023\/07\/F05xNvsX0AE-BuX-102x128.jpg 102w, https:\/\/www.ladiagonale.net\/wp-content\/uploads\/2023\/07\/F05xNvsX0AE-BuX-26x32.jpg 26w, https:\/\/www.ladiagonale.net\/wp-content\/uploads\/2023\/07\/F05xNvsX0AE-BuX-scaled.jpg 2048w\" sizes=\"(max-width: 410px) 100vw, 410px\" \/><\/figure>\n\n\n<div class=\"wp-block-image\">\n<figure class=\"alignright size-large is-resized\"><img loading=\"lazy\" src=\"https:\/\/www.ladiagonale.net\/wp-content\/uploads\/2023\/07\/F05xQMoXwAE8ScS-819x1024.jpg\" alt=\"\" class=\"wp-image-13905\" width=\"410\" height=\"512\" srcset=\"https:\/\/www.ladiagonale.net\/wp-content\/uploads\/2023\/07\/F05xQMoXwAE8ScS-819x1024.jpg 819w, https:\/\/www.ladiagonale.net\/wp-content\/uploads\/2023\/07\/F05xQMoXwAE8ScS-240x300.jpg 240w, https:\/\/www.ladiagonale.net\/wp-content\/uploads\/2023\/07\/F05xQMoXwAE8ScS-768x960.jpg 768w, https:\/\/www.ladiagonale.net\/wp-content\/uploads\/2023\/07\/F05xQMoXwAE8ScS-1229x1536.jpg 1229w, https:\/\/www.ladiagonale.net\/wp-content\/uploads\/2023\/07\/F05xQMoXwAE8ScS-1639x2048.jpg 1639w, https:\/\/www.ladiagonale.net\/wp-content\/uploads\/2023\/07\/F05xQMoXwAE8ScS-102x128.jpg 102w, https:\/\/www.ladiagonale.net\/wp-content\/uploads\/2023\/07\/F05xQMoXwAE8ScS-26x32.jpg 26w, https:\/\/www.ladiagonale.net\/wp-content\/uploads\/2023\/07\/F05xQMoXwAE8ScS-scaled.jpg 2048w\" sizes=\"(max-width: 410px) 100vw, 410px\" \/><figcaption>Photos : AS Monaco <\/figcaption><\/figure><\/div>\n\n\n<p>Exit les manches et les \u00e9paules enti\u00e8rement blanches, celles de gauche seront rouges tandis que celles de droite seront blanches. On peut \u00e9galement noter le retour du logo sur la poitrine dans ses couleurs originales et non en blanc uniquement. Enfin le col bicolore rappelle celui du maillot du titre en 2000. On y trouve l&rsquo;inscription \u00ab Daghe Munegu \u00bb sur sa partie ext\u00e9rieure et \u00ab Rouge et Blanc \u00bb sur sa partie int\u00e9rieure. Pour ce qui est du short, celui-ci sera blanc avec des liser\u00e9s rouges, tandis que les chaussettes seront int\u00e9gralement rouges.<\/p>\n\n\n\n<p>Au niveau du sponsoring, la plateforme de trading social <em>eToro<\/em> a disparu et a \u00e9t\u00e9 remplac\u00e9e par <em>Visit Monaco<\/em>, une marque de la Direction du Tourisme et des Congr\u00e8s de Monaco. Une solution toutefois temporaire en attendant qu&rsquo;un autre sponsor soit trouv\u00e9. \u00c0 noter que le maillot a \u00e9t\u00e9 confectionn\u00e9 en polyester 100% recycl\u00e9.<\/p>\n\n\n\n<figure class=\"wp-block-image size-large\"><img loading=\"lazy\" width=\"1024\" height=\"574\" src=\"https:\/\/www.ladiagonale.net\/wp-content\/uploads\/2023\/07\/lancement-maillot-web-article-1160x650-2-1160x650-1-1024x574.jpg\" alt=\"\" class=\"wp-image-13897\" srcset=\"https:\/\/www.ladiagonale.net\/wp-content\/uploads\/2023\/07\/lancement-maillot-web-article-1160x650-2-1160x650-1-1024x574.jpg 1024w, https:\/\/www.ladiagonale.net\/wp-content\/uploads\/2023\/07\/lancement-maillot-web-article-1160x650-2-1160x650-1-300x168.jpg 300w, https:\/\/www.ladiagonale.net\/wp-content\/uploads\/2023\/07\/lancement-maillot-web-article-1160x650-2-1160x650-1-768x430.jpg 768w, https:\/\/www.ladiagonale.net\/wp-content\/uploads\/2023\/07\/lancement-maillot-web-article-1160x650-2-1160x650-1-128x72.jpg 128w, https:\/\/www.ladiagonale.net\/wp-content\/uploads\/2023\/07\/lancement-maillot-web-article-1160x650-2-1160x650-1-32x18.jpg 32w, https:\/\/www.ladiagonale.net\/wp-content\/uploads\/2023\/07\/lancement-maillot-web-article-1160x650-2-1160x650-1.jpg 1160w\" sizes=\"(max-width: 1024px) 100vw, 1024px\" \/><\/figure>\n\n\n\n<p><\/p>\n\n\n\n<p><\/p>\n","protected":false},"excerpt":{"rendered":"<p>Attendu par la communaut\u00e9 de supporters, le nouveau maillot domicile pour la saison 2023-2024 de l&rsquo;AS Monaco, confectionn\u00e9 par l&rsquo;\u00e9quipementier Kappa, a \u00e9t\u00e9 d\u00e9voil\u00e9 ce jeudi. Sans surprise, la diagonale \u00e0 55 degr\u00e9s est bien pr\u00e9sente \u00e0 l&rsquo;avant du maillot. Absente du dos depuis 2021, la diagonale va s&rsquo;y retrouver cette saison, excentr\u00e9e et discr\u00e8te. [&#8230;]\n","protected":false},"author":2,"featured_media":0,"comment_status":"open","ping_status":"open","sticky":false,"template":"","format":"standard","meta":[],"categories":[4,6],"tags":[86,260],"yoast_head":"<!-- This site is optimized with the Yoast SEO plugin v19.8 - https:\/\/yoast.com\/wordpress\/plugins\/seo\/ -->\n<title>Le maillot domicile de l&#039;AS Monaco d\u00e9voil\u00e9 - La Diagonale<\/title>\n<meta name=\"robots\" content=\"index, follow, max-snippet:-1, max-image-preview:large, max-video-preview:-1\" \/>\n<link rel=\"canonical\" href=\"https:\/\/www.ladiagonale.net\/index.php\/2023\/07\/13\/le-maillot-domicile-de-las-monaco-devoile\/\" \/>\n<meta property=\"og:locale\" content=\"fr_FR\" \/>\n<meta property=\"og:type\" content=\"article\" \/>\n<meta property=\"og:title\" content=\"Le maillot domicile de l&#039;AS Monaco d\u00e9voil\u00e9 - La Diagonale\" \/>\n<meta property=\"og:description\" content=\"Attendu par la communaut\u00e9 de supporters, le nouveau maillot domicile pour la saison 2023-2024 de l&rsquo;AS Monaco, confectionn\u00e9 par l&rsquo;\u00e9quipementier Kappa, a \u00e9t\u00e9 d\u00e9voil\u00e9 ce jeudi. Sans surprise, la diagonale \u00e0 55 degr\u00e9s est bien pr\u00e9sente \u00e0 l&rsquo;avant du maillot. Absente du dos depuis 2021, la diagonale va s&rsquo;y retrouver cette saison, excentr\u00e9e et discr\u00e8te. [...]\" \/>\n<meta property=\"og:url\" content=\"https:\/\/www.ladiagonale.net\/index.php\/2023\/07\/13\/le-maillot-domicile-de-las-monaco-devoile\/\" \/>\n<meta property=\"og:site_name\" content=\"La Diagonale\" \/>\n<meta property=\"article:published_time\" content=\"2023-07-13T08:20:05+00:00\" \/>\n<meta property=\"article:modified_time\" content=\"2023-07-13T11:53:42+00:00\" \/>\n<meta property=\"og:image\" content=\"https:\/\/www.ladiagonale.net\/wp-content\/uploads\/2023\/07\/lancement-maillot-web-article-1160x650-2-1160x650-1.jpg\" \/>\n\t<meta property=\"og:image:width\" content=\"1160\" \/>\n\t<meta property=\"og:image:height\" content=\"650\" \/>\n\t<meta property=\"og:image:type\" content=\"image\/jpeg\" \/>\n<meta name=\"author\" content=\"Damien Dellerba\" \/>\n<meta name=\"twitter:card\" content=\"summary_large_image\" \/>\n<meta name=\"twitter:image\" content=\"https:\/\/www.ladiagonale.net\/wp-content\/uploads\/2023\/07\/lancement-maillot-web-article-1160x650-2-1160x650-1.jpg\" \/>\n<meta name=\"twitter:label1\" content=\"\u00c9crit par\" \/>\n\t<meta name=\"twitter:data1\" content=\"Damien Dellerba\" \/>\n\t<meta name=\"twitter:label2\" content=\"Dur\u00e9e de lecture estim\u00e9e\" \/>\n\t<meta name=\"twitter:data2\" content=\"2 minutes\" \/>\n<script type=\"application\/ld+json\" class=\"yoast-schema-graph\">{\"@context\":\"https:\/\/schema.org\",\"@graph\":[{\"@type\":\"WebPage\",\"@id\":\"https:\/\/www.ladiagonale.net\/index.php\/2023\/07\/13\/le-maillot-domicile-de-las-monaco-devoile\/\",\"url\":\"https:\/\/www.ladiagonale.net\/index.php\/2023\/07\/13\/le-maillot-domicile-de-las-monaco-devoile\/\",\"name\":\"Le maillot domicile de l'AS Monaco d\u00e9voil\u00e9 - La Diagonale\",\"isPartOf\":{\"@id\":\"https:\/\/www.ladiagonale.net\/#website\"},\"datePublished\":\"2023-07-13T08:20:05+00:00\",\"dateModified\":\"2023-07-13T11:53:42+00:00\",\"author\":{\"@id\":\"https:\/\/www.ladiagonale.net\/#\/schema\/person\/79ff1e7b0853ed01b2aa26e64ad300bf\"},\"breadcrumb\":{\"@id\":\"https:\/\/www.ladiagonale.net\/index.php\/2023\/07\/13\/le-maillot-domicile-de-las-monaco-devoile\/#breadcrumb\"},\"inLanguage\":\"fr-FR\",\"potentialAction\":[{\"@type\":\"ReadAction\",\"target\":[\"https:\/\/www.ladiagonale.net\/index.php\/2023\/07\/13\/le-maillot-domicile-de-las-monaco-devoile\/\"]}]},{\"@type\":\"BreadcrumbList\",\"@id\":\"https:\/\/www.ladiagonale.net\/index.php\/2023\/07\/13\/le-maillot-domicile-de-las-monaco-devoile\/#breadcrumb\",\"itemListElement\":[{\"@type\":\"ListItem\",\"position\":1,\"name\":\"Accueil\",\"item\":\"https:\/\/www.ladiagonale.net\/\"},{\"@type\":\"ListItem\",\"position\":2,\"name\":\"Le maillot domicile de l&rsquo;AS Monaco d\u00e9voil\u00e9\"}]},{\"@type\":\"WebSite\",\"@id\":\"https:\/\/www.ladiagonale.net\/#website\",\"url\":\"https:\/\/www.ladiagonale.net\/\",\"name\":\"La Diagonale\",\"description\":\"Le site des supporters de l&#039;AS Monaco FC\",\"potentialAction\":[{\"@type\":\"SearchAction\",\"target\":{\"@type\":\"EntryPoint\",\"urlTemplate\":\"https:\/\/www.ladiagonale.net\/?s={search_term_string}\"},\"query-input\":\"required name=search_term_string\"}],\"inLanguage\":\"fr-FR\"},{\"@type\":\"Person\",\"@id\":\"https:\/\/www.ladiagonale.net\/#\/schema\/person\/79ff1e7b0853ed01b2aa26e64ad300bf\",\"name\":\"Damien Dellerba\",\"image\":{\"@type\":\"ImageObject\",\"inLanguage\":\"fr-FR\",\"@id\":\"https:\/\/www.ladiagonale.net\/#\/schema\/person\/image\/\",\"url\":\"https:\/\/secure.gravatar.com\/avatar\/c7850e06d3ff63cdbaee88b7fc16e2f0?s=96&d=mm&r=g\",\"contentUrl\":\"https:\/\/secure.gravatar.com\/avatar\/c7850e06d3ff63cdbaee88b7fc16e2f0?s=96&d=mm&r=g\",\"caption\":\"Damien Dellerba\"},\"url\":\"https:\/\/www.ladiagonale.net\/index.php\/author\/damien\/\"}]}<\/script>\n<!-- \/ Yoast SEO plugin. -->","yoast_head_json":{"title":"Le maillot domicile de l'AS Monaco d\u00e9voil\u00e9 - La Diagonale","robots":{"index":"index","follow":"follow","max-snippet":"max-snippet:-1","max-image-preview":"max-image-preview:large","max-video-preview":"max-video-preview:-1"},"canonical":"https:\/\/www.ladiagonale.net\/index.php\/2023\/07\/13\/le-maillot-domicile-de-las-monaco-devoile\/","og_locale":"fr_FR","og_type":"article","og_title":"Le maillot domicile de l'AS Monaco d\u00e9voil\u00e9 - La Diagonale","og_description":"Attendu par la communaut\u00e9 de supporters, le nouveau maillot domicile pour la saison 2023-2024 de l&rsquo;AS Monaco, confectionn\u00e9 par l&rsquo;\u00e9quipementier Kappa, a \u00e9t\u00e9 d\u00e9voil\u00e9 ce jeudi. Sans surprise, la diagonale \u00e0 55 degr\u00e9s est bien pr\u00e9sente \u00e0 l&rsquo;avant du maillot. Absente du dos depuis 2021, la diagonale va s&rsquo;y retrouver cette saison, excentr\u00e9e et discr\u00e8te. [...]","og_url":"https:\/\/www.ladiagonale.net\/index.php\/2023\/07\/13\/le-maillot-domicile-de-las-monaco-devoile\/","og_site_name":"La Diagonale","article_published_time":"2023-07-13T08:20:05+00:00","article_modified_time":"2023-07-13T11:53:42+00:00","og_image":[{"width":1160,"height":650,"url":"https:\/\/www.ladiagonale.net\/wp-content\/uploads\/2023\/07\/lancement-maillot-web-article-1160x650-2-1160x650-1.jpg","type":"image\/jpeg"}],"author":"Damien Dellerba","twitter_card":"summary_large_image","twitter_image":"https:\/\/www.ladiagonale.net\/wp-content\/uploads\/2023\/07\/lancement-maillot-web-article-1160x650-2-1160x650-1.jpg","twitter_misc":{"\u00c9crit par":"Damien Dellerba","Dur\u00e9e de lecture estim\u00e9e":"2 minutes"},"schema":{"@context":"https:\/\/schema.org","@graph":[{"@type":"WebPage","@id":"https:\/\/www.ladiagonale.net\/index.php\/2023\/07\/13\/le-maillot-domicile-de-las-monaco-devoile\/","url":"https:\/\/www.ladiagonale.net\/index.php\/2023\/07\/13\/le-maillot-domicile-de-las-monaco-devoile\/","name":"Le maillot domicile de l'AS Monaco d\u00e9voil\u00e9 - La Diagonale","isPartOf":{"@id":"https:\/\/www.ladiagonale.net\/#website"},"datePublished":"2023-07-13T08:20:05+00:00","dateModified":"2023-07-13T11:53:42+00:00","author":{"@id":"https:\/\/www.ladiagonale.net\/#\/schema\/person\/79ff1e7b0853ed01b2aa26e64ad300bf"},"breadcrumb":{"@id":"https:\/\/www.ladiagonale.net\/index.php\/2023\/07\/13\/le-maillot-domicile-de-las-monaco-devoile\/#breadcrumb"},"inLanguage":"fr-FR","potentialAction":[{"@type":"ReadAction","target":["https:\/\/www.ladiagonale.net\/index.php\/2023\/07\/13\/le-maillot-domicile-de-las-monaco-devoile\/"]}]},{"@type":"BreadcrumbList","@id":"https:\/\/www.ladiagonale.net\/index.php\/2023\/07\/13\/le-maillot-domicile-de-las-monaco-devoile\/#breadcrumb","itemListElement":[{"@type":"ListItem","position":1,"name":"Accueil","item":"https:\/\/www.ladiagonale.net\/"},{"@type":"ListItem","position":2,"name":"Le maillot domicile de l&rsquo;AS Monaco d\u00e9voil\u00e9"}]},{"@type":"WebSite","@id":"https:\/\/www.ladiagonale.net\/#website","url":"https:\/\/www.ladiagonale.net\/","name":"La Diagonale","description":"Le site des supporters de l&#039;AS Monaco FC","potentialAction":[{"@type":"SearchAction","target":{"@type":"EntryPoint","urlTemplate":"https:\/\/www.ladiagonale.net\/?s={search_term_string}"},"query-input":"required name=search_term_string"}],"inLanguage":"fr-FR"},{"@type":"Person","@id":"https:\/\/www.ladiagonale.net\/#\/schema\/person\/79ff1e7b0853ed01b2aa26e64ad300bf","name":"Damien Dellerba","image":{"@type":"ImageObject","inLanguage":"fr-FR","@id":"https:\/\/www.ladiagonale.net\/#\/schema\/person\/image\/","url":"https:\/\/secure.gravatar.com\/avatar\/c7850e06d3ff63cdbaee88b7fc16e2f0?s=96&d=mm&r=g","contentUrl":"https:\/\/secure.gravatar.com\/avatar\/c7850e06d3ff63cdbaee88b7fc16e2f0?s=96&d=mm&r=g","caption":"Damien Dellerba"},"url":"https:\/\/www.ladiagonale.net\/index.php\/author\/damien\/"}]}},"_links":{"self":[{"href":"https:\/\/www.ladiagonale.net\/index.php\/wp-json\/wp\/v2\/posts\/13896"}],"collection":[{"href":"https:\/\/www.ladiagonale.net\/index.php\/wp-json\/wp\/v2\/posts"}],"about":[{"href":"https:\/\/www.ladiagonale.net\/index.php\/wp-json\/wp\/v2\/types\/post"}],"author":[{"embeddable":true,"href":"https:\/\/www.ladiagonale.net\/index.php\/wp-json\/wp\/v2\/users\/2"}],"replies":[{"embeddable":true,"href":"https:\/\/www.ladiagonale.net\/index.php\/wp-json\/wp\/v2\/comments?post=13896"}],"version-history":[{"count":9,"href":"https:\/\/www.ladiagonale.net\/index.php\/wp-json\/wp\/v2\/posts\/13896\/revisions"}],"predecessor-version":[{"id":13912,"href":"https:\/\/www.ladiagonale.net\/index.php\/wp-json\/wp\/v2\/posts\/13896\/revisions\/13912"}],"wp:attachment":[{"href":"https:\/\/www.ladiagonale.net\/index.php\/wp-json\/wp\/v2\/media?parent=13896"}],"wp:term":[{"taxonomy":"category","embeddable":true,"href":"https:\/\/www.ladiagonale.net\/index.php\/wp-json\/wp\/v2\/categories?post=13896"},{"taxonomy":"post_tag","embeddable":true,"href":"https:\/\/www.ladiagonale.net\/index.php\/wp-json\/wp\/v2\/tags?post=13896"}],"curies":[{"name":"wp","href":"https:\/\/api.w.org\/{rel}","templated":true}]}}