{"id":13917,"date":"2023-07-13T15:09:20","date_gmt":"2023-07-13T13:09:20","guid":{"rendered":"https:\/\/www.ladiagonale.net\/?p=13917"},"modified":"2023-07-15T18:51:59","modified_gmt":"2023-07-15T16:51:59","slug":"monaco-terminera-sa-preparation-face-au-bayern-munich","status":"publish","type":"post","link":"https:\/\/www.ladiagonale.net\/index.php\/2023\/07\/13\/monaco-terminera-sa-preparation-face-au-bayern-munich\/","title":{"rendered":"Monaco terminera sa pr\u00e9paration face au Bayern Munich"},"content":{"rendered":"\n\n\n<p>L&rsquo;agenda de la pr\u00e9paration de l&rsquo;AS Monaco se compl\u00e8te avec l&rsquo;ajout de deux nouvelles rencontres amicales, dont une de prestige. L&rsquo;\u00e9t\u00e9 dernier, les Mon\u00e9gasques avaient inclus l&rsquo;Inter Milan dans leur programme de l&rsquo;intersaison, cette fois, ce sera le Bayern Munich, quart de finaliste de la derni\u00e8re Ligue des champions, qui croisera la route de l&rsquo;ASM, le 7 ao\u00fbt (17h), \u00e0 Unterhaching. Une rencontre qui suivra celle face \u00e0 Arsenal (le 2 ao\u00fbt), dans le cadre de l&rsquo;<em>Emirates Cup<\/em>. <\/p>\n\n\n\n<p>Le club de la Principaut\u00e9 a \u00e9galement annonc\u00e9 une confrontation face au Genoa pour le 29 juillet (20h30). Le match aura lieu au stade Luigi-Ferraris, \u00e0 G\u00eanes. Apr\u00e8s une semaine d&rsquo;entra\u00eenement, les Rouge et Blanc <a href=\"https:\/\/www.ladiagonale.net\/index.php\/2023\/07\/09\/monaco-concede-le-nul-pour-son-premier-match-amical\/\">ont d\u00e9j\u00e0 affront\u00e9 l&rsquo;Union Saint-Gilloise (1-1)<\/a>, et ils affronteront samedi (17h) leur club satellite du Cercle Bruges au stade Jan-Breydel.<\/p>\n\n\n\n<p><strong>Le programme de la pr\u00e9saison<\/strong><\/p>\n\n\n<div class=\"sportspress\"><div class=\"sp-template sp-template-event-list\">\n\t\t\t<h4 class=\"sp-table-caption\">Amicaux<\/h4>\n\t\t<div class=\"sp-table-wrapper\">\n\t\t<table class=\"sp-event-list sp-event-list-format-title sp-data-table\n\t\t\t\t\t\t\t\t\t\t\t\t\t\t\t\t\t\t\t\t sp-paginated-table\n\t\t\t\t\t\t\t\t\t\t\t\t\t\t\t\t\t\t \t\t\t sp-sortable-table\n\t\t\t\t\t\t\t\t\t\t\t\t\t\t\t\t\t\t  sp-responsive-table eventlist_69f3bd6f7c819\t\t\t\t\t\t\t\t\t\t\t\t\t sp-scrollable-table \" data-sp-rows=\"75\">\n\t\t\t<thead>\n\t\t\t\t<tr>\n\t\t\t\t\t<th class=\"data-date\">Date<\/th><th class=\"data-event\">Rencontre<\/th><th class=\"data-time\">Heure<\/th><th class=\"data-results\">R\u00e9sultats<\/th><th style=\"display:none;\" class=\"data-venue\">Lieu de la rencontre<\/th>\t\t\t\t<th class=\"data-specs\">\n\t\t\t\t\tJourn\u00e9e\t\t\t\t<\/th>\n\t\t\t\t\t\t\t\t\t<th class=\"data-specs\">\n\t\t\t\t\tDiffuseur\t\t\t\t<\/th>\n\t\t\t\t\t\t\t\t\t<\/tr>\n\t\t\t<\/thead>\n\t\t\t<tbody>\n\t\t\t\t<tr class=\"sp-row sp-post alternate sp-row-no-0\" itemscope itemtype=\"http:\/\/schema.org\/SportsEvent\"><td class=\"data-date\" itemprop=\"startDate\" content=\"2023-07-09T11:00+02:00\" data-label=\"Date\"><a href=\"https:\/\/www.ladiagonale.net\/index.php\/event\/monaco-union-saint-gilloise\/\" itemprop=\"url\"><date>2023-07-09 11:00:48<\/date>9 juillet 2023<\/a><\/td><td class=\"data-event\" data-label=\"Rencontre\"><a href=\"https:\/\/www.ladiagonale.net\/index.php\/event\/monaco-union-saint-gilloise\/\"> Monaco \u2014 Union Saint-Gilloise<\/a><\/td><td class=\"data-time ok\" data-label=\"Heure\"><a href=\"https:\/\/www.ladiagonale.net\/index.php\/event\/monaco-union-saint-gilloise\/\" itemprop=\"url\"><date>&nbsp;11:00:48<\/date>11h00<\/a><\/td><td class=\"data-results\" data-label=\"R\u00e9sultats\"><a href=\"https:\/\/www.ladiagonale.net\/index.php\/event\/monaco-union-saint-gilloise\/\" itemprop=\"url\">1 - 1<\/a><\/td><td style=\"display:none;\" class=\"data-venue\" data-label=\"Lieu de la rencontre\" itemprop=\"location\" itemscope itemtype=\"http:\/\/schema.org\/Place\"><div itemprop=\"address\" itemscope itemtype=\"http:\/\/schema.org\/PostalAddress\">N\/C<\/div><\/td>\t\t\t\t<td class=\"data-spec\">\n\t\t\t\t\tAmical\t\t\t\t<\/td>\n\t\t\t\t\t\t\t\t\t<td class=\"data-spec\">\n\t\t\t\t\t-\t\t\t\t<\/td>\n\t\t\t\t\t<\/tr><tr class=\"sp-row sp-post sp-row-no-1\" itemscope itemtype=\"http:\/\/schema.org\/SportsEvent\"><td class=\"data-date\" itemprop=\"startDate\" content=\"2023-07-15T17:00+02:00\" data-label=\"Date\"><a href=\"https:\/\/www.ladiagonale.net\/index.php\/event\/cercle-bruges-monaco\/\" itemprop=\"url\"><date>2023-07-15 17:00:16<\/date>15 juillet 2023<\/a><\/td><td class=\"data-event\" data-label=\"Rencontre\"><a href=\"https:\/\/www.ladiagonale.net\/index.php\/event\/cercle-bruges-monaco\/\"> Cercle Bruges \u2014 Monaco<\/a><\/td><td class=\"data-time ok\" data-label=\"Heure\"><a href=\"https:\/\/www.ladiagonale.net\/index.php\/event\/cercle-bruges-monaco\/\" itemprop=\"url\"><date>&nbsp;17:00:16<\/date>17h00<\/a><\/td><td class=\"data-results\" data-label=\"R\u00e9sultats\"><a href=\"https:\/\/www.ladiagonale.net\/index.php\/event\/cercle-bruges-monaco\/\" itemprop=\"url\">3 - 0<\/a><\/td><td style=\"display:none;\" class=\"data-venue\" data-label=\"Lieu de la rencontre\" itemprop=\"location\" itemscope itemtype=\"http:\/\/schema.org\/Place\"><div itemprop=\"address\" itemscope itemtype=\"http:\/\/schema.org\/PostalAddress\">N\/C<\/div><\/td>\t\t\t\t<td class=\"data-spec\">\n\t\t\t\t\tAmical\t\t\t\t<\/td>\n\t\t\t\t\t\t\t\t\t<td class=\"data-spec\">\n\t\t\t\t\t-\t\t\t\t<\/td>\n\t\t\t\t\t<\/tr><tr class=\"sp-row sp-post alternate sp-row-no-2\" itemscope itemtype=\"http:\/\/schema.org\/SportsEvent\"><td class=\"data-date\" itemprop=\"startDate\" content=\"2023-07-19T20:00+02:00\" data-label=\"Date\"><a href=\"https:\/\/www.ladiagonale.net\/index.php\/event\/monaco-betis\/\" itemprop=\"url\"><date>2023-07-19 20:00:14<\/date>19 juillet 2023<\/a><\/td><td class=\"data-event\" data-label=\"Rencontre\"><a href=\"https:\/\/www.ladiagonale.net\/index.php\/event\/monaco-betis\/\"> Monaco \u2014 Betis<\/a><\/td><td class=\"data-time ok\" data-label=\"Heure\"><a href=\"https:\/\/www.ladiagonale.net\/index.php\/event\/monaco-betis\/\" itemprop=\"url\"><date>&nbsp;20:00:14<\/date>20h00<\/a><\/td><td class=\"data-results\" data-label=\"R\u00e9sultats\"><a href=\"https:\/\/www.ladiagonale.net\/index.php\/event\/monaco-betis\/\" itemprop=\"url\">3 - 1<\/a><\/td><td style=\"display:none;\" class=\"data-venue\" data-label=\"Lieu de la rencontre\" itemprop=\"location\" itemscope itemtype=\"http:\/\/schema.org\/Place\"><div itemprop=\"address\" itemscope itemtype=\"http:\/\/schema.org\/PostalAddress\">N\/C<\/div><\/td>\t\t\t\t<td class=\"data-spec\">\n\t\t\t\t\tAmical\t\t\t\t<\/td>\n\t\t\t\t\t\t\t\t\t<td class=\"data-spec\">\n\t\t\t\t\tAS Monaco\t\t\t\t<\/td>\n\t\t\t\t\t<\/tr><tr class=\"sp-row sp-post sp-row-no-3\" itemscope itemtype=\"http:\/\/schema.org\/SportsEvent\"><td class=\"data-date\" itemprop=\"startDate\" content=\"2023-07-22T17:00+02:00\" data-label=\"Date\"><a href=\"https:\/\/www.ladiagonale.net\/index.php\/event\/leeds-monaco-2\/\" itemprop=\"url\"><date>2023-07-22 17:00:47<\/date>22 juillet 2023<\/a><\/td><td class=\"data-event\" data-label=\"Rencontre\"><a href=\"https:\/\/www.ladiagonale.net\/index.php\/event\/leeds-monaco-2\/\"> Leeds \u2014 Monaco<\/a><\/td><td class=\"data-time ok\" data-label=\"Heure\"><a href=\"https:\/\/www.ladiagonale.net\/index.php\/event\/leeds-monaco-2\/\" itemprop=\"url\"><date>&nbsp;17:00:47<\/date>17h00<\/a><\/td><td class=\"data-results\" data-label=\"R\u00e9sultats\"><a href=\"https:\/\/www.ladiagonale.net\/index.php\/event\/leeds-monaco-2\/\" itemprop=\"url\">0 - 2<\/a><\/td><td style=\"display:none;\" class=\"data-venue\" data-label=\"Lieu de la rencontre\" itemprop=\"location\" itemscope itemtype=\"http:\/\/schema.org\/Place\"><div itemprop=\"address\" itemscope itemtype=\"http:\/\/schema.org\/PostalAddress\">N\/C<\/div><\/td>\t\t\t\t<td class=\"data-spec\">\n\t\t\t\t\tAmical\t\t\t\t<\/td>\n\t\t\t\t\t\t\t\t\t<td class=\"data-spec\">\n\t\t\t\t\tAS Monaco\t\t\t\t<\/td>\n\t\t\t\t\t<\/tr><tr class=\"sp-row sp-post alternate sp-row-no-4\" itemscope itemtype=\"http:\/\/schema.org\/SportsEvent\"><td class=\"data-date\" itemprop=\"startDate\" content=\"2023-07-28T18:00+02:00\" data-label=\"Date\"><a href=\"https:\/\/www.ladiagonale.net\/index.php\/event\/bologne-monaco\/\" itemprop=\"url\"><date>2023-07-28 18:00:31<\/date>28 juillet 2023<\/a><\/td><td class=\"data-event\" data-label=\"Rencontre\"><a href=\"https:\/\/www.ladiagonale.net\/index.php\/event\/bologne-monaco\/\"> Bologne \u2014 Monaco<\/a><\/td><td class=\"data-time ok\" data-label=\"Heure\"><a href=\"https:\/\/www.ladiagonale.net\/index.php\/event\/bologne-monaco\/\" itemprop=\"url\"><date>&nbsp;18:00:31<\/date>18h00<\/a><\/td><td class=\"data-results\" data-label=\"R\u00e9sultats\"><a href=\"https:\/\/www.ladiagonale.net\/index.php\/event\/bologne-monaco\/\" itemprop=\"url\">2 - 3<\/a><\/td><td style=\"display:none;\" class=\"data-venue\" data-label=\"Lieu de la rencontre\" itemprop=\"location\" itemscope itemtype=\"http:\/\/schema.org\/Place\"><div itemprop=\"address\" itemscope itemtype=\"http:\/\/schema.org\/PostalAddress\">N\/C<\/div><\/td>\t\t\t\t<td class=\"data-spec\">\n\t\t\t\t\tAmical\t\t\t\t<\/td>\n\t\t\t\t\t\t\t\t\t<td class=\"data-spec\">\n\t\t\t\t\tAS Monaco\/Sky Sport\t\t\t\t<\/td>\n\t\t\t\t\t<\/tr><tr class=\"sp-row sp-post sp-row-no-5\" itemscope itemtype=\"http:\/\/schema.org\/SportsEvent\"><td class=\"data-date\" itemprop=\"startDate\" content=\"2023-07-29T20:30+02:00\" data-label=\"Date\"><a href=\"https:\/\/www.ladiagonale.net\/index.php\/event\/genoa-monaco\/\" itemprop=\"url\"><date>2023-07-29 20:30:18<\/date>29 juillet 2023<\/a><\/td><td class=\"data-event\" data-label=\"Rencontre\"><a href=\"https:\/\/www.ladiagonale.net\/index.php\/event\/genoa-monaco\/\"> Genoa \u2014 Monaco<\/a><\/td><td class=\"data-time ok\" data-label=\"Heure\"><a href=\"https:\/\/www.ladiagonale.net\/index.php\/event\/genoa-monaco\/\" itemprop=\"url\"><date>&nbsp;20:30:18<\/date>20h30<\/a><\/td><td class=\"data-results\" data-label=\"R\u00e9sultats\"><a href=\"https:\/\/www.ladiagonale.net\/index.php\/event\/genoa-monaco\/\" itemprop=\"url\">1 - 0<\/a><\/td><td style=\"display:none;\" class=\"data-venue\" data-label=\"Lieu de la rencontre\" itemprop=\"location\" itemscope itemtype=\"http:\/\/schema.org\/Place\"><div itemprop=\"address\" itemscope itemtype=\"http:\/\/schema.org\/PostalAddress\">N\/C<\/div><\/td>\t\t\t\t<td class=\"data-spec\">\n\t\t\t\t\tAmical\t\t\t\t<\/td>\n\t\t\t\t\t\t\t\t\t<td class=\"data-spec\">\n\t\t\t\t\tAS Monaco\t\t\t\t<\/td>\n\t\t\t\t\t<\/tr><tr class=\"sp-row sp-post alternate sp-row-no-6\" itemscope itemtype=\"http:\/\/schema.org\/SportsEvent\"><td class=\"data-date\" itemprop=\"startDate\" content=\"2023-08-02T19:00+02:00\" data-label=\"Date\"><a href=\"https:\/\/www.ladiagonale.net\/index.php\/event\/arsenal-monaco-2\/\" itemprop=\"url\"><date>2023-08-02 19:00:47<\/date>2 ao\u00fbt 2023<\/a><\/td><td class=\"data-event\" data-label=\"Rencontre\"><a href=\"https:\/\/www.ladiagonale.net\/index.php\/event\/arsenal-monaco-2\/\"> Arsenal \u2014 Monaco<\/a><\/td><td class=\"data-time ok\" data-label=\"Heure\"><a href=\"https:\/\/www.ladiagonale.net\/index.php\/event\/arsenal-monaco-2\/\" itemprop=\"url\"><date>&nbsp;19:00:47<\/date>19h00<\/a><\/td><td class=\"data-results\" data-label=\"R\u00e9sultats\"><a href=\"https:\/\/www.ladiagonale.net\/index.php\/event\/arsenal-monaco-2\/\" itemprop=\"url\">1 - 1 (5-4 aux t.a.b.)<\/a><\/td><td style=\"display:none;\" class=\"data-venue\" data-label=\"Lieu de la rencontre\" itemprop=\"location\" itemscope itemtype=\"http:\/\/schema.org\/Place\"><div itemprop=\"address\" itemscope itemtype=\"http:\/\/schema.org\/PostalAddress\">N\/C<\/div><\/td>\t\t\t\t<td class=\"data-spec\">\n\t\t\t\t\tEmirates Cup\t\t\t\t<\/td>\n\t\t\t\t\t\t\t\t\t<td class=\"data-spec\">\n\t\t\t\t\tCanal+\t\t\t\t<\/td>\n\t\t\t\t\t<\/tr><tr class=\"sp-row sp-post sp-row-no-7\" itemscope itemtype=\"http:\/\/schema.org\/SportsEvent\"><td class=\"data-date\" itemprop=\"startDate\" content=\"2023-08-07T17:00+02:00\" data-label=\"Date\"><a href=\"https:\/\/www.ladiagonale.net\/index.php\/event\/bayern-munich-monaco\/\" itemprop=\"url\"><date>2023-08-07 17:00:58<\/date>7 ao\u00fbt 2023<\/a><\/td><td class=\"data-event\" data-label=\"Rencontre\"><a href=\"https:\/\/www.ladiagonale.net\/index.php\/event\/bayern-munich-monaco\/\"> Bayern Munich \u2014 Monaco<\/a><\/td><td class=\"data-time ok\" data-label=\"Heure\"><a href=\"https:\/\/www.ladiagonale.net\/index.php\/event\/bayern-munich-monaco\/\" itemprop=\"url\"><date>&nbsp;17:00:58<\/date>17h00<\/a><\/td><td class=\"data-results\" data-label=\"R\u00e9sultats\"><a href=\"https:\/\/www.ladiagonale.net\/index.php\/event\/bayern-munich-monaco\/\" itemprop=\"url\">4 - 2<\/a><\/td><td style=\"display:none;\" class=\"data-venue\" data-label=\"Lieu de la rencontre\" itemprop=\"location\" itemscope itemtype=\"http:\/\/schema.org\/Place\"><div itemprop=\"address\" itemscope itemtype=\"http:\/\/schema.org\/PostalAddress\">N\/C<\/div><\/td>\t\t\t\t<td class=\"data-spec\">\n\t\t\t\t\tAmical\t\t\t\t<\/td>\n\t\t\t\t\t\t\t\t\t<td class=\"data-spec\">\n\t\t\t\t\tCanal+\t\t\t\t<\/td>\n\t\t\t\t\t<\/tr>\t\t\t<\/tbody>\n\t\t<\/table>\n\t<\/div>\n\t<\/div>\n<\/div>\n","protected":false},"excerpt":{"rendered":"<p>L&rsquo;agenda de la pr\u00e9paration de l&rsquo;AS Monaco se compl\u00e8te avec l&rsquo;ajout de deux nouvelles rencontres amicales, dont une de prestige. L&rsquo;\u00e9t\u00e9 dernier, les Mon\u00e9gasques avaient inclus l&rsquo;Inter Milan dans leur programme de l&rsquo;intersaison, cette fois, ce sera le Bayern Munich, quart de finaliste de la derni\u00e8re Ligue des champions, qui croisera la route de l&rsquo;ASM, [&#8230;]\n","protected":false},"author":2,"featured_media":0,"comment_status":"open","ping_status":"open","sticky":false,"template":"","format":"standard","meta":[],"categories":[4,6],"tags":[87,86,616],"yoast_head":"<!-- This site is optimized with the Yoast SEO plugin v19.8 - https:\/\/yoast.com\/wordpress\/plugins\/seo\/ -->\n<title>Monaco terminera sa pr\u00e9paration face au Bayern Munich - La Diagonale<\/title>\n<meta name=\"robots\" content=\"index, follow, max-snippet:-1, max-image-preview:large, max-video-preview:-1\" \/>\n<link rel=\"canonical\" href=\"https:\/\/www.ladiagonale.net\/index.php\/2023\/07\/13\/monaco-terminera-sa-preparation-face-au-bayern-munich\/\" \/>\n<meta property=\"og:locale\" content=\"fr_FR\" \/>\n<meta property=\"og:type\" content=\"article\" \/>\n<meta property=\"og:title\" content=\"Monaco terminera sa pr\u00e9paration face au Bayern Munich - La Diagonale\" \/>\n<meta property=\"og:description\" content=\"L&rsquo;agenda de la pr\u00e9paration de l&rsquo;AS Monaco se compl\u00e8te avec l&rsquo;ajout de deux nouvelles rencontres amicales, dont une de prestige. L&rsquo;\u00e9t\u00e9 dernier, les Mon\u00e9gasques avaient inclus l&rsquo;Inter Milan dans leur programme de l&rsquo;intersaison, cette fois, ce sera le Bayern Munich, quart de finaliste de la derni\u00e8re Ligue des champions, qui croisera la route de l&rsquo;ASM, [...]\" \/>\n<meta property=\"og:url\" content=\"https:\/\/www.ladiagonale.net\/index.php\/2023\/07\/13\/monaco-terminera-sa-preparation-face-au-bayern-munich\/\" \/>\n<meta property=\"og:site_name\" content=\"La Diagonale\" \/>\n<meta property=\"article:published_time\" content=\"2023-07-13T13:09:20+00:00\" \/>\n<meta property=\"article:modified_time\" content=\"2023-07-15T16:51:59+00:00\" \/>\n<meta property=\"og:image\" content=\"https:\/\/www.ladiagonale.net\/wp-content\/uploads\/2023\/07\/bayern.png\" \/>\n\t<meta property=\"og:image:width\" content=\"1160\" \/>\n\t<meta property=\"og:image:height\" content=\"650\" \/>\n\t<meta property=\"og:image:type\" content=\"image\/png\" \/>\n<meta name=\"author\" content=\"Damien Dellerba\" \/>\n<meta name=\"twitter:card\" content=\"summary_large_image\" \/>\n<meta name=\"twitter:image\" content=\"https:\/\/www.ladiagonale.net\/wp-content\/uploads\/2023\/07\/bayern.png\" \/>\n<meta name=\"twitter:label1\" content=\"\u00c9crit par\" \/>\n\t<meta name=\"twitter:data1\" content=\"Damien Dellerba\" \/>\n\t<meta name=\"twitter:label2\" content=\"Dur\u00e9e de lecture estim\u00e9e\" \/>\n\t<meta name=\"twitter:data2\" content=\"1 minute\" \/>\n<script type=\"application\/ld+json\" class=\"yoast-schema-graph\">{\"@context\":\"https:\/\/schema.org\",\"@graph\":[{\"@type\":\"WebPage\",\"@id\":\"https:\/\/www.ladiagonale.net\/index.php\/2023\/07\/13\/monaco-terminera-sa-preparation-face-au-bayern-munich\/\",\"url\":\"https:\/\/www.ladiagonale.net\/index.php\/2023\/07\/13\/monaco-terminera-sa-preparation-face-au-bayern-munich\/\",\"name\":\"Monaco terminera sa pr\u00e9paration face au Bayern Munich - La Diagonale\",\"isPartOf\":{\"@id\":\"https:\/\/www.ladiagonale.net\/#website\"},\"datePublished\":\"2023-07-13T13:09:20+00:00\",\"dateModified\":\"2023-07-15T16:51:59+00:00\",\"author\":{\"@id\":\"https:\/\/www.ladiagonale.net\/#\/schema\/person\/79ff1e7b0853ed01b2aa26e64ad300bf\"},\"breadcrumb\":{\"@id\":\"https:\/\/www.ladiagonale.net\/index.php\/2023\/07\/13\/monaco-terminera-sa-preparation-face-au-bayern-munich\/#breadcrumb\"},\"inLanguage\":\"fr-FR\",\"potentialAction\":[{\"@type\":\"ReadAction\",\"target\":[\"https:\/\/www.ladiagonale.net\/index.php\/2023\/07\/13\/monaco-terminera-sa-preparation-face-au-bayern-munich\/\"]}]},{\"@type\":\"BreadcrumbList\",\"@id\":\"https:\/\/www.ladiagonale.net\/index.php\/2023\/07\/13\/monaco-terminera-sa-preparation-face-au-bayern-munich\/#breadcrumb\",\"itemListElement\":[{\"@type\":\"ListItem\",\"position\":1,\"name\":\"Accueil\",\"item\":\"https:\/\/www.ladiagonale.net\/\"},{\"@type\":\"ListItem\",\"position\":2,\"name\":\"Monaco terminera sa pr\u00e9paration face au Bayern Munich\"}]},{\"@type\":\"WebSite\",\"@id\":\"https:\/\/www.ladiagonale.net\/#website\",\"url\":\"https:\/\/www.ladiagonale.net\/\",\"name\":\"La Diagonale\",\"description\":\"Le site des supporters de l&#039;AS Monaco FC\",\"potentialAction\":[{\"@type\":\"SearchAction\",\"target\":{\"@type\":\"EntryPoint\",\"urlTemplate\":\"https:\/\/www.ladiagonale.net\/?s={search_term_string}\"},\"query-input\":\"required name=search_term_string\"}],\"inLanguage\":\"fr-FR\"},{\"@type\":\"Person\",\"@id\":\"https:\/\/www.ladiagonale.net\/#\/schema\/person\/79ff1e7b0853ed01b2aa26e64ad300bf\",\"name\":\"Damien Dellerba\",\"image\":{\"@type\":\"ImageObject\",\"inLanguage\":\"fr-FR\",\"@id\":\"https:\/\/www.ladiagonale.net\/#\/schema\/person\/image\/\",\"url\":\"https:\/\/secure.gravatar.com\/avatar\/c7850e06d3ff63cdbaee88b7fc16e2f0?s=96&d=mm&r=g\",\"contentUrl\":\"https:\/\/secure.gravatar.com\/avatar\/c7850e06d3ff63cdbaee88b7fc16e2f0?s=96&d=mm&r=g\",\"caption\":\"Damien Dellerba\"},\"url\":\"https:\/\/www.ladiagonale.net\/index.php\/author\/damien\/\"}]}<\/script>\n<!-- \/ Yoast SEO plugin. -->","yoast_head_json":{"title":"Monaco terminera sa pr\u00e9paration face au Bayern Munich - La Diagonale","robots":{"index":"index","follow":"follow","max-snippet":"max-snippet:-1","max-image-preview":"max-image-preview:large","max-video-preview":"max-video-preview:-1"},"canonical":"https:\/\/www.ladiagonale.net\/index.php\/2023\/07\/13\/monaco-terminera-sa-preparation-face-au-bayern-munich\/","og_locale":"fr_FR","og_type":"article","og_title":"Monaco terminera sa pr\u00e9paration face au Bayern Munich - La Diagonale","og_description":"L&rsquo;agenda de la pr\u00e9paration de l&rsquo;AS Monaco se compl\u00e8te avec l&rsquo;ajout de deux nouvelles rencontres amicales, dont une de prestige. L&rsquo;\u00e9t\u00e9 dernier, les Mon\u00e9gasques avaient inclus l&rsquo;Inter Milan dans leur programme de l&rsquo;intersaison, cette fois, ce sera le Bayern Munich, quart de finaliste de la derni\u00e8re Ligue des champions, qui croisera la route de l&rsquo;ASM, [...]","og_url":"https:\/\/www.ladiagonale.net\/index.php\/2023\/07\/13\/monaco-terminera-sa-preparation-face-au-bayern-munich\/","og_site_name":"La Diagonale","article_published_time":"2023-07-13T13:09:20+00:00","article_modified_time":"2023-07-15T16:51:59+00:00","og_image":[{"width":1160,"height":650,"url":"https:\/\/www.ladiagonale.net\/wp-content\/uploads\/2023\/07\/bayern.png","type":"image\/png"}],"author":"Damien Dellerba","twitter_card":"summary_large_image","twitter_image":"https:\/\/www.ladiagonale.net\/wp-content\/uploads\/2023\/07\/bayern.png","twitter_misc":{"\u00c9crit par":"Damien Dellerba","Dur\u00e9e de lecture estim\u00e9e":"1 minute"},"schema":{"@context":"https:\/\/schema.org","@graph":[{"@type":"WebPage","@id":"https:\/\/www.ladiagonale.net\/index.php\/2023\/07\/13\/monaco-terminera-sa-preparation-face-au-bayern-munich\/","url":"https:\/\/www.ladiagonale.net\/index.php\/2023\/07\/13\/monaco-terminera-sa-preparation-face-au-bayern-munich\/","name":"Monaco terminera sa pr\u00e9paration face au Bayern Munich - La Diagonale","isPartOf":{"@id":"https:\/\/www.ladiagonale.net\/#website"},"datePublished":"2023-07-13T13:09:20+00:00","dateModified":"2023-07-15T16:51:59+00:00","author":{"@id":"https:\/\/www.ladiagonale.net\/#\/schema\/person\/79ff1e7b0853ed01b2aa26e64ad300bf"},"breadcrumb":{"@id":"https:\/\/www.ladiagonale.net\/index.php\/2023\/07\/13\/monaco-terminera-sa-preparation-face-au-bayern-munich\/#breadcrumb"},"inLanguage":"fr-FR","potentialAction":[{"@type":"ReadAction","target":["https:\/\/www.ladiagonale.net\/index.php\/2023\/07\/13\/monaco-terminera-sa-preparation-face-au-bayern-munich\/"]}]},{"@type":"BreadcrumbList","@id":"https:\/\/www.ladiagonale.net\/index.php\/2023\/07\/13\/monaco-terminera-sa-preparation-face-au-bayern-munich\/#breadcrumb","itemListElement":[{"@type":"ListItem","position":1,"name":"Accueil","item":"https:\/\/www.ladiagonale.net\/"},{"@type":"ListItem","position":2,"name":"Monaco terminera sa pr\u00e9paration face au Bayern Munich"}]},{"@type":"WebSite","@id":"https:\/\/www.ladiagonale.net\/#website","url":"https:\/\/www.ladiagonale.net\/","name":"La Diagonale","description":"Le site des supporters de l&#039;AS Monaco FC","potentialAction":[{"@type":"SearchAction","target":{"@type":"EntryPoint","urlTemplate":"https:\/\/www.ladiagonale.net\/?s={search_term_string}"},"query-input":"required name=search_term_string"}],"inLanguage":"fr-FR"},{"@type":"Person","@id":"https:\/\/www.ladiagonale.net\/#\/schema\/person\/79ff1e7b0853ed01b2aa26e64ad300bf","name":"Damien Dellerba","image":{"@type":"ImageObject","inLanguage":"fr-FR","@id":"https:\/\/www.ladiagonale.net\/#\/schema\/person\/image\/","url":"https:\/\/secure.gravatar.com\/avatar\/c7850e06d3ff63cdbaee88b7fc16e2f0?s=96&d=mm&r=g","contentUrl":"https:\/\/secure.gravatar.com\/avatar\/c7850e06d3ff63cdbaee88b7fc16e2f0?s=96&d=mm&r=g","caption":"Damien Dellerba"},"url":"https:\/\/www.ladiagonale.net\/index.php\/author\/damien\/"}]}},"_links":{"self":[{"href":"https:\/\/www.ladiagonale.net\/index.php\/wp-json\/wp\/v2\/posts\/13917"}],"collection":[{"href":"https:\/\/www.ladiagonale.net\/index.php\/wp-json\/wp\/v2\/posts"}],"about":[{"href":"https:\/\/www.ladiagonale.net\/index.php\/wp-json\/wp\/v2\/types\/post"}],"author":[{"embeddable":true,"href":"https:\/\/www.ladiagonale.net\/index.php\/wp-json\/wp\/v2\/users\/2"}],"replies":[{"embeddable":true,"href":"https:\/\/www.ladiagonale.net\/index.php\/wp-json\/wp\/v2\/comments?post=13917"}],"version-history":[{"count":6,"href":"https:\/\/www.ladiagonale.net\/index.php\/wp-json\/wp\/v2\/posts\/13917\/revisions"}],"predecessor-version":[{"id":14043,"href":"https:\/\/www.ladiagonale.net\/index.php\/wp-json\/wp\/v2\/posts\/13917\/revisions\/14043"}],"wp:attachment":[{"href":"https:\/\/www.ladiagonale.net\/index.php\/wp-json\/wp\/v2\/media?parent=13917"}],"wp:term":[{"taxonomy":"category","embeddable":true,"href":"https:\/\/www.ladiagonale.net\/index.php\/wp-json\/wp\/v2\/categories?post=13917"},{"taxonomy":"post_tag","embeddable":true,"href":"https:\/\/www.ladiagonale.net\/index.php\/wp-json\/wp\/v2\/tags?post=13917"}],"curies":[{"name":"wp","href":"https:\/\/api.w.org\/{rel}","templated":true}]}}