{"id":13936,"date":"2023-07-13T16:13:47","date_gmt":"2023-07-13T14:13:47","guid":{"rendered":"https:\/\/www.ladiagonale.net\/?p=13936"},"modified":"2023-07-15T02:37:10","modified_gmt":"2023-07-15T00:37:10","slug":"ben-yedder-accuse-dagression-sexuelle-et-de-viol","status":"publish","type":"post","link":"https:\/\/www.ladiagonale.net\/index.php\/2023\/07\/13\/ben-yedder-accuse-dagression-sexuelle-et-de-viol\/","title":{"rendered":"Ben Yedder accus\u00e9 d&rsquo;agression sexuelle et de viol"},"content":{"rendered":"\n\n\n<p>Le capitaine de l&rsquo;AS Monaco, Wissam Ben Yedder, fait l&rsquo;objet de deux plaintes pour agression sexuelle et viol. Selon <em>France Info<\/em>, les faits se seraient produits au cours d&rsquo;une soir\u00e9e \u00e0 Beausoleil, le lundi 10 juillet. Les deux victimes pr\u00e9sum\u00e9es, \u00e2g\u00e9es de 19 et 20 ans, ont d\u00e9pos\u00e9 plainte au commissariat de Cagnes-sur-mer, et <em>Nice-Matin<\/em> a eu confirmation du d\u00e9p\u00f4t de plainte par le parquet de Grasse. <\/p>\n\n\n\n<p>D&rsquo;apr\u00e8s <em>France Info<\/em>, les investigations ont d\u00e9but\u00e9 mais aucune audition ni garde \u00e0 vue n&rsquo;ont encore eu lieu. Le petit fr\u00e8re de Ben Yedder a \u00e9galement \u00e9t\u00e9 mis en cause. Cette ann\u00e9e, Wissam Ben Yedder a d\u00e9j\u00e0 eu des d\u00e9m\u00eal\u00e9s avec la justice espagnole, <a href=\"https:\/\/www.ladiagonale.net\/index.php\/2023\/04\/11\/ben-yedder-condamne-a-six-mois-de-prison-par-la-justice-espagnole\/\">apr\u00e8s avoir \u00e9t\u00e9 condamn\u00e9 pour fraude fiscale<\/a>. Les graves accusations qui sont cette fois port\u00e9es \u00e0 l&rsquo;encontre de l&rsquo;attaquant de l&rsquo;ASM, et si elles sont av\u00e9r\u00e9es, pourraient avoir d&rsquo;autres cons\u00e9quences sur la suite de la carri\u00e8re de l&rsquo;international tricolore.<\/p>\n\n\n\n<figure class=\"wp-block-embed is-type-rich is-provider-twitter wp-block-embed-twitter\"><div class=\"wp-block-embed__wrapper\">\n<blockquote class=\"twitter-tweet\" data-width=\"550\" data-dnt=\"true\"><p lang=\"fr\" dir=\"ltr\">\u00c7a va pas s\u2019arr\u00eater \u00e0 deux plaintes. <a href=\"https:\/\/t.co\/sZP22nqCEy\">https:\/\/t.co\/sZP22nqCEy<\/a><\/p>&mdash; Romain Molina (@Romain_Molina) <a href=\"https:\/\/twitter.com\/Romain_Molina\/status\/1679504059672264705?ref_src=twsrc%5Etfw\">July 13, 2023<\/a><\/blockquote><script async src=\"https:\/\/platform.twitter.com\/widgets.js\" charset=\"utf-8\"><\/script>\n<\/div><\/figure>\n\n\n\n<p>Le journaliste Romain Molina a comment\u00e9 l&rsquo;information sur son compte <em>Twitter<\/em> en ajoutant que d&rsquo;autres plaintes pourraient venir s&rsquo;ajouter au dossier par la suite. <\/p>\n","protected":false},"excerpt":{"rendered":"<p>Le capitaine de l&rsquo;AS Monaco, Wissam Ben Yedder, fait l&rsquo;objet de deux plaintes pour agression sexuelle et viol. Selon France Info, les faits se seraient produits au cours d&rsquo;une soir\u00e9e \u00e0 Beausoleil, le lundi 10 juillet. Les deux victimes pr\u00e9sum\u00e9es, \u00e2g\u00e9es de 19 et 20 ans, ont d\u00e9pos\u00e9 plainte au commissariat de Cagnes-sur-mer, et Nice-Matin [&#8230;]\n","protected":false},"author":2,"featured_media":11576,"comment_status":"open","ping_status":"open","sticky":false,"template":"","format":"standard","meta":[],"categories":[5,6],"tags":[86,401,175],"yoast_head":"<!-- This site is optimized with the Yoast SEO plugin v19.8 - https:\/\/yoast.com\/wordpress\/plugins\/seo\/ -->\n<title>Ben Yedder accus\u00e9 d&#039;agression sexuelle et de viol - La Diagonale<\/title>\n<meta name=\"robots\" content=\"index, follow, max-snippet:-1, max-image-preview:large, max-video-preview:-1\" \/>\n<link rel=\"canonical\" href=\"https:\/\/www.ladiagonale.net\/index.php\/2023\/07\/13\/ben-yedder-accuse-dagression-sexuelle-et-de-viol\/\" \/>\n<meta property=\"og:locale\" content=\"fr_FR\" \/>\n<meta property=\"og:type\" content=\"article\" \/>\n<meta property=\"og:title\" content=\"Ben Yedder accus\u00e9 d&#039;agression sexuelle et de viol - La Diagonale\" \/>\n<meta property=\"og:description\" content=\"Le capitaine de l&rsquo;AS Monaco, Wissam Ben Yedder, fait l&rsquo;objet de deux plaintes pour agression sexuelle et viol. Selon France Info, les faits se seraient produits au cours d&rsquo;une soir\u00e9e \u00e0 Beausoleil, le lundi 10 juillet. Les deux victimes pr\u00e9sum\u00e9es, \u00e2g\u00e9es de 19 et 20 ans, ont d\u00e9pos\u00e9 plainte au commissariat de Cagnes-sur-mer, et Nice-Matin [...]\" \/>\n<meta property=\"og:url\" content=\"https:\/\/www.ladiagonale.net\/index.php\/2023\/07\/13\/ben-yedder-accuse-dagression-sexuelle-et-de-viol\/\" \/>\n<meta property=\"og:site_name\" content=\"La Diagonale\" \/>\n<meta property=\"article:published_time\" content=\"2023-07-13T14:13:47+00:00\" \/>\n<meta property=\"article:modified_time\" content=\"2023-07-15T00:37:10+00:00\" \/>\n<meta property=\"og:image\" content=\"https:\/\/www.ladiagonale.net\/wp-content\/uploads\/2023\/04\/ben-yedder5.png\" \/>\n\t<meta property=\"og:image:width\" content=\"1160\" \/>\n\t<meta property=\"og:image:height\" content=\"650\" \/>\n\t<meta property=\"og:image:type\" content=\"image\/png\" \/>\n<meta name=\"author\" content=\"Damien Dellerba\" \/>\n<meta name=\"twitter:card\" content=\"summary_large_image\" \/>\n<meta name=\"twitter:image\" content=\"https:\/\/www.ladiagonale.net\/wp-content\/uploads\/2023\/04\/ben-yedder5.png\" \/>\n<meta name=\"twitter:label1\" content=\"\u00c9crit par\" \/>\n\t<meta name=\"twitter:data1\" content=\"Damien Dellerba\" \/>\n\t<meta name=\"twitter:label2\" content=\"Dur\u00e9e de lecture estim\u00e9e\" \/>\n\t<meta name=\"twitter:data2\" content=\"1 minute\" \/>\n<script type=\"application\/ld+json\" class=\"yoast-schema-graph\">{\"@context\":\"https:\/\/schema.org\",\"@graph\":[{\"@type\":\"WebPage\",\"@id\":\"https:\/\/www.ladiagonale.net\/index.php\/2023\/07\/13\/ben-yedder-accuse-dagression-sexuelle-et-de-viol\/\",\"url\":\"https:\/\/www.ladiagonale.net\/index.php\/2023\/07\/13\/ben-yedder-accuse-dagression-sexuelle-et-de-viol\/\",\"name\":\"Ben Yedder accus\u00e9 d'agression sexuelle et de viol - La Diagonale\",\"isPartOf\":{\"@id\":\"https:\/\/www.ladiagonale.net\/#website\"},\"datePublished\":\"2023-07-13T14:13:47+00:00\",\"dateModified\":\"2023-07-15T00:37:10+00:00\",\"author\":{\"@id\":\"https:\/\/www.ladiagonale.net\/#\/schema\/person\/79ff1e7b0853ed01b2aa26e64ad300bf\"},\"breadcrumb\":{\"@id\":\"https:\/\/www.ladiagonale.net\/index.php\/2023\/07\/13\/ben-yedder-accuse-dagression-sexuelle-et-de-viol\/#breadcrumb\"},\"inLanguage\":\"fr-FR\",\"potentialAction\":[{\"@type\":\"ReadAction\",\"target\":[\"https:\/\/www.ladiagonale.net\/index.php\/2023\/07\/13\/ben-yedder-accuse-dagression-sexuelle-et-de-viol\/\"]}]},{\"@type\":\"BreadcrumbList\",\"@id\":\"https:\/\/www.ladiagonale.net\/index.php\/2023\/07\/13\/ben-yedder-accuse-dagression-sexuelle-et-de-viol\/#breadcrumb\",\"itemListElement\":[{\"@type\":\"ListItem\",\"position\":1,\"name\":\"Accueil\",\"item\":\"https:\/\/www.ladiagonale.net\/\"},{\"@type\":\"ListItem\",\"position\":2,\"name\":\"Ben Yedder accus\u00e9 d&rsquo;agression sexuelle et de viol\"}]},{\"@type\":\"WebSite\",\"@id\":\"https:\/\/www.ladiagonale.net\/#website\",\"url\":\"https:\/\/www.ladiagonale.net\/\",\"name\":\"La Diagonale\",\"description\":\"Le site des supporters de l&#039;AS Monaco FC\",\"potentialAction\":[{\"@type\":\"SearchAction\",\"target\":{\"@type\":\"EntryPoint\",\"urlTemplate\":\"https:\/\/www.ladiagonale.net\/?s={search_term_string}\"},\"query-input\":\"required name=search_term_string\"}],\"inLanguage\":\"fr-FR\"},{\"@type\":\"Person\",\"@id\":\"https:\/\/www.ladiagonale.net\/#\/schema\/person\/79ff1e7b0853ed01b2aa26e64ad300bf\",\"name\":\"Damien Dellerba\",\"image\":{\"@type\":\"ImageObject\",\"inLanguage\":\"fr-FR\",\"@id\":\"https:\/\/www.ladiagonale.net\/#\/schema\/person\/image\/\",\"url\":\"https:\/\/secure.gravatar.com\/avatar\/c7850e06d3ff63cdbaee88b7fc16e2f0?s=96&d=mm&r=g\",\"contentUrl\":\"https:\/\/secure.gravatar.com\/avatar\/c7850e06d3ff63cdbaee88b7fc16e2f0?s=96&d=mm&r=g\",\"caption\":\"Damien Dellerba\"},\"url\":\"https:\/\/www.ladiagonale.net\/index.php\/author\/damien\/\"}]}<\/script>\n<!-- \/ Yoast SEO plugin. -->","yoast_head_json":{"title":"Ben Yedder accus\u00e9 d'agression sexuelle et de viol - La Diagonale","robots":{"index":"index","follow":"follow","max-snippet":"max-snippet:-1","max-image-preview":"max-image-preview:large","max-video-preview":"max-video-preview:-1"},"canonical":"https:\/\/www.ladiagonale.net\/index.php\/2023\/07\/13\/ben-yedder-accuse-dagression-sexuelle-et-de-viol\/","og_locale":"fr_FR","og_type":"article","og_title":"Ben Yedder accus\u00e9 d'agression sexuelle et de viol - La Diagonale","og_description":"Le capitaine de l&rsquo;AS Monaco, Wissam Ben Yedder, fait l&rsquo;objet de deux plaintes pour agression sexuelle et viol. Selon France Info, les faits se seraient produits au cours d&rsquo;une soir\u00e9e \u00e0 Beausoleil, le lundi 10 juillet. Les deux victimes pr\u00e9sum\u00e9es, \u00e2g\u00e9es de 19 et 20 ans, ont d\u00e9pos\u00e9 plainte au commissariat de Cagnes-sur-mer, et Nice-Matin [...]","og_url":"https:\/\/www.ladiagonale.net\/index.php\/2023\/07\/13\/ben-yedder-accuse-dagression-sexuelle-et-de-viol\/","og_site_name":"La Diagonale","article_published_time":"2023-07-13T14:13:47+00:00","article_modified_time":"2023-07-15T00:37:10+00:00","og_image":[{"width":1160,"height":650,"url":"https:\/\/www.ladiagonale.net\/wp-content\/uploads\/2023\/04\/ben-yedder5.png","type":"image\/png"}],"author":"Damien Dellerba","twitter_card":"summary_large_image","twitter_image":"https:\/\/www.ladiagonale.net\/wp-content\/uploads\/2023\/04\/ben-yedder5.png","twitter_misc":{"\u00c9crit par":"Damien Dellerba","Dur\u00e9e de lecture estim\u00e9e":"1 minute"},"schema":{"@context":"https:\/\/schema.org","@graph":[{"@type":"WebPage","@id":"https:\/\/www.ladiagonale.net\/index.php\/2023\/07\/13\/ben-yedder-accuse-dagression-sexuelle-et-de-viol\/","url":"https:\/\/www.ladiagonale.net\/index.php\/2023\/07\/13\/ben-yedder-accuse-dagression-sexuelle-et-de-viol\/","name":"Ben Yedder accus\u00e9 d'agression sexuelle et de viol - La Diagonale","isPartOf":{"@id":"https:\/\/www.ladiagonale.net\/#website"},"datePublished":"2023-07-13T14:13:47+00:00","dateModified":"2023-07-15T00:37:10+00:00","author":{"@id":"https:\/\/www.ladiagonale.net\/#\/schema\/person\/79ff1e7b0853ed01b2aa26e64ad300bf"},"breadcrumb":{"@id":"https:\/\/www.ladiagonale.net\/index.php\/2023\/07\/13\/ben-yedder-accuse-dagression-sexuelle-et-de-viol\/#breadcrumb"},"inLanguage":"fr-FR","potentialAction":[{"@type":"ReadAction","target":["https:\/\/www.ladiagonale.net\/index.php\/2023\/07\/13\/ben-yedder-accuse-dagression-sexuelle-et-de-viol\/"]}]},{"@type":"BreadcrumbList","@id":"https:\/\/www.ladiagonale.net\/index.php\/2023\/07\/13\/ben-yedder-accuse-dagression-sexuelle-et-de-viol\/#breadcrumb","itemListElement":[{"@type":"ListItem","position":1,"name":"Accueil","item":"https:\/\/www.ladiagonale.net\/"},{"@type":"ListItem","position":2,"name":"Ben Yedder accus\u00e9 d&rsquo;agression sexuelle et de viol"}]},{"@type":"WebSite","@id":"https:\/\/www.ladiagonale.net\/#website","url":"https:\/\/www.ladiagonale.net\/","name":"La Diagonale","description":"Le site des supporters de l&#039;AS Monaco FC","potentialAction":[{"@type":"SearchAction","target":{"@type":"EntryPoint","urlTemplate":"https:\/\/www.ladiagonale.net\/?s={search_term_string}"},"query-input":"required name=search_term_string"}],"inLanguage":"fr-FR"},{"@type":"Person","@id":"https:\/\/www.ladiagonale.net\/#\/schema\/person\/79ff1e7b0853ed01b2aa26e64ad300bf","name":"Damien Dellerba","image":{"@type":"ImageObject","inLanguage":"fr-FR","@id":"https:\/\/www.ladiagonale.net\/#\/schema\/person\/image\/","url":"https:\/\/secure.gravatar.com\/avatar\/c7850e06d3ff63cdbaee88b7fc16e2f0?s=96&d=mm&r=g","contentUrl":"https:\/\/secure.gravatar.com\/avatar\/c7850e06d3ff63cdbaee88b7fc16e2f0?s=96&d=mm&r=g","caption":"Damien Dellerba"},"url":"https:\/\/www.ladiagonale.net\/index.php\/author\/damien\/"}]}},"_links":{"self":[{"href":"https:\/\/www.ladiagonale.net\/index.php\/wp-json\/wp\/v2\/posts\/13936"}],"collection":[{"href":"https:\/\/www.ladiagonale.net\/index.php\/wp-json\/wp\/v2\/posts"}],"about":[{"href":"https:\/\/www.ladiagonale.net\/index.php\/wp-json\/wp\/v2\/types\/post"}],"author":[{"embeddable":true,"href":"https:\/\/www.ladiagonale.net\/index.php\/wp-json\/wp\/v2\/users\/2"}],"replies":[{"embeddable":true,"href":"https:\/\/www.ladiagonale.net\/index.php\/wp-json\/wp\/v2\/comments?post=13936"}],"version-history":[{"count":12,"href":"https:\/\/www.ladiagonale.net\/index.php\/wp-json\/wp\/v2\/posts\/13936\/revisions"}],"predecessor-version":[{"id":13953,"href":"https:\/\/www.ladiagonale.net\/index.php\/wp-json\/wp\/v2\/posts\/13936\/revisions\/13953"}],"wp:featuredmedia":[{"embeddable":true,"href":"https:\/\/www.ladiagonale.net\/index.php\/wp-json\/wp\/v2\/media\/11576"}],"wp:attachment":[{"href":"https:\/\/www.ladiagonale.net\/index.php\/wp-json\/wp\/v2\/media?parent=13936"}],"wp:term":[{"taxonomy":"category","embeddable":true,"href":"https:\/\/www.ladiagonale.net\/index.php\/wp-json\/wp\/v2\/categories?post=13936"},{"taxonomy":"post_tag","embeddable":true,"href":"https:\/\/www.ladiagonale.net\/index.php\/wp-json\/wp\/v2\/tags?post=13936"}],"curies":[{"name":"wp","href":"https:\/\/api.w.org\/{rel}","templated":true}]}}