{"id":13954,"date":"2023-07-14T00:26:04","date_gmt":"2023-07-13T22:26:04","guid":{"rendered":"https:\/\/www.ladiagonale.net\/?p=13954"},"modified":"2023-07-14T01:37:21","modified_gmt":"2023-07-13T23:37:21","slug":"monaco-communique-sur-laffaire-ben-yedder","status":"publish","type":"post","link":"https:\/\/www.ladiagonale.net\/index.php\/2023\/07\/14\/monaco-communique-sur-laffaire-ben-yedder\/","title":{"rendered":"Monaco communique sur l&rsquo;affaire Ben Yedder"},"content":{"rendered":"\n\n\n<p>Ce jeudi, Wissam Ben Yedder, et une autre personne qui pourrait \u00eatre son fr\u00e8re, <a href=\"https:\/\/www.ladiagonale.net\/index.php\/2023\/07\/13\/ben-yedder-accuse-dagression-sexuelle-et-de-viol\/\">ont fait l&rsquo;objet de deux plaintes pour viol et agression sexuelle<\/a> \u00e0 la suite d&rsquo;une soir\u00e9e qui s&rsquo;est d\u00e9roul\u00e9e \u00e0 Beausoleil lundi 10 juillet. D\u00e9pos\u00e9es au commissariat de Cagnes-sur-mer, les plaintes sont d\u00e9sormais remont\u00e9es jusqu&rsquo;au parquet de Nice et comme le rapporte <em>Nice-Matin<\/em>, la police judiciaire de Nice a d\u00e9but\u00e9 l&rsquo;enqu\u00eate dans ce dossier, sans qu&rsquo;aucune audition ou mise en examen ne soit prononc\u00e9e. <\/p>\n\n\n\n<p>Face \u00e0 l&rsquo;ampleur de la nouvelle, le club de la Principaut\u00e9, \u00e0 qui appartient Wissam Ben Yedder, s&rsquo;est fendu d&rsquo;un bref communiqu\u00e9 \u00e0 l&rsquo;attention de quelques m\u00e9dias seulement, tels que <em>Nice-Matin<\/em>, <em>RMC Sport<\/em> et <em>L&rsquo;\u00c9quipe<\/em> : \u00ab\u00a0<em>L\u2019AS Monaco a pris connaissance des informations publi\u00e9es ce jour au sujet de Wissam Ben Yedder, <\/em>peut-on lire<em>. L\u2019affaire \u00e9tant soumise \u00e0 une proc\u00e9dure judiciaire, le Club n\u2019est pas en mesure de faire de commentaire.<\/em> \u00bb<\/p>\n\n\n\n<p>Selon <em>L&rsquo;\u00c9quipe<\/em>, le capitaine de l&rsquo;AS Monaco, qui reste pr\u00e9sum\u00e9 innocent \u00e0 l&rsquo;heure actuelle, n&rsquo;a pas fait l&rsquo;objet d&rsquo;une mesure de mise \u00e0 l&rsquo;\u00e9cart pr\u00e9ventive de la part du club. Il devrait donc \u00eatre \u00e0 l&rsquo;entra\u00eenement \u00e0 La Turbie ce vendredi.<\/p>\n","protected":false},"excerpt":{"rendered":"<p>Ce jeudi, Wissam Ben Yedder, et une autre personne qui pourrait \u00eatre son fr\u00e8re, ont fait l&rsquo;objet de deux plaintes pour viol et agression sexuelle \u00e0 la suite d&rsquo;une soir\u00e9e qui s&rsquo;est d\u00e9roul\u00e9e \u00e0 Beausoleil lundi 10 juillet. D\u00e9pos\u00e9es au commissariat de Cagnes-sur-mer, les plaintes sont d\u00e9sormais remont\u00e9es jusqu&rsquo;au parquet de Nice et comme le [&#8230;]\n","protected":false},"author":2,"featured_media":0,"comment_status":"open","ping_status":"open","sticky":false,"template":"","format":"standard","meta":[],"categories":[4,6],"tags":[86,401,175],"yoast_head":"<!-- This site is optimized with the Yoast SEO plugin v19.8 - https:\/\/yoast.com\/wordpress\/plugins\/seo\/ -->\n<title>Monaco communique sur l&#039;affaire Ben Yedder - La Diagonale<\/title>\n<meta name=\"robots\" content=\"index, follow, max-snippet:-1, max-image-preview:large, max-video-preview:-1\" \/>\n<link rel=\"canonical\" href=\"https:\/\/www.ladiagonale.net\/index.php\/2023\/07\/14\/monaco-communique-sur-laffaire-ben-yedder\/\" \/>\n<meta property=\"og:locale\" content=\"fr_FR\" \/>\n<meta property=\"og:type\" content=\"article\" \/>\n<meta property=\"og:title\" content=\"Monaco communique sur l&#039;affaire Ben Yedder - La Diagonale\" \/>\n<meta property=\"og:description\" content=\"Ce jeudi, Wissam Ben Yedder, et une autre personne qui pourrait \u00eatre son fr\u00e8re, ont fait l&rsquo;objet de deux plaintes pour viol et agression sexuelle \u00e0 la suite d&rsquo;une soir\u00e9e qui s&rsquo;est d\u00e9roul\u00e9e \u00e0 Beausoleil lundi 10 juillet. D\u00e9pos\u00e9es au commissariat de Cagnes-sur-mer, les plaintes sont d\u00e9sormais remont\u00e9es jusqu&rsquo;au parquet de Nice et comme le [...]\" \/>\n<meta property=\"og:url\" content=\"https:\/\/www.ladiagonale.net\/index.php\/2023\/07\/14\/monaco-communique-sur-laffaire-ben-yedder\/\" \/>\n<meta property=\"og:site_name\" content=\"La Diagonale\" \/>\n<meta property=\"article:published_time\" content=\"2023-07-13T22:26:04+00:00\" \/>\n<meta property=\"article:modified_time\" content=\"2023-07-13T23:37:21+00:00\" \/>\n<meta property=\"og:image\" content=\"https:\/\/www.ladiagonale.net\/wp-content\/uploads\/2023\/04\/ben-yedder5.png\" \/>\n\t<meta property=\"og:image:width\" content=\"1160\" \/>\n\t<meta property=\"og:image:height\" content=\"650\" \/>\n\t<meta property=\"og:image:type\" content=\"image\/png\" \/>\n<meta name=\"author\" content=\"Damien Dellerba\" \/>\n<meta name=\"twitter:card\" content=\"summary_large_image\" \/>\n<meta name=\"twitter:image\" content=\"https:\/\/www.ladiagonale.net\/wp-content\/uploads\/2023\/04\/ben-yedder5.png\" \/>\n<meta name=\"twitter:label1\" content=\"\u00c9crit par\" \/>\n\t<meta name=\"twitter:data1\" content=\"Damien Dellerba\" \/>\n\t<meta name=\"twitter:label2\" content=\"Dur\u00e9e de lecture estim\u00e9e\" \/>\n\t<meta name=\"twitter:data2\" content=\"1 minute\" \/>\n<script type=\"application\/ld+json\" class=\"yoast-schema-graph\">{\"@context\":\"https:\/\/schema.org\",\"@graph\":[{\"@type\":\"WebPage\",\"@id\":\"https:\/\/www.ladiagonale.net\/index.php\/2023\/07\/14\/monaco-communique-sur-laffaire-ben-yedder\/\",\"url\":\"https:\/\/www.ladiagonale.net\/index.php\/2023\/07\/14\/monaco-communique-sur-laffaire-ben-yedder\/\",\"name\":\"Monaco communique sur l'affaire Ben Yedder - La Diagonale\",\"isPartOf\":{\"@id\":\"https:\/\/www.ladiagonale.net\/#website\"},\"datePublished\":\"2023-07-13T22:26:04+00:00\",\"dateModified\":\"2023-07-13T23:37:21+00:00\",\"author\":{\"@id\":\"https:\/\/www.ladiagonale.net\/#\/schema\/person\/79ff1e7b0853ed01b2aa26e64ad300bf\"},\"breadcrumb\":{\"@id\":\"https:\/\/www.ladiagonale.net\/index.php\/2023\/07\/14\/monaco-communique-sur-laffaire-ben-yedder\/#breadcrumb\"},\"inLanguage\":\"fr-FR\",\"potentialAction\":[{\"@type\":\"ReadAction\",\"target\":[\"https:\/\/www.ladiagonale.net\/index.php\/2023\/07\/14\/monaco-communique-sur-laffaire-ben-yedder\/\"]}]},{\"@type\":\"BreadcrumbList\",\"@id\":\"https:\/\/www.ladiagonale.net\/index.php\/2023\/07\/14\/monaco-communique-sur-laffaire-ben-yedder\/#breadcrumb\",\"itemListElement\":[{\"@type\":\"ListItem\",\"position\":1,\"name\":\"Accueil\",\"item\":\"https:\/\/www.ladiagonale.net\/\"},{\"@type\":\"ListItem\",\"position\":2,\"name\":\"Monaco communique sur l&rsquo;affaire Ben Yedder\"}]},{\"@type\":\"WebSite\",\"@id\":\"https:\/\/www.ladiagonale.net\/#website\",\"url\":\"https:\/\/www.ladiagonale.net\/\",\"name\":\"La Diagonale\",\"description\":\"Le site des supporters de l&#039;AS Monaco FC\",\"potentialAction\":[{\"@type\":\"SearchAction\",\"target\":{\"@type\":\"EntryPoint\",\"urlTemplate\":\"https:\/\/www.ladiagonale.net\/?s={search_term_string}\"},\"query-input\":\"required name=search_term_string\"}],\"inLanguage\":\"fr-FR\"},{\"@type\":\"Person\",\"@id\":\"https:\/\/www.ladiagonale.net\/#\/schema\/person\/79ff1e7b0853ed01b2aa26e64ad300bf\",\"name\":\"Damien Dellerba\",\"image\":{\"@type\":\"ImageObject\",\"inLanguage\":\"fr-FR\",\"@id\":\"https:\/\/www.ladiagonale.net\/#\/schema\/person\/image\/\",\"url\":\"https:\/\/secure.gravatar.com\/avatar\/c7850e06d3ff63cdbaee88b7fc16e2f0?s=96&d=mm&r=g\",\"contentUrl\":\"https:\/\/secure.gravatar.com\/avatar\/c7850e06d3ff63cdbaee88b7fc16e2f0?s=96&d=mm&r=g\",\"caption\":\"Damien Dellerba\"},\"url\":\"https:\/\/www.ladiagonale.net\/index.php\/author\/damien\/\"}]}<\/script>\n<!-- \/ Yoast SEO plugin. -->","yoast_head_json":{"title":"Monaco communique sur l'affaire Ben Yedder - La Diagonale","robots":{"index":"index","follow":"follow","max-snippet":"max-snippet:-1","max-image-preview":"max-image-preview:large","max-video-preview":"max-video-preview:-1"},"canonical":"https:\/\/www.ladiagonale.net\/index.php\/2023\/07\/14\/monaco-communique-sur-laffaire-ben-yedder\/","og_locale":"fr_FR","og_type":"article","og_title":"Monaco communique sur l'affaire Ben Yedder - La Diagonale","og_description":"Ce jeudi, Wissam Ben Yedder, et une autre personne qui pourrait \u00eatre son fr\u00e8re, ont fait l&rsquo;objet de deux plaintes pour viol et agression sexuelle \u00e0 la suite d&rsquo;une soir\u00e9e qui s&rsquo;est d\u00e9roul\u00e9e \u00e0 Beausoleil lundi 10 juillet. D\u00e9pos\u00e9es au commissariat de Cagnes-sur-mer, les plaintes sont d\u00e9sormais remont\u00e9es jusqu&rsquo;au parquet de Nice et comme le [...]","og_url":"https:\/\/www.ladiagonale.net\/index.php\/2023\/07\/14\/monaco-communique-sur-laffaire-ben-yedder\/","og_site_name":"La Diagonale","article_published_time":"2023-07-13T22:26:04+00:00","article_modified_time":"2023-07-13T23:37:21+00:00","og_image":[{"width":1160,"height":650,"url":"https:\/\/www.ladiagonale.net\/wp-content\/uploads\/2023\/04\/ben-yedder5.png","type":"image\/png"}],"author":"Damien Dellerba","twitter_card":"summary_large_image","twitter_image":"https:\/\/www.ladiagonale.net\/wp-content\/uploads\/2023\/04\/ben-yedder5.png","twitter_misc":{"\u00c9crit par":"Damien Dellerba","Dur\u00e9e de lecture estim\u00e9e":"1 minute"},"schema":{"@context":"https:\/\/schema.org","@graph":[{"@type":"WebPage","@id":"https:\/\/www.ladiagonale.net\/index.php\/2023\/07\/14\/monaco-communique-sur-laffaire-ben-yedder\/","url":"https:\/\/www.ladiagonale.net\/index.php\/2023\/07\/14\/monaco-communique-sur-laffaire-ben-yedder\/","name":"Monaco communique sur l'affaire Ben Yedder - La Diagonale","isPartOf":{"@id":"https:\/\/www.ladiagonale.net\/#website"},"datePublished":"2023-07-13T22:26:04+00:00","dateModified":"2023-07-13T23:37:21+00:00","author":{"@id":"https:\/\/www.ladiagonale.net\/#\/schema\/person\/79ff1e7b0853ed01b2aa26e64ad300bf"},"breadcrumb":{"@id":"https:\/\/www.ladiagonale.net\/index.php\/2023\/07\/14\/monaco-communique-sur-laffaire-ben-yedder\/#breadcrumb"},"inLanguage":"fr-FR","potentialAction":[{"@type":"ReadAction","target":["https:\/\/www.ladiagonale.net\/index.php\/2023\/07\/14\/monaco-communique-sur-laffaire-ben-yedder\/"]}]},{"@type":"BreadcrumbList","@id":"https:\/\/www.ladiagonale.net\/index.php\/2023\/07\/14\/monaco-communique-sur-laffaire-ben-yedder\/#breadcrumb","itemListElement":[{"@type":"ListItem","position":1,"name":"Accueil","item":"https:\/\/www.ladiagonale.net\/"},{"@type":"ListItem","position":2,"name":"Monaco communique sur l&rsquo;affaire Ben Yedder"}]},{"@type":"WebSite","@id":"https:\/\/www.ladiagonale.net\/#website","url":"https:\/\/www.ladiagonale.net\/","name":"La Diagonale","description":"Le site des supporters de l&#039;AS Monaco FC","potentialAction":[{"@type":"SearchAction","target":{"@type":"EntryPoint","urlTemplate":"https:\/\/www.ladiagonale.net\/?s={search_term_string}"},"query-input":"required name=search_term_string"}],"inLanguage":"fr-FR"},{"@type":"Person","@id":"https:\/\/www.ladiagonale.net\/#\/schema\/person\/79ff1e7b0853ed01b2aa26e64ad300bf","name":"Damien Dellerba","image":{"@type":"ImageObject","inLanguage":"fr-FR","@id":"https:\/\/www.ladiagonale.net\/#\/schema\/person\/image\/","url":"https:\/\/secure.gravatar.com\/avatar\/c7850e06d3ff63cdbaee88b7fc16e2f0?s=96&d=mm&r=g","contentUrl":"https:\/\/secure.gravatar.com\/avatar\/c7850e06d3ff63cdbaee88b7fc16e2f0?s=96&d=mm&r=g","caption":"Damien Dellerba"},"url":"https:\/\/www.ladiagonale.net\/index.php\/author\/damien\/"}]}},"_links":{"self":[{"href":"https:\/\/www.ladiagonale.net\/index.php\/wp-json\/wp\/v2\/posts\/13954"}],"collection":[{"href":"https:\/\/www.ladiagonale.net\/index.php\/wp-json\/wp\/v2\/posts"}],"about":[{"href":"https:\/\/www.ladiagonale.net\/index.php\/wp-json\/wp\/v2\/types\/post"}],"author":[{"embeddable":true,"href":"https:\/\/www.ladiagonale.net\/index.php\/wp-json\/wp\/v2\/users\/2"}],"replies":[{"embeddable":true,"href":"https:\/\/www.ladiagonale.net\/index.php\/wp-json\/wp\/v2\/comments?post=13954"}],"version-history":[{"count":5,"href":"https:\/\/www.ladiagonale.net\/index.php\/wp-json\/wp\/v2\/posts\/13954\/revisions"}],"predecessor-version":[{"id":13962,"href":"https:\/\/www.ladiagonale.net\/index.php\/wp-json\/wp\/v2\/posts\/13954\/revisions\/13962"}],"wp:attachment":[{"href":"https:\/\/www.ladiagonale.net\/index.php\/wp-json\/wp\/v2\/media?parent=13954"}],"wp:term":[{"taxonomy":"category","embeddable":true,"href":"https:\/\/www.ladiagonale.net\/index.php\/wp-json\/wp\/v2\/categories?post=13954"},{"taxonomy":"post_tag","embeddable":true,"href":"https:\/\/www.ladiagonale.net\/index.php\/wp-json\/wp\/v2\/tags?post=13954"}],"curies":[{"name":"wp","href":"https:\/\/api.w.org\/{rel}","templated":true}]}}