{"id":13963,"date":"2023-07-16T22:50:44","date_gmt":"2023-07-16T20:50:44","guid":{"rendered":"https:\/\/www.ladiagonale.net\/?p=13963"},"modified":"2023-07-17T22:05:48","modified_gmt":"2023-07-17T20:05:48","slug":"monaco-pret-pour-le-grand-saut-avec-hutter","status":"publish","type":"post","link":"https:\/\/www.ladiagonale.net\/index.php\/2023\/07\/16\/monaco-pret-pour-le-grand-saut-avec-hutter\/","title":{"rendered":"Monaco pr\u00eat pour le grand saut avec H\u00fctter"},"content":{"rendered":"\n\n\n<p><strong>La semaine derni\u00e8re, l\u2019AS Monaco a officialis\u00e9 la venue d\u2019Adi H\u00fctter au poste d\u2019entra\u00eeneur, en remplacement de Philippe Clement, d\u00e9mis de ses fonctions un mois plus t\u00f4t. L\u2019Autrichien, libre depuis un an et sa derni\u00e8re exp\u00e9rience au Borussia M\u00f6nchengladbach, doit remettre de l\u2019ordre au sein d\u2019un groupe qui a termin\u00e9 la saison pr\u00e9c\u00e9dente en roue libre et qui risque d&rsquo;\u00eatre profond\u00e9ment remani\u00e9.<\/strong><\/p>\n\n\n\n<p>\u00c2g\u00e9 de 53 ans, Adi H\u00fctter s\u00e9vit sur les bancs depuis d\u00e9sormais un peu plus de 15 ans. Apr\u00e8s des d\u00e9buts avec les jeunes du Red Bull Salzbourg, il a pass\u00e9 cinq ann\u00e9es \u00e0 se jauger au plus haut niveau de son pays, au Rheindorf Altach (2009-2012) puis au SV Gr\u00f6dig (2012-2014), o\u00f9 il a d\u2019ailleurs r\u00e9alis\u00e9 quelques prouesses en parvenant \u00e0 obtenir une promotion pour sa premi\u00e8re saison, puis une qualification pour la Ligue Europa lors de sa deuxi\u00e8me saison. Des performances remarqu\u00e9es qui lui ont valu d\u2019\u00eatre repris au RB Salzbourg, mais cette fois pour diriger l\u2019\u00e9quipe premi\u00e8re. Avec la meilleure formation du pays, H\u00fctter va r\u00e9aliser le doubl\u00e9 coupe-championnat en 2015, pour sa seule saison l\u00e0-bas.<\/p>\n\n\n\n<p class=\"has-vivid-red-color has-text-color\"><strong>Une r\u00e9putation quelque peu ternie en Allemagne<\/strong><\/p>\n\n\n\n<p>Hasard de l\u2019histoire, H\u00fctter aurait pu croiser la route de l\u2019AS Monaco quelques ann\u00e9es plus t\u00f4t. En ao\u00fbt 2015, l\u2019ASM affronte et \u00e9limine les Young Boys de Berne au troisi\u00e8me tour pr\u00e9liminaire de la Ligue des champions. \u00c0 ce moment-l\u00e0, Adi H\u00fctter n\u2019est pas encore sur le banc suisse. C&rsquo;est cette \u00e9limination, coupl\u00e9e \u00e0 une entame de saison catastrophique, qui va co\u00fbter sa place \u00e0 son pr\u00e9d\u00e9cesseur Uli Forte, et c\u2019est en septembre que l\u2019Autrichien atterrira sur le banc de Berne. Avec succ\u00e8s, puisqu\u2019il redressera parfaitement la situation en terminant deux fois vice-champion avant d\u2019\u00eatre r\u00e9compens\u00e9 du titre en 2018.<\/p>\n\n\n\n<p class=\"has-text-align-center has-white-color has-text-color has-background\" style=\"background-color:#303030\"><strong>EN BREF<\/strong><br><br>Adi H\u00fctter &#8211; 53 ans &#8211; N\u00e9 \u00e0 Hohenems<br><br><strong>Parcours d\u2019entra\u00eeneur<\/strong><br>2007-2009 : RB Salzbourg (jeunes)<br>2009-2012 : SCR Altach<br>2012-2014 : SV Gr\u00f6dig<br>2014-2015 : RB Salzbourg<br>2015-2018 : BSC Young Boys<br>2018-2021 : Eintracht Francfort<br>2021-2022 : Borussia M\u00f6nchengladbach<br><br><strong>Palmar\u00e8s<\/strong><br>Champion de D2 autrichienne (2013)<br>Champion d\u2019Autriche (2015)<br>Coupe d\u2019Autriche (2015)<br>Champion de Suisse (2018)<\/p>\n\n\n\n<p>Aur\u00e9ol\u00e9 d\u2019un nouveau titre majeur, H\u00fctter va ensuite s\u2019engager avec l\u2019Eintracht Francfort, o\u00f9 il succ\u00e9dera \u00e0 un certain Niko Kovac. Alexis Menuge, correspondant en Allemagne pour le journal <em>L\u2019\u00c9quipe<\/em>, se souvient de son arriv\u00e9e dans la Hesse et de ses d\u00e9buts d\u00e9licats&nbsp;: \u00ab&nbsp;<em>Il a pr\u00f4n\u00e9 la continuit\u00e9 avec le travail de Niko Kovac. Mais il s&rsquo;est retrouv\u00e9 sur la sellette tr\u00e8s rapidement, apr\u00e8s deux d\u00e9faites, dont une \u00e9limination en Coupe contre une \u00e9quipe de division inf\u00e9rieure<\/em> (0-5 contre le Bayern M\u00fcnich et 1-2 contre le SSV ULM 1846), <em>qui faisaient suite \u00e0 une pr\u00e9paration catastrophique en termes de r\u00e9sultats.&nbsp;\u00bb<\/em> Avant de redresser la barre avec une s\u00e9rie de 11 matches sans d\u00e9faite, dont dix victoires.<\/p>\n\n\n\n<p>Avec Francfort, H\u00fctter va signer des r\u00e9sultats probants pendant trois saisons, en terminant 7<sup>e<\/sup>, 9<sup>e<\/sup> puis 5<sup>e<\/sup>, mais surtout en atteignant les demi-finales de la Ligue Europa en 2019, \u00e9limin\u00e9 par Chelsea, le futur vainqueur de l&rsquo;\u00e9preuve, et non sans avoir battu deux fois Marseille lors de la phase de groupes : \u00ab <em>Il s\u2019est r\u00e9v\u00e9l\u00e9 \u00e0 Francfort, o\u00f9 il est ador\u00e9 et populaire<\/em>, nous a confi\u00e9s Alexis Menuge. <em>C&rsquo;est sa belle p\u00e9riode l\u00e0-bas qui pr\u00e9domine en Allemagne mais il est parti par la petite porte. Et l\u2019ann\u00e9e catastrophique \u00e0 M\u00f6nchengladbach a terni son image.<\/em> <em>\u00bb<\/em> Fort de trois saisons convaincantes \u00e0 l&rsquo;Eintracht, H\u00fctter va en effet \u00eatre d\u00e9bauch\u00e9 par le Borussia M\u00f6nchengladbach pour pr\u00e8s de sept millions d&rsquo;euros, mais ce mouvement ne r\u00e9jouira pas tout le monde outre-Rhin, loin de l\u00e0.<\/p>\n\n\n\n<p class=\"has-vivid-red-color has-text-color\"><strong>Un besoin de se relancer<\/strong><\/p>\n\n\n\n<p>L&rsquo;exp\u00e9rience \u00e0 Gladbach ne s&rsquo;\u00e9tendra pas au-del\u00e0 d&rsquo;une saison pour H\u00fctter. La greffe ne prend pas et l&rsquo;ambitieux Borussia ne termine la saison qu&rsquo;\u00e0 une modeste 10<sup>e<\/sup> place en <em>Bundesliga<\/em> : \u00ab <em>Ses joueurs n\u2019acceptaient pas trop ses consignes et il \u00e9tait frustr\u00e9 de ne pas retrouver en match le plan de jeu travaill\u00e9 \u00e0 l&rsquo;entra\u00eenement<\/em>, relate Alexis Menuge. <em>Il \u00e9tait venu pour former un duo avec le directeur sportif, Max Eberl, qui est parti en plein milieu de la saison, en d\u00e9pression. Son successeur n\u2019avait aucune exp\u00e9rience du poste&#8230;<\/em> <em>\u00bb<\/em> <\/p>\n\n\n\n<p>H\u00fctter n&rsquo;a pas cach\u00e9 le peu d&rsquo;attrait pour son passage l\u00e0-bas lors de sa pr\u00e9sentation \u00e0 la presse la semaine derni\u00e8re : \u00ab <em>Je suis parti de Francfort pour M\u00f6nchengladbach o\u00f9 on m\u2019avait promis beaucoup de choses. Mais le directeur sportif qui m&rsquo;a fait venir est parti au bout de trois mois. \u00c7a n&rsquo;a pas \u00e9t\u00e9 facile. On jouait un jeu ennuyeux avec de la possession dans notre moiti\u00e9 de terrain. J&rsquo;ai demand\u00e9 de faire venir des joueurs plus adapt\u00e9s \u00e0 ma philosophie mais le nouveau directeur sportif n\u2019\u00e9tait pas d\u2019accord avec moi.<\/em> <em>\u00bb<\/em><\/p>\n\n\n<div class=\"wp-block-image\">\n<figure class=\"aligncenter size-full\"><img loading=\"lazy\" width=\"768\" height=\"430\" src=\"https:\/\/www.ladiagonale.net\/wp-content\/uploads\/2023\/07\/BEC53ACD-60AC-4692-9392-412445EA61E2.jpeg\" alt=\"\" class=\"wp-image-13722\" srcset=\"https:\/\/www.ladiagonale.net\/wp-content\/uploads\/2023\/07\/BEC53ACD-60AC-4692-9392-412445EA61E2.jpeg 768w, https:\/\/www.ladiagonale.net\/wp-content\/uploads\/2023\/07\/BEC53ACD-60AC-4692-9392-412445EA61E2-300x168.jpeg 300w, https:\/\/www.ladiagonale.net\/wp-content\/uploads\/2023\/07\/BEC53ACD-60AC-4692-9392-412445EA61E2-128x72.jpeg 128w, https:\/\/www.ladiagonale.net\/wp-content\/uploads\/2023\/07\/BEC53ACD-60AC-4692-9392-412445EA61E2-32x18.jpeg 32w\" sizes=\"(max-width: 768px) 100vw, 768px\" \/><figcaption class=\"wp-element-caption\">Adi H\u00fctter (\u00e0 droite), en compagne du directeur du football Thiago Scuro &#8211; Photo : AS Monaco<\/figcaption><\/figure><\/div>\n\n\n<p>Pour Alexis Menuge, Monaco repr\u00e9sente surtout une opportunit\u00e9 de repartir de l&rsquo;avant pour l&rsquo;Autrichien, apr\u00e8s une ann\u00e9e de c\u00e9sure : \u00ab <em>Il a un sentiment de revanche et il aura moins de pression. Monaco, c\u2019est peut-\u00eatre le club id\u00e9al pour se relancer. Son ann\u00e9e sabbatique semble lui avoir fait du bien.<\/em> <em>Il va pouvoir travailler dans des conditions sereines, c\u2019est ce qu\u2019il lui faut apr\u00e8s ce qu\u2019il a v\u00e9cu. Sur un plan local, que ce soit \u00e0 Francfort ou \u00e0 Gladbach, il y a \u00e9norm\u00e9ment de pression.<\/em> <em>\u00bb<\/em> Mais le correspondant du quotidien pr\u00e9vient qu&rsquo;une bonne compl\u00e9mentarit\u00e9 de travail avec son directeur sportif sera n\u00e9cessaire : \u00ab <em>Il faudra voir si Scuro est capable de r\u00e9pondre \u00e0 ses attentes<\/em>. <em>\u00bb<\/em><\/p>\n\n\n\n<p class=\"has-vivid-red-color has-text-color\"><strong>Intransigeant sur le comportement<\/strong><\/p>\n\n\n\n<p>Si Philippe Clement avait souvent mis en avant sa capacit\u00e9 \u00e0 se montrer proche de ses joueurs, il a eu du mal \u00e0 durcir le ton et faire preuve de poigne aupr\u00e8s de son groupe quand celui-ci s&rsquo;est rel\u00e2ch\u00e9. Les mises \u00e0 l\u2019\u00e9cart de Wissam Ben Yedder, pour avoir manqu\u00e9 une r\u00e9union tactique, et d\u2019Ismail Jakobs, pour ses frasques nocturnes en marge du Grand Prix de Monaco, ont surtout \u00e9t\u00e9 impuls\u00e9es par le club. Avec Adi H\u00fctter, les choses risquent d\u2019\u00eatre bien diff\u00e9rentes, comme le confie Alexis Menuge&nbsp;: \u00ab&nbsp;<em>Il peut \u00eatre assez radical et assez s\u00e9v\u00e8re. Avec lui, tu peux faire un \u00e9cart mais pas deux. Il met beaucoup de pression et il est capable de prendre des sanctions, comme cela a \u00e9t\u00e9 le cas avec Kevin-Prince Boateng \u00e0 Francfort. Il faudra \u00eatre assez disciplin\u00e9.<\/em>&nbsp;\u00bb<\/p>\n\n\n\n<blockquote class=\"wp-block-quote\">\n\n<p>\u00ab&nbsp;<em>J\u2019ai aim\u00e9 la franchise d\u2019H\u00fctter<\/em>&nbsp;\u00bb<\/p>\n\n<cite>Alassane Pl\u00e9a, attaquant du Borussia M\u00f6nchengladbach dans <em>L&rsquo;\u00c9quipe<\/em><\/cite><\/blockquote>\n\n\n\n<p>Le technicien a d&rsquo;ailleurs pr\u00e9venu \u00e0 son arriv\u00e9e qu&rsquo;il attendait de ses joueurs une attitude irr\u00e9prochable, m\u00eame s&rsquo;il n&rsquo;a pas voulu s&rsquo;attarder sur le passif des uns et des autres : \u00ab <em>J\u2019ai entendu parler des probl\u00e8mes de comportement. Nous ne parlons pas du pass\u00e9. C\u2019est mon travail d\u2019imposer une discipline \u00e0 notre \u00e9quipe et le comportement sera important.<\/em>&nbsp;\u00bb \u00c0 l&rsquo;instar des louanges tress\u00e9es \u00e0 Kovac apr\u00e8s sa premi\u00e8re saison, H\u00fctter peut \u00eatre qualifi\u00e9 de s\u00e9v\u00e8re mais juste. Dans <em>L&rsquo;\u00c9quipe<\/em>, Alassane Pl\u00e9a a par ailleurs lou\u00e9 l&rsquo;honn\u00eatet\u00e9 de celui qui l&rsquo;a dirig\u00e9 \u00e0 Gladbach : \u00ab&nbsp;<em>J\u2019ai aim\u00e9 la franchise d\u2019H\u00fctter, ce n\u2019est pas le cas de tous les entra\u00eeneurs.<\/em>&nbsp;\u00bb<\/p>\n\n\n\n<p>L&rsquo;attaquant de la formation allemande a appr\u00e9ci\u00e9 la dimension humaine de son ancien coach : \u00ab&nbsp;<em>C\u2019est quelqu\u2019un de tr\u00e8s bien, de tr\u00e8s cool avec ses joueurs. Il provoque toujours la discussion, il aime savoir ce qu\u2019on ressent et ce qu\u2019on veut.<\/em>&nbsp;\u00bb L&rsquo;ancien Mon\u00e9gasque Almamy Tour\u00e9, qui l&rsquo;a connu \u00e0 Francfort, pense qu&rsquo;il lui reste une marge de progression dans certains aspects de la gestion du groupe, comme \u00e9voqu\u00e9 \u00e0 <em>Nice-Matin<\/em> : \u00ab&nbsp;<em>Il peut progresser dans la gestion des joueurs moins utilis\u00e9s. On jouait tous les trois jours et il ne pouvait pas satisfaire tout le monde, mais il avait plus de facilit\u00e9 \u00e0 parler avec ceux qui faisaient la diff\u00e9rence.<\/em>&nbsp;\u00bb<\/p>\n\n\n\n<p class=\"has-vivid-red-color has-text-color\"><strong>Un jeu \u00e9nergivore et risqu\u00e9<\/strong><\/p>\n\n\n\n<p>Adi H\u00fctter sera exigeant avec ses joueurs sur le plan de l&rsquo;attitude mais \u00e9galement sur la dimension physique. Une condition <em>sine qua non<\/em> pour pouvoir jouer avec l&rsquo;intensit\u00e9 qu&rsquo;il demande. Alassane Pl\u00e9a se rappelle d&rsquo;ailleurs avoir \u00e9t\u00e9 mis \u00e0 l&rsquo;\u00e9cart quelques semaines pour cette derni\u00e8re raison, signe que l&rsquo;Autrichien ne fait aucun cadeau : \u00ab&nbsp;<em>Il ne me trouvait pas bien physiquement pour participer au pressing ou au replacement d\u00e9fensif. Il m\u2019a demand\u00e9 d\u2019en faire plus pour retrouver ma place.<\/em>&nbsp;\u00bb Alexis Menuge rench\u00e9rit : \u00ab <em>Il demande une condition physique parfaite, c\u2019est la base, et je pense que \u00e7a va travailler dur du c\u00f4t\u00e9 de Monaco cet \u00e9t\u00e9.<\/em> \u00bb<\/p>\n\n\n\n<figure class=\"wp-block-embed aligncenter is-type-video is-provider-youtube wp-block-embed-youtube wp-embed-aspect-16-9 wp-has-aspect-ratio\"><div class=\"wp-block-embed__wrapper\">\n<iframe loading=\"lazy\" title=\"Adi H\u00fctter \u2022 Bundesliga Tactics, Eintracht Frankfurt 2 Bayern Munich 1 \u2022 Masterclass\" width=\"1020\" height=\"574\" src=\"https:\/\/www.youtube.com\/embed\/aHYBH3tCLps?feature=oembed\" frameborder=\"0\" allow=\"accelerometer; autoplay; clipboard-write; encrypted-media; gyroscope; picture-in-picture; web-share\" allowfullscreen><\/iframe>\n<\/div><\/figure>\n\n\n\n<p>Malgr\u00e9 un passage au RB Salzbourg, H\u00fctter n&rsquo;est pas un entra\u00eeneur li\u00e9 \u00e0 la galaxie Red Bull et n&rsquo;est pas per\u00e7u comme tel en Allemagne. Ses principes de jeu, en revanche, s&rsquo;accordent bien \u00e0 cette philosophie. Intensit\u00e9, pressing et <em>gegenpressing<\/em>, ainsi que verticalit\u00e9, sont les mots-cl\u00e9s qui peuvent caract\u00e9riser le style d&rsquo;H\u00fctter et celui-ci pr\u00e9sente de fortes similitudes avec la philosophie Red Bull apport\u00e9e \u00e0 l&rsquo;ASM par Paul Mitchell, depuis reprise par son successeur Thiago Scuro lui aussi issu du m\u00eame s\u00e9rail. <\/p>\n\n\n\n<p>Pour H\u00fctter, l&rsquo;id\u00e9e est surtout de produire un jeu attractif sans avoir peur de prendre des risques : \u00ab <em>Il a le go\u00fbt du risque, c&rsquo;est l&rsquo;\u00e9cole Red Bull<\/em>, nous assure Alexis Menuge. <em>Il prend le risque de jouer tr\u00e8s haut et se projeter aussi vite que possible vers l\u2019avant. Avec Gladbach, il a pris quelques t\u00f4les en prenant trop de risques, mais il peut aussi mettre 4 ou 5-0 \u00e0 Dortmund. C&rsquo;est un jeu attractif et spectaculaire.<\/em> \u00bb<\/p>\n\n\n\n<p>Interrog\u00e9 par <em>Nice-Matin<\/em>, Yoric Ravet, qui \u00e9volue d\u00e9sormais au niveau amateur et a \u00e9t\u00e9 attaquant pour les Young Boys lorsque H\u00fctter y entra\u00eenait, confirme la volont\u00e9 du technicien autrichien de mettre ses \u00e9l\u00e9ments offensifs dans les meilleures dispositions possibles&nbsp;: \u00ab&nbsp;<em>Je ne retiens que du positif. Il veut un style offensif et c\u2019est le type de coach qui pr\u00e9f\u00e8re gagner 3-2 plut\u00f4t que 1-0. Sa volont\u00e9 de r\u00e9cup\u00e9rer le ballon haut, pr\u00e8s du but adverse, c\u2019\u00e9tait super. Il fait tout pour que ses offensifs cartonnent.<\/em> \u00bb Adepte du 3-4-2-1, cela lui permet \u00e9galement de donner \u00e0 ses pistons beaucoup de libert\u00e9s offensives et d&rsquo;\u00e9carter le jeu. <\/p>\n\n\n\n<figure class=\"wp-block-embed is-type-rich is-provider-twitter wp-block-embed-twitter\"><div class=\"wp-block-embed__wrapper\">\n<blockquote class=\"twitter-tweet\" data-width=\"550\" data-dnt=\"true\"><p lang=\"fr\" dir=\"ltr\">Le b\u00e9mol que l\u2019on peut souligner, c\u2019est le manque de variation dans le jeu des \u00e9quipes d\u2019H\u00fctter. Les attaques ne sont pas tr\u00e8s difficiles \u00e0 stopper car souvent les m\u00eames circuits surtout quand l\u2019\u00e9quipe est musel\u00e9e ou men\u00e9e. <a href=\"https:\/\/t.co\/81J06yYZFG\">pic.twitter.com\/81J06yYZFG<\/a><\/p>&mdash; Joris Crolbois \u2628 (@JorisCrolbois) <a href=\"https:\/\/twitter.com\/JorisCrolbois\/status\/1676237568772386817?ref_src=twsrc%5Etfw\">July 4, 2023<\/a><\/blockquote><script async src=\"https:\/\/platform.twitter.com\/widgets.js\" charset=\"utf-8\"><\/script>\n<\/div><\/figure>\n\n\n\n<p>L&rsquo;analyste Joris Crolbois pointe cependant un manque de vari\u00e9t\u00e9 dans son jeu, avec des circuits de passes r\u00e9p\u00e9titifs et qui deviendraient trop lisibles pour l&rsquo;adversaire. Un constat partag\u00e9 par Alexis Menuge : \u00ab <em>Quand Gladbach avait le ballon, son \u00e9quipe avait du mal \u00e0 faire le jeu et ne savait pas toujours quoi faire avec.<\/em> <em>Lorsqu&rsquo;il joue contre des blocs bas, il n&rsquo;a pas forc\u00e9ment de plan B. Mais contre de grandes \u00e9quipes, \u00e7a d\u00e9\u00e7oit rarement. Il reste fid\u00e8le \u00e0 son style en projections tr\u00e8s rapides<\/em>. \u00bb <\/p>\n\n\n\n<p>Mathias Ribeiro, dans son <a href=\"https:\/\/www.lequipe.fr\/Football\/Article\/Decryptage-avec-adi-hutter-un-monaco-porte-vers-l-avant\/1406882\">d\u00e9cryptage<\/a> pour <em>L&rsquo;\u00c9quipe<\/em>, apporte une nuance sur l&rsquo;animation offensive et a not\u00e9 une progression dans le jeu avec ballon lors de son passage \u00e0 M\u00f6nchengladbach et un usage moins fr\u00e9quent du jeu long. Il indique aussi que les \u00e9quipes d&rsquo;H\u00fctter \u00ab <em>font r\u00e9guli\u00e8rement d\u00e9crocher un milieu pour apporter sup\u00e9riorit\u00e9 et qualit\u00e9 \u00e0 la premi\u00e8re passe<\/em> \u00bb. Mais l&rsquo;Autrichien devra aussi s&rsquo;adapter \u00e0 son effectif, car ce profil technique ne se trouve pas forc\u00e9ment \u00e0 l&rsquo;ASM.<\/p>\n\n\n\n<p class=\"has-vivid-red-color has-text-color\"><strong>Embolo en leader&nbsp;?<\/strong><\/p>\n\n\n\n<p>\u00c0 Monaco, Adi H\u00fctter retrouve Breel Embolo, un joueur qui lui a donn\u00e9 satisfaction \u00e0 M\u00f6nchengladbach. L&rsquo;international suisse, qui s&rsquo;est parfaitement int\u00e9gr\u00e9 au vestiaire mon\u00e9gasque et a affirm\u00e9 sa personnalit\u00e9 positive, a tout pour devenir le leader de l&rsquo;attaque as\u00e9miste, alors que <a href=\"https:\/\/www.ladiagonale.net\/index.php\/2023\/07\/13\/ben-yedder-accuse-dagression-sexuelle-et-de-viol\/\">le cas de Wissam Ben Yedder est \u00e9pineux<\/a> pour plusieurs raisons, mais surtout une extra-sportive. Le style d&rsquo;Embolo correspond bien \u00e0 ce que H\u00fctter veut installer et notamment fournir un point d&rsquo;appui imposant en attaque dans le jeu long et la recherche de la profondeur.<\/p>\n\n\n\n<figure class=\"wp-block-embed is-type-rich is-provider-twitter wp-block-embed-twitter\"><div class=\"wp-block-embed__wrapper\">\n<blockquote class=\"twitter-tweet\" data-width=\"550\" data-dnt=\"true\"><p lang=\"fr\" dir=\"ltr\">Son attaquant de profondeur \u00e0 M\u00f6nchengladbach \u00e9tait\u2026Breel Embolo. Le Suisse s\u2019est \u00e9clat\u00e9 avec H\u00fctter en inscrivant 9 buts. Il sera certainement un maillon essentiel du coach allemand. <a href=\"https:\/\/t.co\/iszNlys0WB\">pic.twitter.com\/iszNlys0WB<\/a><\/p>&mdash; Joris Crolbois \u2628 (@JorisCrolbois) <a href=\"https:\/\/twitter.com\/JorisCrolbois\/status\/1676237550367678470?ref_src=twsrc%5Etfw\">July 4, 2023<\/a><\/blockquote><script async src=\"https:\/\/platform.twitter.com\/widgets.js\" charset=\"utf-8\"><\/script>\n<\/div><\/figure>\n\n\n\n<p>L&rsquo;attaquant de la <em>Nati<\/em> a lui aussi appr\u00e9ci\u00e9 sa saison sous la direction d&rsquo;H\u00fctter et a assur\u00e9 \u00e0 l&rsquo;agence de presse suisse <em>ATS<\/em>, avoir gard\u00e9 un bon contact avec lui lors de l&rsquo;ann\u00e9e \u00e9coul\u00e9e : \u00ab <em>J\u2019ai le souvenir d\u2019un entra\u00eeneur qui a mis\u00e9 pleinement sur moi, qui a su me comprendre. Nous avons gard\u00e9 depuis une ann\u00e9e un contact t\u00e9l\u00e9phonique r\u00e9gulier. (&#8230;) Je suis un n\u00b09 classique. Murat Yakin l\u2019a compris comme Adi H\u00fctter \u00e0 Gladbach.<\/em> \u00bb La pr\u00e9sence d&rsquo;Embolo pourrait \u00eatre utile \u00e0 H\u00fctter, comme celle d&rsquo;H\u00fctter pourrait l&rsquo;\u00eatre pour Embolo : \u00ab <em>C&rsquo;est quelqu&rsquo;un qui doit \u00eatre cadr\u00e9 au niveau priv\u00e9, <\/em>indique Alexis Menuge.<em> Mais il part peut-\u00eatre avec un avantage gr\u00e2ce \u00e0 la langue et la compr\u00e9hension.<\/em> \u00bb<\/p>\n\n\n\n<p class=\"has-vivid-red-color has-text-color\"><strong>Se rassurer en d\u00e9fense<\/strong><\/p>\n\n\n\n<p>La saison derni\u00e8re, l&rsquo;attaque avait bien fonctionn\u00e9 (Monaco avait termin\u00e9 deuxi\u00e8me meilleure attaque du championnat, <em>NDLR<\/em>) malgr\u00e9 une animation offensive ennuyeuse, et a longtemps <a href=\"https:\/\/www.ladiagonale.net\/index.php\/2023\/06\/06\/la-cinquieme-pire-defense-de-lhistoire\/\">permis de rattraper les errances d\u00e9fensives<\/a>. C&rsquo;est sur cet aspect qu&rsquo;H\u00fctter veut se focaliser, comme il l&rsquo;avait confi\u00e9 lors de sa pr\u00e9sentation : \u00ab <em>On va devoir \u00eatre attentif \u00e0 l\u2019aspect d\u00e9fensif car on a encaiss\u00e9 trop de buts l\u2019an dernier. Nous allons devoir passer du temps \u00e0 travailler en d\u00e9fense mais si nous savons presser haut, nous pourrons d\u00e9velopper le football inspirant et agressif qui pla\u00eet aux supporters.<\/em>&nbsp;\u00bb<\/p>\n\n\n\n<p>Et c&rsquo;est sur le pressing \u00e0 la r\u00e9cup\u00e9ration que l&rsquo;on devrait voir l&rsquo;ASM changer le plus par rapport \u00e0 la saison derni\u00e8re. L&rsquo;\u00e9quipe de Philippe Clement n&rsquo;\u00e9tait pas tr\u00e8s active sur cet aspect du jeu et a beaucoup manqu\u00e9 d&rsquo;agressivit\u00e9 \u00e0 la perte du ballon, ce qui contrastait d\u00e9j\u00e0 fortement avec ce que cherchait \u00e0 mettre en place Niko Kovac avant lui. Le pressing tout-terrain et tr\u00e8s haut que demande H\u00fctter sera le premier \u00e9l\u00e9ment permettant \u00e0 l&rsquo;ASM d&rsquo;\u00eatre plus efficace en d\u00e9fense. Pourtant, Yoric Ravet alerte sur cette approche qui peut co\u00fbter cher : \u00ab&nbsp;<em>On prenait parfois le bouillon contre des adversaires qui avaient une belle ma\u00eetrise technique. Il suffit qu\u2019un mec ne suive pas le mouvement et tu peux te retrouver en difficult\u00e9 face aux clubs capables de d\u00e9jouer le pressing<\/em>&nbsp;\u00bb.<\/p>\n\n\n\n<blockquote class=\"twitter-tweet\"><p dir=\"ltr\" lang=\"fr\">Un pressing haut et beaucoup de joueurs aux avants postes c\u2019est bien. Mais \u00e7a peut s\u2019av\u00e9rer fatal. Sur la 1\u00e8re s\u00e9quence la premi\u00e8re ligne de pressing est \u00e9limin\u00e9e, d\u00e9calage cr\u00e9\u00e9, but. Sur la 2e, Beaucoup de joueurs devant, ballon perdu, but aussi. <a href=\"https:\/\/t.co\/FXdrBLVuo1\">pic.twitter.com\/FXdrBLVuo1<\/a><\/p>\u2014 Joris Crolbois \u2628 (@JorisCrolbois) <a href=\"https:\/\/twitter.com\/JorisCrolbois\/status\/1676237577169272832?ref_src=twsrc%5Etfw\">July 4, 2023<\/a><\/blockquote> <script async=\"\" src=\"https:\/\/platform.twitter.com\/widgets.js\" charset=\"utf-8\"><\/script>\n\n\n\n<p>Sur ce point, la d\u00e9fense Mon\u00e9gasque aura l\u00e0 aussi des manques, avec des joueurs qui n&rsquo;ont ni l&rsquo;aisance pour jouer haut et d\u00e9fendre loin de leur but, ni la vitesse pour couvrir une moiti\u00e9 de terrain. Un paradoxe enfin, puisque H\u00fctter souhaite se concentrer en premier lieu sur la solidit\u00e9 d\u00e9fensive alors que ses \u00e9quipes sont loin d&rsquo;\u00eatre des mod\u00e8les d&rsquo;herm\u00e9tisme. Avec lui \u00e0 sa t\u00eate, M\u00f6nchengladbach a termin\u00e9 16<sup>e<\/sup> d\u00e9fense de Bundesliga en encaissant 61 buts. Si H\u00fctter doit faire progresser la d\u00e9fense de Monaco, nul doute qu&rsquo;il va devoir lui aussi passer un cap dans son approche.<\/p>\n","protected":false},"excerpt":{"rendered":"<p>La semaine derni\u00e8re, l\u2019AS Monaco a officialis\u00e9 la venue d\u2019Adi H\u00fctter au poste d\u2019entra\u00eeneur, en remplacement de Philippe Clement, d\u00e9mis de ses fonctions un mois plus t\u00f4t. L\u2019Autrichien, libre depuis un an et sa derni\u00e8re exp\u00e9rience au Borussia M\u00f6nchengladbach, doit remettre de l\u2019ordre au sein d\u2019un groupe qui a termin\u00e9 la saison pr\u00e9c\u00e9dente en roue [&#8230;]\n","protected":false},"author":2,"featured_media":14071,"comment_status":"open","ping_status":"open","sticky":false,"template":"","format":"standard","meta":[],"categories":[5,6],"tags":[576,416,86,529],"yoast_head":"<!-- This site is optimized with the Yoast SEO plugin v19.8 - https:\/\/yoast.com\/wordpress\/plugins\/seo\/ -->\n<title>Monaco pr\u00eat pour le grand saut avec H\u00fctter - La Diagonale<\/title>\n<meta name=\"robots\" content=\"index, follow, max-snippet:-1, max-image-preview:large, max-video-preview:-1\" \/>\n<link rel=\"canonical\" href=\"https:\/\/www.ladiagonale.net\/index.php\/2023\/07\/16\/monaco-pret-pour-le-grand-saut-avec-hutter\/\" \/>\n<meta property=\"og:locale\" content=\"fr_FR\" \/>\n<meta property=\"og:type\" content=\"article\" \/>\n<meta property=\"og:title\" content=\"Monaco, pr\u00eat pour le grand saut avec H\u00fctter\" \/>\n<meta property=\"og:description\" content=\"Parcours, dimension humaine, jeu, voici notre portrait d&#039;Adi H\u00fctter ! Un grand merci \u00e0 Alexis Menuge (correspondant en Allemagne pour L&#039;\u00c9quipe) pour ses \u00e9clairages pr\u00e9cieux\" \/>\n<meta property=\"og:url\" content=\"https:\/\/www.ladiagonale.net\/index.php\/2023\/07\/16\/monaco-pret-pour-le-grand-saut-avec-hutter\/\" \/>\n<meta property=\"og:site_name\" content=\"La Diagonale\" \/>\n<meta property=\"article:published_time\" content=\"2023-07-16T20:50:44+00:00\" \/>\n<meta property=\"article:modified_time\" content=\"2023-07-17T20:05:48+00:00\" \/>\n<meta property=\"og:image\" content=\"https:\/\/www.ladiagonale.net\/wp-content\/uploads\/2023\/07\/portrait-hutter.png\" \/>\n\t<meta property=\"og:image:width\" content=\"1160\" \/>\n\t<meta property=\"og:image:height\" content=\"650\" \/>\n\t<meta property=\"og:image:type\" content=\"image\/png\" \/>\n<meta name=\"author\" content=\"Damien Dellerba\" \/>\n<meta name=\"twitter:card\" content=\"summary_large_image\" \/>\n<meta name=\"twitter:title\" content=\"Monaco, pr\u00eat pour le grand saut avec H\u00fctter\" \/>\n<meta name=\"twitter:description\" content=\"Parcours, dimension humaine, jeu, voici notre portrait d&#039;Adi H\u00fctter ! Un grand merci \u00e0 Alexis Menuge (correspondant en Allemagne pour L&#039;\u00c9quipe) pour ses \u00e9clairages pr\u00e9cieux\" \/>\n<meta name=\"twitter:image\" content=\"https:\/\/www.ladiagonale.net\/wp-content\/uploads\/2023\/07\/portrait-hutter.png\" \/>\n<meta name=\"twitter:label1\" content=\"\u00c9crit par\" \/>\n\t<meta name=\"twitter:data1\" content=\"Damien Dellerba\" \/>\n\t<meta name=\"twitter:label2\" content=\"Dur\u00e9e de lecture estim\u00e9e\" \/>\n\t<meta name=\"twitter:data2\" content=\"13 minutes\" \/>\n<script type=\"application\/ld+json\" class=\"yoast-schema-graph\">{\"@context\":\"https:\/\/schema.org\",\"@graph\":[{\"@type\":\"WebPage\",\"@id\":\"https:\/\/www.ladiagonale.net\/index.php\/2023\/07\/16\/monaco-pret-pour-le-grand-saut-avec-hutter\/\",\"url\":\"https:\/\/www.ladiagonale.net\/index.php\/2023\/07\/16\/monaco-pret-pour-le-grand-saut-avec-hutter\/\",\"name\":\"Monaco pr\u00eat pour le grand saut avec H\u00fctter - La Diagonale\",\"isPartOf\":{\"@id\":\"https:\/\/www.ladiagonale.net\/#website\"},\"datePublished\":\"2023-07-16T20:50:44+00:00\",\"dateModified\":\"2023-07-17T20:05:48+00:00\",\"author\":{\"@id\":\"https:\/\/www.ladiagonale.net\/#\/schema\/person\/79ff1e7b0853ed01b2aa26e64ad300bf\"},\"breadcrumb\":{\"@id\":\"https:\/\/www.ladiagonale.net\/index.php\/2023\/07\/16\/monaco-pret-pour-le-grand-saut-avec-hutter\/#breadcrumb\"},\"inLanguage\":\"fr-FR\",\"potentialAction\":[{\"@type\":\"ReadAction\",\"target\":[\"https:\/\/www.ladiagonale.net\/index.php\/2023\/07\/16\/monaco-pret-pour-le-grand-saut-avec-hutter\/\"]}]},{\"@type\":\"BreadcrumbList\",\"@id\":\"https:\/\/www.ladiagonale.net\/index.php\/2023\/07\/16\/monaco-pret-pour-le-grand-saut-avec-hutter\/#breadcrumb\",\"itemListElement\":[{\"@type\":\"ListItem\",\"position\":1,\"name\":\"Accueil\",\"item\":\"https:\/\/www.ladiagonale.net\/\"},{\"@type\":\"ListItem\",\"position\":2,\"name\":\"Monaco pr\u00eat pour le grand saut avec H\u00fctter\"}]},{\"@type\":\"WebSite\",\"@id\":\"https:\/\/www.ladiagonale.net\/#website\",\"url\":\"https:\/\/www.ladiagonale.net\/\",\"name\":\"La Diagonale\",\"description\":\"Le site des supporters de l&#039;AS Monaco FC\",\"potentialAction\":[{\"@type\":\"SearchAction\",\"target\":{\"@type\":\"EntryPoint\",\"urlTemplate\":\"https:\/\/www.ladiagonale.net\/?s={search_term_string}\"},\"query-input\":\"required name=search_term_string\"}],\"inLanguage\":\"fr-FR\"},{\"@type\":\"Person\",\"@id\":\"https:\/\/www.ladiagonale.net\/#\/schema\/person\/79ff1e7b0853ed01b2aa26e64ad300bf\",\"name\":\"Damien Dellerba\",\"image\":{\"@type\":\"ImageObject\",\"inLanguage\":\"fr-FR\",\"@id\":\"https:\/\/www.ladiagonale.net\/#\/schema\/person\/image\/\",\"url\":\"https:\/\/secure.gravatar.com\/avatar\/c7850e06d3ff63cdbaee88b7fc16e2f0?s=96&d=mm&r=g\",\"contentUrl\":\"https:\/\/secure.gravatar.com\/avatar\/c7850e06d3ff63cdbaee88b7fc16e2f0?s=96&d=mm&r=g\",\"caption\":\"Damien Dellerba\"},\"url\":\"https:\/\/www.ladiagonale.net\/index.php\/author\/damien\/\"}]}<\/script>\n<!-- \/ Yoast SEO plugin. -->","yoast_head_json":{"title":"Monaco pr\u00eat pour le grand saut avec H\u00fctter - La Diagonale","robots":{"index":"index","follow":"follow","max-snippet":"max-snippet:-1","max-image-preview":"max-image-preview:large","max-video-preview":"max-video-preview:-1"},"canonical":"https:\/\/www.ladiagonale.net\/index.php\/2023\/07\/16\/monaco-pret-pour-le-grand-saut-avec-hutter\/","og_locale":"fr_FR","og_type":"article","og_title":"Monaco, pr\u00eat pour le grand saut avec H\u00fctter","og_description":"Parcours, dimension humaine, jeu, voici notre portrait d'Adi H\u00fctter ! Un grand merci \u00e0 Alexis Menuge (correspondant en Allemagne pour L'\u00c9quipe) pour ses \u00e9clairages pr\u00e9cieux","og_url":"https:\/\/www.ladiagonale.net\/index.php\/2023\/07\/16\/monaco-pret-pour-le-grand-saut-avec-hutter\/","og_site_name":"La Diagonale","article_published_time":"2023-07-16T20:50:44+00:00","article_modified_time":"2023-07-17T20:05:48+00:00","og_image":[{"width":1160,"height":650,"url":"https:\/\/www.ladiagonale.net\/wp-content\/uploads\/2023\/07\/portrait-hutter.png","type":"image\/png"}],"author":"Damien Dellerba","twitter_card":"summary_large_image","twitter_title":"Monaco, pr\u00eat pour le grand saut avec H\u00fctter","twitter_description":"Parcours, dimension humaine, jeu, voici notre portrait d'Adi H\u00fctter ! Un grand merci \u00e0 Alexis Menuge (correspondant en Allemagne pour L'\u00c9quipe) pour ses \u00e9clairages pr\u00e9cieux","twitter_image":"https:\/\/www.ladiagonale.net\/wp-content\/uploads\/2023\/07\/portrait-hutter.png","twitter_misc":{"\u00c9crit par":"Damien Dellerba","Dur\u00e9e de lecture estim\u00e9e":"13 minutes"},"schema":{"@context":"https:\/\/schema.org","@graph":[{"@type":"WebPage","@id":"https:\/\/www.ladiagonale.net\/index.php\/2023\/07\/16\/monaco-pret-pour-le-grand-saut-avec-hutter\/","url":"https:\/\/www.ladiagonale.net\/index.php\/2023\/07\/16\/monaco-pret-pour-le-grand-saut-avec-hutter\/","name":"Monaco pr\u00eat pour le grand saut avec H\u00fctter - La Diagonale","isPartOf":{"@id":"https:\/\/www.ladiagonale.net\/#website"},"datePublished":"2023-07-16T20:50:44+00:00","dateModified":"2023-07-17T20:05:48+00:00","author":{"@id":"https:\/\/www.ladiagonale.net\/#\/schema\/person\/79ff1e7b0853ed01b2aa26e64ad300bf"},"breadcrumb":{"@id":"https:\/\/www.ladiagonale.net\/index.php\/2023\/07\/16\/monaco-pret-pour-le-grand-saut-avec-hutter\/#breadcrumb"},"inLanguage":"fr-FR","potentialAction":[{"@type":"ReadAction","target":["https:\/\/www.ladiagonale.net\/index.php\/2023\/07\/16\/monaco-pret-pour-le-grand-saut-avec-hutter\/"]}]},{"@type":"BreadcrumbList","@id":"https:\/\/www.ladiagonale.net\/index.php\/2023\/07\/16\/monaco-pret-pour-le-grand-saut-avec-hutter\/#breadcrumb","itemListElement":[{"@type":"ListItem","position":1,"name":"Accueil","item":"https:\/\/www.ladiagonale.net\/"},{"@type":"ListItem","position":2,"name":"Monaco pr\u00eat pour le grand saut avec H\u00fctter"}]},{"@type":"WebSite","@id":"https:\/\/www.ladiagonale.net\/#website","url":"https:\/\/www.ladiagonale.net\/","name":"La Diagonale","description":"Le site des supporters de l&#039;AS Monaco FC","potentialAction":[{"@type":"SearchAction","target":{"@type":"EntryPoint","urlTemplate":"https:\/\/www.ladiagonale.net\/?s={search_term_string}"},"query-input":"required name=search_term_string"}],"inLanguage":"fr-FR"},{"@type":"Person","@id":"https:\/\/www.ladiagonale.net\/#\/schema\/person\/79ff1e7b0853ed01b2aa26e64ad300bf","name":"Damien Dellerba","image":{"@type":"ImageObject","inLanguage":"fr-FR","@id":"https:\/\/www.ladiagonale.net\/#\/schema\/person\/image\/","url":"https:\/\/secure.gravatar.com\/avatar\/c7850e06d3ff63cdbaee88b7fc16e2f0?s=96&d=mm&r=g","contentUrl":"https:\/\/secure.gravatar.com\/avatar\/c7850e06d3ff63cdbaee88b7fc16e2f0?s=96&d=mm&r=g","caption":"Damien Dellerba"},"url":"https:\/\/www.ladiagonale.net\/index.php\/author\/damien\/"}]}},"_links":{"self":[{"href":"https:\/\/www.ladiagonale.net\/index.php\/wp-json\/wp\/v2\/posts\/13963"}],"collection":[{"href":"https:\/\/www.ladiagonale.net\/index.php\/wp-json\/wp\/v2\/posts"}],"about":[{"href":"https:\/\/www.ladiagonale.net\/index.php\/wp-json\/wp\/v2\/types\/post"}],"author":[{"embeddable":true,"href":"https:\/\/www.ladiagonale.net\/index.php\/wp-json\/wp\/v2\/users\/2"}],"replies":[{"embeddable":true,"href":"https:\/\/www.ladiagonale.net\/index.php\/wp-json\/wp\/v2\/comments?post=13963"}],"version-history":[{"count":38,"href":"https:\/\/www.ladiagonale.net\/index.php\/wp-json\/wp\/v2\/posts\/13963\/revisions"}],"predecessor-version":[{"id":14136,"href":"https:\/\/www.ladiagonale.net\/index.php\/wp-json\/wp\/v2\/posts\/13963\/revisions\/14136"}],"wp:featuredmedia":[{"embeddable":true,"href":"https:\/\/www.ladiagonale.net\/index.php\/wp-json\/wp\/v2\/media\/14071"}],"wp:attachment":[{"href":"https:\/\/www.ladiagonale.net\/index.php\/wp-json\/wp\/v2\/media?parent=13963"}],"wp:term":[{"taxonomy":"category","embeddable":true,"href":"https:\/\/www.ladiagonale.net\/index.php\/wp-json\/wp\/v2\/categories?post=13963"},{"taxonomy":"post_tag","embeddable":true,"href":"https:\/\/www.ladiagonale.net\/index.php\/wp-json\/wp\/v2\/tags?post=13963"}],"curies":[{"name":"wp","href":"https:\/\/api.w.org\/{rel}","templated":true}]}}