{"id":13969,"date":"2023-07-14T21:54:46","date_gmt":"2023-07-14T19:54:46","guid":{"rendered":"https:\/\/www.ladiagonale.net\/?p=13969"},"modified":"2023-07-14T21:55:05","modified_gmt":"2023-07-14T19:55:05","slug":"ben-yedder-devrait-etre-present-a-bruges-pou-affronter-le-cercle","status":"publish","type":"post","link":"https:\/\/www.ladiagonale.net\/index.php\/2023\/07\/14\/ben-yedder-devrait-etre-present-a-bruges-pou-affronter-le-cercle\/","title":{"rendered":"Ben Yedder devrait \u00eatre pr\u00e9sent \u00e0 Bruges pour affronter le Cercle"},"content":{"rendered":"\n<p><a href=\"https:\/\/www.ladiagonale.net\/index.php\/2023\/07\/13\/ben-yedder-accuse-dagression-sexuelle-et-de-viol\/\">Depuis jeudi, Wissam Ben Yedder fait l\u2019objet d\u2019une plainte pour agression sexuelle et viol<\/a>. Si l\u2019ASM a <a href=\"https:\/\/www.ladiagonale.net\/index.php\/2023\/07\/14\/monaco-communique-sur-laffaire-ben-yedder\/\">communiqu\u00e9 discr\u00e8tement et bri\u00e8vement<\/a> en raison de l\u2019instruction judiciaire en cours, elle n\u2019a pas proc\u00e9d\u00e9 \u00e0 une mise \u00e0 l\u2019\u00e9cart pr\u00e9ventive de son capitaine, qui s\u2019est entra\u00een\u00e9 normalement ce vendredi rapporte <em>L\u2019\u00c9quipe<\/em>. Le quotidien ajoute que Ben Yedder devrait faire partie de la d\u00e9l\u00e9gation mon\u00e9gasque qui se rendra \u00e0 Bruges pour disputer le match amical face au Cercle Bruges (17h).<\/p>\n\n\n\n<p>La police judiciaire de Nice a d\u00e9but\u00e9 son enqu\u00eate \u00e0 propos des faits qui auraient eu lieu \u00e0 Beausoleil dans la soir\u00e9e de lundi. Pour l\u2019heure, l\u2019attaquant de l\u2019AS Monaco reste pr\u00e9sum\u00e9 innocent et n\u2019a pas fait l\u2019objet d\u2019une audition ni d\u2019une garde \u00e0 vue.<\/p>\n","protected":false},"excerpt":{"rendered":"<p>Depuis jeudi, Wissam Ben Yedder fait l\u2019objet d\u2019une plainte pour agression sexuelle et viol. Si l\u2019ASM a communiqu\u00e9 discr\u00e8tement et bri\u00e8vement en raison de l\u2019instruction judiciaire en cours, elle n\u2019a pas proc\u00e9d\u00e9 \u00e0 une mise \u00e0 l\u2019\u00e9cart pr\u00e9ventive de son capitaine, qui s\u2019est entra\u00een\u00e9 normalement ce vendredi rapporte L\u2019\u00c9quipe. Le quotidien ajoute que Ben Yedder [&#8230;]\n","protected":false},"author":2,"featured_media":0,"comment_status":"open","ping_status":"open","sticky":false,"template":"","format":"standard","meta":[],"categories":[6],"tags":[86,401,175],"yoast_head":"<!-- This site is optimized with the Yoast SEO plugin v19.8 - https:\/\/yoast.com\/wordpress\/plugins\/seo\/ -->\n<title>Ben Yedder devrait \u00eatre pr\u00e9sent \u00e0 Bruges pour affronter le Cercle - La Diagonale<\/title>\n<meta name=\"robots\" content=\"index, follow, max-snippet:-1, max-image-preview:large, max-video-preview:-1\" \/>\n<link rel=\"canonical\" href=\"https:\/\/www.ladiagonale.net\/index.php\/2023\/07\/14\/ben-yedder-devrait-etre-present-a-bruges-pou-affronter-le-cercle\/\" \/>\n<meta property=\"og:locale\" content=\"fr_FR\" \/>\n<meta property=\"og:type\" content=\"article\" \/>\n<meta property=\"og:title\" content=\"Ben Yedder devrait \u00eatre pr\u00e9sent \u00e0 Bruges pour affronter le Cercle - La Diagonale\" \/>\n<meta property=\"og:description\" content=\"Depuis jeudi, Wissam Ben Yedder fait l\u2019objet d\u2019une plainte pour agression sexuelle et viol. Si l\u2019ASM a communiqu\u00e9 discr\u00e8tement et bri\u00e8vement en raison de l\u2019instruction judiciaire en cours, elle n\u2019a pas proc\u00e9d\u00e9 \u00e0 une mise \u00e0 l\u2019\u00e9cart pr\u00e9ventive de son capitaine, qui s\u2019est entra\u00een\u00e9 normalement ce vendredi rapporte L\u2019\u00c9quipe. Le quotidien ajoute que Ben Yedder [...]\" \/>\n<meta property=\"og:url\" content=\"https:\/\/www.ladiagonale.net\/index.php\/2023\/07\/14\/ben-yedder-devrait-etre-present-a-bruges-pou-affronter-le-cercle\/\" \/>\n<meta property=\"og:site_name\" content=\"La Diagonale\" \/>\n<meta property=\"article:published_time\" content=\"2023-07-14T19:54:46+00:00\" \/>\n<meta property=\"article:modified_time\" content=\"2023-07-14T19:55:05+00:00\" \/>\n<meta property=\"og:image\" content=\"https:\/\/www.ladiagonale.net\/wp-content\/uploads\/2022\/11\/ben-yedder2.png\" \/>\n\t<meta property=\"og:image:width\" content=\"1160\" \/>\n\t<meta property=\"og:image:height\" content=\"650\" \/>\n\t<meta property=\"og:image:type\" content=\"image\/png\" \/>\n<meta name=\"author\" content=\"Damien Dellerba\" \/>\n<meta name=\"twitter:card\" content=\"summary_large_image\" \/>\n<meta name=\"twitter:image\" content=\"https:\/\/www.ladiagonale.net\/wp-content\/uploads\/2022\/11\/ben-yedder2.png\" \/>\n<meta name=\"twitter:label1\" content=\"\u00c9crit par\" \/>\n\t<meta name=\"twitter:data1\" content=\"Damien Dellerba\" \/>\n\t<meta name=\"twitter:label2\" content=\"Dur\u00e9e de lecture estim\u00e9e\" \/>\n\t<meta name=\"twitter:data2\" content=\"1 minute\" \/>\n<script type=\"application\/ld+json\" class=\"yoast-schema-graph\">{\"@context\":\"https:\/\/schema.org\",\"@graph\":[{\"@type\":\"WebPage\",\"@id\":\"https:\/\/www.ladiagonale.net\/index.php\/2023\/07\/14\/ben-yedder-devrait-etre-present-a-bruges-pou-affronter-le-cercle\/\",\"url\":\"https:\/\/www.ladiagonale.net\/index.php\/2023\/07\/14\/ben-yedder-devrait-etre-present-a-bruges-pou-affronter-le-cercle\/\",\"name\":\"Ben Yedder devrait \u00eatre pr\u00e9sent \u00e0 Bruges pour affronter le Cercle - La Diagonale\",\"isPartOf\":{\"@id\":\"https:\/\/www.ladiagonale.net\/#website\"},\"datePublished\":\"2023-07-14T19:54:46+00:00\",\"dateModified\":\"2023-07-14T19:55:05+00:00\",\"author\":{\"@id\":\"https:\/\/www.ladiagonale.net\/#\/schema\/person\/79ff1e7b0853ed01b2aa26e64ad300bf\"},\"breadcrumb\":{\"@id\":\"https:\/\/www.ladiagonale.net\/index.php\/2023\/07\/14\/ben-yedder-devrait-etre-present-a-bruges-pou-affronter-le-cercle\/#breadcrumb\"},\"inLanguage\":\"fr-FR\",\"potentialAction\":[{\"@type\":\"ReadAction\",\"target\":[\"https:\/\/www.ladiagonale.net\/index.php\/2023\/07\/14\/ben-yedder-devrait-etre-present-a-bruges-pou-affronter-le-cercle\/\"]}]},{\"@type\":\"BreadcrumbList\",\"@id\":\"https:\/\/www.ladiagonale.net\/index.php\/2023\/07\/14\/ben-yedder-devrait-etre-present-a-bruges-pou-affronter-le-cercle\/#breadcrumb\",\"itemListElement\":[{\"@type\":\"ListItem\",\"position\":1,\"name\":\"Accueil\",\"item\":\"https:\/\/www.ladiagonale.net\/\"},{\"@type\":\"ListItem\",\"position\":2,\"name\":\"Ben Yedder devrait \u00eatre pr\u00e9sent \u00e0 Bruges pour affronter le Cercle\"}]},{\"@type\":\"WebSite\",\"@id\":\"https:\/\/www.ladiagonale.net\/#website\",\"url\":\"https:\/\/www.ladiagonale.net\/\",\"name\":\"La Diagonale\",\"description\":\"Le site des supporters de l&#039;AS Monaco FC\",\"potentialAction\":[{\"@type\":\"SearchAction\",\"target\":{\"@type\":\"EntryPoint\",\"urlTemplate\":\"https:\/\/www.ladiagonale.net\/?s={search_term_string}\"},\"query-input\":\"required name=search_term_string\"}],\"inLanguage\":\"fr-FR\"},{\"@type\":\"Person\",\"@id\":\"https:\/\/www.ladiagonale.net\/#\/schema\/person\/79ff1e7b0853ed01b2aa26e64ad300bf\",\"name\":\"Damien Dellerba\",\"image\":{\"@type\":\"ImageObject\",\"inLanguage\":\"fr-FR\",\"@id\":\"https:\/\/www.ladiagonale.net\/#\/schema\/person\/image\/\",\"url\":\"https:\/\/secure.gravatar.com\/avatar\/c7850e06d3ff63cdbaee88b7fc16e2f0?s=96&d=mm&r=g\",\"contentUrl\":\"https:\/\/secure.gravatar.com\/avatar\/c7850e06d3ff63cdbaee88b7fc16e2f0?s=96&d=mm&r=g\",\"caption\":\"Damien Dellerba\"},\"url\":\"https:\/\/www.ladiagonale.net\/index.php\/author\/damien\/\"}]}<\/script>\n<!-- \/ Yoast SEO plugin. -->","yoast_head_json":{"title":"Ben Yedder devrait \u00eatre pr\u00e9sent \u00e0 Bruges pour affronter le Cercle - La Diagonale","robots":{"index":"index","follow":"follow","max-snippet":"max-snippet:-1","max-image-preview":"max-image-preview:large","max-video-preview":"max-video-preview:-1"},"canonical":"https:\/\/www.ladiagonale.net\/index.php\/2023\/07\/14\/ben-yedder-devrait-etre-present-a-bruges-pou-affronter-le-cercle\/","og_locale":"fr_FR","og_type":"article","og_title":"Ben Yedder devrait \u00eatre pr\u00e9sent \u00e0 Bruges pour affronter le Cercle - La Diagonale","og_description":"Depuis jeudi, Wissam Ben Yedder fait l\u2019objet d\u2019une plainte pour agression sexuelle et viol. Si l\u2019ASM a communiqu\u00e9 discr\u00e8tement et bri\u00e8vement en raison de l\u2019instruction judiciaire en cours, elle n\u2019a pas proc\u00e9d\u00e9 \u00e0 une mise \u00e0 l\u2019\u00e9cart pr\u00e9ventive de son capitaine, qui s\u2019est entra\u00een\u00e9 normalement ce vendredi rapporte L\u2019\u00c9quipe. Le quotidien ajoute que Ben Yedder [...]","og_url":"https:\/\/www.ladiagonale.net\/index.php\/2023\/07\/14\/ben-yedder-devrait-etre-present-a-bruges-pou-affronter-le-cercle\/","og_site_name":"La Diagonale","article_published_time":"2023-07-14T19:54:46+00:00","article_modified_time":"2023-07-14T19:55:05+00:00","og_image":[{"width":1160,"height":650,"url":"https:\/\/www.ladiagonale.net\/wp-content\/uploads\/2022\/11\/ben-yedder2.png","type":"image\/png"}],"author":"Damien Dellerba","twitter_card":"summary_large_image","twitter_image":"https:\/\/www.ladiagonale.net\/wp-content\/uploads\/2022\/11\/ben-yedder2.png","twitter_misc":{"\u00c9crit par":"Damien Dellerba","Dur\u00e9e de lecture estim\u00e9e":"1 minute"},"schema":{"@context":"https:\/\/schema.org","@graph":[{"@type":"WebPage","@id":"https:\/\/www.ladiagonale.net\/index.php\/2023\/07\/14\/ben-yedder-devrait-etre-present-a-bruges-pou-affronter-le-cercle\/","url":"https:\/\/www.ladiagonale.net\/index.php\/2023\/07\/14\/ben-yedder-devrait-etre-present-a-bruges-pou-affronter-le-cercle\/","name":"Ben Yedder devrait \u00eatre pr\u00e9sent \u00e0 Bruges pour affronter le Cercle - La Diagonale","isPartOf":{"@id":"https:\/\/www.ladiagonale.net\/#website"},"datePublished":"2023-07-14T19:54:46+00:00","dateModified":"2023-07-14T19:55:05+00:00","author":{"@id":"https:\/\/www.ladiagonale.net\/#\/schema\/person\/79ff1e7b0853ed01b2aa26e64ad300bf"},"breadcrumb":{"@id":"https:\/\/www.ladiagonale.net\/index.php\/2023\/07\/14\/ben-yedder-devrait-etre-present-a-bruges-pou-affronter-le-cercle\/#breadcrumb"},"inLanguage":"fr-FR","potentialAction":[{"@type":"ReadAction","target":["https:\/\/www.ladiagonale.net\/index.php\/2023\/07\/14\/ben-yedder-devrait-etre-present-a-bruges-pou-affronter-le-cercle\/"]}]},{"@type":"BreadcrumbList","@id":"https:\/\/www.ladiagonale.net\/index.php\/2023\/07\/14\/ben-yedder-devrait-etre-present-a-bruges-pou-affronter-le-cercle\/#breadcrumb","itemListElement":[{"@type":"ListItem","position":1,"name":"Accueil","item":"https:\/\/www.ladiagonale.net\/"},{"@type":"ListItem","position":2,"name":"Ben Yedder devrait \u00eatre pr\u00e9sent \u00e0 Bruges pour affronter le Cercle"}]},{"@type":"WebSite","@id":"https:\/\/www.ladiagonale.net\/#website","url":"https:\/\/www.ladiagonale.net\/","name":"La Diagonale","description":"Le site des supporters de l&#039;AS Monaco FC","potentialAction":[{"@type":"SearchAction","target":{"@type":"EntryPoint","urlTemplate":"https:\/\/www.ladiagonale.net\/?s={search_term_string}"},"query-input":"required name=search_term_string"}],"inLanguage":"fr-FR"},{"@type":"Person","@id":"https:\/\/www.ladiagonale.net\/#\/schema\/person\/79ff1e7b0853ed01b2aa26e64ad300bf","name":"Damien Dellerba","image":{"@type":"ImageObject","inLanguage":"fr-FR","@id":"https:\/\/www.ladiagonale.net\/#\/schema\/person\/image\/","url":"https:\/\/secure.gravatar.com\/avatar\/c7850e06d3ff63cdbaee88b7fc16e2f0?s=96&d=mm&r=g","contentUrl":"https:\/\/secure.gravatar.com\/avatar\/c7850e06d3ff63cdbaee88b7fc16e2f0?s=96&d=mm&r=g","caption":"Damien Dellerba"},"url":"https:\/\/www.ladiagonale.net\/index.php\/author\/damien\/"}]}},"_links":{"self":[{"href":"https:\/\/www.ladiagonale.net\/index.php\/wp-json\/wp\/v2\/posts\/13969"}],"collection":[{"href":"https:\/\/www.ladiagonale.net\/index.php\/wp-json\/wp\/v2\/posts"}],"about":[{"href":"https:\/\/www.ladiagonale.net\/index.php\/wp-json\/wp\/v2\/types\/post"}],"author":[{"embeddable":true,"href":"https:\/\/www.ladiagonale.net\/index.php\/wp-json\/wp\/v2\/users\/2"}],"replies":[{"embeddable":true,"href":"https:\/\/www.ladiagonale.net\/index.php\/wp-json\/wp\/v2\/comments?post=13969"}],"version-history":[{"count":3,"href":"https:\/\/www.ladiagonale.net\/index.php\/wp-json\/wp\/v2\/posts\/13969\/revisions"}],"predecessor-version":[{"id":13972,"href":"https:\/\/www.ladiagonale.net\/index.php\/wp-json\/wp\/v2\/posts\/13969\/revisions\/13972"}],"wp:attachment":[{"href":"https:\/\/www.ladiagonale.net\/index.php\/wp-json\/wp\/v2\/media?parent=13969"}],"wp:term":[{"taxonomy":"category","embeddable":true,"href":"https:\/\/www.ladiagonale.net\/index.php\/wp-json\/wp\/v2\/categories?post=13969"},{"taxonomy":"post_tag","embeddable":true,"href":"https:\/\/www.ladiagonale.net\/index.php\/wp-json\/wp\/v2\/tags?post=13969"}],"curies":[{"name":"wp","href":"https:\/\/api.w.org\/{rel}","templated":true}]}}