{"id":13973,"date":"2023-07-14T22:55:18","date_gmt":"2023-07-14T20:55:18","guid":{"rendered":"https:\/\/www.ladiagonale.net\/?p=13973"},"modified":"2023-07-14T22:55:21","modified_gmt":"2023-07-14T20:55:21","slug":"kohn-devrait-sengager-pour-cinq-ans","status":"publish","type":"post","link":"https:\/\/www.ladiagonale.net\/index.php\/2023\/07\/14\/kohn-devrait-sengager-pour-cinq-ans\/","title":{"rendered":"K\u00f6hn devrait s\u2019engager pour cinq ans"},"content":{"rendered":"\n<p>L\u2019AS Monaco tiendrait son nouveau gardien. Annonc\u00e9 depuis quelques jours, Philipp K\u00f6hn (25 ans) aurait sign\u00e9 un contrat portant sur cinq ans, jusqu\u2019en juin 2028, apr\u00e8s avoir satisfait ce vendredi \u00e0 la traditionnelle visite m\u00e9dicale. L\u2019information, d\u00e9j\u00e0 annonc\u00e9e la veille par le journal autrichien <em>Krone Zeitung<\/em> et par <em>Sky Sport<\/em>, a \u00e9t\u00e9 confirm\u00e9e par <em>L\u2019\u00c9quipe<\/em>.<\/p>\n\n\n\n<p>Si le montant du transfert avait d\u2019abord \u00e9t\u00e9 estim\u00e9 \u00e0 10 millions d\u2019euros, ce serait finalement une somme tournant autour de 8 millions d\u2019euros que percevrait son club du RB Salzbourg, \u00e0 en croire les informations de N<em>ice-Matin. <\/em>International suisse, K\u00f6hn a disput\u00e9 42 rencontres la saison pass\u00e9e et a \u00e9t\u00e9 \u00e9lu meilleur gardien du championnat autrichien.<\/p>\n","protected":false},"excerpt":{"rendered":"<p>L\u2019AS Monaco tiendrait son nouveau gardien. Annonc\u00e9 depuis quelques jours, Philipp K\u00f6hn (25 ans) aurait sign\u00e9 un contrat portant sur cinq ans, jusqu\u2019en juin 2028, apr\u00e8s avoir satisfait ce vendredi \u00e0 la traditionnelle visite m\u00e9dicale. L\u2019information, d\u00e9j\u00e0 annonc\u00e9e la veille par le journal autrichien Krone Zeitung et par Sky Sport, a \u00e9t\u00e9 confirm\u00e9e par L\u2019\u00c9quipe. [&#8230;]\n","protected":false},"author":2,"featured_media":0,"comment_status":"open","ping_status":"open","sticky":false,"template":"","format":"standard","meta":[],"categories":[6],"tags":[86,111,615,110],"yoast_head":"<!-- This site is optimized with the Yoast SEO plugin v19.8 - https:\/\/yoast.com\/wordpress\/plugins\/seo\/ -->\n<title>K\u00f6hn devrait s\u2019engager pour cinq ans - La Diagonale<\/title>\n<meta name=\"robots\" content=\"index, follow, max-snippet:-1, max-image-preview:large, max-video-preview:-1\" \/>\n<link rel=\"canonical\" href=\"https:\/\/www.ladiagonale.net\/index.php\/2023\/07\/14\/kohn-devrait-sengager-pour-cinq-ans\/\" \/>\n<meta property=\"og:locale\" content=\"fr_FR\" \/>\n<meta property=\"og:type\" content=\"article\" \/>\n<meta property=\"og:title\" content=\"K\u00f6hn devrait s\u2019engager pour cinq ans - La Diagonale\" \/>\n<meta property=\"og:description\" content=\"L\u2019AS Monaco tiendrait son nouveau gardien. Annonc\u00e9 depuis quelques jours, Philipp K\u00f6hn (25 ans) aurait sign\u00e9 un contrat portant sur cinq ans, jusqu\u2019en juin 2028, apr\u00e8s avoir satisfait ce vendredi \u00e0 la traditionnelle visite m\u00e9dicale. L\u2019information, d\u00e9j\u00e0 annonc\u00e9e la veille par le journal autrichien Krone Zeitung et par Sky Sport, a \u00e9t\u00e9 confirm\u00e9e par L\u2019\u00c9quipe. [...]\" \/>\n<meta property=\"og:url\" content=\"https:\/\/www.ladiagonale.net\/index.php\/2023\/07\/14\/kohn-devrait-sengager-pour-cinq-ans\/\" \/>\n<meta property=\"og:site_name\" content=\"La Diagonale\" \/>\n<meta property=\"article:published_time\" content=\"2023-07-14T20:55:18+00:00\" \/>\n<meta property=\"article:modified_time\" content=\"2023-07-14T20:55:21+00:00\" \/>\n<meta property=\"og:image\" content=\"https:\/\/www.ladiagonale.net\/wp-content\/uploads\/2023\/07\/kohn.png\" \/>\n\t<meta property=\"og:image:width\" content=\"1160\" \/>\n\t<meta property=\"og:image:height\" content=\"650\" \/>\n\t<meta property=\"og:image:type\" content=\"image\/png\" \/>\n<meta name=\"author\" content=\"Damien Dellerba\" \/>\n<meta name=\"twitter:card\" content=\"summary_large_image\" \/>\n<meta name=\"twitter:image\" content=\"https:\/\/www.ladiagonale.net\/wp-content\/uploads\/2023\/07\/kohn.png\" \/>\n<meta name=\"twitter:label1\" content=\"\u00c9crit par\" \/>\n\t<meta name=\"twitter:data1\" content=\"Damien Dellerba\" \/>\n\t<meta name=\"twitter:label2\" content=\"Dur\u00e9e de lecture estim\u00e9e\" \/>\n\t<meta name=\"twitter:data2\" content=\"1 minute\" \/>\n<script type=\"application\/ld+json\" class=\"yoast-schema-graph\">{\"@context\":\"https:\/\/schema.org\",\"@graph\":[{\"@type\":\"WebPage\",\"@id\":\"https:\/\/www.ladiagonale.net\/index.php\/2023\/07\/14\/kohn-devrait-sengager-pour-cinq-ans\/\",\"url\":\"https:\/\/www.ladiagonale.net\/index.php\/2023\/07\/14\/kohn-devrait-sengager-pour-cinq-ans\/\",\"name\":\"K\u00f6hn devrait s\u2019engager pour cinq ans - La Diagonale\",\"isPartOf\":{\"@id\":\"https:\/\/www.ladiagonale.net\/#website\"},\"datePublished\":\"2023-07-14T20:55:18+00:00\",\"dateModified\":\"2023-07-14T20:55:21+00:00\",\"author\":{\"@id\":\"https:\/\/www.ladiagonale.net\/#\/schema\/person\/79ff1e7b0853ed01b2aa26e64ad300bf\"},\"breadcrumb\":{\"@id\":\"https:\/\/www.ladiagonale.net\/index.php\/2023\/07\/14\/kohn-devrait-sengager-pour-cinq-ans\/#breadcrumb\"},\"inLanguage\":\"fr-FR\",\"potentialAction\":[{\"@type\":\"ReadAction\",\"target\":[\"https:\/\/www.ladiagonale.net\/index.php\/2023\/07\/14\/kohn-devrait-sengager-pour-cinq-ans\/\"]}]},{\"@type\":\"BreadcrumbList\",\"@id\":\"https:\/\/www.ladiagonale.net\/index.php\/2023\/07\/14\/kohn-devrait-sengager-pour-cinq-ans\/#breadcrumb\",\"itemListElement\":[{\"@type\":\"ListItem\",\"position\":1,\"name\":\"Accueil\",\"item\":\"https:\/\/www.ladiagonale.net\/\"},{\"@type\":\"ListItem\",\"position\":2,\"name\":\"K\u00f6hn devrait s\u2019engager pour cinq ans\"}]},{\"@type\":\"WebSite\",\"@id\":\"https:\/\/www.ladiagonale.net\/#website\",\"url\":\"https:\/\/www.ladiagonale.net\/\",\"name\":\"La Diagonale\",\"description\":\"Le site des supporters de l&#039;AS Monaco FC\",\"potentialAction\":[{\"@type\":\"SearchAction\",\"target\":{\"@type\":\"EntryPoint\",\"urlTemplate\":\"https:\/\/www.ladiagonale.net\/?s={search_term_string}\"},\"query-input\":\"required name=search_term_string\"}],\"inLanguage\":\"fr-FR\"},{\"@type\":\"Person\",\"@id\":\"https:\/\/www.ladiagonale.net\/#\/schema\/person\/79ff1e7b0853ed01b2aa26e64ad300bf\",\"name\":\"Damien Dellerba\",\"image\":{\"@type\":\"ImageObject\",\"inLanguage\":\"fr-FR\",\"@id\":\"https:\/\/www.ladiagonale.net\/#\/schema\/person\/image\/\",\"url\":\"https:\/\/secure.gravatar.com\/avatar\/c7850e06d3ff63cdbaee88b7fc16e2f0?s=96&d=mm&r=g\",\"contentUrl\":\"https:\/\/secure.gravatar.com\/avatar\/c7850e06d3ff63cdbaee88b7fc16e2f0?s=96&d=mm&r=g\",\"caption\":\"Damien Dellerba\"},\"url\":\"https:\/\/www.ladiagonale.net\/index.php\/author\/damien\/\"}]}<\/script>\n<!-- \/ Yoast SEO plugin. -->","yoast_head_json":{"title":"K\u00f6hn devrait s\u2019engager pour cinq ans - La Diagonale","robots":{"index":"index","follow":"follow","max-snippet":"max-snippet:-1","max-image-preview":"max-image-preview:large","max-video-preview":"max-video-preview:-1"},"canonical":"https:\/\/www.ladiagonale.net\/index.php\/2023\/07\/14\/kohn-devrait-sengager-pour-cinq-ans\/","og_locale":"fr_FR","og_type":"article","og_title":"K\u00f6hn devrait s\u2019engager pour cinq ans - La Diagonale","og_description":"L\u2019AS Monaco tiendrait son nouveau gardien. Annonc\u00e9 depuis quelques jours, Philipp K\u00f6hn (25 ans) aurait sign\u00e9 un contrat portant sur cinq ans, jusqu\u2019en juin 2028, apr\u00e8s avoir satisfait ce vendredi \u00e0 la traditionnelle visite m\u00e9dicale. L\u2019information, d\u00e9j\u00e0 annonc\u00e9e la veille par le journal autrichien Krone Zeitung et par Sky Sport, a \u00e9t\u00e9 confirm\u00e9e par L\u2019\u00c9quipe. [...]","og_url":"https:\/\/www.ladiagonale.net\/index.php\/2023\/07\/14\/kohn-devrait-sengager-pour-cinq-ans\/","og_site_name":"La Diagonale","article_published_time":"2023-07-14T20:55:18+00:00","article_modified_time":"2023-07-14T20:55:21+00:00","og_image":[{"width":1160,"height":650,"url":"https:\/\/www.ladiagonale.net\/wp-content\/uploads\/2023\/07\/kohn.png","type":"image\/png"}],"author":"Damien Dellerba","twitter_card":"summary_large_image","twitter_image":"https:\/\/www.ladiagonale.net\/wp-content\/uploads\/2023\/07\/kohn.png","twitter_misc":{"\u00c9crit par":"Damien Dellerba","Dur\u00e9e de lecture estim\u00e9e":"1 minute"},"schema":{"@context":"https:\/\/schema.org","@graph":[{"@type":"WebPage","@id":"https:\/\/www.ladiagonale.net\/index.php\/2023\/07\/14\/kohn-devrait-sengager-pour-cinq-ans\/","url":"https:\/\/www.ladiagonale.net\/index.php\/2023\/07\/14\/kohn-devrait-sengager-pour-cinq-ans\/","name":"K\u00f6hn devrait s\u2019engager pour cinq ans - La Diagonale","isPartOf":{"@id":"https:\/\/www.ladiagonale.net\/#website"},"datePublished":"2023-07-14T20:55:18+00:00","dateModified":"2023-07-14T20:55:21+00:00","author":{"@id":"https:\/\/www.ladiagonale.net\/#\/schema\/person\/79ff1e7b0853ed01b2aa26e64ad300bf"},"breadcrumb":{"@id":"https:\/\/www.ladiagonale.net\/index.php\/2023\/07\/14\/kohn-devrait-sengager-pour-cinq-ans\/#breadcrumb"},"inLanguage":"fr-FR","potentialAction":[{"@type":"ReadAction","target":["https:\/\/www.ladiagonale.net\/index.php\/2023\/07\/14\/kohn-devrait-sengager-pour-cinq-ans\/"]}]},{"@type":"BreadcrumbList","@id":"https:\/\/www.ladiagonale.net\/index.php\/2023\/07\/14\/kohn-devrait-sengager-pour-cinq-ans\/#breadcrumb","itemListElement":[{"@type":"ListItem","position":1,"name":"Accueil","item":"https:\/\/www.ladiagonale.net\/"},{"@type":"ListItem","position":2,"name":"K\u00f6hn devrait s\u2019engager pour cinq ans"}]},{"@type":"WebSite","@id":"https:\/\/www.ladiagonale.net\/#website","url":"https:\/\/www.ladiagonale.net\/","name":"La Diagonale","description":"Le site des supporters de l&#039;AS Monaco FC","potentialAction":[{"@type":"SearchAction","target":{"@type":"EntryPoint","urlTemplate":"https:\/\/www.ladiagonale.net\/?s={search_term_string}"},"query-input":"required name=search_term_string"}],"inLanguage":"fr-FR"},{"@type":"Person","@id":"https:\/\/www.ladiagonale.net\/#\/schema\/person\/79ff1e7b0853ed01b2aa26e64ad300bf","name":"Damien Dellerba","image":{"@type":"ImageObject","inLanguage":"fr-FR","@id":"https:\/\/www.ladiagonale.net\/#\/schema\/person\/image\/","url":"https:\/\/secure.gravatar.com\/avatar\/c7850e06d3ff63cdbaee88b7fc16e2f0?s=96&d=mm&r=g","contentUrl":"https:\/\/secure.gravatar.com\/avatar\/c7850e06d3ff63cdbaee88b7fc16e2f0?s=96&d=mm&r=g","caption":"Damien Dellerba"},"url":"https:\/\/www.ladiagonale.net\/index.php\/author\/damien\/"}]}},"_links":{"self":[{"href":"https:\/\/www.ladiagonale.net\/index.php\/wp-json\/wp\/v2\/posts\/13973"}],"collection":[{"href":"https:\/\/www.ladiagonale.net\/index.php\/wp-json\/wp\/v2\/posts"}],"about":[{"href":"https:\/\/www.ladiagonale.net\/index.php\/wp-json\/wp\/v2\/types\/post"}],"author":[{"embeddable":true,"href":"https:\/\/www.ladiagonale.net\/index.php\/wp-json\/wp\/v2\/users\/2"}],"replies":[{"embeddable":true,"href":"https:\/\/www.ladiagonale.net\/index.php\/wp-json\/wp\/v2\/comments?post=13973"}],"version-history":[{"count":2,"href":"https:\/\/www.ladiagonale.net\/index.php\/wp-json\/wp\/v2\/posts\/13973\/revisions"}],"predecessor-version":[{"id":13975,"href":"https:\/\/www.ladiagonale.net\/index.php\/wp-json\/wp\/v2\/posts\/13973\/revisions\/13975"}],"wp:attachment":[{"href":"https:\/\/www.ladiagonale.net\/index.php\/wp-json\/wp\/v2\/media?parent=13973"}],"wp:term":[{"taxonomy":"category","embeddable":true,"href":"https:\/\/www.ladiagonale.net\/index.php\/wp-json\/wp\/v2\/categories?post=13973"},{"taxonomy":"post_tag","embeddable":true,"href":"https:\/\/www.ladiagonale.net\/index.php\/wp-json\/wp\/v2\/tags?post=13973"}],"curies":[{"name":"wp","href":"https:\/\/api.w.org\/{rel}","templated":true}]}}