{"id":13976,"date":"2023-07-14T23:54:09","date_gmt":"2023-07-14T21:54:09","guid":{"rendered":"https:\/\/www.ladiagonale.net\/?p=13976"},"modified":"2025-02-20T15:05:22","modified_gmt":"2025-02-20T14:05:22","slug":"monaco-pourrait-degainer-pour-washington","status":"publish","type":"post","link":"https:\/\/www.ladiagonale.net\/index.php\/2023\/07\/14\/monaco-pourrait-degainer-pour-washington\/","title":{"rendered":"Monaco pourrait d\u00e9gainer pour Washington"},"content":{"rendered":"\n<p>Si l\u2019AS Monaco est bien pourvue en attaque, elle semble d\u00e9termin\u00e9e \u00e0 attirer un tr\u00e8s jeune espoir br\u00e9silien, en la personne de Deivid Washington (18 ans). La piste de l\u2019attaquant de Santos a d\u00e9j\u00e0 \u00e9t\u00e9 \u00e9voqu\u00e9e <a href=\"https:\/\/www.ladiagonale.net\/index.php\/2023\/07\/12\/jean-lucas-devrait-rejoindre-santos\/\">dans le cadre du transfert \u00e0 venir de Jean Lucas vers le club br\u00e9silien<\/a>, et les dirigeants as\u00e9mistes seraient pr\u00eats \u00e0 faire une offre d\u2019environ 20 millions d\u2019euros selon <em>UOL<\/em>.<\/p>\n\n\n\n<p>Si Santos n\u2019avait pas l\u2019intention de vendre Washington, sous contrat jusqu\u2019en avril 2026, la cession de Jean Lucas aurait pour but de faciliter une potentielle arriv\u00e9e de l\u2019attaquant et une offre importante pourrait faire c\u00e9der les dirigeants du <em>Peixe<\/em>. Thiago Scuro appr\u00e9cie tout particuli\u00e8rement le joueur et lui verrait un bel avenir. Washington a disput\u00e9 14 matches et inscrit cinq buts en 2023.<\/p>\n\n\n\n<p class=\"has-white-color has-text-color has-background\" style=\"background-color:#303030\"><a href=\"https:\/\/www.ladiagonale.net\/index.php\/transferts\/\">Voir le tableau des transferts<\/a><\/p>\n","protected":false},"excerpt":{"rendered":"<p>Si l\u2019AS Monaco est bien pourvue en attaque, elle semble d\u00e9termin\u00e9e \u00e0 attirer un tr\u00e8s jeune espoir br\u00e9silien, en la personne de Deivid Washington (18 ans). La piste de l\u2019attaquant de Santos a d\u00e9j\u00e0 \u00e9t\u00e9 \u00e9voqu\u00e9e dans le cadre du transfert \u00e0 venir de Jean Lucas vers le club br\u00e9silien, et les dirigeants as\u00e9mistes seraient [&#8230;]\n","protected":false},"author":2,"featured_media":0,"comment_status":"open","ping_status":"open","sticky":false,"template":"","format":"standard","meta":[],"categories":[6],"tags":[86,654,111,608,110],"yoast_head":"<!-- This site is optimized with the Yoast SEO plugin v19.8 - https:\/\/yoast.com\/wordpress\/plugins\/seo\/ -->\n<title>Monaco pourrait d\u00e9gainer pour Washington - La Diagonale<\/title>\n<meta name=\"robots\" content=\"index, follow, max-snippet:-1, max-image-preview:large, max-video-preview:-1\" \/>\n<link rel=\"canonical\" href=\"https:\/\/www.ladiagonale.net\/index.php\/2023\/07\/14\/monaco-pourrait-degainer-pour-washington\/\" \/>\n<meta property=\"og:locale\" content=\"fr_FR\" \/>\n<meta property=\"og:type\" content=\"article\" \/>\n<meta property=\"og:title\" content=\"Monaco pourrait d\u00e9gainer pour Washington - La Diagonale\" \/>\n<meta property=\"og:description\" content=\"Si l\u2019AS Monaco est bien pourvue en attaque, elle semble d\u00e9termin\u00e9e \u00e0 attirer un tr\u00e8s jeune espoir br\u00e9silien, en la personne de Deivid Washington (18 ans). La piste de l\u2019attaquant de Santos a d\u00e9j\u00e0 \u00e9t\u00e9 \u00e9voqu\u00e9e dans le cadre du transfert \u00e0 venir de Jean Lucas vers le club br\u00e9silien, et les dirigeants as\u00e9mistes seraient [...]\" \/>\n<meta property=\"og:url\" content=\"https:\/\/www.ladiagonale.net\/index.php\/2023\/07\/14\/monaco-pourrait-degainer-pour-washington\/\" \/>\n<meta property=\"og:site_name\" content=\"La Diagonale\" \/>\n<meta property=\"article:published_time\" content=\"2023-07-14T21:54:09+00:00\" \/>\n<meta property=\"article:modified_time\" content=\"2025-02-20T14:05:22+00:00\" \/>\n<meta property=\"og:image\" content=\"https:\/\/www.ladiagonale.net\/wp-content\/uploads\/2023\/07\/washington.png\" \/>\n\t<meta property=\"og:image:width\" content=\"1160\" \/>\n\t<meta property=\"og:image:height\" content=\"650\" \/>\n\t<meta property=\"og:image:type\" content=\"image\/png\" \/>\n<meta name=\"author\" content=\"Damien Dellerba\" \/>\n<meta name=\"twitter:card\" content=\"summary_large_image\" \/>\n<meta name=\"twitter:image\" content=\"https:\/\/www.ladiagonale.net\/wp-content\/uploads\/2023\/07\/washington.png\" \/>\n<meta name=\"twitter:label1\" content=\"\u00c9crit par\" \/>\n\t<meta name=\"twitter:data1\" content=\"Damien Dellerba\" \/>\n\t<meta name=\"twitter:label2\" content=\"Dur\u00e9e de lecture estim\u00e9e\" \/>\n\t<meta name=\"twitter:data2\" content=\"1 minute\" \/>\n<script type=\"application\/ld+json\" class=\"yoast-schema-graph\">{\"@context\":\"https:\/\/schema.org\",\"@graph\":[{\"@type\":\"WebPage\",\"@id\":\"https:\/\/www.ladiagonale.net\/index.php\/2023\/07\/14\/monaco-pourrait-degainer-pour-washington\/\",\"url\":\"https:\/\/www.ladiagonale.net\/index.php\/2023\/07\/14\/monaco-pourrait-degainer-pour-washington\/\",\"name\":\"Monaco pourrait d\u00e9gainer pour Washington - La Diagonale\",\"isPartOf\":{\"@id\":\"https:\/\/www.ladiagonale.net\/#website\"},\"datePublished\":\"2023-07-14T21:54:09+00:00\",\"dateModified\":\"2025-02-20T14:05:22+00:00\",\"author\":{\"@id\":\"https:\/\/www.ladiagonale.net\/#\/schema\/person\/79ff1e7b0853ed01b2aa26e64ad300bf\"},\"breadcrumb\":{\"@id\":\"https:\/\/www.ladiagonale.net\/index.php\/2023\/07\/14\/monaco-pourrait-degainer-pour-washington\/#breadcrumb\"},\"inLanguage\":\"fr-FR\",\"potentialAction\":[{\"@type\":\"ReadAction\",\"target\":[\"https:\/\/www.ladiagonale.net\/index.php\/2023\/07\/14\/monaco-pourrait-degainer-pour-washington\/\"]}]},{\"@type\":\"BreadcrumbList\",\"@id\":\"https:\/\/www.ladiagonale.net\/index.php\/2023\/07\/14\/monaco-pourrait-degainer-pour-washington\/#breadcrumb\",\"itemListElement\":[{\"@type\":\"ListItem\",\"position\":1,\"name\":\"Accueil\",\"item\":\"https:\/\/www.ladiagonale.net\/\"},{\"@type\":\"ListItem\",\"position\":2,\"name\":\"Monaco pourrait d\u00e9gainer pour Washington\"}]},{\"@type\":\"WebSite\",\"@id\":\"https:\/\/www.ladiagonale.net\/#website\",\"url\":\"https:\/\/www.ladiagonale.net\/\",\"name\":\"La Diagonale\",\"description\":\"Le site des supporters de l&#039;AS Monaco FC\",\"potentialAction\":[{\"@type\":\"SearchAction\",\"target\":{\"@type\":\"EntryPoint\",\"urlTemplate\":\"https:\/\/www.ladiagonale.net\/?s={search_term_string}\"},\"query-input\":\"required name=search_term_string\"}],\"inLanguage\":\"fr-FR\"},{\"@type\":\"Person\",\"@id\":\"https:\/\/www.ladiagonale.net\/#\/schema\/person\/79ff1e7b0853ed01b2aa26e64ad300bf\",\"name\":\"Damien Dellerba\",\"image\":{\"@type\":\"ImageObject\",\"inLanguage\":\"fr-FR\",\"@id\":\"https:\/\/www.ladiagonale.net\/#\/schema\/person\/image\/\",\"url\":\"https:\/\/secure.gravatar.com\/avatar\/c7850e06d3ff63cdbaee88b7fc16e2f0?s=96&d=mm&r=g\",\"contentUrl\":\"https:\/\/secure.gravatar.com\/avatar\/c7850e06d3ff63cdbaee88b7fc16e2f0?s=96&d=mm&r=g\",\"caption\":\"Damien Dellerba\"},\"url\":\"https:\/\/www.ladiagonale.net\/index.php\/author\/damien\/\"}]}<\/script>\n<!-- \/ Yoast SEO plugin. -->","yoast_head_json":{"title":"Monaco pourrait d\u00e9gainer pour Washington - La Diagonale","robots":{"index":"index","follow":"follow","max-snippet":"max-snippet:-1","max-image-preview":"max-image-preview:large","max-video-preview":"max-video-preview:-1"},"canonical":"https:\/\/www.ladiagonale.net\/index.php\/2023\/07\/14\/monaco-pourrait-degainer-pour-washington\/","og_locale":"fr_FR","og_type":"article","og_title":"Monaco pourrait d\u00e9gainer pour Washington - La Diagonale","og_description":"Si l\u2019AS Monaco est bien pourvue en attaque, elle semble d\u00e9termin\u00e9e \u00e0 attirer un tr\u00e8s jeune espoir br\u00e9silien, en la personne de Deivid Washington (18 ans). La piste de l\u2019attaquant de Santos a d\u00e9j\u00e0 \u00e9t\u00e9 \u00e9voqu\u00e9e dans le cadre du transfert \u00e0 venir de Jean Lucas vers le club br\u00e9silien, et les dirigeants as\u00e9mistes seraient [...]","og_url":"https:\/\/www.ladiagonale.net\/index.php\/2023\/07\/14\/monaco-pourrait-degainer-pour-washington\/","og_site_name":"La Diagonale","article_published_time":"2023-07-14T21:54:09+00:00","article_modified_time":"2025-02-20T14:05:22+00:00","og_image":[{"width":1160,"height":650,"url":"https:\/\/www.ladiagonale.net\/wp-content\/uploads\/2023\/07\/washington.png","type":"image\/png"}],"author":"Damien Dellerba","twitter_card":"summary_large_image","twitter_image":"https:\/\/www.ladiagonale.net\/wp-content\/uploads\/2023\/07\/washington.png","twitter_misc":{"\u00c9crit par":"Damien Dellerba","Dur\u00e9e de lecture estim\u00e9e":"1 minute"},"schema":{"@context":"https:\/\/schema.org","@graph":[{"@type":"WebPage","@id":"https:\/\/www.ladiagonale.net\/index.php\/2023\/07\/14\/monaco-pourrait-degainer-pour-washington\/","url":"https:\/\/www.ladiagonale.net\/index.php\/2023\/07\/14\/monaco-pourrait-degainer-pour-washington\/","name":"Monaco pourrait d\u00e9gainer pour Washington - La Diagonale","isPartOf":{"@id":"https:\/\/www.ladiagonale.net\/#website"},"datePublished":"2023-07-14T21:54:09+00:00","dateModified":"2025-02-20T14:05:22+00:00","author":{"@id":"https:\/\/www.ladiagonale.net\/#\/schema\/person\/79ff1e7b0853ed01b2aa26e64ad300bf"},"breadcrumb":{"@id":"https:\/\/www.ladiagonale.net\/index.php\/2023\/07\/14\/monaco-pourrait-degainer-pour-washington\/#breadcrumb"},"inLanguage":"fr-FR","potentialAction":[{"@type":"ReadAction","target":["https:\/\/www.ladiagonale.net\/index.php\/2023\/07\/14\/monaco-pourrait-degainer-pour-washington\/"]}]},{"@type":"BreadcrumbList","@id":"https:\/\/www.ladiagonale.net\/index.php\/2023\/07\/14\/monaco-pourrait-degainer-pour-washington\/#breadcrumb","itemListElement":[{"@type":"ListItem","position":1,"name":"Accueil","item":"https:\/\/www.ladiagonale.net\/"},{"@type":"ListItem","position":2,"name":"Monaco pourrait d\u00e9gainer pour Washington"}]},{"@type":"WebSite","@id":"https:\/\/www.ladiagonale.net\/#website","url":"https:\/\/www.ladiagonale.net\/","name":"La Diagonale","description":"Le site des supporters de l&#039;AS Monaco FC","potentialAction":[{"@type":"SearchAction","target":{"@type":"EntryPoint","urlTemplate":"https:\/\/www.ladiagonale.net\/?s={search_term_string}"},"query-input":"required name=search_term_string"}],"inLanguage":"fr-FR"},{"@type":"Person","@id":"https:\/\/www.ladiagonale.net\/#\/schema\/person\/79ff1e7b0853ed01b2aa26e64ad300bf","name":"Damien Dellerba","image":{"@type":"ImageObject","inLanguage":"fr-FR","@id":"https:\/\/www.ladiagonale.net\/#\/schema\/person\/image\/","url":"https:\/\/secure.gravatar.com\/avatar\/c7850e06d3ff63cdbaee88b7fc16e2f0?s=96&d=mm&r=g","contentUrl":"https:\/\/secure.gravatar.com\/avatar\/c7850e06d3ff63cdbaee88b7fc16e2f0?s=96&d=mm&r=g","caption":"Damien Dellerba"},"url":"https:\/\/www.ladiagonale.net\/index.php\/author\/damien\/"}]}},"_links":{"self":[{"href":"https:\/\/www.ladiagonale.net\/index.php\/wp-json\/wp\/v2\/posts\/13976"}],"collection":[{"href":"https:\/\/www.ladiagonale.net\/index.php\/wp-json\/wp\/v2\/posts"}],"about":[{"href":"https:\/\/www.ladiagonale.net\/index.php\/wp-json\/wp\/v2\/types\/post"}],"author":[{"embeddable":true,"href":"https:\/\/www.ladiagonale.net\/index.php\/wp-json\/wp\/v2\/users\/2"}],"replies":[{"embeddable":true,"href":"https:\/\/www.ladiagonale.net\/index.php\/wp-json\/wp\/v2\/comments?post=13976"}],"version-history":[{"count":6,"href":"https:\/\/www.ladiagonale.net\/index.php\/wp-json\/wp\/v2\/posts\/13976\/revisions"}],"predecessor-version":[{"id":14008,"href":"https:\/\/www.ladiagonale.net\/index.php\/wp-json\/wp\/v2\/posts\/13976\/revisions\/14008"}],"wp:attachment":[{"href":"https:\/\/www.ladiagonale.net\/index.php\/wp-json\/wp\/v2\/media?parent=13976"}],"wp:term":[{"taxonomy":"category","embeddable":true,"href":"https:\/\/www.ladiagonale.net\/index.php\/wp-json\/wp\/v2\/categories?post=13976"},{"taxonomy":"post_tag","embeddable":true,"href":"https:\/\/www.ladiagonale.net\/index.php\/wp-json\/wp\/v2\/tags?post=13976"}],"curies":[{"name":"wp","href":"https:\/\/api.w.org\/{rel}","templated":true}]}}