{"id":13981,"date":"2023-07-15T00:55:28","date_gmt":"2023-07-14T22:55:28","guid":{"rendered":"https:\/\/www.ladiagonale.net\/?p=13981"},"modified":"2023-07-15T11:01:16","modified_gmt":"2023-07-15T09:01:16","slug":"disasi-serait-dans-le-groupe-pour-affronter-le-cercle-bruges","status":"publish","type":"post","link":"https:\/\/www.ladiagonale.net\/index.php\/2023\/07\/15\/disasi-serait-dans-le-groupe-pour-affronter-le-cercle-bruges\/","title":{"rendered":"Disasi dans le groupe pour le match contre le Cercle Bruges"},"content":{"rendered":"\n<p>Axel Disasi n\u2019est pas certain de rester \u00e0 l\u2019AS Monaco cette saison, <a href=\"https:\/\/www.ladiagonale.net\/index.php\/2023\/07\/09\/des-pretendants-pour-disasi-mais-pas-encore-doffre\/\">courtis\u00e9 par Manchester United et Newcastle<\/a>, mais Adi H\u00fctter semble d\u00e9j\u00e0 compter sur le vice-capitaine du club. Revenu de vacances lundi, et apr\u00e8s seulement trois jours d\u2019entra\u00eenement, l\u2019international fran\u00e7ais sera dans le groupe pour affronter le Cercle Bruges ce samedi (17h), <a href=\"https:\/\/www.ladiagonale.net\/index.php\/2023\/07\/14\/ben-yedder-devrait-etre-present-a-bruges-pou-affronter-le-cercle\/\">tout comme Wissam Ben Yedder<\/a>, d\u2019apr\u00e8s les informations de <em>L\u2019\u00c9quipe<\/em>.<\/p>\n\n\n\n<p>Selon le quotidien, l\u2019\u00e9tat de forme de Disasi serait apparu suffisamment convaincant aux yeux du nouveau coach as\u00e9miste pour pouvoir l\u2019emmener sur ce d\u00e9placement en Belgique. Il devrait d\u2019ailleurs \u00eatre le seul des internationaux \u00e0 le faire. Youssouf Fofana, qui a \u00e9galement repris lundi, ne devrait pas en \u00eatre. <\/p>\n","protected":false},"excerpt":{"rendered":"<p>Axel Disasi n\u2019est pas certain de rester \u00e0 l\u2019AS Monaco cette saison, courtis\u00e9 par Manchester United et Newcastle, mais Adi H\u00fctter semble d\u00e9j\u00e0 compter sur le vice-capitaine du club. Revenu de vacances lundi, et apr\u00e8s seulement trois jours d\u2019entra\u00eenement, l\u2019international fran\u00e7ais sera dans le groupe pour affronter le Cercle Bruges ce samedi (17h), tout comme [&#8230;]\n","protected":false},"author":2,"featured_media":0,"comment_status":"open","ping_status":"open","sticky":false,"template":"","format":"standard","meta":[],"categories":[6],"tags":[86,178],"yoast_head":"<!-- This site is optimized with the Yoast SEO plugin v19.8 - https:\/\/yoast.com\/wordpress\/plugins\/seo\/ -->\n<title>Disasi dans le groupe pour le match contre le Cercle Bruges - La Diagonale<\/title>\n<meta name=\"robots\" content=\"index, follow, max-snippet:-1, max-image-preview:large, max-video-preview:-1\" \/>\n<link rel=\"canonical\" href=\"https:\/\/www.ladiagonale.net\/index.php\/2023\/07\/15\/disasi-serait-dans-le-groupe-pour-affronter-le-cercle-bruges\/\" \/>\n<meta property=\"og:locale\" content=\"fr_FR\" \/>\n<meta property=\"og:type\" content=\"article\" \/>\n<meta property=\"og:title\" content=\"Disasi dans le groupe pour le match contre le Cercle Bruges - La Diagonale\" \/>\n<meta property=\"og:description\" content=\"Axel Disasi n\u2019est pas certain de rester \u00e0 l\u2019AS Monaco cette saison, courtis\u00e9 par Manchester United et Newcastle, mais Adi H\u00fctter semble d\u00e9j\u00e0 compter sur le vice-capitaine du club. Revenu de vacances lundi, et apr\u00e8s seulement trois jours d\u2019entra\u00eenement, l\u2019international fran\u00e7ais sera dans le groupe pour affronter le Cercle Bruges ce samedi (17h), tout comme [...]\" \/>\n<meta property=\"og:url\" content=\"https:\/\/www.ladiagonale.net\/index.php\/2023\/07\/15\/disasi-serait-dans-le-groupe-pour-affronter-le-cercle-bruges\/\" \/>\n<meta property=\"og:site_name\" content=\"La Diagonale\" \/>\n<meta property=\"article:published_time\" content=\"2023-07-14T22:55:28+00:00\" \/>\n<meta property=\"article:modified_time\" content=\"2023-07-15T09:01:16+00:00\" \/>\n<meta property=\"og:image\" content=\"https:\/\/www.ladiagonale.net\/wp-content\/uploads\/2023\/01\/disasi2.png\" \/>\n\t<meta property=\"og:image:width\" content=\"1160\" \/>\n\t<meta property=\"og:image:height\" content=\"650\" \/>\n\t<meta property=\"og:image:type\" content=\"image\/png\" \/>\n<meta name=\"author\" content=\"Damien Dellerba\" \/>\n<meta name=\"twitter:card\" content=\"summary_large_image\" \/>\n<meta name=\"twitter:image\" content=\"https:\/\/www.ladiagonale.net\/wp-content\/uploads\/2023\/01\/disasi2.png\" \/>\n<meta name=\"twitter:label1\" content=\"\u00c9crit par\" \/>\n\t<meta name=\"twitter:data1\" content=\"Damien Dellerba\" \/>\n\t<meta name=\"twitter:label2\" content=\"Dur\u00e9e de lecture estim\u00e9e\" \/>\n\t<meta name=\"twitter:data2\" content=\"1 minute\" \/>\n<script type=\"application\/ld+json\" class=\"yoast-schema-graph\">{\"@context\":\"https:\/\/schema.org\",\"@graph\":[{\"@type\":\"WebPage\",\"@id\":\"https:\/\/www.ladiagonale.net\/index.php\/2023\/07\/15\/disasi-serait-dans-le-groupe-pour-affronter-le-cercle-bruges\/\",\"url\":\"https:\/\/www.ladiagonale.net\/index.php\/2023\/07\/15\/disasi-serait-dans-le-groupe-pour-affronter-le-cercle-bruges\/\",\"name\":\"Disasi dans le groupe pour le match contre le Cercle Bruges - La Diagonale\",\"isPartOf\":{\"@id\":\"https:\/\/www.ladiagonale.net\/#website\"},\"datePublished\":\"2023-07-14T22:55:28+00:00\",\"dateModified\":\"2023-07-15T09:01:16+00:00\",\"author\":{\"@id\":\"https:\/\/www.ladiagonale.net\/#\/schema\/person\/79ff1e7b0853ed01b2aa26e64ad300bf\"},\"breadcrumb\":{\"@id\":\"https:\/\/www.ladiagonale.net\/index.php\/2023\/07\/15\/disasi-serait-dans-le-groupe-pour-affronter-le-cercle-bruges\/#breadcrumb\"},\"inLanguage\":\"fr-FR\",\"potentialAction\":[{\"@type\":\"ReadAction\",\"target\":[\"https:\/\/www.ladiagonale.net\/index.php\/2023\/07\/15\/disasi-serait-dans-le-groupe-pour-affronter-le-cercle-bruges\/\"]}]},{\"@type\":\"BreadcrumbList\",\"@id\":\"https:\/\/www.ladiagonale.net\/index.php\/2023\/07\/15\/disasi-serait-dans-le-groupe-pour-affronter-le-cercle-bruges\/#breadcrumb\",\"itemListElement\":[{\"@type\":\"ListItem\",\"position\":1,\"name\":\"Accueil\",\"item\":\"https:\/\/www.ladiagonale.net\/\"},{\"@type\":\"ListItem\",\"position\":2,\"name\":\"Disasi dans le groupe pour le match contre le Cercle Bruges\"}]},{\"@type\":\"WebSite\",\"@id\":\"https:\/\/www.ladiagonale.net\/#website\",\"url\":\"https:\/\/www.ladiagonale.net\/\",\"name\":\"La Diagonale\",\"description\":\"Le site des supporters de l&#039;AS Monaco FC\",\"potentialAction\":[{\"@type\":\"SearchAction\",\"target\":{\"@type\":\"EntryPoint\",\"urlTemplate\":\"https:\/\/www.ladiagonale.net\/?s={search_term_string}\"},\"query-input\":\"required name=search_term_string\"}],\"inLanguage\":\"fr-FR\"},{\"@type\":\"Person\",\"@id\":\"https:\/\/www.ladiagonale.net\/#\/schema\/person\/79ff1e7b0853ed01b2aa26e64ad300bf\",\"name\":\"Damien Dellerba\",\"image\":{\"@type\":\"ImageObject\",\"inLanguage\":\"fr-FR\",\"@id\":\"https:\/\/www.ladiagonale.net\/#\/schema\/person\/image\/\",\"url\":\"https:\/\/secure.gravatar.com\/avatar\/c7850e06d3ff63cdbaee88b7fc16e2f0?s=96&d=mm&r=g\",\"contentUrl\":\"https:\/\/secure.gravatar.com\/avatar\/c7850e06d3ff63cdbaee88b7fc16e2f0?s=96&d=mm&r=g\",\"caption\":\"Damien Dellerba\"},\"url\":\"https:\/\/www.ladiagonale.net\/index.php\/author\/damien\/\"}]}<\/script>\n<!-- \/ Yoast SEO plugin. -->","yoast_head_json":{"title":"Disasi dans le groupe pour le match contre le Cercle Bruges - La Diagonale","robots":{"index":"index","follow":"follow","max-snippet":"max-snippet:-1","max-image-preview":"max-image-preview:large","max-video-preview":"max-video-preview:-1"},"canonical":"https:\/\/www.ladiagonale.net\/index.php\/2023\/07\/15\/disasi-serait-dans-le-groupe-pour-affronter-le-cercle-bruges\/","og_locale":"fr_FR","og_type":"article","og_title":"Disasi dans le groupe pour le match contre le Cercle Bruges - La Diagonale","og_description":"Axel Disasi n\u2019est pas certain de rester \u00e0 l\u2019AS Monaco cette saison, courtis\u00e9 par Manchester United et Newcastle, mais Adi H\u00fctter semble d\u00e9j\u00e0 compter sur le vice-capitaine du club. Revenu de vacances lundi, et apr\u00e8s seulement trois jours d\u2019entra\u00eenement, l\u2019international fran\u00e7ais sera dans le groupe pour affronter le Cercle Bruges ce samedi (17h), tout comme [...]","og_url":"https:\/\/www.ladiagonale.net\/index.php\/2023\/07\/15\/disasi-serait-dans-le-groupe-pour-affronter-le-cercle-bruges\/","og_site_name":"La Diagonale","article_published_time":"2023-07-14T22:55:28+00:00","article_modified_time":"2023-07-15T09:01:16+00:00","og_image":[{"width":1160,"height":650,"url":"https:\/\/www.ladiagonale.net\/wp-content\/uploads\/2023\/01\/disasi2.png","type":"image\/png"}],"author":"Damien Dellerba","twitter_card":"summary_large_image","twitter_image":"https:\/\/www.ladiagonale.net\/wp-content\/uploads\/2023\/01\/disasi2.png","twitter_misc":{"\u00c9crit par":"Damien Dellerba","Dur\u00e9e de lecture estim\u00e9e":"1 minute"},"schema":{"@context":"https:\/\/schema.org","@graph":[{"@type":"WebPage","@id":"https:\/\/www.ladiagonale.net\/index.php\/2023\/07\/15\/disasi-serait-dans-le-groupe-pour-affronter-le-cercle-bruges\/","url":"https:\/\/www.ladiagonale.net\/index.php\/2023\/07\/15\/disasi-serait-dans-le-groupe-pour-affronter-le-cercle-bruges\/","name":"Disasi dans le groupe pour le match contre le Cercle Bruges - La Diagonale","isPartOf":{"@id":"https:\/\/www.ladiagonale.net\/#website"},"datePublished":"2023-07-14T22:55:28+00:00","dateModified":"2023-07-15T09:01:16+00:00","author":{"@id":"https:\/\/www.ladiagonale.net\/#\/schema\/person\/79ff1e7b0853ed01b2aa26e64ad300bf"},"breadcrumb":{"@id":"https:\/\/www.ladiagonale.net\/index.php\/2023\/07\/15\/disasi-serait-dans-le-groupe-pour-affronter-le-cercle-bruges\/#breadcrumb"},"inLanguage":"fr-FR","potentialAction":[{"@type":"ReadAction","target":["https:\/\/www.ladiagonale.net\/index.php\/2023\/07\/15\/disasi-serait-dans-le-groupe-pour-affronter-le-cercle-bruges\/"]}]},{"@type":"BreadcrumbList","@id":"https:\/\/www.ladiagonale.net\/index.php\/2023\/07\/15\/disasi-serait-dans-le-groupe-pour-affronter-le-cercle-bruges\/#breadcrumb","itemListElement":[{"@type":"ListItem","position":1,"name":"Accueil","item":"https:\/\/www.ladiagonale.net\/"},{"@type":"ListItem","position":2,"name":"Disasi dans le groupe pour le match contre le Cercle Bruges"}]},{"@type":"WebSite","@id":"https:\/\/www.ladiagonale.net\/#website","url":"https:\/\/www.ladiagonale.net\/","name":"La Diagonale","description":"Le site des supporters de l&#039;AS Monaco FC","potentialAction":[{"@type":"SearchAction","target":{"@type":"EntryPoint","urlTemplate":"https:\/\/www.ladiagonale.net\/?s={search_term_string}"},"query-input":"required name=search_term_string"}],"inLanguage":"fr-FR"},{"@type":"Person","@id":"https:\/\/www.ladiagonale.net\/#\/schema\/person\/79ff1e7b0853ed01b2aa26e64ad300bf","name":"Damien Dellerba","image":{"@type":"ImageObject","inLanguage":"fr-FR","@id":"https:\/\/www.ladiagonale.net\/#\/schema\/person\/image\/","url":"https:\/\/secure.gravatar.com\/avatar\/c7850e06d3ff63cdbaee88b7fc16e2f0?s=96&d=mm&r=g","contentUrl":"https:\/\/secure.gravatar.com\/avatar\/c7850e06d3ff63cdbaee88b7fc16e2f0?s=96&d=mm&r=g","caption":"Damien Dellerba"},"url":"https:\/\/www.ladiagonale.net\/index.php\/author\/damien\/"}]}},"_links":{"self":[{"href":"https:\/\/www.ladiagonale.net\/index.php\/wp-json\/wp\/v2\/posts\/13981"}],"collection":[{"href":"https:\/\/www.ladiagonale.net\/index.php\/wp-json\/wp\/v2\/posts"}],"about":[{"href":"https:\/\/www.ladiagonale.net\/index.php\/wp-json\/wp\/v2\/types\/post"}],"author":[{"embeddable":true,"href":"https:\/\/www.ladiagonale.net\/index.php\/wp-json\/wp\/v2\/users\/2"}],"replies":[{"embeddable":true,"href":"https:\/\/www.ladiagonale.net\/index.php\/wp-json\/wp\/v2\/comments?post=13981"}],"version-history":[{"count":7,"href":"https:\/\/www.ladiagonale.net\/index.php\/wp-json\/wp\/v2\/posts\/13981\/revisions"}],"predecessor-version":[{"id":13995,"href":"https:\/\/www.ladiagonale.net\/index.php\/wp-json\/wp\/v2\/posts\/13981\/revisions\/13995"}],"wp:attachment":[{"href":"https:\/\/www.ladiagonale.net\/index.php\/wp-json\/wp\/v2\/media?parent=13981"}],"wp:term":[{"taxonomy":"category","embeddable":true,"href":"https:\/\/www.ladiagonale.net\/index.php\/wp-json\/wp\/v2\/categories?post=13981"},{"taxonomy":"post_tag","embeddable":true,"href":"https:\/\/www.ladiagonale.net\/index.php\/wp-json\/wp\/v2\/tags?post=13981"}],"curies":[{"name":"wp","href":"https:\/\/api.w.org\/{rel}","templated":true}]}}