{"id":13989,"date":"2023-07-15T09:50:54","date_gmt":"2023-07-15T07:50:54","guid":{"rendered":"https:\/\/www.ladiagonale.net\/?p=13989"},"modified":"2023-07-15T12:35:50","modified_gmt":"2023-07-15T10:35:50","slug":"officiel-kohn-est-monegasque","status":"publish","type":"post","link":"https:\/\/www.ladiagonale.net\/index.php\/2023\/07\/15\/officiel-kohn-est-monegasque\/","title":{"rendered":"Officiel : K\u00f6hn est mon\u00e9gasque"},"content":{"rendered":"\n\n\n<p>L&rsquo;AS Monaco tient son nouveau gardien titulaire dans les buts. Philippe K\u00f6hn s&rsquo;est engag\u00e9 avec le club de la Principaut\u00e9 pour les cinq prochaines saisons, jusqu&rsquo;en juin 2028. Le portier suisse arrive du RB Salzbourg, et le montant du transfert tournerait autour des 8 millions d&rsquo;euros <a href=\"https:\/\/www.ladiagonale.net\/index.php\/2023\/07\/14\/kohn-devrait-sengager-pour-cinq-ans\/\">selon les derni\u00e8res informations divulgu\u00e9es par <em>Nice-Matin<\/em><\/a>.<\/p>\n\n\n\n<p>Arriv\u00e9 en 2018 \u00e0 Salzbourg, K\u00f6hn a conquis deux championnats d&rsquo;Autriche ainsi qu&rsquo;une Coupe d&rsquo;Autriche. International suisse, il a fait partie de la d\u00e9l\u00e9gation suisse qui a particip\u00e9 \u00e0 la Coupe du monde au Qatar entre novembre et d\u00e9cembre 2022. La saison derni\u00e8re, il a disput\u00e9 42 rencontres pour 19 <em>clean sheets<\/em>. K\u00f6hn dispose \u00e9galement d&rsquo;une bonne exp\u00e9rience europ\u00e9enne, avec 18 matches jou\u00e9s.<\/p>\n\n\n\n<p>\u00ab\u00a0<em>L\u2019AS Monaco est un grand club, un grand nom. De grands joueurs sont pass\u00e9s par ici et j\u2019esp\u00e8re appr\u00e9cier mon passage ici, <\/em>a d\u00e9clar\u00e9 K\u00f6hn<em>. Je vais faire de mon mieux pour ramener l\u2019\u00e9quipe en coupe d\u2019Europe la saison prochaine. Le coach est une bonne personne, l\u2019entra\u00eeneur des gardiens aussi, et c\u2019est quelqu\u2019un qui est tr\u00e8s important pour moi. Je suis heureux d\u2019\u00eatre ici. Mes premiers moments se sont bien pass\u00e9s et j\u2019ai h\u00e2te de d\u00e9marrer. Je pense que lundi sera le bon moment pour d\u00e9marrer avec ce stage en Angleterre. Ce sera mon deuxi\u00e8me de l\u2019\u00e9t\u00e9 mais je suis pr\u00eat et heureux.<\/em>\u00a0\u00bb<\/p>\n\n\n\n<p>Photo : <em>AS Monaco<\/em><\/p>\n","protected":false},"excerpt":{"rendered":"<p>L&rsquo;AS Monaco tient son nouveau gardien titulaire dans les buts. Philippe K\u00f6hn s&rsquo;est engag\u00e9 avec le club de la Principaut\u00e9 pour les cinq prochaines saisons, jusqu&rsquo;en juin 2028. Le portier suisse arrive du RB Salzbourg, et le montant du transfert tournerait autour des 8 millions d&rsquo;euros selon les derni\u00e8res informations divulgu\u00e9es par Nice-Matin. Arriv\u00e9 en [&#8230;]\n","protected":false},"author":2,"featured_media":13990,"comment_status":"open","ping_status":"open","sticky":false,"template":"","format":"standard","meta":[],"categories":[5,6],"tags":[86,111,615,614,110],"yoast_head":"<!-- This site is optimized with the Yoast SEO plugin v19.8 - https:\/\/yoast.com\/wordpress\/plugins\/seo\/ -->\n<title>Officiel : K\u00f6hn est mon\u00e9gasque - La Diagonale<\/title>\n<meta name=\"robots\" content=\"index, follow, max-snippet:-1, max-image-preview:large, max-video-preview:-1\" \/>\n<link rel=\"canonical\" href=\"https:\/\/www.ladiagonale.net\/index.php\/2023\/07\/15\/officiel-kohn-est-monegasque\/\" \/>\n<meta property=\"og:locale\" content=\"fr_FR\" \/>\n<meta property=\"og:type\" content=\"article\" \/>\n<meta property=\"og:title\" content=\"Officiel : K\u00f6hn est mon\u00e9gasque - La Diagonale\" \/>\n<meta property=\"og:description\" content=\"L&rsquo;AS Monaco tient son nouveau gardien titulaire dans les buts. Philippe K\u00f6hn s&rsquo;est engag\u00e9 avec le club de la Principaut\u00e9 pour les cinq prochaines saisons, jusqu&rsquo;en juin 2028. Le portier suisse arrive du RB Salzbourg, et le montant du transfert tournerait autour des 8 millions d&rsquo;euros selon les derni\u00e8res informations divulgu\u00e9es par Nice-Matin. Arriv\u00e9 en [...]\" \/>\n<meta property=\"og:url\" content=\"https:\/\/www.ladiagonale.net\/index.php\/2023\/07\/15\/officiel-kohn-est-monegasque\/\" \/>\n<meta property=\"og:site_name\" content=\"La Diagonale\" \/>\n<meta property=\"article:published_time\" content=\"2023-07-15T07:50:54+00:00\" \/>\n<meta property=\"article:modified_time\" content=\"2023-07-15T10:35:50+00:00\" \/>\n<meta property=\"og:image\" content=\"https:\/\/www.ladiagonale.net\/wp-content\/uploads\/2023\/07\/kohn-1.png\" \/>\n\t<meta property=\"og:image:width\" content=\"1160\" \/>\n\t<meta property=\"og:image:height\" content=\"650\" \/>\n\t<meta property=\"og:image:type\" content=\"image\/png\" \/>\n<meta name=\"author\" content=\"Damien Dellerba\" \/>\n<meta name=\"twitter:card\" content=\"summary_large_image\" \/>\n<meta name=\"twitter:image\" content=\"https:\/\/www.ladiagonale.net\/wp-content\/uploads\/2023\/07\/kohn-1.png\" \/>\n<meta name=\"twitter:label1\" content=\"\u00c9crit par\" \/>\n\t<meta name=\"twitter:data1\" content=\"Damien Dellerba\" \/>\n\t<meta name=\"twitter:label2\" content=\"Dur\u00e9e de lecture estim\u00e9e\" \/>\n\t<meta name=\"twitter:data2\" content=\"2 minutes\" \/>\n<script type=\"application\/ld+json\" class=\"yoast-schema-graph\">{\"@context\":\"https:\/\/schema.org\",\"@graph\":[{\"@type\":\"WebPage\",\"@id\":\"https:\/\/www.ladiagonale.net\/index.php\/2023\/07\/15\/officiel-kohn-est-monegasque\/\",\"url\":\"https:\/\/www.ladiagonale.net\/index.php\/2023\/07\/15\/officiel-kohn-est-monegasque\/\",\"name\":\"Officiel : K\u00f6hn est mon\u00e9gasque - La Diagonale\",\"isPartOf\":{\"@id\":\"https:\/\/www.ladiagonale.net\/#website\"},\"datePublished\":\"2023-07-15T07:50:54+00:00\",\"dateModified\":\"2023-07-15T10:35:50+00:00\",\"author\":{\"@id\":\"https:\/\/www.ladiagonale.net\/#\/schema\/person\/79ff1e7b0853ed01b2aa26e64ad300bf\"},\"breadcrumb\":{\"@id\":\"https:\/\/www.ladiagonale.net\/index.php\/2023\/07\/15\/officiel-kohn-est-monegasque\/#breadcrumb\"},\"inLanguage\":\"fr-FR\",\"potentialAction\":[{\"@type\":\"ReadAction\",\"target\":[\"https:\/\/www.ladiagonale.net\/index.php\/2023\/07\/15\/officiel-kohn-est-monegasque\/\"]}]},{\"@type\":\"BreadcrumbList\",\"@id\":\"https:\/\/www.ladiagonale.net\/index.php\/2023\/07\/15\/officiel-kohn-est-monegasque\/#breadcrumb\",\"itemListElement\":[{\"@type\":\"ListItem\",\"position\":1,\"name\":\"Accueil\",\"item\":\"https:\/\/www.ladiagonale.net\/\"},{\"@type\":\"ListItem\",\"position\":2,\"name\":\"Officiel : K\u00f6hn est mon\u00e9gasque\"}]},{\"@type\":\"WebSite\",\"@id\":\"https:\/\/www.ladiagonale.net\/#website\",\"url\":\"https:\/\/www.ladiagonale.net\/\",\"name\":\"La Diagonale\",\"description\":\"Le site des supporters de l&#039;AS Monaco FC\",\"potentialAction\":[{\"@type\":\"SearchAction\",\"target\":{\"@type\":\"EntryPoint\",\"urlTemplate\":\"https:\/\/www.ladiagonale.net\/?s={search_term_string}\"},\"query-input\":\"required name=search_term_string\"}],\"inLanguage\":\"fr-FR\"},{\"@type\":\"Person\",\"@id\":\"https:\/\/www.ladiagonale.net\/#\/schema\/person\/79ff1e7b0853ed01b2aa26e64ad300bf\",\"name\":\"Damien Dellerba\",\"image\":{\"@type\":\"ImageObject\",\"inLanguage\":\"fr-FR\",\"@id\":\"https:\/\/www.ladiagonale.net\/#\/schema\/person\/image\/\",\"url\":\"https:\/\/secure.gravatar.com\/avatar\/c7850e06d3ff63cdbaee88b7fc16e2f0?s=96&d=mm&r=g\",\"contentUrl\":\"https:\/\/secure.gravatar.com\/avatar\/c7850e06d3ff63cdbaee88b7fc16e2f0?s=96&d=mm&r=g\",\"caption\":\"Damien Dellerba\"},\"url\":\"https:\/\/www.ladiagonale.net\/index.php\/author\/damien\/\"}]}<\/script>\n<!-- \/ Yoast SEO plugin. -->","yoast_head_json":{"title":"Officiel : K\u00f6hn est mon\u00e9gasque - La Diagonale","robots":{"index":"index","follow":"follow","max-snippet":"max-snippet:-1","max-image-preview":"max-image-preview:large","max-video-preview":"max-video-preview:-1"},"canonical":"https:\/\/www.ladiagonale.net\/index.php\/2023\/07\/15\/officiel-kohn-est-monegasque\/","og_locale":"fr_FR","og_type":"article","og_title":"Officiel : K\u00f6hn est mon\u00e9gasque - La Diagonale","og_description":"L&rsquo;AS Monaco tient son nouveau gardien titulaire dans les buts. Philippe K\u00f6hn s&rsquo;est engag\u00e9 avec le club de la Principaut\u00e9 pour les cinq prochaines saisons, jusqu&rsquo;en juin 2028. Le portier suisse arrive du RB Salzbourg, et le montant du transfert tournerait autour des 8 millions d&rsquo;euros selon les derni\u00e8res informations divulgu\u00e9es par Nice-Matin. Arriv\u00e9 en [...]","og_url":"https:\/\/www.ladiagonale.net\/index.php\/2023\/07\/15\/officiel-kohn-est-monegasque\/","og_site_name":"La Diagonale","article_published_time":"2023-07-15T07:50:54+00:00","article_modified_time":"2023-07-15T10:35:50+00:00","og_image":[{"width":1160,"height":650,"url":"https:\/\/www.ladiagonale.net\/wp-content\/uploads\/2023\/07\/kohn-1.png","type":"image\/png"}],"author":"Damien Dellerba","twitter_card":"summary_large_image","twitter_image":"https:\/\/www.ladiagonale.net\/wp-content\/uploads\/2023\/07\/kohn-1.png","twitter_misc":{"\u00c9crit par":"Damien Dellerba","Dur\u00e9e de lecture estim\u00e9e":"2 minutes"},"schema":{"@context":"https:\/\/schema.org","@graph":[{"@type":"WebPage","@id":"https:\/\/www.ladiagonale.net\/index.php\/2023\/07\/15\/officiel-kohn-est-monegasque\/","url":"https:\/\/www.ladiagonale.net\/index.php\/2023\/07\/15\/officiel-kohn-est-monegasque\/","name":"Officiel : K\u00f6hn est mon\u00e9gasque - La Diagonale","isPartOf":{"@id":"https:\/\/www.ladiagonale.net\/#website"},"datePublished":"2023-07-15T07:50:54+00:00","dateModified":"2023-07-15T10:35:50+00:00","author":{"@id":"https:\/\/www.ladiagonale.net\/#\/schema\/person\/79ff1e7b0853ed01b2aa26e64ad300bf"},"breadcrumb":{"@id":"https:\/\/www.ladiagonale.net\/index.php\/2023\/07\/15\/officiel-kohn-est-monegasque\/#breadcrumb"},"inLanguage":"fr-FR","potentialAction":[{"@type":"ReadAction","target":["https:\/\/www.ladiagonale.net\/index.php\/2023\/07\/15\/officiel-kohn-est-monegasque\/"]}]},{"@type":"BreadcrumbList","@id":"https:\/\/www.ladiagonale.net\/index.php\/2023\/07\/15\/officiel-kohn-est-monegasque\/#breadcrumb","itemListElement":[{"@type":"ListItem","position":1,"name":"Accueil","item":"https:\/\/www.ladiagonale.net\/"},{"@type":"ListItem","position":2,"name":"Officiel : K\u00f6hn est mon\u00e9gasque"}]},{"@type":"WebSite","@id":"https:\/\/www.ladiagonale.net\/#website","url":"https:\/\/www.ladiagonale.net\/","name":"La Diagonale","description":"Le site des supporters de l&#039;AS Monaco FC","potentialAction":[{"@type":"SearchAction","target":{"@type":"EntryPoint","urlTemplate":"https:\/\/www.ladiagonale.net\/?s={search_term_string}"},"query-input":"required name=search_term_string"}],"inLanguage":"fr-FR"},{"@type":"Person","@id":"https:\/\/www.ladiagonale.net\/#\/schema\/person\/79ff1e7b0853ed01b2aa26e64ad300bf","name":"Damien Dellerba","image":{"@type":"ImageObject","inLanguage":"fr-FR","@id":"https:\/\/www.ladiagonale.net\/#\/schema\/person\/image\/","url":"https:\/\/secure.gravatar.com\/avatar\/c7850e06d3ff63cdbaee88b7fc16e2f0?s=96&d=mm&r=g","contentUrl":"https:\/\/secure.gravatar.com\/avatar\/c7850e06d3ff63cdbaee88b7fc16e2f0?s=96&d=mm&r=g","caption":"Damien Dellerba"},"url":"https:\/\/www.ladiagonale.net\/index.php\/author\/damien\/"}]}},"_links":{"self":[{"href":"https:\/\/www.ladiagonale.net\/index.php\/wp-json\/wp\/v2\/posts\/13989"}],"collection":[{"href":"https:\/\/www.ladiagonale.net\/index.php\/wp-json\/wp\/v2\/posts"}],"about":[{"href":"https:\/\/www.ladiagonale.net\/index.php\/wp-json\/wp\/v2\/types\/post"}],"author":[{"embeddable":true,"href":"https:\/\/www.ladiagonale.net\/index.php\/wp-json\/wp\/v2\/users\/2"}],"replies":[{"embeddable":true,"href":"https:\/\/www.ladiagonale.net\/index.php\/wp-json\/wp\/v2\/comments?post=13989"}],"version-history":[{"count":4,"href":"https:\/\/www.ladiagonale.net\/index.php\/wp-json\/wp\/v2\/posts\/13989\/revisions"}],"predecessor-version":[{"id":14017,"href":"https:\/\/www.ladiagonale.net\/index.php\/wp-json\/wp\/v2\/posts\/13989\/revisions\/14017"}],"wp:featuredmedia":[{"embeddable":true,"href":"https:\/\/www.ladiagonale.net\/index.php\/wp-json\/wp\/v2\/media\/13990"}],"wp:attachment":[{"href":"https:\/\/www.ladiagonale.net\/index.php\/wp-json\/wp\/v2\/media?parent=13989"}],"wp:term":[{"taxonomy":"category","embeddable":true,"href":"https:\/\/www.ladiagonale.net\/index.php\/wp-json\/wp\/v2\/categories?post=13989"},{"taxonomy":"post_tag","embeddable":true,"href":"https:\/\/www.ladiagonale.net\/index.php\/wp-json\/wp\/v2\/tags?post=13989"}],"curies":[{"name":"wp","href":"https:\/\/api.w.org\/{rel}","templated":true}]}}