{"id":1404,"date":"2022-07-25T20:31:49","date_gmt":"2022-07-25T18:31:49","guid":{"rendered":"https:\/\/www.ladiagonale.net\/index.php\/2022\/07\/25\/officiel-un-an-de-plus-pour-aguilar\/"},"modified":"2022-09-07T16:30:05","modified_gmt":"2022-09-07T14:30:05","slug":"officiel-un-an-de-plus-pour-aguilar","status":"publish","type":"post","link":"https:\/\/www.ladiagonale.net\/index.php\/2022\/07\/25\/officiel-un-an-de-plus-pour-aguilar\/","title":{"rendered":"Officiel : un an de plus pour Aguilar"},"content":{"rendered":"\n\n\n<p class=\"has-black-color has-text-color\">Comme cela \u00e9tait attendu, Ruben Aguilar a prolong\u00e9 d&rsquo;une saison son contrat le liant \u00e0 l&rsquo;AS Monaco. La lat\u00e9ral droit de 29 ans repr\u00e9sentera d\u00e9sormais le club de la Principaut\u00e9 jusqu&rsquo;en juin 2025. Arriv\u00e9 en provenance de Montpellier \u00e0 l&rsquo;\u00e9t\u00e9 2019, le parcours d&rsquo;Aguilar sur le Rocher n&rsquo;a pas \u00e9t\u00e9 lin\u00e9aire. Il a n\u00e9anmoins f\u00eat\u00e9 sa centi\u00e8me apparition sous le maillot \u00e0 la diagonale la saison pass\u00e9e.<\/p>\n\n\n\n<p class=\"has-black-color has-text-color\">Aguilar a d\u00e9clar\u00e9 \u00eatre \u00ab <em>tr\u00e8s heureux de poursuivre l\u2019aventure au sein de l\u2019AS Monaco et de m\u2019inscrire un peu plus dans le temps avec le Club (\u2026). J\u2019entame ma quatri\u00e8me saison ici et j\u2019ai toujours la m\u00eame volont\u00e9 d\u2019apporter mes qualit\u00e9s et ma motivation au groupe.<\/em>\u00bb<\/p>\n","protected":false},"excerpt":{"rendered":"<p>Comme cela \u00e9tait attendu, Ruben Aguilar a prolong\u00e9 d&rsquo;une saison son contrat le liant \u00e0 l&rsquo;AS Monaco. La lat\u00e9ral droit de 29 ans repr\u00e9sentera d\u00e9sormais le club de la Principaut\u00e9 jusqu&rsquo;en juin 2025. Arriv\u00e9 en provenance de Montpellier \u00e0 l&rsquo;\u00e9t\u00e9 2019, le parcours d&rsquo;Aguilar sur le Rocher n&rsquo;a pas \u00e9t\u00e9 lin\u00e9aire. Il a n\u00e9anmoins f\u00eat\u00e9 [&#8230;]\n","protected":false},"author":2,"featured_media":0,"comment_status":"open","ping_status":"open","sticky":false,"template":"","format":"standard","meta":[],"categories":[4,6],"tags":[],"yoast_head":"<!-- This site is optimized with the Yoast SEO plugin v19.8 - https:\/\/yoast.com\/wordpress\/plugins\/seo\/ -->\n<title>Officiel : un an de plus pour Aguilar - La Diagonale<\/title>\n<meta name=\"robots\" content=\"index, follow, max-snippet:-1, max-image-preview:large, max-video-preview:-1\" \/>\n<link rel=\"canonical\" href=\"https:\/\/www.ladiagonale.net\/index.php\/2022\/07\/25\/officiel-un-an-de-plus-pour-aguilar\/\" \/>\n<meta property=\"og:locale\" content=\"fr_FR\" \/>\n<meta property=\"og:type\" content=\"article\" \/>\n<meta property=\"og:title\" content=\"Officiel : un an de plus pour Aguilar - La Diagonale\" \/>\n<meta property=\"og:description\" content=\"Comme cela \u00e9tait attendu, Ruben Aguilar a prolong\u00e9 d&rsquo;une saison son contrat le liant \u00e0 l&rsquo;AS Monaco. La lat\u00e9ral droit de 29 ans repr\u00e9sentera d\u00e9sormais le club de la Principaut\u00e9 jusqu&rsquo;en juin 2025. Arriv\u00e9 en provenance de Montpellier \u00e0 l&rsquo;\u00e9t\u00e9 2019, le parcours d&rsquo;Aguilar sur le Rocher n&rsquo;a pas \u00e9t\u00e9 lin\u00e9aire. Il a n\u00e9anmoins f\u00eat\u00e9 [...]\" \/>\n<meta property=\"og:url\" content=\"https:\/\/www.ladiagonale.net\/index.php\/2022\/07\/25\/officiel-un-an-de-plus-pour-aguilar\/\" \/>\n<meta property=\"og:site_name\" content=\"La Diagonale\" \/>\n<meta property=\"article:published_time\" content=\"2022-07-25T18:31:49+00:00\" \/>\n<meta property=\"article:modified_time\" content=\"2022-09-07T14:30:05+00:00\" \/>\n<meta name=\"author\" content=\"Damien Dellerba\" \/>\n<meta name=\"twitter:card\" content=\"summary_large_image\" \/>\n<meta name=\"twitter:label1\" content=\"\u00c9crit par\" \/>\n\t<meta name=\"twitter:data1\" content=\"Damien Dellerba\" \/>\n\t<meta name=\"twitter:label2\" content=\"Dur\u00e9e de lecture estim\u00e9e\" \/>\n\t<meta name=\"twitter:data2\" content=\"1 minute\" \/>\n<script type=\"application\/ld+json\" class=\"yoast-schema-graph\">{\"@context\":\"https:\/\/schema.org\",\"@graph\":[{\"@type\":\"WebPage\",\"@id\":\"https:\/\/www.ladiagonale.net\/index.php\/2022\/07\/25\/officiel-un-an-de-plus-pour-aguilar\/\",\"url\":\"https:\/\/www.ladiagonale.net\/index.php\/2022\/07\/25\/officiel-un-an-de-plus-pour-aguilar\/\",\"name\":\"Officiel : un an de plus pour Aguilar - La Diagonale\",\"isPartOf\":{\"@id\":\"https:\/\/www.ladiagonale.net\/#website\"},\"datePublished\":\"2022-07-25T18:31:49+00:00\",\"dateModified\":\"2022-09-07T14:30:05+00:00\",\"author\":{\"@id\":\"https:\/\/www.ladiagonale.net\/#\/schema\/person\/79ff1e7b0853ed01b2aa26e64ad300bf\"},\"breadcrumb\":{\"@id\":\"https:\/\/www.ladiagonale.net\/index.php\/2022\/07\/25\/officiel-un-an-de-plus-pour-aguilar\/#breadcrumb\"},\"inLanguage\":\"fr-FR\",\"potentialAction\":[{\"@type\":\"ReadAction\",\"target\":[\"https:\/\/www.ladiagonale.net\/index.php\/2022\/07\/25\/officiel-un-an-de-plus-pour-aguilar\/\"]}]},{\"@type\":\"BreadcrumbList\",\"@id\":\"https:\/\/www.ladiagonale.net\/index.php\/2022\/07\/25\/officiel-un-an-de-plus-pour-aguilar\/#breadcrumb\",\"itemListElement\":[{\"@type\":\"ListItem\",\"position\":1,\"name\":\"Accueil\",\"item\":\"https:\/\/www.ladiagonale.net\/\"},{\"@type\":\"ListItem\",\"position\":2,\"name\":\"Officiel : un an de plus pour Aguilar\"}]},{\"@type\":\"WebSite\",\"@id\":\"https:\/\/www.ladiagonale.net\/#website\",\"url\":\"https:\/\/www.ladiagonale.net\/\",\"name\":\"La Diagonale\",\"description\":\"Le site des supporters de l&#039;AS Monaco FC\",\"potentialAction\":[{\"@type\":\"SearchAction\",\"target\":{\"@type\":\"EntryPoint\",\"urlTemplate\":\"https:\/\/www.ladiagonale.net\/?s={search_term_string}\"},\"query-input\":\"required name=search_term_string\"}],\"inLanguage\":\"fr-FR\"},{\"@type\":\"Person\",\"@id\":\"https:\/\/www.ladiagonale.net\/#\/schema\/person\/79ff1e7b0853ed01b2aa26e64ad300bf\",\"name\":\"Damien Dellerba\",\"image\":{\"@type\":\"ImageObject\",\"inLanguage\":\"fr-FR\",\"@id\":\"https:\/\/www.ladiagonale.net\/#\/schema\/person\/image\/\",\"url\":\"https:\/\/secure.gravatar.com\/avatar\/c7850e06d3ff63cdbaee88b7fc16e2f0?s=96&d=mm&r=g\",\"contentUrl\":\"https:\/\/secure.gravatar.com\/avatar\/c7850e06d3ff63cdbaee88b7fc16e2f0?s=96&d=mm&r=g\",\"caption\":\"Damien Dellerba\"},\"url\":\"https:\/\/www.ladiagonale.net\/index.php\/author\/damien\/\"}]}<\/script>\n<!-- \/ Yoast SEO plugin. -->","yoast_head_json":{"title":"Officiel : un an de plus pour Aguilar - La Diagonale","robots":{"index":"index","follow":"follow","max-snippet":"max-snippet:-1","max-image-preview":"max-image-preview:large","max-video-preview":"max-video-preview:-1"},"canonical":"https:\/\/www.ladiagonale.net\/index.php\/2022\/07\/25\/officiel-un-an-de-plus-pour-aguilar\/","og_locale":"fr_FR","og_type":"article","og_title":"Officiel : un an de plus pour Aguilar - La Diagonale","og_description":"Comme cela \u00e9tait attendu, Ruben Aguilar a prolong\u00e9 d&rsquo;une saison son contrat le liant \u00e0 l&rsquo;AS Monaco. La lat\u00e9ral droit de 29 ans repr\u00e9sentera d\u00e9sormais le club de la Principaut\u00e9 jusqu&rsquo;en juin 2025. Arriv\u00e9 en provenance de Montpellier \u00e0 l&rsquo;\u00e9t\u00e9 2019, le parcours d&rsquo;Aguilar sur le Rocher n&rsquo;a pas \u00e9t\u00e9 lin\u00e9aire. Il a n\u00e9anmoins f\u00eat\u00e9 [...]","og_url":"https:\/\/www.ladiagonale.net\/index.php\/2022\/07\/25\/officiel-un-an-de-plus-pour-aguilar\/","og_site_name":"La Diagonale","article_published_time":"2022-07-25T18:31:49+00:00","article_modified_time":"2022-09-07T14:30:05+00:00","author":"Damien Dellerba","twitter_card":"summary_large_image","twitter_misc":{"\u00c9crit par":"Damien Dellerba","Dur\u00e9e de lecture estim\u00e9e":"1 minute"},"schema":{"@context":"https:\/\/schema.org","@graph":[{"@type":"WebPage","@id":"https:\/\/www.ladiagonale.net\/index.php\/2022\/07\/25\/officiel-un-an-de-plus-pour-aguilar\/","url":"https:\/\/www.ladiagonale.net\/index.php\/2022\/07\/25\/officiel-un-an-de-plus-pour-aguilar\/","name":"Officiel : un an de plus pour Aguilar - La Diagonale","isPartOf":{"@id":"https:\/\/www.ladiagonale.net\/#website"},"datePublished":"2022-07-25T18:31:49+00:00","dateModified":"2022-09-07T14:30:05+00:00","author":{"@id":"https:\/\/www.ladiagonale.net\/#\/schema\/person\/79ff1e7b0853ed01b2aa26e64ad300bf"},"breadcrumb":{"@id":"https:\/\/www.ladiagonale.net\/index.php\/2022\/07\/25\/officiel-un-an-de-plus-pour-aguilar\/#breadcrumb"},"inLanguage":"fr-FR","potentialAction":[{"@type":"ReadAction","target":["https:\/\/www.ladiagonale.net\/index.php\/2022\/07\/25\/officiel-un-an-de-plus-pour-aguilar\/"]}]},{"@type":"BreadcrumbList","@id":"https:\/\/www.ladiagonale.net\/index.php\/2022\/07\/25\/officiel-un-an-de-plus-pour-aguilar\/#breadcrumb","itemListElement":[{"@type":"ListItem","position":1,"name":"Accueil","item":"https:\/\/www.ladiagonale.net\/"},{"@type":"ListItem","position":2,"name":"Officiel : un an de plus pour Aguilar"}]},{"@type":"WebSite","@id":"https:\/\/www.ladiagonale.net\/#website","url":"https:\/\/www.ladiagonale.net\/","name":"La Diagonale","description":"Le site des supporters de l&#039;AS Monaco FC","potentialAction":[{"@type":"SearchAction","target":{"@type":"EntryPoint","urlTemplate":"https:\/\/www.ladiagonale.net\/?s={search_term_string}"},"query-input":"required name=search_term_string"}],"inLanguage":"fr-FR"},{"@type":"Person","@id":"https:\/\/www.ladiagonale.net\/#\/schema\/person\/79ff1e7b0853ed01b2aa26e64ad300bf","name":"Damien Dellerba","image":{"@type":"ImageObject","inLanguage":"fr-FR","@id":"https:\/\/www.ladiagonale.net\/#\/schema\/person\/image\/","url":"https:\/\/secure.gravatar.com\/avatar\/c7850e06d3ff63cdbaee88b7fc16e2f0?s=96&d=mm&r=g","contentUrl":"https:\/\/secure.gravatar.com\/avatar\/c7850e06d3ff63cdbaee88b7fc16e2f0?s=96&d=mm&r=g","caption":"Damien Dellerba"},"url":"https:\/\/www.ladiagonale.net\/index.php\/author\/damien\/"}]}},"_links":{"self":[{"href":"https:\/\/www.ladiagonale.net\/index.php\/wp-json\/wp\/v2\/posts\/1404"}],"collection":[{"href":"https:\/\/www.ladiagonale.net\/index.php\/wp-json\/wp\/v2\/posts"}],"about":[{"href":"https:\/\/www.ladiagonale.net\/index.php\/wp-json\/wp\/v2\/types\/post"}],"author":[{"embeddable":true,"href":"https:\/\/www.ladiagonale.net\/index.php\/wp-json\/wp\/v2\/users\/2"}],"replies":[{"embeddable":true,"href":"https:\/\/www.ladiagonale.net\/index.php\/wp-json\/wp\/v2\/comments?post=1404"}],"version-history":[{"count":6,"href":"https:\/\/www.ladiagonale.net\/index.php\/wp-json\/wp\/v2\/posts\/1404\/revisions"}],"predecessor-version":[{"id":2582,"href":"https:\/\/www.ladiagonale.net\/index.php\/wp-json\/wp\/v2\/posts\/1404\/revisions\/2582"}],"wp:attachment":[{"href":"https:\/\/www.ladiagonale.net\/index.php\/wp-json\/wp\/v2\/media?parent=1404"}],"wp:term":[{"taxonomy":"category","embeddable":true,"href":"https:\/\/www.ladiagonale.net\/index.php\/wp-json\/wp\/v2\/categories?post=1404"},{"taxonomy":"post_tag","embeddable":true,"href":"https:\/\/www.ladiagonale.net\/index.php\/wp-json\/wp\/v2\/tags?post=1404"}],"curies":[{"name":"wp","href":"https:\/\/api.w.org\/{rel}","templated":true}]}}