{"id":14141,"date":"2023-07-19T11:51:33","date_gmt":"2023-07-19T09:51:33","guid":{"rendered":"https:\/\/www.ladiagonale.net\/?p=14141"},"modified":"2023-07-19T12:05:06","modified_gmt":"2023-07-19T10:05:06","slug":"les-u19-ont-fait-leur-reprise","status":"publish","type":"post","link":"https:\/\/www.ladiagonale.net\/index.php\/2023\/07\/19\/les-u19-ont-fait-leur-reprise\/","title":{"rendered":"Les U19 ont fait leur reprise"},"content":{"rendered":"\n\n\n<p>Ce lundi a marqu\u00e9 la reprise de l&rsquo;entra\u00eenement pour les U19 de l&rsquo;AS Monaco, toujours sous les ordres de Fr\u00e9d\u00e9ric Barilaro. Les jeunes pousses as\u00e9mistes ont effectu\u00e9 leur premi\u00e8re s\u00e9ance sur le terrain de Saint-Jean-Cap-Ferrat, et y feront \u00e9galement toutes celles de la semaine. Ruddy Ebondo, qui <a href=\"https:\/\/www.ladiagonale.net\/index.php\/2023\/07\/05\/un-nouvel-adjoint-en-u17\/\">a rejoint l&rsquo;ASM pour \u00eatre adjoint de Manu Dos Santos avec les U17<\/a>, dont la reprise est fix\u00e9e au lundi 24 juillet, \u00e9tait \u00e9galement de l&rsquo;encadrement pour cette reprise des U19.<\/p>\n\n\n\n<p>Au niveau de la composition du groupe, de nombreux joueurs des U17 de la saison pr\u00e9c\u00e9dente sont mont\u00e9s d&rsquo;une cat\u00e9gorie d&rsquo;\u00e2ge, parmi lesquels plusieurs vainqueurs de la Coupe Gambardella la saison derni\u00e8re comme Pape Cabral, Ethan Schulz, Nacim Dendani, Joan Tincres ou encore Dan Sinate. Et selon le compte <em>Twitter<\/em> Prospect Belgium, le jeune milieu d\u00e9fensif belge Samuel Nibombe a fait ses d\u00e9buts au sein de l&rsquo;Academy mon\u00e9gasque qu&rsquo;il devrait rejoindre officiellement le mois prochain en provenance du centre de formation de Charleroi.<\/p>\n\n\n\n<blockquote class=\"twitter-tweet\"><p dir=\"ltr\" lang=\"fr\">Samuel Nibombe (2007 et U16\ud83c\udde7\ud83c\uddea) \u00e0 l\u2019entra\u00eenement avec sa nouvelle \u00e9quipe : l\u2019AS Monaco \ud83c\uddf2\ud83c\udde8 <br><br>Il y jouera avec les U19 nationaux \ud83c\uddeb\ud83c\uddf7 et devrait signer son contrat \u00e0 ses 16 ans le 15 ao\u00fbt prochain.<br><br>\ud83d\udc4f\ud83d\udc4f <a href=\"https:\/\/t.co\/lSdaes8FVl\">pic.twitter.com\/lSdaes8FVl<\/a><\/p>\u2014 Prospect Belgium \ud83c\udde7\ud83c\uddea (@ProspectBelgium) <a href=\"https:\/\/twitter.com\/ProspectBelgium\/status\/1681264696937070592?ref_src=twsrc%5Etfw\">July 18, 2023<\/a><\/blockquote> <script async=\"\" src=\"https:\/\/platform.twitter.com\/widgets.js\" charset=\"utf-8\"><\/script>\n\n\n\n<p>Si les jeunes pousses as\u00e9mistes ne connaissent pas encore leur calendrier pour le championnat national, ils connaissent d\u00e9j\u00e0 leurs adversaires dans leur poule D, et notamment les trois \u00e9quipes promues, \u00e0 savoir le Gaz\u00e9lec Ajaccio, le Marignane Gignac FC et Rodez. Mais avant de reprendre le championnat le week-end des 26-27 ao\u00fbt, les hommes de Fr\u00e9d\u00e9ric Barilaro auront plusieurs matches de pr\u00e9paration. Ils d\u00e9buteront par une opposition contre l&rsquo;\u00e9quipe de l&rsquo;AS Monaco qui \u00e9voluera en R\u00e9gional 2 cette saison, le 29 juillet. <\/p>\n\n\n\n<p>Les U19 participeront ensuite au tournoi Mladen Ramljak, qui se tiendra \u00e0 Zagreb, en Croatie, \u00e0 partir du 2 ao\u00fbt, o\u00f9 ils devraient affronter le Dinamo Zagreb, Manchester United et l&rsquo;Udinese. Puis les Rouge et Blanc se frotteront le 11 ao\u00fbt \u00e0 l&rsquo;\u00e9quipe d\u2019Istres, qui \u00e9volue en National 3, avant d&rsquo;affronter l&rsquo;\u00e9quipe de Villefranche Saint-Jean Beaulieu le 18 ao\u00fbt, une formation qui prend part au championnat de R\u00e9gional 1.<\/p>\n","protected":false},"excerpt":{"rendered":"<p>Ce lundi a marqu\u00e9 la reprise de l&rsquo;entra\u00eenement pour les U19 de l&rsquo;AS Monaco, toujours sous les ordres de Fr\u00e9d\u00e9ric Barilaro. Les jeunes pousses as\u00e9mistes ont effectu\u00e9 leur premi\u00e8re s\u00e9ance sur le terrain de Saint-Jean-Cap-Ferrat, et y feront \u00e9galement toutes celles de la semaine. Ruddy Ebondo, qui a rejoint l&rsquo;ASM pour \u00eatre adjoint de Manu [&#8230;]\n","protected":false},"author":2,"featured_media":0,"comment_status":"open","ping_status":"open","sticky":false,"template":"","format":"standard","meta":[],"categories":[6],"tags":[76,329,86,594,112],"yoast_head":"<!-- This site is optimized with the Yoast SEO plugin v19.8 - https:\/\/yoast.com\/wordpress\/plugins\/seo\/ -->\n<title>Les U19 ont fait leur reprise - La Diagonale<\/title>\n<meta name=\"robots\" content=\"index, follow, max-snippet:-1, max-image-preview:large, max-video-preview:-1\" \/>\n<link rel=\"canonical\" href=\"https:\/\/www.ladiagonale.net\/index.php\/2023\/07\/19\/les-u19-ont-fait-leur-reprise\/\" \/>\n<meta property=\"og:locale\" content=\"fr_FR\" \/>\n<meta property=\"og:type\" content=\"article\" \/>\n<meta property=\"og:title\" content=\"Les U19 ont fait leur reprise - La Diagonale\" \/>\n<meta property=\"og:description\" content=\"Ce lundi a marqu\u00e9 la reprise de l&rsquo;entra\u00eenement pour les U19 de l&rsquo;AS Monaco, toujours sous les ordres de Fr\u00e9d\u00e9ric Barilaro. Les jeunes pousses as\u00e9mistes ont effectu\u00e9 leur premi\u00e8re s\u00e9ance sur le terrain de Saint-Jean-Cap-Ferrat, et y feront \u00e9galement toutes celles de la semaine. Ruddy Ebondo, qui a rejoint l&rsquo;ASM pour \u00eatre adjoint de Manu [...]\" \/>\n<meta property=\"og:url\" content=\"https:\/\/www.ladiagonale.net\/index.php\/2023\/07\/19\/les-u19-ont-fait-leur-reprise\/\" \/>\n<meta property=\"og:site_name\" content=\"La Diagonale\" \/>\n<meta property=\"article:published_time\" content=\"2023-07-19T09:51:33+00:00\" \/>\n<meta property=\"article:modified_time\" content=\"2023-07-19T10:05:06+00:00\" \/>\n<meta property=\"og:image\" content=\"https:\/\/www.ladiagonale.net\/wp-content\/uploads\/2023\/07\/reprise-U19.png\" \/>\n\t<meta property=\"og:image:width\" content=\"1160\" \/>\n\t<meta property=\"og:image:height\" content=\"650\" \/>\n\t<meta property=\"og:image:type\" content=\"image\/png\" \/>\n<meta name=\"author\" content=\"Damien Dellerba\" \/>\n<meta name=\"twitter:card\" content=\"summary_large_image\" \/>\n<meta name=\"twitter:image\" content=\"https:\/\/www.ladiagonale.net\/wp-content\/uploads\/2023\/07\/reprise-U19.png\" \/>\n<meta name=\"twitter:label1\" content=\"\u00c9crit par\" \/>\n\t<meta name=\"twitter:data1\" content=\"Damien Dellerba\" \/>\n\t<meta name=\"twitter:label2\" content=\"Dur\u00e9e de lecture estim\u00e9e\" \/>\n\t<meta name=\"twitter:data2\" content=\"2 minutes\" \/>\n<script type=\"application\/ld+json\" class=\"yoast-schema-graph\">{\"@context\":\"https:\/\/schema.org\",\"@graph\":[{\"@type\":\"WebPage\",\"@id\":\"https:\/\/www.ladiagonale.net\/index.php\/2023\/07\/19\/les-u19-ont-fait-leur-reprise\/\",\"url\":\"https:\/\/www.ladiagonale.net\/index.php\/2023\/07\/19\/les-u19-ont-fait-leur-reprise\/\",\"name\":\"Les U19 ont fait leur reprise - La Diagonale\",\"isPartOf\":{\"@id\":\"https:\/\/www.ladiagonale.net\/#website\"},\"datePublished\":\"2023-07-19T09:51:33+00:00\",\"dateModified\":\"2023-07-19T10:05:06+00:00\",\"author\":{\"@id\":\"https:\/\/www.ladiagonale.net\/#\/schema\/person\/79ff1e7b0853ed01b2aa26e64ad300bf\"},\"breadcrumb\":{\"@id\":\"https:\/\/www.ladiagonale.net\/index.php\/2023\/07\/19\/les-u19-ont-fait-leur-reprise\/#breadcrumb\"},\"inLanguage\":\"fr-FR\",\"potentialAction\":[{\"@type\":\"ReadAction\",\"target\":[\"https:\/\/www.ladiagonale.net\/index.php\/2023\/07\/19\/les-u19-ont-fait-leur-reprise\/\"]}]},{\"@type\":\"BreadcrumbList\",\"@id\":\"https:\/\/www.ladiagonale.net\/index.php\/2023\/07\/19\/les-u19-ont-fait-leur-reprise\/#breadcrumb\",\"itemListElement\":[{\"@type\":\"ListItem\",\"position\":1,\"name\":\"Accueil\",\"item\":\"https:\/\/www.ladiagonale.net\/\"},{\"@type\":\"ListItem\",\"position\":2,\"name\":\"Les U19 ont fait leur reprise\"}]},{\"@type\":\"WebSite\",\"@id\":\"https:\/\/www.ladiagonale.net\/#website\",\"url\":\"https:\/\/www.ladiagonale.net\/\",\"name\":\"La Diagonale\",\"description\":\"Le site des supporters de l&#039;AS Monaco FC\",\"potentialAction\":[{\"@type\":\"SearchAction\",\"target\":{\"@type\":\"EntryPoint\",\"urlTemplate\":\"https:\/\/www.ladiagonale.net\/?s={search_term_string}\"},\"query-input\":\"required name=search_term_string\"}],\"inLanguage\":\"fr-FR\"},{\"@type\":\"Person\",\"@id\":\"https:\/\/www.ladiagonale.net\/#\/schema\/person\/79ff1e7b0853ed01b2aa26e64ad300bf\",\"name\":\"Damien Dellerba\",\"image\":{\"@type\":\"ImageObject\",\"inLanguage\":\"fr-FR\",\"@id\":\"https:\/\/www.ladiagonale.net\/#\/schema\/person\/image\/\",\"url\":\"https:\/\/secure.gravatar.com\/avatar\/c7850e06d3ff63cdbaee88b7fc16e2f0?s=96&d=mm&r=g\",\"contentUrl\":\"https:\/\/secure.gravatar.com\/avatar\/c7850e06d3ff63cdbaee88b7fc16e2f0?s=96&d=mm&r=g\",\"caption\":\"Damien Dellerba\"},\"url\":\"https:\/\/www.ladiagonale.net\/index.php\/author\/damien\/\"}]}<\/script>\n<!-- \/ Yoast SEO plugin. -->","yoast_head_json":{"title":"Les U19 ont fait leur reprise - La Diagonale","robots":{"index":"index","follow":"follow","max-snippet":"max-snippet:-1","max-image-preview":"max-image-preview:large","max-video-preview":"max-video-preview:-1"},"canonical":"https:\/\/www.ladiagonale.net\/index.php\/2023\/07\/19\/les-u19-ont-fait-leur-reprise\/","og_locale":"fr_FR","og_type":"article","og_title":"Les U19 ont fait leur reprise - La Diagonale","og_description":"Ce lundi a marqu\u00e9 la reprise de l&rsquo;entra\u00eenement pour les U19 de l&rsquo;AS Monaco, toujours sous les ordres de Fr\u00e9d\u00e9ric Barilaro. Les jeunes pousses as\u00e9mistes ont effectu\u00e9 leur premi\u00e8re s\u00e9ance sur le terrain de Saint-Jean-Cap-Ferrat, et y feront \u00e9galement toutes celles de la semaine. Ruddy Ebondo, qui a rejoint l&rsquo;ASM pour \u00eatre adjoint de Manu [...]","og_url":"https:\/\/www.ladiagonale.net\/index.php\/2023\/07\/19\/les-u19-ont-fait-leur-reprise\/","og_site_name":"La Diagonale","article_published_time":"2023-07-19T09:51:33+00:00","article_modified_time":"2023-07-19T10:05:06+00:00","og_image":[{"width":1160,"height":650,"url":"https:\/\/www.ladiagonale.net\/wp-content\/uploads\/2023\/07\/reprise-U19.png","type":"image\/png"}],"author":"Damien Dellerba","twitter_card":"summary_large_image","twitter_image":"https:\/\/www.ladiagonale.net\/wp-content\/uploads\/2023\/07\/reprise-U19.png","twitter_misc":{"\u00c9crit par":"Damien Dellerba","Dur\u00e9e de lecture estim\u00e9e":"2 minutes"},"schema":{"@context":"https:\/\/schema.org","@graph":[{"@type":"WebPage","@id":"https:\/\/www.ladiagonale.net\/index.php\/2023\/07\/19\/les-u19-ont-fait-leur-reprise\/","url":"https:\/\/www.ladiagonale.net\/index.php\/2023\/07\/19\/les-u19-ont-fait-leur-reprise\/","name":"Les U19 ont fait leur reprise - La Diagonale","isPartOf":{"@id":"https:\/\/www.ladiagonale.net\/#website"},"datePublished":"2023-07-19T09:51:33+00:00","dateModified":"2023-07-19T10:05:06+00:00","author":{"@id":"https:\/\/www.ladiagonale.net\/#\/schema\/person\/79ff1e7b0853ed01b2aa26e64ad300bf"},"breadcrumb":{"@id":"https:\/\/www.ladiagonale.net\/index.php\/2023\/07\/19\/les-u19-ont-fait-leur-reprise\/#breadcrumb"},"inLanguage":"fr-FR","potentialAction":[{"@type":"ReadAction","target":["https:\/\/www.ladiagonale.net\/index.php\/2023\/07\/19\/les-u19-ont-fait-leur-reprise\/"]}]},{"@type":"BreadcrumbList","@id":"https:\/\/www.ladiagonale.net\/index.php\/2023\/07\/19\/les-u19-ont-fait-leur-reprise\/#breadcrumb","itemListElement":[{"@type":"ListItem","position":1,"name":"Accueil","item":"https:\/\/www.ladiagonale.net\/"},{"@type":"ListItem","position":2,"name":"Les U19 ont fait leur reprise"}]},{"@type":"WebSite","@id":"https:\/\/www.ladiagonale.net\/#website","url":"https:\/\/www.ladiagonale.net\/","name":"La Diagonale","description":"Le site des supporters de l&#039;AS Monaco FC","potentialAction":[{"@type":"SearchAction","target":{"@type":"EntryPoint","urlTemplate":"https:\/\/www.ladiagonale.net\/?s={search_term_string}"},"query-input":"required name=search_term_string"}],"inLanguage":"fr-FR"},{"@type":"Person","@id":"https:\/\/www.ladiagonale.net\/#\/schema\/person\/79ff1e7b0853ed01b2aa26e64ad300bf","name":"Damien Dellerba","image":{"@type":"ImageObject","inLanguage":"fr-FR","@id":"https:\/\/www.ladiagonale.net\/#\/schema\/person\/image\/","url":"https:\/\/secure.gravatar.com\/avatar\/c7850e06d3ff63cdbaee88b7fc16e2f0?s=96&d=mm&r=g","contentUrl":"https:\/\/secure.gravatar.com\/avatar\/c7850e06d3ff63cdbaee88b7fc16e2f0?s=96&d=mm&r=g","caption":"Damien Dellerba"},"url":"https:\/\/www.ladiagonale.net\/index.php\/author\/damien\/"}]}},"_links":{"self":[{"href":"https:\/\/www.ladiagonale.net\/index.php\/wp-json\/wp\/v2\/posts\/14141"}],"collection":[{"href":"https:\/\/www.ladiagonale.net\/index.php\/wp-json\/wp\/v2\/posts"}],"about":[{"href":"https:\/\/www.ladiagonale.net\/index.php\/wp-json\/wp\/v2\/types\/post"}],"author":[{"embeddable":true,"href":"https:\/\/www.ladiagonale.net\/index.php\/wp-json\/wp\/v2\/users\/2"}],"replies":[{"embeddable":true,"href":"https:\/\/www.ladiagonale.net\/index.php\/wp-json\/wp\/v2\/comments?post=14141"}],"version-history":[{"count":4,"href":"https:\/\/www.ladiagonale.net\/index.php\/wp-json\/wp\/v2\/posts\/14141\/revisions"}],"predecessor-version":[{"id":14147,"href":"https:\/\/www.ladiagonale.net\/index.php\/wp-json\/wp\/v2\/posts\/14141\/revisions\/14147"}],"wp:attachment":[{"href":"https:\/\/www.ladiagonale.net\/index.php\/wp-json\/wp\/v2\/media?parent=14141"}],"wp:term":[{"taxonomy":"category","embeddable":true,"href":"https:\/\/www.ladiagonale.net\/index.php\/wp-json\/wp\/v2\/categories?post=14141"},{"taxonomy":"post_tag","embeddable":true,"href":"https:\/\/www.ladiagonale.net\/index.php\/wp-json\/wp\/v2\/tags?post=14141"}],"curies":[{"name":"wp","href":"https:\/\/api.w.org\/{rel}","templated":true}]}}