{"id":14237,"date":"2023-07-20T22:32:50","date_gmt":"2023-07-20T20:32:50","guid":{"rendered":"https:\/\/www.ladiagonale.net\/?p=14237"},"modified":"2023-07-20T22:32:54","modified_gmt":"2023-07-20T20:32:54","slug":"monaco-recale-a-deux-reprises-pour-salisu","status":"publish","type":"post","link":"https:\/\/www.ladiagonale.net\/index.php\/2023\/07\/20\/monaco-recale-a-deux-reprises-pour-salisu\/","title":{"rendered":"Monaco recal\u00e9 \u00e0 deux reprises pour Salisu ?"},"content":{"rendered":"\n\n\n<p>L&rsquo;AS Monaco semble s&rsquo;\u00eatre positionn\u00e9e de mani\u00e8re tr\u00e8s concr\u00e8te sur le dossier de Mohammed Salisu. Selon <em>Sky Sports<\/em>, Southampton aurait refus\u00e9 deux offres de transfert de la part du club mon\u00e9gasque pour le d\u00e9fenseur central de 24 ans. Les <em>Saints<\/em>, qui viennent d&rsquo;\u00eatre rel\u00e9gu\u00e9s en <em>Championship<\/em>, attendraient 20 millions de livres sterling, ce qui repr\u00e9sente un peu plus de 23 millions d&rsquo;euros.<\/p>\n\n\n\n<p>\u00c0 en croire le m\u00e9dia britannique, l&rsquo;ASM serait sur le point de formuler une troisi\u00e8me proposition pour Salisu. L&rsquo;international ghan\u00e9en (6 s\u00e9lections) est sous contrat avec Southampton jusqu&rsquo;en juin 2024. La saison derni\u00e8re, Salisu a disput\u00e9 28 rencontres avec son club et pris part \u00e0 la Coupe du monde au Qatar, o\u00f9 il a jou\u00e9 trois matches et inscrit un but.<\/p>\n","protected":false},"excerpt":{"rendered":"<p>L&rsquo;AS Monaco semble s&rsquo;\u00eatre positionn\u00e9e de mani\u00e8re tr\u00e8s concr\u00e8te sur le dossier de Mohammed Salisu. Selon Sky Sports, Southampton aurait refus\u00e9 deux offres de transfert de la part du club mon\u00e9gasque pour le d\u00e9fenseur central de 24 ans. Les Saints, qui viennent d&rsquo;\u00eatre rel\u00e9gu\u00e9s en Championship, attendraient 20 millions de livres sterling, ce qui repr\u00e9sente [&#8230;]\n","protected":false},"author":2,"featured_media":0,"comment_status":"open","ping_status":"open","sticky":false,"template":"","format":"standard","meta":[],"categories":[6],"tags":[86,111,618,110],"yoast_head":"<!-- This site is optimized with the Yoast SEO plugin v19.8 - https:\/\/yoast.com\/wordpress\/plugins\/seo\/ -->\n<title>Monaco recal\u00e9 \u00e0 deux reprises pour Salisu ? - La Diagonale<\/title>\n<meta name=\"robots\" content=\"index, follow, max-snippet:-1, max-image-preview:large, max-video-preview:-1\" \/>\n<link rel=\"canonical\" href=\"https:\/\/www.ladiagonale.net\/index.php\/2023\/07\/20\/monaco-recale-a-deux-reprises-pour-salisu\/\" \/>\n<meta property=\"og:locale\" content=\"fr_FR\" \/>\n<meta property=\"og:type\" content=\"article\" \/>\n<meta property=\"og:title\" content=\"Monaco recal\u00e9 \u00e0 deux reprises pour Salisu ? - La Diagonale\" \/>\n<meta property=\"og:description\" content=\"L&rsquo;AS Monaco semble s&rsquo;\u00eatre positionn\u00e9e de mani\u00e8re tr\u00e8s concr\u00e8te sur le dossier de Mohammed Salisu. Selon Sky Sports, Southampton aurait refus\u00e9 deux offres de transfert de la part du club mon\u00e9gasque pour le d\u00e9fenseur central de 24 ans. Les Saints, qui viennent d&rsquo;\u00eatre rel\u00e9gu\u00e9s en Championship, attendraient 20 millions de livres sterling, ce qui repr\u00e9sente [...]\" \/>\n<meta property=\"og:url\" content=\"https:\/\/www.ladiagonale.net\/index.php\/2023\/07\/20\/monaco-recale-a-deux-reprises-pour-salisu\/\" \/>\n<meta property=\"og:site_name\" content=\"La Diagonale\" \/>\n<meta property=\"article:published_time\" content=\"2023-07-20T20:32:50+00:00\" \/>\n<meta property=\"article:modified_time\" content=\"2023-07-20T20:32:54+00:00\" \/>\n<meta property=\"og:image\" content=\"https:\/\/www.ladiagonale.net\/wp-content\/uploads\/2023\/07\/Salisu.png\" \/>\n\t<meta property=\"og:image:width\" content=\"1160\" \/>\n\t<meta property=\"og:image:height\" content=\"650\" \/>\n\t<meta property=\"og:image:type\" content=\"image\/png\" \/>\n<meta name=\"author\" content=\"Damien Dellerba\" \/>\n<meta name=\"twitter:card\" content=\"summary_large_image\" \/>\n<meta name=\"twitter:image\" content=\"https:\/\/www.ladiagonale.net\/wp-content\/uploads\/2023\/07\/Salisu.png\" \/>\n<meta name=\"twitter:label1\" content=\"\u00c9crit par\" \/>\n\t<meta name=\"twitter:data1\" content=\"Damien Dellerba\" \/>\n\t<meta name=\"twitter:label2\" content=\"Dur\u00e9e de lecture estim\u00e9e\" \/>\n\t<meta name=\"twitter:data2\" content=\"1 minute\" \/>\n<script type=\"application\/ld+json\" class=\"yoast-schema-graph\">{\"@context\":\"https:\/\/schema.org\",\"@graph\":[{\"@type\":\"WebPage\",\"@id\":\"https:\/\/www.ladiagonale.net\/index.php\/2023\/07\/20\/monaco-recale-a-deux-reprises-pour-salisu\/\",\"url\":\"https:\/\/www.ladiagonale.net\/index.php\/2023\/07\/20\/monaco-recale-a-deux-reprises-pour-salisu\/\",\"name\":\"Monaco recal\u00e9 \u00e0 deux reprises pour Salisu ? - La Diagonale\",\"isPartOf\":{\"@id\":\"https:\/\/www.ladiagonale.net\/#website\"},\"datePublished\":\"2023-07-20T20:32:50+00:00\",\"dateModified\":\"2023-07-20T20:32:54+00:00\",\"author\":{\"@id\":\"https:\/\/www.ladiagonale.net\/#\/schema\/person\/79ff1e7b0853ed01b2aa26e64ad300bf\"},\"breadcrumb\":{\"@id\":\"https:\/\/www.ladiagonale.net\/index.php\/2023\/07\/20\/monaco-recale-a-deux-reprises-pour-salisu\/#breadcrumb\"},\"inLanguage\":\"fr-FR\",\"potentialAction\":[{\"@type\":\"ReadAction\",\"target\":[\"https:\/\/www.ladiagonale.net\/index.php\/2023\/07\/20\/monaco-recale-a-deux-reprises-pour-salisu\/\"]}]},{\"@type\":\"BreadcrumbList\",\"@id\":\"https:\/\/www.ladiagonale.net\/index.php\/2023\/07\/20\/monaco-recale-a-deux-reprises-pour-salisu\/#breadcrumb\",\"itemListElement\":[{\"@type\":\"ListItem\",\"position\":1,\"name\":\"Accueil\",\"item\":\"https:\/\/www.ladiagonale.net\/\"},{\"@type\":\"ListItem\",\"position\":2,\"name\":\"Monaco recal\u00e9 \u00e0 deux reprises pour Salisu ?\"}]},{\"@type\":\"WebSite\",\"@id\":\"https:\/\/www.ladiagonale.net\/#website\",\"url\":\"https:\/\/www.ladiagonale.net\/\",\"name\":\"La Diagonale\",\"description\":\"Le site des supporters de l&#039;AS Monaco FC\",\"potentialAction\":[{\"@type\":\"SearchAction\",\"target\":{\"@type\":\"EntryPoint\",\"urlTemplate\":\"https:\/\/www.ladiagonale.net\/?s={search_term_string}\"},\"query-input\":\"required name=search_term_string\"}],\"inLanguage\":\"fr-FR\"},{\"@type\":\"Person\",\"@id\":\"https:\/\/www.ladiagonale.net\/#\/schema\/person\/79ff1e7b0853ed01b2aa26e64ad300bf\",\"name\":\"Damien Dellerba\",\"image\":{\"@type\":\"ImageObject\",\"inLanguage\":\"fr-FR\",\"@id\":\"https:\/\/www.ladiagonale.net\/#\/schema\/person\/image\/\",\"url\":\"https:\/\/secure.gravatar.com\/avatar\/c7850e06d3ff63cdbaee88b7fc16e2f0?s=96&d=mm&r=g\",\"contentUrl\":\"https:\/\/secure.gravatar.com\/avatar\/c7850e06d3ff63cdbaee88b7fc16e2f0?s=96&d=mm&r=g\",\"caption\":\"Damien Dellerba\"},\"url\":\"https:\/\/www.ladiagonale.net\/index.php\/author\/damien\/\"}]}<\/script>\n<!-- \/ Yoast SEO plugin. -->","yoast_head_json":{"title":"Monaco recal\u00e9 \u00e0 deux reprises pour Salisu ? - La Diagonale","robots":{"index":"index","follow":"follow","max-snippet":"max-snippet:-1","max-image-preview":"max-image-preview:large","max-video-preview":"max-video-preview:-1"},"canonical":"https:\/\/www.ladiagonale.net\/index.php\/2023\/07\/20\/monaco-recale-a-deux-reprises-pour-salisu\/","og_locale":"fr_FR","og_type":"article","og_title":"Monaco recal\u00e9 \u00e0 deux reprises pour Salisu ? - La Diagonale","og_description":"L&rsquo;AS Monaco semble s&rsquo;\u00eatre positionn\u00e9e de mani\u00e8re tr\u00e8s concr\u00e8te sur le dossier de Mohammed Salisu. Selon Sky Sports, Southampton aurait refus\u00e9 deux offres de transfert de la part du club mon\u00e9gasque pour le d\u00e9fenseur central de 24 ans. Les Saints, qui viennent d&rsquo;\u00eatre rel\u00e9gu\u00e9s en Championship, attendraient 20 millions de livres sterling, ce qui repr\u00e9sente [...]","og_url":"https:\/\/www.ladiagonale.net\/index.php\/2023\/07\/20\/monaco-recale-a-deux-reprises-pour-salisu\/","og_site_name":"La Diagonale","article_published_time":"2023-07-20T20:32:50+00:00","article_modified_time":"2023-07-20T20:32:54+00:00","og_image":[{"width":1160,"height":650,"url":"https:\/\/www.ladiagonale.net\/wp-content\/uploads\/2023\/07\/Salisu.png","type":"image\/png"}],"author":"Damien Dellerba","twitter_card":"summary_large_image","twitter_image":"https:\/\/www.ladiagonale.net\/wp-content\/uploads\/2023\/07\/Salisu.png","twitter_misc":{"\u00c9crit par":"Damien Dellerba","Dur\u00e9e de lecture estim\u00e9e":"1 minute"},"schema":{"@context":"https:\/\/schema.org","@graph":[{"@type":"WebPage","@id":"https:\/\/www.ladiagonale.net\/index.php\/2023\/07\/20\/monaco-recale-a-deux-reprises-pour-salisu\/","url":"https:\/\/www.ladiagonale.net\/index.php\/2023\/07\/20\/monaco-recale-a-deux-reprises-pour-salisu\/","name":"Monaco recal\u00e9 \u00e0 deux reprises pour Salisu ? - La Diagonale","isPartOf":{"@id":"https:\/\/www.ladiagonale.net\/#website"},"datePublished":"2023-07-20T20:32:50+00:00","dateModified":"2023-07-20T20:32:54+00:00","author":{"@id":"https:\/\/www.ladiagonale.net\/#\/schema\/person\/79ff1e7b0853ed01b2aa26e64ad300bf"},"breadcrumb":{"@id":"https:\/\/www.ladiagonale.net\/index.php\/2023\/07\/20\/monaco-recale-a-deux-reprises-pour-salisu\/#breadcrumb"},"inLanguage":"fr-FR","potentialAction":[{"@type":"ReadAction","target":["https:\/\/www.ladiagonale.net\/index.php\/2023\/07\/20\/monaco-recale-a-deux-reprises-pour-salisu\/"]}]},{"@type":"BreadcrumbList","@id":"https:\/\/www.ladiagonale.net\/index.php\/2023\/07\/20\/monaco-recale-a-deux-reprises-pour-salisu\/#breadcrumb","itemListElement":[{"@type":"ListItem","position":1,"name":"Accueil","item":"https:\/\/www.ladiagonale.net\/"},{"@type":"ListItem","position":2,"name":"Monaco recal\u00e9 \u00e0 deux reprises pour Salisu ?"}]},{"@type":"WebSite","@id":"https:\/\/www.ladiagonale.net\/#website","url":"https:\/\/www.ladiagonale.net\/","name":"La Diagonale","description":"Le site des supporters de l&#039;AS Monaco FC","potentialAction":[{"@type":"SearchAction","target":{"@type":"EntryPoint","urlTemplate":"https:\/\/www.ladiagonale.net\/?s={search_term_string}"},"query-input":"required name=search_term_string"}],"inLanguage":"fr-FR"},{"@type":"Person","@id":"https:\/\/www.ladiagonale.net\/#\/schema\/person\/79ff1e7b0853ed01b2aa26e64ad300bf","name":"Damien Dellerba","image":{"@type":"ImageObject","inLanguage":"fr-FR","@id":"https:\/\/www.ladiagonale.net\/#\/schema\/person\/image\/","url":"https:\/\/secure.gravatar.com\/avatar\/c7850e06d3ff63cdbaee88b7fc16e2f0?s=96&d=mm&r=g","contentUrl":"https:\/\/secure.gravatar.com\/avatar\/c7850e06d3ff63cdbaee88b7fc16e2f0?s=96&d=mm&r=g","caption":"Damien Dellerba"},"url":"https:\/\/www.ladiagonale.net\/index.php\/author\/damien\/"}]}},"_links":{"self":[{"href":"https:\/\/www.ladiagonale.net\/index.php\/wp-json\/wp\/v2\/posts\/14237"}],"collection":[{"href":"https:\/\/www.ladiagonale.net\/index.php\/wp-json\/wp\/v2\/posts"}],"about":[{"href":"https:\/\/www.ladiagonale.net\/index.php\/wp-json\/wp\/v2\/types\/post"}],"author":[{"embeddable":true,"href":"https:\/\/www.ladiagonale.net\/index.php\/wp-json\/wp\/v2\/users\/2"}],"replies":[{"embeddable":true,"href":"https:\/\/www.ladiagonale.net\/index.php\/wp-json\/wp\/v2\/comments?post=14237"}],"version-history":[{"count":1,"href":"https:\/\/www.ladiagonale.net\/index.php\/wp-json\/wp\/v2\/posts\/14237\/revisions"}],"predecessor-version":[{"id":14238,"href":"https:\/\/www.ladiagonale.net\/index.php\/wp-json\/wp\/v2\/posts\/14237\/revisions\/14238"}],"wp:attachment":[{"href":"https:\/\/www.ladiagonale.net\/index.php\/wp-json\/wp\/v2\/media?parent=14237"}],"wp:term":[{"taxonomy":"category","embeddable":true,"href":"https:\/\/www.ladiagonale.net\/index.php\/wp-json\/wp\/v2\/categories?post=14237"},{"taxonomy":"post_tag","embeddable":true,"href":"https:\/\/www.ladiagonale.net\/index.php\/wp-json\/wp\/v2\/tags?post=14237"}],"curies":[{"name":"wp","href":"https:\/\/api.w.org\/{rel}","templated":true}]}}