{"id":14264,"date":"2023-07-21T16:42:06","date_gmt":"2023-07-21T14:42:06","guid":{"rendered":"https:\/\/www.ladiagonale.net\/?p=14264"},"modified":"2023-07-21T16:47:11","modified_gmt":"2023-07-21T14:47:11","slug":"des-pourparlers-avec-nottingham-forest-pour-jakobs","status":"publish","type":"post","link":"https:\/\/www.ladiagonale.net\/index.php\/2023\/07\/21\/des-pourparlers-avec-nottingham-forest-pour-jakobs\/","title":{"rendered":"Des pourparlers avec Nottingham Forest pour Jakobs ?"},"content":{"rendered":"\n<p>Ismail Jakobs serait courtis\u00e9 par plusieurs formations de <em>Bundesliga<\/em>, <a href=\"https:\/\/www.ladiagonale.net\/index.php\/2023\/06\/18\/jakobs-convoite-par-le-herta-berlin\/\">comme l\u2019Union Berlin<\/a>, mais <em>The Times<\/em> r\u00e9v\u00e8le que Notthingam Forest serait \u00e9galement sur les rangs pour le lat\u00e9ral gauche de 23 ans de l\u2019AS Monaco. D\u2019apr\u00e8s le quotidien britannique, le pensionnaire de <em>Premier League<\/em> souhaiterait se renforcer d\u00e9fensivement et des discussions aurait \u00e9t\u00e9 entam\u00e9es avec l\u2019ASM pour Jakobs.<\/p>\n\n\n\n<p>L\u2019international s\u00e9n\u00e9galais est sous contrat avec l\u2019AS Monaco jusqu\u2019en juin 2026 mais <a href=\"https:\/\/www.ladiagonale.net\/index.php\/2022\/10\/19\/jakobs-mecontent-de-son-temps-de-jeu\/\">n\u2019a jamais cach\u00e9 qu\u2019il souhaitait jouer davantage<\/a>. Rempla\u00e7ant la saison derni\u00e8re, il a \u00e9t\u00e9 utilis\u00e9 \u00e0 41 reprises par Philippe Clement, mais surtout en sortie de banc puisqu\u2019il n\u2019a \u00e9t\u00e9 titularis\u00e9 qu\u2019\u00e0 12 reprises et a cumul\u00e9 un temps de jeu peu cons\u00e9quent de 1420 minutes. En fin de saison, Jakobs avait \u00e9t\u00e9 <a href=\"https:\/\/www.ladiagonale.net\/index.php\/2023\/06\/01\/jakobs-ecarte-golovin-incertain\/\">sanctionn\u00e9 et \u00e9cart\u00e9 pour ses frasques nocturnes<\/a>.<\/p>\n","protected":false},"excerpt":{"rendered":"<p>Ismail Jakobs serait courtis\u00e9 par plusieurs formations de Bundesliga, comme l\u2019Union Berlin, mais The Times r\u00e9v\u00e8le que Notthingam Forest serait \u00e9galement sur les rangs pour le lat\u00e9ral gauche de 23 ans de l\u2019AS Monaco. D\u2019apr\u00e8s le quotidien britannique, le pensionnaire de Premier League souhaiterait se renforcer d\u00e9fensivement et des discussions aurait \u00e9t\u00e9 entam\u00e9es avec l\u2019ASM [&#8230;]\n","protected":false},"author":2,"featured_media":0,"comment_status":"open","ping_status":"open","sticky":false,"template":"","format":"standard","meta":[],"categories":[6],"tags":[86,162,111,626,110],"yoast_head":"<!-- This site is optimized with the Yoast SEO plugin v19.8 - https:\/\/yoast.com\/wordpress\/plugins\/seo\/ -->\n<title>Des pourparlers avec Nottingham Forest pour Jakobs ? - La Diagonale<\/title>\n<meta name=\"robots\" content=\"index, follow, max-snippet:-1, max-image-preview:large, max-video-preview:-1\" \/>\n<link rel=\"canonical\" href=\"https:\/\/www.ladiagonale.net\/index.php\/2023\/07\/21\/des-pourparlers-avec-nottingham-forest-pour-jakobs\/\" \/>\n<meta property=\"og:locale\" content=\"fr_FR\" \/>\n<meta property=\"og:type\" content=\"article\" \/>\n<meta property=\"og:title\" content=\"Des pourparlers avec Nottingham Forest pour Jakobs ? - La Diagonale\" \/>\n<meta property=\"og:description\" content=\"Ismail Jakobs serait courtis\u00e9 par plusieurs formations de Bundesliga, comme l\u2019Union Berlin, mais The Times r\u00e9v\u00e8le que Notthingam Forest serait \u00e9galement sur les rangs pour le lat\u00e9ral gauche de 23 ans de l\u2019AS Monaco. D\u2019apr\u00e8s le quotidien britannique, le pensionnaire de Premier League souhaiterait se renforcer d\u00e9fensivement et des discussions aurait \u00e9t\u00e9 entam\u00e9es avec l\u2019ASM [...]\" \/>\n<meta property=\"og:url\" content=\"https:\/\/www.ladiagonale.net\/index.php\/2023\/07\/21\/des-pourparlers-avec-nottingham-forest-pour-jakobs\/\" \/>\n<meta property=\"og:site_name\" content=\"La Diagonale\" \/>\n<meta property=\"article:published_time\" content=\"2023-07-21T14:42:06+00:00\" \/>\n<meta property=\"article:modified_time\" content=\"2023-07-21T14:47:11+00:00\" \/>\n<meta property=\"og:image\" content=\"https:\/\/www.ladiagonale.net\/wp-content\/uploads\/2023\/05\/jakobs.png\" \/>\n\t<meta property=\"og:image:width\" content=\"1160\" \/>\n\t<meta property=\"og:image:height\" content=\"650\" \/>\n\t<meta property=\"og:image:type\" content=\"image\/png\" \/>\n<meta name=\"author\" content=\"Damien Dellerba\" \/>\n<meta name=\"twitter:card\" content=\"summary_large_image\" \/>\n<meta name=\"twitter:image\" content=\"https:\/\/www.ladiagonale.net\/wp-content\/uploads\/2023\/05\/jakobs.png\" \/>\n<meta name=\"twitter:label1\" content=\"\u00c9crit par\" \/>\n\t<meta name=\"twitter:data1\" content=\"Damien Dellerba\" \/>\n\t<meta name=\"twitter:label2\" content=\"Dur\u00e9e de lecture estim\u00e9e\" \/>\n\t<meta name=\"twitter:data2\" content=\"1 minute\" \/>\n<script type=\"application\/ld+json\" class=\"yoast-schema-graph\">{\"@context\":\"https:\/\/schema.org\",\"@graph\":[{\"@type\":\"WebPage\",\"@id\":\"https:\/\/www.ladiagonale.net\/index.php\/2023\/07\/21\/des-pourparlers-avec-nottingham-forest-pour-jakobs\/\",\"url\":\"https:\/\/www.ladiagonale.net\/index.php\/2023\/07\/21\/des-pourparlers-avec-nottingham-forest-pour-jakobs\/\",\"name\":\"Des pourparlers avec Nottingham Forest pour Jakobs ? - La Diagonale\",\"isPartOf\":{\"@id\":\"https:\/\/www.ladiagonale.net\/#website\"},\"datePublished\":\"2023-07-21T14:42:06+00:00\",\"dateModified\":\"2023-07-21T14:47:11+00:00\",\"author\":{\"@id\":\"https:\/\/www.ladiagonale.net\/#\/schema\/person\/79ff1e7b0853ed01b2aa26e64ad300bf\"},\"breadcrumb\":{\"@id\":\"https:\/\/www.ladiagonale.net\/index.php\/2023\/07\/21\/des-pourparlers-avec-nottingham-forest-pour-jakobs\/#breadcrumb\"},\"inLanguage\":\"fr-FR\",\"potentialAction\":[{\"@type\":\"ReadAction\",\"target\":[\"https:\/\/www.ladiagonale.net\/index.php\/2023\/07\/21\/des-pourparlers-avec-nottingham-forest-pour-jakobs\/\"]}]},{\"@type\":\"BreadcrumbList\",\"@id\":\"https:\/\/www.ladiagonale.net\/index.php\/2023\/07\/21\/des-pourparlers-avec-nottingham-forest-pour-jakobs\/#breadcrumb\",\"itemListElement\":[{\"@type\":\"ListItem\",\"position\":1,\"name\":\"Accueil\",\"item\":\"https:\/\/www.ladiagonale.net\/\"},{\"@type\":\"ListItem\",\"position\":2,\"name\":\"Des pourparlers avec Nottingham Forest pour Jakobs ?\"}]},{\"@type\":\"WebSite\",\"@id\":\"https:\/\/www.ladiagonale.net\/#website\",\"url\":\"https:\/\/www.ladiagonale.net\/\",\"name\":\"La Diagonale\",\"description\":\"Le site des supporters de l&#039;AS Monaco FC\",\"potentialAction\":[{\"@type\":\"SearchAction\",\"target\":{\"@type\":\"EntryPoint\",\"urlTemplate\":\"https:\/\/www.ladiagonale.net\/?s={search_term_string}\"},\"query-input\":\"required name=search_term_string\"}],\"inLanguage\":\"fr-FR\"},{\"@type\":\"Person\",\"@id\":\"https:\/\/www.ladiagonale.net\/#\/schema\/person\/79ff1e7b0853ed01b2aa26e64ad300bf\",\"name\":\"Damien Dellerba\",\"image\":{\"@type\":\"ImageObject\",\"inLanguage\":\"fr-FR\",\"@id\":\"https:\/\/www.ladiagonale.net\/#\/schema\/person\/image\/\",\"url\":\"https:\/\/secure.gravatar.com\/avatar\/c7850e06d3ff63cdbaee88b7fc16e2f0?s=96&d=mm&r=g\",\"contentUrl\":\"https:\/\/secure.gravatar.com\/avatar\/c7850e06d3ff63cdbaee88b7fc16e2f0?s=96&d=mm&r=g\",\"caption\":\"Damien Dellerba\"},\"url\":\"https:\/\/www.ladiagonale.net\/index.php\/author\/damien\/\"}]}<\/script>\n<!-- \/ Yoast SEO plugin. -->","yoast_head_json":{"title":"Des pourparlers avec Nottingham Forest pour Jakobs ? - La Diagonale","robots":{"index":"index","follow":"follow","max-snippet":"max-snippet:-1","max-image-preview":"max-image-preview:large","max-video-preview":"max-video-preview:-1"},"canonical":"https:\/\/www.ladiagonale.net\/index.php\/2023\/07\/21\/des-pourparlers-avec-nottingham-forest-pour-jakobs\/","og_locale":"fr_FR","og_type":"article","og_title":"Des pourparlers avec Nottingham Forest pour Jakobs ? - La Diagonale","og_description":"Ismail Jakobs serait courtis\u00e9 par plusieurs formations de Bundesliga, comme l\u2019Union Berlin, mais The Times r\u00e9v\u00e8le que Notthingam Forest serait \u00e9galement sur les rangs pour le lat\u00e9ral gauche de 23 ans de l\u2019AS Monaco. D\u2019apr\u00e8s le quotidien britannique, le pensionnaire de Premier League souhaiterait se renforcer d\u00e9fensivement et des discussions aurait \u00e9t\u00e9 entam\u00e9es avec l\u2019ASM [...]","og_url":"https:\/\/www.ladiagonale.net\/index.php\/2023\/07\/21\/des-pourparlers-avec-nottingham-forest-pour-jakobs\/","og_site_name":"La Diagonale","article_published_time":"2023-07-21T14:42:06+00:00","article_modified_time":"2023-07-21T14:47:11+00:00","og_image":[{"width":1160,"height":650,"url":"https:\/\/www.ladiagonale.net\/wp-content\/uploads\/2023\/05\/jakobs.png","type":"image\/png"}],"author":"Damien Dellerba","twitter_card":"summary_large_image","twitter_image":"https:\/\/www.ladiagonale.net\/wp-content\/uploads\/2023\/05\/jakobs.png","twitter_misc":{"\u00c9crit par":"Damien Dellerba","Dur\u00e9e de lecture estim\u00e9e":"1 minute"},"schema":{"@context":"https:\/\/schema.org","@graph":[{"@type":"WebPage","@id":"https:\/\/www.ladiagonale.net\/index.php\/2023\/07\/21\/des-pourparlers-avec-nottingham-forest-pour-jakobs\/","url":"https:\/\/www.ladiagonale.net\/index.php\/2023\/07\/21\/des-pourparlers-avec-nottingham-forest-pour-jakobs\/","name":"Des pourparlers avec Nottingham Forest pour Jakobs ? - La Diagonale","isPartOf":{"@id":"https:\/\/www.ladiagonale.net\/#website"},"datePublished":"2023-07-21T14:42:06+00:00","dateModified":"2023-07-21T14:47:11+00:00","author":{"@id":"https:\/\/www.ladiagonale.net\/#\/schema\/person\/79ff1e7b0853ed01b2aa26e64ad300bf"},"breadcrumb":{"@id":"https:\/\/www.ladiagonale.net\/index.php\/2023\/07\/21\/des-pourparlers-avec-nottingham-forest-pour-jakobs\/#breadcrumb"},"inLanguage":"fr-FR","potentialAction":[{"@type":"ReadAction","target":["https:\/\/www.ladiagonale.net\/index.php\/2023\/07\/21\/des-pourparlers-avec-nottingham-forest-pour-jakobs\/"]}]},{"@type":"BreadcrumbList","@id":"https:\/\/www.ladiagonale.net\/index.php\/2023\/07\/21\/des-pourparlers-avec-nottingham-forest-pour-jakobs\/#breadcrumb","itemListElement":[{"@type":"ListItem","position":1,"name":"Accueil","item":"https:\/\/www.ladiagonale.net\/"},{"@type":"ListItem","position":2,"name":"Des pourparlers avec Nottingham Forest pour Jakobs ?"}]},{"@type":"WebSite","@id":"https:\/\/www.ladiagonale.net\/#website","url":"https:\/\/www.ladiagonale.net\/","name":"La Diagonale","description":"Le site des supporters de l&#039;AS Monaco FC","potentialAction":[{"@type":"SearchAction","target":{"@type":"EntryPoint","urlTemplate":"https:\/\/www.ladiagonale.net\/?s={search_term_string}"},"query-input":"required name=search_term_string"}],"inLanguage":"fr-FR"},{"@type":"Person","@id":"https:\/\/www.ladiagonale.net\/#\/schema\/person\/79ff1e7b0853ed01b2aa26e64ad300bf","name":"Damien Dellerba","image":{"@type":"ImageObject","inLanguage":"fr-FR","@id":"https:\/\/www.ladiagonale.net\/#\/schema\/person\/image\/","url":"https:\/\/secure.gravatar.com\/avatar\/c7850e06d3ff63cdbaee88b7fc16e2f0?s=96&d=mm&r=g","contentUrl":"https:\/\/secure.gravatar.com\/avatar\/c7850e06d3ff63cdbaee88b7fc16e2f0?s=96&d=mm&r=g","caption":"Damien Dellerba"},"url":"https:\/\/www.ladiagonale.net\/index.php\/author\/damien\/"}]}},"_links":{"self":[{"href":"https:\/\/www.ladiagonale.net\/index.php\/wp-json\/wp\/v2\/posts\/14264"}],"collection":[{"href":"https:\/\/www.ladiagonale.net\/index.php\/wp-json\/wp\/v2\/posts"}],"about":[{"href":"https:\/\/www.ladiagonale.net\/index.php\/wp-json\/wp\/v2\/types\/post"}],"author":[{"embeddable":true,"href":"https:\/\/www.ladiagonale.net\/index.php\/wp-json\/wp\/v2\/users\/2"}],"replies":[{"embeddable":true,"href":"https:\/\/www.ladiagonale.net\/index.php\/wp-json\/wp\/v2\/comments?post=14264"}],"version-history":[{"count":4,"href":"https:\/\/www.ladiagonale.net\/index.php\/wp-json\/wp\/v2\/posts\/14264\/revisions"}],"predecessor-version":[{"id":14268,"href":"https:\/\/www.ladiagonale.net\/index.php\/wp-json\/wp\/v2\/posts\/14264\/revisions\/14268"}],"wp:attachment":[{"href":"https:\/\/www.ladiagonale.net\/index.php\/wp-json\/wp\/v2\/media?parent=14264"}],"wp:term":[{"taxonomy":"category","embeddable":true,"href":"https:\/\/www.ladiagonale.net\/index.php\/wp-json\/wp\/v2\/categories?post=14264"},{"taxonomy":"post_tag","embeddable":true,"href":"https:\/\/www.ladiagonale.net\/index.php\/wp-json\/wp\/v2\/tags?post=14264"}],"curies":[{"name":"wp","href":"https:\/\/api.w.org\/{rel}","templated":true}]}}