{"id":14269,"date":"2023-07-21T23:41:37","date_gmt":"2023-07-21T21:41:37","guid":{"rendered":"https:\/\/www.ladiagonale.net\/?p=14269"},"modified":"2023-08-10T14:23:05","modified_gmt":"2023-08-10T12:23:05","slug":"monaco-voudrait-washington-pour-2024","status":"publish","type":"post","link":"https:\/\/www.ladiagonale.net\/index.php\/2023\/07\/21\/monaco-voudrait-washington-pour-2024\/","title":{"rendered":"Monaco voudrait Washington pour 2024"},"content":{"rendered":"\n<p>Il y a quelques jours, <em>Goal<\/em> avait r\u00e9v\u00e9l\u00e9 que <a href=\"https:\/\/www.ladiagonale.net\/index.php\/2023\/07\/17\/une-premiere-offre-a-10-millions-pour-washington\/\">l\u2019AS Monaco aurait transmis une offre autour de 10 millions d\u2019euros<\/a> pour l\u2019attaquant de Santos Deivid Washington, mais que le club br\u00e9silien attendait plut\u00f4t 15 millions d\u2019euros pour lib\u00e9rer le joueur de 18 ans, sous contrat jusqu\u2019en avril 2026. De son c\u00f4t\u00e9, <em>UOL<\/em> se montre beaucoup plus prudent et indique que l\u2019ASM serait plut\u00f4t encline \u00e0 prendre Washington en 2024, moyennant une indemnit\u00e9 comprise entre 15 et 20 millions d\u2019euros.<\/p>\n\n\n\n<p>Le m\u00e9dia br\u00e9silien confirme toutefois que le r\u00e9cent transfert de Jean Lucas \u00e0 Santos aurait eu pour nature de favoriser les int\u00e9r\u00eats de Monaco concernant un \u00e9ventuel recrutement de Washington. Si une proposition pour le jeune attaquant parvenait \u00e0 Santos, l&rsquo;ASM devrait en \u00eatre inform\u00e9e par le club br\u00e9silien. Pour l&rsquo;heure, aucune offre \u00e9trang\u00e8re n&rsquo;aurait \u00e9t\u00e9 transmise, malgr\u00e9 des int\u00e9r\u00eats \u00e9voqu\u00e9s du Real Madrid, de l&rsquo;Atl\u00e9tico Madrid et de Dortmund. <\/p>\n\n\n","protected":false},"excerpt":{"rendered":"<p>Il y a quelques jours, Goal avait r\u00e9v\u00e9l\u00e9 que l\u2019AS Monaco aurait transmis une offre autour de 10 millions d\u2019euros pour l\u2019attaquant de Santos Deivid Washington, mais que le club br\u00e9silien attendait plut\u00f4t 15 millions d\u2019euros pour lib\u00e9rer le joueur de 18 ans, sous contrat jusqu\u2019en avril 2026. De son c\u00f4t\u00e9, UOL se montre beaucoup [&#8230;]\n","protected":false},"author":2,"featured_media":0,"comment_status":"open","ping_status":"open","sticky":false,"template":"","format":"standard","meta":[],"categories":[6],"tags":[86,654,111,608,110],"yoast_head":"<!-- This site is optimized with the Yoast SEO plugin v19.8 - https:\/\/yoast.com\/wordpress\/plugins\/seo\/ -->\n<title>Monaco voudrait Washington pour 2024 - La Diagonale<\/title>\n<meta name=\"robots\" content=\"index, follow, max-snippet:-1, max-image-preview:large, max-video-preview:-1\" \/>\n<link rel=\"canonical\" href=\"https:\/\/www.ladiagonale.net\/index.php\/2023\/07\/21\/monaco-voudrait-washington-pour-2024\/\" \/>\n<meta property=\"og:locale\" content=\"fr_FR\" \/>\n<meta property=\"og:type\" content=\"article\" \/>\n<meta property=\"og:title\" content=\"Monaco voudrait Washington pour 2024 - La Diagonale\" \/>\n<meta property=\"og:description\" content=\"Il y a quelques jours, Goal avait r\u00e9v\u00e9l\u00e9 que l\u2019AS Monaco aurait transmis une offre autour de 10 millions d\u2019euros pour l\u2019attaquant de Santos Deivid Washington, mais que le club br\u00e9silien attendait plut\u00f4t 15 millions d\u2019euros pour lib\u00e9rer le joueur de 18 ans, sous contrat jusqu\u2019en avril 2026. De son c\u00f4t\u00e9, UOL se montre beaucoup [...]\" \/>\n<meta property=\"og:url\" content=\"https:\/\/www.ladiagonale.net\/index.php\/2023\/07\/21\/monaco-voudrait-washington-pour-2024\/\" \/>\n<meta property=\"og:site_name\" content=\"La Diagonale\" \/>\n<meta property=\"article:published_time\" content=\"2023-07-21T21:41:37+00:00\" \/>\n<meta property=\"article:modified_time\" content=\"2023-08-10T12:23:05+00:00\" \/>\n<meta property=\"og:image\" content=\"https:\/\/www.ladiagonale.net\/wp-content\/uploads\/2023\/07\/washington.png\" \/>\n\t<meta property=\"og:image:width\" content=\"1160\" \/>\n\t<meta property=\"og:image:height\" content=\"650\" \/>\n\t<meta property=\"og:image:type\" content=\"image\/png\" \/>\n<meta name=\"author\" content=\"Damien Dellerba\" \/>\n<meta name=\"twitter:card\" content=\"summary_large_image\" \/>\n<meta name=\"twitter:image\" content=\"https:\/\/www.ladiagonale.net\/wp-content\/uploads\/2023\/07\/washington.png\" \/>\n<meta name=\"twitter:label1\" content=\"\u00c9crit par\" \/>\n\t<meta name=\"twitter:data1\" content=\"Damien Dellerba\" \/>\n\t<meta name=\"twitter:label2\" content=\"Dur\u00e9e de lecture estim\u00e9e\" \/>\n\t<meta name=\"twitter:data2\" content=\"1 minute\" \/>\n<script type=\"application\/ld+json\" class=\"yoast-schema-graph\">{\"@context\":\"https:\/\/schema.org\",\"@graph\":[{\"@type\":\"WebPage\",\"@id\":\"https:\/\/www.ladiagonale.net\/index.php\/2023\/07\/21\/monaco-voudrait-washington-pour-2024\/\",\"url\":\"https:\/\/www.ladiagonale.net\/index.php\/2023\/07\/21\/monaco-voudrait-washington-pour-2024\/\",\"name\":\"Monaco voudrait Washington pour 2024 - La Diagonale\",\"isPartOf\":{\"@id\":\"https:\/\/www.ladiagonale.net\/#website\"},\"datePublished\":\"2023-07-21T21:41:37+00:00\",\"dateModified\":\"2023-08-10T12:23:05+00:00\",\"author\":{\"@id\":\"https:\/\/www.ladiagonale.net\/#\/schema\/person\/79ff1e7b0853ed01b2aa26e64ad300bf\"},\"breadcrumb\":{\"@id\":\"https:\/\/www.ladiagonale.net\/index.php\/2023\/07\/21\/monaco-voudrait-washington-pour-2024\/#breadcrumb\"},\"inLanguage\":\"fr-FR\",\"potentialAction\":[{\"@type\":\"ReadAction\",\"target\":[\"https:\/\/www.ladiagonale.net\/index.php\/2023\/07\/21\/monaco-voudrait-washington-pour-2024\/\"]}]},{\"@type\":\"BreadcrumbList\",\"@id\":\"https:\/\/www.ladiagonale.net\/index.php\/2023\/07\/21\/monaco-voudrait-washington-pour-2024\/#breadcrumb\",\"itemListElement\":[{\"@type\":\"ListItem\",\"position\":1,\"name\":\"Accueil\",\"item\":\"https:\/\/www.ladiagonale.net\/\"},{\"@type\":\"ListItem\",\"position\":2,\"name\":\"Monaco voudrait Washington pour 2024\"}]},{\"@type\":\"WebSite\",\"@id\":\"https:\/\/www.ladiagonale.net\/#website\",\"url\":\"https:\/\/www.ladiagonale.net\/\",\"name\":\"La Diagonale\",\"description\":\"Le site des supporters de l&#039;AS Monaco FC\",\"potentialAction\":[{\"@type\":\"SearchAction\",\"target\":{\"@type\":\"EntryPoint\",\"urlTemplate\":\"https:\/\/www.ladiagonale.net\/?s={search_term_string}\"},\"query-input\":\"required name=search_term_string\"}],\"inLanguage\":\"fr-FR\"},{\"@type\":\"Person\",\"@id\":\"https:\/\/www.ladiagonale.net\/#\/schema\/person\/79ff1e7b0853ed01b2aa26e64ad300bf\",\"name\":\"Damien Dellerba\",\"image\":{\"@type\":\"ImageObject\",\"inLanguage\":\"fr-FR\",\"@id\":\"https:\/\/www.ladiagonale.net\/#\/schema\/person\/image\/\",\"url\":\"https:\/\/secure.gravatar.com\/avatar\/c7850e06d3ff63cdbaee88b7fc16e2f0?s=96&d=mm&r=g\",\"contentUrl\":\"https:\/\/secure.gravatar.com\/avatar\/c7850e06d3ff63cdbaee88b7fc16e2f0?s=96&d=mm&r=g\",\"caption\":\"Damien Dellerba\"},\"url\":\"https:\/\/www.ladiagonale.net\/index.php\/author\/damien\/\"}]}<\/script>\n<!-- \/ Yoast SEO plugin. -->","yoast_head_json":{"title":"Monaco voudrait Washington pour 2024 - La Diagonale","robots":{"index":"index","follow":"follow","max-snippet":"max-snippet:-1","max-image-preview":"max-image-preview:large","max-video-preview":"max-video-preview:-1"},"canonical":"https:\/\/www.ladiagonale.net\/index.php\/2023\/07\/21\/monaco-voudrait-washington-pour-2024\/","og_locale":"fr_FR","og_type":"article","og_title":"Monaco voudrait Washington pour 2024 - La Diagonale","og_description":"Il y a quelques jours, Goal avait r\u00e9v\u00e9l\u00e9 que l\u2019AS Monaco aurait transmis une offre autour de 10 millions d\u2019euros pour l\u2019attaquant de Santos Deivid Washington, mais que le club br\u00e9silien attendait plut\u00f4t 15 millions d\u2019euros pour lib\u00e9rer le joueur de 18 ans, sous contrat jusqu\u2019en avril 2026. De son c\u00f4t\u00e9, UOL se montre beaucoup [...]","og_url":"https:\/\/www.ladiagonale.net\/index.php\/2023\/07\/21\/monaco-voudrait-washington-pour-2024\/","og_site_name":"La Diagonale","article_published_time":"2023-07-21T21:41:37+00:00","article_modified_time":"2023-08-10T12:23:05+00:00","og_image":[{"width":1160,"height":650,"url":"https:\/\/www.ladiagonale.net\/wp-content\/uploads\/2023\/07\/washington.png","type":"image\/png"}],"author":"Damien Dellerba","twitter_card":"summary_large_image","twitter_image":"https:\/\/www.ladiagonale.net\/wp-content\/uploads\/2023\/07\/washington.png","twitter_misc":{"\u00c9crit par":"Damien Dellerba","Dur\u00e9e de lecture estim\u00e9e":"1 minute"},"schema":{"@context":"https:\/\/schema.org","@graph":[{"@type":"WebPage","@id":"https:\/\/www.ladiagonale.net\/index.php\/2023\/07\/21\/monaco-voudrait-washington-pour-2024\/","url":"https:\/\/www.ladiagonale.net\/index.php\/2023\/07\/21\/monaco-voudrait-washington-pour-2024\/","name":"Monaco voudrait Washington pour 2024 - La Diagonale","isPartOf":{"@id":"https:\/\/www.ladiagonale.net\/#website"},"datePublished":"2023-07-21T21:41:37+00:00","dateModified":"2023-08-10T12:23:05+00:00","author":{"@id":"https:\/\/www.ladiagonale.net\/#\/schema\/person\/79ff1e7b0853ed01b2aa26e64ad300bf"},"breadcrumb":{"@id":"https:\/\/www.ladiagonale.net\/index.php\/2023\/07\/21\/monaco-voudrait-washington-pour-2024\/#breadcrumb"},"inLanguage":"fr-FR","potentialAction":[{"@type":"ReadAction","target":["https:\/\/www.ladiagonale.net\/index.php\/2023\/07\/21\/monaco-voudrait-washington-pour-2024\/"]}]},{"@type":"BreadcrumbList","@id":"https:\/\/www.ladiagonale.net\/index.php\/2023\/07\/21\/monaco-voudrait-washington-pour-2024\/#breadcrumb","itemListElement":[{"@type":"ListItem","position":1,"name":"Accueil","item":"https:\/\/www.ladiagonale.net\/"},{"@type":"ListItem","position":2,"name":"Monaco voudrait Washington pour 2024"}]},{"@type":"WebSite","@id":"https:\/\/www.ladiagonale.net\/#website","url":"https:\/\/www.ladiagonale.net\/","name":"La Diagonale","description":"Le site des supporters de l&#039;AS Monaco FC","potentialAction":[{"@type":"SearchAction","target":{"@type":"EntryPoint","urlTemplate":"https:\/\/www.ladiagonale.net\/?s={search_term_string}"},"query-input":"required name=search_term_string"}],"inLanguage":"fr-FR"},{"@type":"Person","@id":"https:\/\/www.ladiagonale.net\/#\/schema\/person\/79ff1e7b0853ed01b2aa26e64ad300bf","name":"Damien Dellerba","image":{"@type":"ImageObject","inLanguage":"fr-FR","@id":"https:\/\/www.ladiagonale.net\/#\/schema\/person\/image\/","url":"https:\/\/secure.gravatar.com\/avatar\/c7850e06d3ff63cdbaee88b7fc16e2f0?s=96&d=mm&r=g","contentUrl":"https:\/\/secure.gravatar.com\/avatar\/c7850e06d3ff63cdbaee88b7fc16e2f0?s=96&d=mm&r=g","caption":"Damien Dellerba"},"url":"https:\/\/www.ladiagonale.net\/index.php\/author\/damien\/"}]}},"_links":{"self":[{"href":"https:\/\/www.ladiagonale.net\/index.php\/wp-json\/wp\/v2\/posts\/14269"}],"collection":[{"href":"https:\/\/www.ladiagonale.net\/index.php\/wp-json\/wp\/v2\/posts"}],"about":[{"href":"https:\/\/www.ladiagonale.net\/index.php\/wp-json\/wp\/v2\/types\/post"}],"author":[{"embeddable":true,"href":"https:\/\/www.ladiagonale.net\/index.php\/wp-json\/wp\/v2\/users\/2"}],"replies":[{"embeddable":true,"href":"https:\/\/www.ladiagonale.net\/index.php\/wp-json\/wp\/v2\/comments?post=14269"}],"version-history":[{"count":3,"href":"https:\/\/www.ladiagonale.net\/index.php\/wp-json\/wp\/v2\/posts\/14269\/revisions"}],"predecessor-version":[{"id":14273,"href":"https:\/\/www.ladiagonale.net\/index.php\/wp-json\/wp\/v2\/posts\/14269\/revisions\/14273"}],"wp:attachment":[{"href":"https:\/\/www.ladiagonale.net\/index.php\/wp-json\/wp\/v2\/media?parent=14269"}],"wp:term":[{"taxonomy":"category","embeddable":true,"href":"https:\/\/www.ladiagonale.net\/index.php\/wp-json\/wp\/v2\/categories?post=14269"},{"taxonomy":"post_tag","embeddable":true,"href":"https:\/\/www.ladiagonale.net\/index.php\/wp-json\/wp\/v2\/tags?post=14269"}],"curies":[{"name":"wp","href":"https:\/\/api.w.org\/{rel}","templated":true}]}}