{"id":14285,"date":"2023-07-22T13:32:21","date_gmt":"2023-07-22T11:32:21","guid":{"rendered":"https:\/\/www.ladiagonale.net\/?p=14285"},"modified":"2023-07-22T13:32:24","modified_gmt":"2023-07-22T11:32:24","slug":"les-calendriers-des-u19-et-des-u17-sont-connus","status":"publish","type":"post","link":"https:\/\/www.ladiagonale.net\/index.php\/2023\/07\/22\/les-calendriers-des-u19-et-des-u17-sont-connus\/","title":{"rendered":"Les calendriers des U19 et des U17 sont connus"},"content":{"rendered":"\n\n\n<p>La F\u00e9d\u00e9ration fran\u00e7aise de football a d\u00e9voil\u00e9 les calendriers des championnats nationaux U19 et U17 dans lesquels est engag\u00e9e l&rsquo;AS Monaco. Pour les U19 de Fr\u00e9d\u00e9ric Barilaro, le d\u00e9but de saison se fera \u00e0 domicile le 27 ao\u00fbt, contre le SC Bastia, et le championnat s&rsquo;ach\u00e8vera face \u00e0 cette m\u00eame \u00e9quipe le week-end des 11 et 12 mai. La phase aller se terminera par un d\u00e9placement \u00e0 Montpellier le 25 ou 26 novembre, mais les 14<sup>e<\/sup> et 15<sup>e<\/sup> journ\u00e9es, qui marquent le d\u00e9but de la phase retour, seront jou\u00e9es avant la tr\u00eave hivernale, qui d\u00e9butera apr\u00e8s le 17 d\u00e9cembre. La reprise est programm\u00e9e pour les 20 et 21 janvier 2024.<\/p>\n\n\n\n<p>Parmi les adversit\u00e9s attendues dans cette poule D, Monaco affrontera l&rsquo;Olympique de Marseille \u00e0 domicile le 23 ou le 24 septembre alors que le retour se d\u00e9roulera \u00e0 Marseille le 27 ou le 28 janvier. Pour ce qui est du derby face \u00e0 l&rsquo;OGC Nice, les jeunes Rouge et Blanc effectueront ce court d\u00e9placement le week-end des 21 et 22 octobre, avant de recevoir les <em>Aiglons<\/em> le 16 ou le 17 mars 2024. <\/p>\n\n\n\n<p>Du c\u00f4t\u00e9 des U17, qui retrouveront le chemin de l&rsquo;entra\u00eenement ce lundi, la reprise du championnat se fera au m\u00eame moment que pour les U19, \u00e0 savoir le week-end des 26 et 27 ao\u00fbt. Les joueurs de Manu Dos Santos d\u00e9buteront par un court d\u00e9placement, puisqu&rsquo;ils se rendront \u00e0 Nice pour y affronter le Cavigal, surprenant quatri\u00e8me du dernier exercice. Ils les recevront pour la derni\u00e8re journ\u00e9e de championnat, pr\u00e9vue aux m\u00eames dates que celle des U19 (11-12 mai). Le d\u00e9coupage du calendrier est d&rsquo;ailleurs identique \u00e0 celui de leurs a\u00een\u00e9s, avec deux rencontres de la phase retour jou\u00e9es avant la tr\u00eave.<\/p>\n\n\n\n<p>La phase aller se conclura justement avec la 13<sup>e<\/sup> journ\u00e9e, par la r\u00e9ception de l&rsquo;ASPTT Marseille le week-end des 25 et 26 novembre. Pour l&rsquo;ASM, il y aura \u00e9galement un derby \u00e0 jouer contre l&rsquo;OGC Nice dans ce championnat. La formation ni\u00e7oise avait domin\u00e9 la poule D la saison pass\u00e9e, finissant devant les Mon\u00e9gasques au classement. La premi\u00e8re manche entre les deux \u00e9quipes se jouera \u00e0 Nice le 14 ou le 15 octobre, tandis que la manche retour se tiendra le week-end des 9 et 10 mars.<\/p>\n","protected":false},"excerpt":{"rendered":"<p>La F\u00e9d\u00e9ration fran\u00e7aise de football a d\u00e9voil\u00e9 les calendriers des championnats nationaux U19 et U17 dans lesquels est engag\u00e9e l&rsquo;AS Monaco. Pour les U19 de Fr\u00e9d\u00e9ric Barilaro, le d\u00e9but de saison se fera \u00e0 domicile le 27 ao\u00fbt, contre le SC Bastia, et le championnat s&rsquo;ach\u00e8vera face \u00e0 cette m\u00eame \u00e9quipe le week-end des 11 [&#8230;]\n","protected":false},"author":2,"featured_media":0,"comment_status":"open","ping_status":"open","sticky":false,"template":"","format":"standard","meta":[],"categories":[4,6],"tags":[76,86,585,130,112],"yoast_head":"<!-- This site is optimized with the Yoast SEO plugin v19.8 - https:\/\/yoast.com\/wordpress\/plugins\/seo\/ -->\n<title>Les calendriers des U19 et des U17 sont connus - La Diagonale<\/title>\n<meta name=\"robots\" content=\"index, follow, max-snippet:-1, max-image-preview:large, max-video-preview:-1\" \/>\n<link rel=\"canonical\" href=\"https:\/\/www.ladiagonale.net\/index.php\/2023\/07\/22\/les-calendriers-des-u19-et-des-u17-sont-connus\/\" \/>\n<meta property=\"og:locale\" content=\"fr_FR\" \/>\n<meta property=\"og:type\" content=\"article\" \/>\n<meta property=\"og:title\" content=\"Les calendriers des U19 et des U17 sont connus - La Diagonale\" \/>\n<meta property=\"og:description\" content=\"La F\u00e9d\u00e9ration fran\u00e7aise de football a d\u00e9voil\u00e9 les calendriers des championnats nationaux U19 et U17 dans lesquels est engag\u00e9e l&rsquo;AS Monaco. Pour les U19 de Fr\u00e9d\u00e9ric Barilaro, le d\u00e9but de saison se fera \u00e0 domicile le 27 ao\u00fbt, contre le SC Bastia, et le championnat s&rsquo;ach\u00e8vera face \u00e0 cette m\u00eame \u00e9quipe le week-end des 11 [...]\" \/>\n<meta property=\"og:url\" content=\"https:\/\/www.ladiagonale.net\/index.php\/2023\/07\/22\/les-calendriers-des-u19-et-des-u17-sont-connus\/\" \/>\n<meta property=\"og:site_name\" content=\"La Diagonale\" \/>\n<meta property=\"article:published_time\" content=\"2023-07-22T11:32:21+00:00\" \/>\n<meta property=\"article:modified_time\" content=\"2023-07-22T11:32:24+00:00\" \/>\n<meta property=\"og:image\" content=\"https:\/\/www.ladiagonale.net\/wp-content\/uploads\/2023\/07\/reprise-U19.png\" \/>\n\t<meta property=\"og:image:width\" content=\"1160\" \/>\n\t<meta property=\"og:image:height\" content=\"650\" \/>\n\t<meta property=\"og:image:type\" content=\"image\/png\" \/>\n<meta name=\"author\" content=\"Damien Dellerba\" \/>\n<meta name=\"twitter:card\" content=\"summary_large_image\" \/>\n<meta name=\"twitter:image\" content=\"https:\/\/www.ladiagonale.net\/wp-content\/uploads\/2023\/07\/reprise-U19.png\" \/>\n<meta name=\"twitter:label1\" content=\"\u00c9crit par\" \/>\n\t<meta name=\"twitter:data1\" content=\"Damien Dellerba\" \/>\n\t<meta name=\"twitter:label2\" content=\"Dur\u00e9e de lecture estim\u00e9e\" \/>\n\t<meta name=\"twitter:data2\" content=\"2 minutes\" \/>\n<script type=\"application\/ld+json\" class=\"yoast-schema-graph\">{\"@context\":\"https:\/\/schema.org\",\"@graph\":[{\"@type\":\"WebPage\",\"@id\":\"https:\/\/www.ladiagonale.net\/index.php\/2023\/07\/22\/les-calendriers-des-u19-et-des-u17-sont-connus\/\",\"url\":\"https:\/\/www.ladiagonale.net\/index.php\/2023\/07\/22\/les-calendriers-des-u19-et-des-u17-sont-connus\/\",\"name\":\"Les calendriers des U19 et des U17 sont connus - La Diagonale\",\"isPartOf\":{\"@id\":\"https:\/\/www.ladiagonale.net\/#website\"},\"datePublished\":\"2023-07-22T11:32:21+00:00\",\"dateModified\":\"2023-07-22T11:32:24+00:00\",\"author\":{\"@id\":\"https:\/\/www.ladiagonale.net\/#\/schema\/person\/79ff1e7b0853ed01b2aa26e64ad300bf\"},\"breadcrumb\":{\"@id\":\"https:\/\/www.ladiagonale.net\/index.php\/2023\/07\/22\/les-calendriers-des-u19-et-des-u17-sont-connus\/#breadcrumb\"},\"inLanguage\":\"fr-FR\",\"potentialAction\":[{\"@type\":\"ReadAction\",\"target\":[\"https:\/\/www.ladiagonale.net\/index.php\/2023\/07\/22\/les-calendriers-des-u19-et-des-u17-sont-connus\/\"]}]},{\"@type\":\"BreadcrumbList\",\"@id\":\"https:\/\/www.ladiagonale.net\/index.php\/2023\/07\/22\/les-calendriers-des-u19-et-des-u17-sont-connus\/#breadcrumb\",\"itemListElement\":[{\"@type\":\"ListItem\",\"position\":1,\"name\":\"Accueil\",\"item\":\"https:\/\/www.ladiagonale.net\/\"},{\"@type\":\"ListItem\",\"position\":2,\"name\":\"Les calendriers des U19 et des U17 sont connus\"}]},{\"@type\":\"WebSite\",\"@id\":\"https:\/\/www.ladiagonale.net\/#website\",\"url\":\"https:\/\/www.ladiagonale.net\/\",\"name\":\"La Diagonale\",\"description\":\"Le site des supporters de l&#039;AS Monaco FC\",\"potentialAction\":[{\"@type\":\"SearchAction\",\"target\":{\"@type\":\"EntryPoint\",\"urlTemplate\":\"https:\/\/www.ladiagonale.net\/?s={search_term_string}\"},\"query-input\":\"required name=search_term_string\"}],\"inLanguage\":\"fr-FR\"},{\"@type\":\"Person\",\"@id\":\"https:\/\/www.ladiagonale.net\/#\/schema\/person\/79ff1e7b0853ed01b2aa26e64ad300bf\",\"name\":\"Damien Dellerba\",\"image\":{\"@type\":\"ImageObject\",\"inLanguage\":\"fr-FR\",\"@id\":\"https:\/\/www.ladiagonale.net\/#\/schema\/person\/image\/\",\"url\":\"https:\/\/secure.gravatar.com\/avatar\/c7850e06d3ff63cdbaee88b7fc16e2f0?s=96&d=mm&r=g\",\"contentUrl\":\"https:\/\/secure.gravatar.com\/avatar\/c7850e06d3ff63cdbaee88b7fc16e2f0?s=96&d=mm&r=g\",\"caption\":\"Damien Dellerba\"},\"url\":\"https:\/\/www.ladiagonale.net\/index.php\/author\/damien\/\"}]}<\/script>\n<!-- \/ Yoast SEO plugin. -->","yoast_head_json":{"title":"Les calendriers des U19 et des U17 sont connus - La Diagonale","robots":{"index":"index","follow":"follow","max-snippet":"max-snippet:-1","max-image-preview":"max-image-preview:large","max-video-preview":"max-video-preview:-1"},"canonical":"https:\/\/www.ladiagonale.net\/index.php\/2023\/07\/22\/les-calendriers-des-u19-et-des-u17-sont-connus\/","og_locale":"fr_FR","og_type":"article","og_title":"Les calendriers des U19 et des U17 sont connus - La Diagonale","og_description":"La F\u00e9d\u00e9ration fran\u00e7aise de football a d\u00e9voil\u00e9 les calendriers des championnats nationaux U19 et U17 dans lesquels est engag\u00e9e l&rsquo;AS Monaco. Pour les U19 de Fr\u00e9d\u00e9ric Barilaro, le d\u00e9but de saison se fera \u00e0 domicile le 27 ao\u00fbt, contre le SC Bastia, et le championnat s&rsquo;ach\u00e8vera face \u00e0 cette m\u00eame \u00e9quipe le week-end des 11 [...]","og_url":"https:\/\/www.ladiagonale.net\/index.php\/2023\/07\/22\/les-calendriers-des-u19-et-des-u17-sont-connus\/","og_site_name":"La Diagonale","article_published_time":"2023-07-22T11:32:21+00:00","article_modified_time":"2023-07-22T11:32:24+00:00","og_image":[{"width":1160,"height":650,"url":"https:\/\/www.ladiagonale.net\/wp-content\/uploads\/2023\/07\/reprise-U19.png","type":"image\/png"}],"author":"Damien Dellerba","twitter_card":"summary_large_image","twitter_image":"https:\/\/www.ladiagonale.net\/wp-content\/uploads\/2023\/07\/reprise-U19.png","twitter_misc":{"\u00c9crit par":"Damien Dellerba","Dur\u00e9e de lecture estim\u00e9e":"2 minutes"},"schema":{"@context":"https:\/\/schema.org","@graph":[{"@type":"WebPage","@id":"https:\/\/www.ladiagonale.net\/index.php\/2023\/07\/22\/les-calendriers-des-u19-et-des-u17-sont-connus\/","url":"https:\/\/www.ladiagonale.net\/index.php\/2023\/07\/22\/les-calendriers-des-u19-et-des-u17-sont-connus\/","name":"Les calendriers des U19 et des U17 sont connus - La Diagonale","isPartOf":{"@id":"https:\/\/www.ladiagonale.net\/#website"},"datePublished":"2023-07-22T11:32:21+00:00","dateModified":"2023-07-22T11:32:24+00:00","author":{"@id":"https:\/\/www.ladiagonale.net\/#\/schema\/person\/79ff1e7b0853ed01b2aa26e64ad300bf"},"breadcrumb":{"@id":"https:\/\/www.ladiagonale.net\/index.php\/2023\/07\/22\/les-calendriers-des-u19-et-des-u17-sont-connus\/#breadcrumb"},"inLanguage":"fr-FR","potentialAction":[{"@type":"ReadAction","target":["https:\/\/www.ladiagonale.net\/index.php\/2023\/07\/22\/les-calendriers-des-u19-et-des-u17-sont-connus\/"]}]},{"@type":"BreadcrumbList","@id":"https:\/\/www.ladiagonale.net\/index.php\/2023\/07\/22\/les-calendriers-des-u19-et-des-u17-sont-connus\/#breadcrumb","itemListElement":[{"@type":"ListItem","position":1,"name":"Accueil","item":"https:\/\/www.ladiagonale.net\/"},{"@type":"ListItem","position":2,"name":"Les calendriers des U19 et des U17 sont connus"}]},{"@type":"WebSite","@id":"https:\/\/www.ladiagonale.net\/#website","url":"https:\/\/www.ladiagonale.net\/","name":"La Diagonale","description":"Le site des supporters de l&#039;AS Monaco FC","potentialAction":[{"@type":"SearchAction","target":{"@type":"EntryPoint","urlTemplate":"https:\/\/www.ladiagonale.net\/?s={search_term_string}"},"query-input":"required name=search_term_string"}],"inLanguage":"fr-FR"},{"@type":"Person","@id":"https:\/\/www.ladiagonale.net\/#\/schema\/person\/79ff1e7b0853ed01b2aa26e64ad300bf","name":"Damien Dellerba","image":{"@type":"ImageObject","inLanguage":"fr-FR","@id":"https:\/\/www.ladiagonale.net\/#\/schema\/person\/image\/","url":"https:\/\/secure.gravatar.com\/avatar\/c7850e06d3ff63cdbaee88b7fc16e2f0?s=96&d=mm&r=g","contentUrl":"https:\/\/secure.gravatar.com\/avatar\/c7850e06d3ff63cdbaee88b7fc16e2f0?s=96&d=mm&r=g","caption":"Damien Dellerba"},"url":"https:\/\/www.ladiagonale.net\/index.php\/author\/damien\/"}]}},"_links":{"self":[{"href":"https:\/\/www.ladiagonale.net\/index.php\/wp-json\/wp\/v2\/posts\/14285"}],"collection":[{"href":"https:\/\/www.ladiagonale.net\/index.php\/wp-json\/wp\/v2\/posts"}],"about":[{"href":"https:\/\/www.ladiagonale.net\/index.php\/wp-json\/wp\/v2\/types\/post"}],"author":[{"embeddable":true,"href":"https:\/\/www.ladiagonale.net\/index.php\/wp-json\/wp\/v2\/users\/2"}],"replies":[{"embeddable":true,"href":"https:\/\/www.ladiagonale.net\/index.php\/wp-json\/wp\/v2\/comments?post=14285"}],"version-history":[{"count":2,"href":"https:\/\/www.ladiagonale.net\/index.php\/wp-json\/wp\/v2\/posts\/14285\/revisions"}],"predecessor-version":[{"id":14287,"href":"https:\/\/www.ladiagonale.net\/index.php\/wp-json\/wp\/v2\/posts\/14285\/revisions\/14287"}],"wp:attachment":[{"href":"https:\/\/www.ladiagonale.net\/index.php\/wp-json\/wp\/v2\/media?parent=14285"}],"wp:term":[{"taxonomy":"category","embeddable":true,"href":"https:\/\/www.ladiagonale.net\/index.php\/wp-json\/wp\/v2\/categories?post=14285"},{"taxonomy":"post_tag","embeddable":true,"href":"https:\/\/www.ladiagonale.net\/index.php\/wp-json\/wp\/v2\/tags?post=14285"}],"curies":[{"name":"wp","href":"https:\/\/api.w.org\/{rel}","templated":true}]}}