{"id":14317,"date":"2023-07-22T23:12:23","date_gmt":"2023-07-22T21:12:23","guid":{"rendered":"https:\/\/www.ladiagonale.net\/?p=14317"},"modified":"2023-07-22T23:12:25","modified_gmt":"2023-07-22T21:12:25","slug":"le-groupe-elite-reussit-son-retour","status":"publish","type":"post","link":"https:\/\/www.ladiagonale.net\/index.php\/2023\/07\/22\/le-groupe-elite-reussit-son-retour\/","title":{"rendered":"Le Groupe \u00c9lite r\u00e9ussit son retour"},"content":{"rendered":"\n\n\n<p>Apr\u00e8s avoir repris l&rsquo;entra\u00eenement le 10 juillet, le Groupe \u00c9lite a disput\u00e9 ce samedi son premier match amical contre le RC Grasse et s&rsquo;est impos\u00e9 (4-2). Enzo Baglieri a inscrit le premier but de la partie et Romaric Etonde, qui a sign\u00e9 son premier contrat professionnel avec l&rsquo;ASM, le quatri\u00e8me. Sandro Bertolucci a quant \u00e0 lui inscrit un doubl\u00e9. Le score aurait pu \u00eatre plus avantageux pour les hommes de Damien Perrinelle, mais Enzo Baglieri a trouv\u00e9 le poteau sur un p\u00e9nalty obtenu par Sa\u00efmon Bouabr\u00e9 d\u00e8s la premi\u00e8re minute de jeu.<\/p>\n\n\n\n<p class=\"has-white-color has-text-color has-background\" style=\"background-color:#303030\"><strong>Le XI de d\u00e9part :<\/strong> Zadi &#8211; Baba\u00ef, Bery, Kuzmanovic, Bakali \u2013 Decarpentrie, Benama, Coulibaly (cap.), Bouabr\u00e9 \u2013 Bertolucci, Baglieri.<\/p>\n\n\n\n<p>Le buteur mon\u00e9gasque n&rsquo;a toutefois pas eu le temps de tergiverser en reprenant un service victorieux de Bouabr\u00e9 trois minutes plus tard pour ouvrir le score (1-0, 4<sup>e<\/sup>). L&rsquo;avantage des Rouge et Blanc sera de courte dur\u00e9e puisque les Grassois \u00e9galiseront avant la fin du premier quart d&rsquo;heure (1-1, 13<sup>e<\/sup>). Le match basculera du c\u00f4t\u00e9 de l&rsquo;ASM en seulement deux minutes, le temps \u00e0 Sandro Bertolucci de marquer par deux fois, d&rsquo;abord en reprenant une frappe repouss\u00e9e de Bakali (2-1, 36<sup>e<\/sup>), puis en glissant le ballon au fond des filets apr\u00e8s une passe de ce m\u00eame Bakali (3-1, 37<sup>e<\/sup>).<\/p>\n\n\n\n<p>Au retour des vestiaires, Damien Perrinelle a proc\u00e9d\u00e9 \u00e0 un changement complet de son onze et Romaric Etonde a rapidement saisi sa chance en inscrivant la quatri\u00e8me et dernier but de son vestiaire (4-1, 48<sup>e<\/sup>), trouv\u00e9 par Di\u00e9dry Kouassi. La r\u00e9duction de l&rsquo;\u00e9cart en fin de match par Grasse ne changera pas l&rsquo;issue de la rencontre et la premi\u00e8re victoire pour le Groupe \u00c9lite dans cette saison. Les jeunes pousses as\u00e9mistes devront maintenant aller se frotter \u00e0 la Sampdoria de G\u00eanes mardi. <\/p>\n","protected":false},"excerpt":{"rendered":"<p>Apr\u00e8s avoir repris l&rsquo;entra\u00eenement le 10 juillet, le Groupe \u00c9lite a disput\u00e9 ce samedi son premier match amical contre le RC Grasse et s&rsquo;est impos\u00e9 (4-2). Enzo Baglieri a inscrit le premier but de la partie et Romaric Etonde, qui a sign\u00e9 son premier contrat professionnel avec l&rsquo;ASM, le quatri\u00e8me. Sandro Bertolucci a quant \u00e0 [&#8230;]\n","protected":false},"author":2,"featured_media":0,"comment_status":"open","ping_status":"open","sticky":false,"template":"","format":"standard","meta":[],"categories":[6],"tags":[76,86,228],"yoast_head":"<!-- This site is optimized with the Yoast SEO plugin v19.8 - https:\/\/yoast.com\/wordpress\/plugins\/seo\/ -->\n<title>Le Groupe \u00c9lite r\u00e9ussit son retour - La Diagonale<\/title>\n<meta name=\"robots\" content=\"index, follow, max-snippet:-1, max-image-preview:large, max-video-preview:-1\" \/>\n<link rel=\"canonical\" href=\"https:\/\/www.ladiagonale.net\/index.php\/2023\/07\/22\/le-groupe-elite-reussit-son-retour\/\" \/>\n<meta property=\"og:locale\" content=\"fr_FR\" \/>\n<meta property=\"og:type\" content=\"article\" \/>\n<meta property=\"og:title\" content=\"Le Groupe \u00c9lite r\u00e9ussit son retour - La Diagonale\" \/>\n<meta property=\"og:description\" content=\"Apr\u00e8s avoir repris l&rsquo;entra\u00eenement le 10 juillet, le Groupe \u00c9lite a disput\u00e9 ce samedi son premier match amical contre le RC Grasse et s&rsquo;est impos\u00e9 (4-2). Enzo Baglieri a inscrit le premier but de la partie et Romaric Etonde, qui a sign\u00e9 son premier contrat professionnel avec l&rsquo;ASM, le quatri\u00e8me. Sandro Bertolucci a quant \u00e0 [...]\" \/>\n<meta property=\"og:url\" content=\"https:\/\/www.ladiagonale.net\/index.php\/2023\/07\/22\/le-groupe-elite-reussit-son-retour\/\" \/>\n<meta property=\"og:site_name\" content=\"La Diagonale\" \/>\n<meta property=\"article:published_time\" content=\"2023-07-22T21:12:23+00:00\" \/>\n<meta property=\"article:modified_time\" content=\"2023-07-22T21:12:25+00:00\" \/>\n<meta property=\"og:image\" content=\"https:\/\/www.ladiagonale.net\/wp-content\/uploads\/2023\/03\/coulibaly.png\" \/>\n\t<meta property=\"og:image:width\" content=\"1160\" \/>\n\t<meta property=\"og:image:height\" content=\"650\" \/>\n\t<meta property=\"og:image:type\" content=\"image\/png\" \/>\n<meta name=\"author\" content=\"Damien Dellerba\" \/>\n<meta name=\"twitter:card\" content=\"summary_large_image\" \/>\n<meta name=\"twitter:image\" content=\"https:\/\/www.ladiagonale.net\/wp-content\/uploads\/2023\/03\/coulibaly.png\" \/>\n<meta name=\"twitter:label1\" content=\"\u00c9crit par\" \/>\n\t<meta name=\"twitter:data1\" content=\"Damien Dellerba\" \/>\n\t<meta name=\"twitter:label2\" content=\"Dur\u00e9e de lecture estim\u00e9e\" \/>\n\t<meta name=\"twitter:data2\" content=\"2 minutes\" \/>\n<script type=\"application\/ld+json\" class=\"yoast-schema-graph\">{\"@context\":\"https:\/\/schema.org\",\"@graph\":[{\"@type\":\"WebPage\",\"@id\":\"https:\/\/www.ladiagonale.net\/index.php\/2023\/07\/22\/le-groupe-elite-reussit-son-retour\/\",\"url\":\"https:\/\/www.ladiagonale.net\/index.php\/2023\/07\/22\/le-groupe-elite-reussit-son-retour\/\",\"name\":\"Le Groupe \u00c9lite r\u00e9ussit son retour - La Diagonale\",\"isPartOf\":{\"@id\":\"https:\/\/www.ladiagonale.net\/#website\"},\"datePublished\":\"2023-07-22T21:12:23+00:00\",\"dateModified\":\"2023-07-22T21:12:25+00:00\",\"author\":{\"@id\":\"https:\/\/www.ladiagonale.net\/#\/schema\/person\/79ff1e7b0853ed01b2aa26e64ad300bf\"},\"breadcrumb\":{\"@id\":\"https:\/\/www.ladiagonale.net\/index.php\/2023\/07\/22\/le-groupe-elite-reussit-son-retour\/#breadcrumb\"},\"inLanguage\":\"fr-FR\",\"potentialAction\":[{\"@type\":\"ReadAction\",\"target\":[\"https:\/\/www.ladiagonale.net\/index.php\/2023\/07\/22\/le-groupe-elite-reussit-son-retour\/\"]}]},{\"@type\":\"BreadcrumbList\",\"@id\":\"https:\/\/www.ladiagonale.net\/index.php\/2023\/07\/22\/le-groupe-elite-reussit-son-retour\/#breadcrumb\",\"itemListElement\":[{\"@type\":\"ListItem\",\"position\":1,\"name\":\"Accueil\",\"item\":\"https:\/\/www.ladiagonale.net\/\"},{\"@type\":\"ListItem\",\"position\":2,\"name\":\"Le Groupe \u00c9lite r\u00e9ussit son retour\"}]},{\"@type\":\"WebSite\",\"@id\":\"https:\/\/www.ladiagonale.net\/#website\",\"url\":\"https:\/\/www.ladiagonale.net\/\",\"name\":\"La Diagonale\",\"description\":\"Le site des supporters de l&#039;AS Monaco FC\",\"potentialAction\":[{\"@type\":\"SearchAction\",\"target\":{\"@type\":\"EntryPoint\",\"urlTemplate\":\"https:\/\/www.ladiagonale.net\/?s={search_term_string}\"},\"query-input\":\"required name=search_term_string\"}],\"inLanguage\":\"fr-FR\"},{\"@type\":\"Person\",\"@id\":\"https:\/\/www.ladiagonale.net\/#\/schema\/person\/79ff1e7b0853ed01b2aa26e64ad300bf\",\"name\":\"Damien Dellerba\",\"image\":{\"@type\":\"ImageObject\",\"inLanguage\":\"fr-FR\",\"@id\":\"https:\/\/www.ladiagonale.net\/#\/schema\/person\/image\/\",\"url\":\"https:\/\/secure.gravatar.com\/avatar\/c7850e06d3ff63cdbaee88b7fc16e2f0?s=96&d=mm&r=g\",\"contentUrl\":\"https:\/\/secure.gravatar.com\/avatar\/c7850e06d3ff63cdbaee88b7fc16e2f0?s=96&d=mm&r=g\",\"caption\":\"Damien Dellerba\"},\"url\":\"https:\/\/www.ladiagonale.net\/index.php\/author\/damien\/\"}]}<\/script>\n<!-- \/ Yoast SEO plugin. -->","yoast_head_json":{"title":"Le Groupe \u00c9lite r\u00e9ussit son retour - La Diagonale","robots":{"index":"index","follow":"follow","max-snippet":"max-snippet:-1","max-image-preview":"max-image-preview:large","max-video-preview":"max-video-preview:-1"},"canonical":"https:\/\/www.ladiagonale.net\/index.php\/2023\/07\/22\/le-groupe-elite-reussit-son-retour\/","og_locale":"fr_FR","og_type":"article","og_title":"Le Groupe \u00c9lite r\u00e9ussit son retour - La Diagonale","og_description":"Apr\u00e8s avoir repris l&rsquo;entra\u00eenement le 10 juillet, le Groupe \u00c9lite a disput\u00e9 ce samedi son premier match amical contre le RC Grasse et s&rsquo;est impos\u00e9 (4-2). Enzo Baglieri a inscrit le premier but de la partie et Romaric Etonde, qui a sign\u00e9 son premier contrat professionnel avec l&rsquo;ASM, le quatri\u00e8me. Sandro Bertolucci a quant \u00e0 [...]","og_url":"https:\/\/www.ladiagonale.net\/index.php\/2023\/07\/22\/le-groupe-elite-reussit-son-retour\/","og_site_name":"La Diagonale","article_published_time":"2023-07-22T21:12:23+00:00","article_modified_time":"2023-07-22T21:12:25+00:00","og_image":[{"width":1160,"height":650,"url":"https:\/\/www.ladiagonale.net\/wp-content\/uploads\/2023\/03\/coulibaly.png","type":"image\/png"}],"author":"Damien Dellerba","twitter_card":"summary_large_image","twitter_image":"https:\/\/www.ladiagonale.net\/wp-content\/uploads\/2023\/03\/coulibaly.png","twitter_misc":{"\u00c9crit par":"Damien Dellerba","Dur\u00e9e de lecture estim\u00e9e":"2 minutes"},"schema":{"@context":"https:\/\/schema.org","@graph":[{"@type":"WebPage","@id":"https:\/\/www.ladiagonale.net\/index.php\/2023\/07\/22\/le-groupe-elite-reussit-son-retour\/","url":"https:\/\/www.ladiagonale.net\/index.php\/2023\/07\/22\/le-groupe-elite-reussit-son-retour\/","name":"Le Groupe \u00c9lite r\u00e9ussit son retour - La Diagonale","isPartOf":{"@id":"https:\/\/www.ladiagonale.net\/#website"},"datePublished":"2023-07-22T21:12:23+00:00","dateModified":"2023-07-22T21:12:25+00:00","author":{"@id":"https:\/\/www.ladiagonale.net\/#\/schema\/person\/79ff1e7b0853ed01b2aa26e64ad300bf"},"breadcrumb":{"@id":"https:\/\/www.ladiagonale.net\/index.php\/2023\/07\/22\/le-groupe-elite-reussit-son-retour\/#breadcrumb"},"inLanguage":"fr-FR","potentialAction":[{"@type":"ReadAction","target":["https:\/\/www.ladiagonale.net\/index.php\/2023\/07\/22\/le-groupe-elite-reussit-son-retour\/"]}]},{"@type":"BreadcrumbList","@id":"https:\/\/www.ladiagonale.net\/index.php\/2023\/07\/22\/le-groupe-elite-reussit-son-retour\/#breadcrumb","itemListElement":[{"@type":"ListItem","position":1,"name":"Accueil","item":"https:\/\/www.ladiagonale.net\/"},{"@type":"ListItem","position":2,"name":"Le Groupe \u00c9lite r\u00e9ussit son retour"}]},{"@type":"WebSite","@id":"https:\/\/www.ladiagonale.net\/#website","url":"https:\/\/www.ladiagonale.net\/","name":"La Diagonale","description":"Le site des supporters de l&#039;AS Monaco FC","potentialAction":[{"@type":"SearchAction","target":{"@type":"EntryPoint","urlTemplate":"https:\/\/www.ladiagonale.net\/?s={search_term_string}"},"query-input":"required name=search_term_string"}],"inLanguage":"fr-FR"},{"@type":"Person","@id":"https:\/\/www.ladiagonale.net\/#\/schema\/person\/79ff1e7b0853ed01b2aa26e64ad300bf","name":"Damien Dellerba","image":{"@type":"ImageObject","inLanguage":"fr-FR","@id":"https:\/\/www.ladiagonale.net\/#\/schema\/person\/image\/","url":"https:\/\/secure.gravatar.com\/avatar\/c7850e06d3ff63cdbaee88b7fc16e2f0?s=96&d=mm&r=g","contentUrl":"https:\/\/secure.gravatar.com\/avatar\/c7850e06d3ff63cdbaee88b7fc16e2f0?s=96&d=mm&r=g","caption":"Damien Dellerba"},"url":"https:\/\/www.ladiagonale.net\/index.php\/author\/damien\/"}]}},"_links":{"self":[{"href":"https:\/\/www.ladiagonale.net\/index.php\/wp-json\/wp\/v2\/posts\/14317"}],"collection":[{"href":"https:\/\/www.ladiagonale.net\/index.php\/wp-json\/wp\/v2\/posts"}],"about":[{"href":"https:\/\/www.ladiagonale.net\/index.php\/wp-json\/wp\/v2\/types\/post"}],"author":[{"embeddable":true,"href":"https:\/\/www.ladiagonale.net\/index.php\/wp-json\/wp\/v2\/users\/2"}],"replies":[{"embeddable":true,"href":"https:\/\/www.ladiagonale.net\/index.php\/wp-json\/wp\/v2\/comments?post=14317"}],"version-history":[{"count":1,"href":"https:\/\/www.ladiagonale.net\/index.php\/wp-json\/wp\/v2\/posts\/14317\/revisions"}],"predecessor-version":[{"id":14318,"href":"https:\/\/www.ladiagonale.net\/index.php\/wp-json\/wp\/v2\/posts\/14317\/revisions\/14318"}],"wp:attachment":[{"href":"https:\/\/www.ladiagonale.net\/index.php\/wp-json\/wp\/v2\/media?parent=14317"}],"wp:term":[{"taxonomy":"category","embeddable":true,"href":"https:\/\/www.ladiagonale.net\/index.php\/wp-json\/wp\/v2\/categories?post=14317"},{"taxonomy":"post_tag","embeddable":true,"href":"https:\/\/www.ladiagonale.net\/index.php\/wp-json\/wp\/v2\/tags?post=14317"}],"curies":[{"name":"wp","href":"https:\/\/api.w.org\/{rel}","templated":true}]}}