{"id":14339,"date":"2023-07-23T20:06:44","date_gmt":"2023-07-23T18:06:44","guid":{"rendered":"https:\/\/www.ladiagonale.net\/?p=14339"},"modified":"2023-07-23T20:06:47","modified_gmt":"2023-07-23T18:06:47","slug":"scuro-la-discipline-ce-nest-pas-un-gros-mot","status":"publish","type":"post","link":"https:\/\/www.ladiagonale.net\/index.php\/2023\/07\/23\/scuro-la-discipline-ce-nest-pas-un-gros-mot\/","title":{"rendered":"Scuro : \u00ab\u00a0La discipline, ce n\u2019est pas un gros mot\u00a0\u00bb"},"content":{"rendered":"\n\n\n<p>Cette semaine, Thiago Scuro a accompagn\u00e9 l\u2019\u00e9quipe premi\u00e8re de l\u2019AS Monaco lors de son stage \u00e0 Birmingham, en Angleterre. En marge de celui-ci, le nouveau Directeur du football de l\u2019ASM s\u2019est livr\u00e9 dans un entretien et en a d\u00e9voil\u00e9 un peu plus sur sa fa\u00e7on de travailler. Ainsi, Scuro veut imprimer la marque de la rigueur \u00e0 Monaco : \u00ab\u00a0<em>J\u2019aime l\u2019organisation, la discipline et les process. Les choses doivent avoir un d\u00e9but, un milieu et une fin. On doit pr\u00e9voir et g\u00e9rer toutes ces \u00e9tapes. Cr\u00e9er un bon environnement peut permettre d\u2019amener des bons r\u00e9sultats sur le terrain. (\u2026) On travaille dur sur ces aspects avec Adi (H\u00fctter), en amenant notre exp\u00e9rience pour cr\u00e9er cet environnement organis\u00e9. La discipline est un bon mot, ce n\u2019est pas un gros mot. Nous en avons tous besoin dans notre vie personnelle et dans le monde professionnel pour r\u00e9ussir.<\/em>\u00a0\u00bb<\/p>\n\n\n\n<p>Le Br\u00e9silien estime que l\u2019environnement est primordial pour obtenir de bons r\u00e9sultats et en cons\u00e9quence, il lui semble n\u00e9cessaire de valoriser l\u2019aspect humain et les rapports entre chaque composante du club, ce qu\u2019il tente de faire : \u00ab\u00a0<em>J\u2019aime les gens. Je crois beaucoup en l\u2019humain, dans le fait de travailler ensemble, cr\u00e9er un bon environnement au sein du club pour que les gens se sentent bien. Pas seulement les joueurs mais aussi tout le staff. J\u2019ai toujours mis beaucoup d\u2019\u00e9nergie et accord\u00e9 beaucoup de valeur aux rapports humains. Je pense pouvoir apporter \u00e7a \u00e0 Monaco. On doit essayer de cr\u00e9er un sentiment d\u2019appartenance et on doit \u00eatre fier d\u2019appartenir \u00e0 l\u2019ASM.<\/em>\u00a0\u00bb<\/p>\n\n\n\n<p>Pour Scuro, rejoindre Monaco a \u00e9galement une valeur importante : \u00ab\u00a0<em>Quand j\u2019ai eu l\u2019opportunit\u00e9 de rejoindre Monaco, dans le processus de succession de Paul Mitchell, j\u2019ai toute de suite vu une forme de continuit\u00e9 dans ce que je faisais au Br\u00e9sil. Avoir de bons principes au sein du club, une pr\u00e9sidence avec une vision claire, tant sur le plan sportif qu\u2019au niveau du business. Une bonne acad\u00e9mie de jeunes, pour le d\u00e9veloppement de joueurs talentueux, de bonnes installations. Aussi, Monaco est une marque tr\u00e8s forte en Am\u00e9rique du Sud. L\u2019opportunit\u00e9 d\u2019\u00eatre ici m\u2019a replong\u00e9 en enfance, quand j\u2019\u00e9tais un fan de foot et que Monaco \u00e9tait un des meilleurs clubs au monde. C\u2019est un privil\u00e8ge de diriger le projet sportif de l\u2019AS Monaco.<\/em>\u00a0\u00bb<\/p>\n","protected":false},"excerpt":{"rendered":"<p>Cette semaine, Thiago Scuro a accompagn\u00e9 l\u2019\u00e9quipe premi\u00e8re de l\u2019AS Monaco lors de son stage \u00e0 Birmingham, en Angleterre. En marge de celui-ci, le nouveau Directeur du football de l\u2019ASM s\u2019est livr\u00e9 dans un entretien et en a d\u00e9voil\u00e9 un peu plus sur sa fa\u00e7on de travailler. Ainsi, Scuro veut imprimer la marque de la [&#8230;]\n","protected":false},"author":2,"featured_media":0,"comment_status":"open","ping_status":"open","sticky":false,"template":"","format":"standard","meta":[],"categories":[6],"tags":[86,479],"yoast_head":"<!-- This site is optimized with the Yoast SEO plugin v19.8 - https:\/\/yoast.com\/wordpress\/plugins\/seo\/ -->\n<title>Scuro : \u00ab\u00a0La discipline, ce n\u2019est pas un gros mot\u00a0\u00bb - La Diagonale<\/title>\n<meta name=\"robots\" content=\"index, follow, max-snippet:-1, max-image-preview:large, max-video-preview:-1\" \/>\n<link rel=\"canonical\" href=\"https:\/\/www.ladiagonale.net\/index.php\/2023\/07\/23\/scuro-la-discipline-ce-nest-pas-un-gros-mot\/\" \/>\n<meta property=\"og:locale\" content=\"fr_FR\" \/>\n<meta property=\"og:type\" content=\"article\" \/>\n<meta property=\"og:title\" content=\"Scuro : \u00ab\u00a0La discipline, ce n\u2019est pas un gros mot\u00a0\u00bb - La Diagonale\" \/>\n<meta property=\"og:description\" content=\"Cette semaine, Thiago Scuro a accompagn\u00e9 l\u2019\u00e9quipe premi\u00e8re de l\u2019AS Monaco lors de son stage \u00e0 Birmingham, en Angleterre. En marge de celui-ci, le nouveau Directeur du football de l\u2019ASM s\u2019est livr\u00e9 dans un entretien et en a d\u00e9voil\u00e9 un peu plus sur sa fa\u00e7on de travailler. Ainsi, Scuro veut imprimer la marque de la [...]\" \/>\n<meta property=\"og:url\" content=\"https:\/\/www.ladiagonale.net\/index.php\/2023\/07\/23\/scuro-la-discipline-ce-nest-pas-un-gros-mot\/\" \/>\n<meta property=\"og:site_name\" content=\"La Diagonale\" \/>\n<meta property=\"article:published_time\" content=\"2023-07-23T18:06:44+00:00\" \/>\n<meta property=\"article:modified_time\" content=\"2023-07-23T18:06:47+00:00\" \/>\n<meta property=\"og:image\" content=\"https:\/\/www.ladiagonale.net\/wp-content\/uploads\/2023\/07\/scuro.png\" \/>\n\t<meta property=\"og:image:width\" content=\"1160\" \/>\n\t<meta property=\"og:image:height\" content=\"650\" \/>\n\t<meta property=\"og:image:type\" content=\"image\/png\" \/>\n<meta name=\"author\" content=\"Damien Dellerba\" \/>\n<meta name=\"twitter:card\" content=\"summary_large_image\" \/>\n<meta name=\"twitter:image\" content=\"https:\/\/www.ladiagonale.net\/wp-content\/uploads\/2023\/07\/scuro.png\" \/>\n<meta name=\"twitter:label1\" content=\"\u00c9crit par\" \/>\n\t<meta name=\"twitter:data1\" content=\"Damien Dellerba\" \/>\n\t<meta name=\"twitter:label2\" content=\"Dur\u00e9e de lecture estim\u00e9e\" \/>\n\t<meta name=\"twitter:data2\" content=\"2 minutes\" \/>\n<script type=\"application\/ld+json\" class=\"yoast-schema-graph\">{\"@context\":\"https:\/\/schema.org\",\"@graph\":[{\"@type\":\"WebPage\",\"@id\":\"https:\/\/www.ladiagonale.net\/index.php\/2023\/07\/23\/scuro-la-discipline-ce-nest-pas-un-gros-mot\/\",\"url\":\"https:\/\/www.ladiagonale.net\/index.php\/2023\/07\/23\/scuro-la-discipline-ce-nest-pas-un-gros-mot\/\",\"name\":\"Scuro : \u00ab\u00a0La discipline, ce n\u2019est pas un gros mot\u00a0\u00bb - La Diagonale\",\"isPartOf\":{\"@id\":\"https:\/\/www.ladiagonale.net\/#website\"},\"datePublished\":\"2023-07-23T18:06:44+00:00\",\"dateModified\":\"2023-07-23T18:06:47+00:00\",\"author\":{\"@id\":\"https:\/\/www.ladiagonale.net\/#\/schema\/person\/79ff1e7b0853ed01b2aa26e64ad300bf\"},\"breadcrumb\":{\"@id\":\"https:\/\/www.ladiagonale.net\/index.php\/2023\/07\/23\/scuro-la-discipline-ce-nest-pas-un-gros-mot\/#breadcrumb\"},\"inLanguage\":\"fr-FR\",\"potentialAction\":[{\"@type\":\"ReadAction\",\"target\":[\"https:\/\/www.ladiagonale.net\/index.php\/2023\/07\/23\/scuro-la-discipline-ce-nest-pas-un-gros-mot\/\"]}]},{\"@type\":\"BreadcrumbList\",\"@id\":\"https:\/\/www.ladiagonale.net\/index.php\/2023\/07\/23\/scuro-la-discipline-ce-nest-pas-un-gros-mot\/#breadcrumb\",\"itemListElement\":[{\"@type\":\"ListItem\",\"position\":1,\"name\":\"Accueil\",\"item\":\"https:\/\/www.ladiagonale.net\/\"},{\"@type\":\"ListItem\",\"position\":2,\"name\":\"Scuro : \u00ab\u00a0La discipline, ce n\u2019est pas un gros mot\u00a0\u00bb\"}]},{\"@type\":\"WebSite\",\"@id\":\"https:\/\/www.ladiagonale.net\/#website\",\"url\":\"https:\/\/www.ladiagonale.net\/\",\"name\":\"La Diagonale\",\"description\":\"Le site des supporters de l&#039;AS Monaco FC\",\"potentialAction\":[{\"@type\":\"SearchAction\",\"target\":{\"@type\":\"EntryPoint\",\"urlTemplate\":\"https:\/\/www.ladiagonale.net\/?s={search_term_string}\"},\"query-input\":\"required name=search_term_string\"}],\"inLanguage\":\"fr-FR\"},{\"@type\":\"Person\",\"@id\":\"https:\/\/www.ladiagonale.net\/#\/schema\/person\/79ff1e7b0853ed01b2aa26e64ad300bf\",\"name\":\"Damien Dellerba\",\"image\":{\"@type\":\"ImageObject\",\"inLanguage\":\"fr-FR\",\"@id\":\"https:\/\/www.ladiagonale.net\/#\/schema\/person\/image\/\",\"url\":\"https:\/\/secure.gravatar.com\/avatar\/c7850e06d3ff63cdbaee88b7fc16e2f0?s=96&d=mm&r=g\",\"contentUrl\":\"https:\/\/secure.gravatar.com\/avatar\/c7850e06d3ff63cdbaee88b7fc16e2f0?s=96&d=mm&r=g\",\"caption\":\"Damien Dellerba\"},\"url\":\"https:\/\/www.ladiagonale.net\/index.php\/author\/damien\/\"}]}<\/script>\n<!-- \/ Yoast SEO plugin. -->","yoast_head_json":{"title":"Scuro : \u00ab\u00a0La discipline, ce n\u2019est pas un gros mot\u00a0\u00bb - La Diagonale","robots":{"index":"index","follow":"follow","max-snippet":"max-snippet:-1","max-image-preview":"max-image-preview:large","max-video-preview":"max-video-preview:-1"},"canonical":"https:\/\/www.ladiagonale.net\/index.php\/2023\/07\/23\/scuro-la-discipline-ce-nest-pas-un-gros-mot\/","og_locale":"fr_FR","og_type":"article","og_title":"Scuro : \u00ab\u00a0La discipline, ce n\u2019est pas un gros mot\u00a0\u00bb - La Diagonale","og_description":"Cette semaine, Thiago Scuro a accompagn\u00e9 l\u2019\u00e9quipe premi\u00e8re de l\u2019AS Monaco lors de son stage \u00e0 Birmingham, en Angleterre. En marge de celui-ci, le nouveau Directeur du football de l\u2019ASM s\u2019est livr\u00e9 dans un entretien et en a d\u00e9voil\u00e9 un peu plus sur sa fa\u00e7on de travailler. Ainsi, Scuro veut imprimer la marque de la [...]","og_url":"https:\/\/www.ladiagonale.net\/index.php\/2023\/07\/23\/scuro-la-discipline-ce-nest-pas-un-gros-mot\/","og_site_name":"La Diagonale","article_published_time":"2023-07-23T18:06:44+00:00","article_modified_time":"2023-07-23T18:06:47+00:00","og_image":[{"width":1160,"height":650,"url":"https:\/\/www.ladiagonale.net\/wp-content\/uploads\/2023\/07\/scuro.png","type":"image\/png"}],"author":"Damien Dellerba","twitter_card":"summary_large_image","twitter_image":"https:\/\/www.ladiagonale.net\/wp-content\/uploads\/2023\/07\/scuro.png","twitter_misc":{"\u00c9crit par":"Damien Dellerba","Dur\u00e9e de lecture estim\u00e9e":"2 minutes"},"schema":{"@context":"https:\/\/schema.org","@graph":[{"@type":"WebPage","@id":"https:\/\/www.ladiagonale.net\/index.php\/2023\/07\/23\/scuro-la-discipline-ce-nest-pas-un-gros-mot\/","url":"https:\/\/www.ladiagonale.net\/index.php\/2023\/07\/23\/scuro-la-discipline-ce-nest-pas-un-gros-mot\/","name":"Scuro : \u00ab\u00a0La discipline, ce n\u2019est pas un gros mot\u00a0\u00bb - La Diagonale","isPartOf":{"@id":"https:\/\/www.ladiagonale.net\/#website"},"datePublished":"2023-07-23T18:06:44+00:00","dateModified":"2023-07-23T18:06:47+00:00","author":{"@id":"https:\/\/www.ladiagonale.net\/#\/schema\/person\/79ff1e7b0853ed01b2aa26e64ad300bf"},"breadcrumb":{"@id":"https:\/\/www.ladiagonale.net\/index.php\/2023\/07\/23\/scuro-la-discipline-ce-nest-pas-un-gros-mot\/#breadcrumb"},"inLanguage":"fr-FR","potentialAction":[{"@type":"ReadAction","target":["https:\/\/www.ladiagonale.net\/index.php\/2023\/07\/23\/scuro-la-discipline-ce-nest-pas-un-gros-mot\/"]}]},{"@type":"BreadcrumbList","@id":"https:\/\/www.ladiagonale.net\/index.php\/2023\/07\/23\/scuro-la-discipline-ce-nest-pas-un-gros-mot\/#breadcrumb","itemListElement":[{"@type":"ListItem","position":1,"name":"Accueil","item":"https:\/\/www.ladiagonale.net\/"},{"@type":"ListItem","position":2,"name":"Scuro : \u00ab\u00a0La discipline, ce n\u2019est pas un gros mot\u00a0\u00bb"}]},{"@type":"WebSite","@id":"https:\/\/www.ladiagonale.net\/#website","url":"https:\/\/www.ladiagonale.net\/","name":"La Diagonale","description":"Le site des supporters de l&#039;AS Monaco FC","potentialAction":[{"@type":"SearchAction","target":{"@type":"EntryPoint","urlTemplate":"https:\/\/www.ladiagonale.net\/?s={search_term_string}"},"query-input":"required name=search_term_string"}],"inLanguage":"fr-FR"},{"@type":"Person","@id":"https:\/\/www.ladiagonale.net\/#\/schema\/person\/79ff1e7b0853ed01b2aa26e64ad300bf","name":"Damien Dellerba","image":{"@type":"ImageObject","inLanguage":"fr-FR","@id":"https:\/\/www.ladiagonale.net\/#\/schema\/person\/image\/","url":"https:\/\/secure.gravatar.com\/avatar\/c7850e06d3ff63cdbaee88b7fc16e2f0?s=96&d=mm&r=g","contentUrl":"https:\/\/secure.gravatar.com\/avatar\/c7850e06d3ff63cdbaee88b7fc16e2f0?s=96&d=mm&r=g","caption":"Damien Dellerba"},"url":"https:\/\/www.ladiagonale.net\/index.php\/author\/damien\/"}]}},"_links":{"self":[{"href":"https:\/\/www.ladiagonale.net\/index.php\/wp-json\/wp\/v2\/posts\/14339"}],"collection":[{"href":"https:\/\/www.ladiagonale.net\/index.php\/wp-json\/wp\/v2\/posts"}],"about":[{"href":"https:\/\/www.ladiagonale.net\/index.php\/wp-json\/wp\/v2\/types\/post"}],"author":[{"embeddable":true,"href":"https:\/\/www.ladiagonale.net\/index.php\/wp-json\/wp\/v2\/users\/2"}],"replies":[{"embeddable":true,"href":"https:\/\/www.ladiagonale.net\/index.php\/wp-json\/wp\/v2\/comments?post=14339"}],"version-history":[{"count":1,"href":"https:\/\/www.ladiagonale.net\/index.php\/wp-json\/wp\/v2\/posts\/14339\/revisions"}],"predecessor-version":[{"id":14340,"href":"https:\/\/www.ladiagonale.net\/index.php\/wp-json\/wp\/v2\/posts\/14339\/revisions\/14340"}],"wp:attachment":[{"href":"https:\/\/www.ladiagonale.net\/index.php\/wp-json\/wp\/v2\/media?parent=14339"}],"wp:term":[{"taxonomy":"category","embeddable":true,"href":"https:\/\/www.ladiagonale.net\/index.php\/wp-json\/wp\/v2\/categories?post=14339"},{"taxonomy":"post_tag","embeddable":true,"href":"https:\/\/www.ladiagonale.net\/index.php\/wp-json\/wp\/v2\/tags?post=14339"}],"curies":[{"name":"wp","href":"https:\/\/api.w.org\/{rel}","templated":true}]}}