{"id":14349,"date":"2023-07-26T15:40:45","date_gmt":"2023-07-26T13:40:45","guid":{"rendered":"https:\/\/www.ladiagonale.net\/?p=14349"},"modified":"2023-07-26T15:40:51","modified_gmt":"2023-07-26T13:40:51","slug":"diop-laxe-du-bien","status":"publish","type":"post","link":"https:\/\/www.ladiagonale.net\/index.php\/2023\/07\/26\/diop-laxe-du-bien\/","title":{"rendered":"Diop, l&rsquo;axe du bien"},"content":{"rendered":"\n\n\n<p><strong>Son talent est sans doute moins flamboyant et moins \u00e9clatant que celui d\u2019Eliesse Ben Seghir, mais il n\u2019en est pas moins pr\u00e9cieux. La saison pass\u00e9e, Edan Diop a lui aussi fait son entr\u00e9e dans le monde des professionnels. Plus discr\u00e8tement. Mais les premiers matchs de la pr\u00e9saison semblent indiquer qu&rsquo;il peut s&rsquo;installer plus durablement dans l&rsquo;effectif. Reste \u00e0 savoir \u00e0 quel poste. <\/strong><\/p>\n\n\n\n<p>Il est bien difficile de conna\u00eetre le poste de pr\u00e9dilection d\u2019Edan Diop. En d\u00e9cembre 2022, le jeune fr\u00e8re de Sofiane, lui aussi ancien Mon\u00e9gasque, \u00e9tait lanc\u00e9 par Philippe Clement en match amical contre Empoli au poste de lat\u00e9ral droit. La justification du technicien belge \u00e9tait alors que la formation italienne jouait avec un milieu en losange et que les c\u00f4t\u00e9s ne seraient pas forc\u00e9ment tr\u00e8s employ\u00e9s par l\u2019adversaire, permettant de lib\u00e9rer le couloir pour le jeune joueur form\u00e9 au club. Avec succ\u00e8s, puisque Diop a inscrit l\u2019unique but de la rencontre. Pourtant, Edan Diop n\u2019a rien d&rsquo;un lat\u00e9ral et lorsque la question d&rsquo;un potentiel avenir \u00e0 ce poste fut pos\u00e9e \u00e0 l\u2019entra\u00eeneur as\u00e9miste de l&rsquo;\u00e9poque, il n\u2019\u00e9tait pas question de voir une suite \u00e0 cette exp\u00e9rimentation. Le contexte a n\u00e9anmoins forc\u00e9 le Belge \u00e0 renouveler l\u2019exp\u00e9rience quelques mois plus tard. <\/p>\n\n\n\n<p>Contre le Bayer Leverkusen et contre Nice, en trois jours d\u2019intervalle, Diop a remplac\u00e9 Chrislain Matsima au poste d\u2019arri\u00e8re droit, alors que l\u2019ASM \u00e9tait priv\u00e9e de Vanderson et de Ruben Aguilar. Puis il est remont\u00e9 d&rsquo;un cran lorsque les deux hommes ont retrouv\u00e9 leurs facult\u00e9s. Reste que sans \u00e9clabousser la Ligue 1 comme un Ben Seghir avant lui, il s&rsquo;en est tir\u00e9 avec les honneurs lorsque Philippe Clement a fait appel \u00e0 lui dans un collectif en pleine d\u00e9liquescence. Utilis\u00e9 de mani\u00e8re offensive en fin de saison, il l&rsquo;a \u00e9galement \u00e9t\u00e9 en \u00e9quipe de France de jeunes, parfois positionn\u00e9 en n\u00b010, parfois ailier avec les U19 tricolores. C&rsquo;est pourtant au c\u0153ur du jeu qu&rsquo;Edan Diop a fait ses armes dans les cat\u00e9gories jeunes, dans un milieu en double pivot, ou plus souvent en tant que relayeur dans le milieu \u00e0 trois de Fr\u00e9d\u00e9ric Barilaro lors de sa saison avec les U19 de l&rsquo;ASM en 2021-2022. <\/p>\n\n\n\n<h2>Une verticalit\u00e9 qui peut convaincre H\u00fctter<\/h2>\n\n\n\n<p>C&rsquo;est pr\u00e9cis\u00e9ment en tant que milieu axial qu&rsquo;Adi H\u00fctter l&rsquo;a utilis\u00e9 depuis le d\u00e9but de la pr\u00e9saison. Contre le Cercle Bruges, le Betis ou encore Leeds pour le plus r\u00e9cent, Edan Diop est syst\u00e9matiquement entr\u00e9 en jeu apr\u00e8s la pause dans un milieu en double pivot. Associ\u00e9 \u00e0 Magassa pour les deux premiers matchs, puis \u00e0 Youssouf Fofana lors du dernier, il semble \u00eatre vu par le nouvel entra\u00eeneur mon\u00e9gasque comme une solution viable dans la rotation \u00e0 ce poste, ce qui n&rsquo;\u00e9tait peut-\u00eatre pas le cas l&rsquo;an dernier, o\u00f9 Matazo et Magassa \u00e9taient install\u00e9s comme troisi\u00e8me et quatri\u00e8me choix, derri\u00e8re l&rsquo;inamovible tandem Fofana-Camara. <\/p>\n\n\n\n<p>Un axe qui a d&rsquo;ailleurs affich\u00e9 des limites sur le plan offensif et dans la participation au jeu peu inventif propos\u00e9 la saison derni\u00e8re. Avec H\u00fctter sur le banc, les principes de l&rsquo;animation avec ballon ne devraient pas \u00eatre fondamentalement tr\u00e8s diff\u00e9rents de ceux de Clement, avec une volont\u00e9 assum\u00e9e de jouer de mani\u00e8re tr\u00e8s verticale et d&rsquo;exploiter la moindre contre-attaque. \u00c0 cet \u00e9gard, l&rsquo;apport d&rsquo;un Edan Diop doit pouvoir \u00eatre consid\u00e9r\u00e9. Lors des matchs de pr\u00e9paration, le milieu de terrain a d\u00e9montr\u00e9 qu&rsquo;il en \u00e9tait capable et s&rsquo;est d&rsquo;ailleurs illustr\u00e9 avec plusieurs passes cl\u00e9s et d\u00e9cisives.<\/p>\n\n\n\n<figure class=\"wp-block-image size-large\"><img loading=\"lazy\" width=\"1024\" height=\"548\" src=\"https:\/\/www.ladiagonale.net\/wp-content\/uploads\/2023\/07\/ouverture-boadu-cercle-1024x548.png\" alt=\"\" class=\"wp-image-14372\" srcset=\"https:\/\/www.ladiagonale.net\/wp-content\/uploads\/2023\/07\/ouverture-boadu-cercle-1024x548.png 1024w, https:\/\/www.ladiagonale.net\/wp-content\/uploads\/2023\/07\/ouverture-boadu-cercle-300x160.png 300w, https:\/\/www.ladiagonale.net\/wp-content\/uploads\/2023\/07\/ouverture-boadu-cercle-768x411.png 768w, https:\/\/www.ladiagonale.net\/wp-content\/uploads\/2023\/07\/ouverture-boadu-cercle-1536x821.png 1536w, https:\/\/www.ladiagonale.net\/wp-content\/uploads\/2023\/07\/ouverture-boadu-cercle-128x68.png 128w, https:\/\/www.ladiagonale.net\/wp-content\/uploads\/2023\/07\/ouverture-boadu-cercle-32x17.png 32w, https:\/\/www.ladiagonale.net\/wp-content\/uploads\/2023\/07\/ouverture-boadu-cercle.png 1928w\" sizes=\"(max-width: 1024px) 100vw, 1024px\" \/><\/figure>\n\n\n\n<p class=\"has-white-color has-text-color has-background\" style=\"background-color:#303030;font-size:15px\">Cinq joueurs sont positionn\u00e9s devant Diop et lancent leur appel. Plusieurs options s&rsquo;offrent \u00e0 lui dans la profondeur, comme Golovin tout \u00e0 gauche, mais c&rsquo;est finalement plein axe que Diop va d\u00e9cider de jouer, en direction de Myron Boadu. Il s&rsquo;agit presque d&rsquo;une passe d\u00e9cisive puisqu&rsquo;elle va permettre \u00e0 l&rsquo;attaquant de se retrouver en situation de face-\u00e0-face avec le gardien, qui remportera son duel.<\/p>\n\n\n\n<p>La configuration des secondes p\u00e9riodes contre le Betis et Leeds a donn\u00e9 \u00e0 voir un Monaco assez peu port\u00e9 sur la conservation du ballon et qui a davantage d\u00fb d\u00e9fendre. Dans cette optique, la capacit\u00e9 de Diop \u00e0 verticaliser tr\u00e8s rapidement le jeu et \u00e0 optimiser chaque possession s&rsquo;est r\u00e9v\u00e9l\u00e9e pertinente. Car pour ne rien g\u00e2cher, Diop poss\u00e8de \u00e9galement une palette technique plus large et fiable que les milieux de terrains avec lesquels il pourrait \u00eatre mis en concurrence lors de la saison \u00e0 venir. <\/p>\n\n\n\n<figure class=\"wp-block-image size-large\"><img loading=\"lazy\" width=\"1024\" height=\"548\" src=\"https:\/\/www.ladiagonale.net\/wp-content\/uploads\/2023\/07\/verticalite\u0301-betis-2-1024x548.png\" alt=\"\" class=\"wp-image-14375\" srcset=\"https:\/\/www.ladiagonale.net\/wp-content\/uploads\/2023\/07\/verticalite\u0301-betis-2-1024x548.png 1024w, https:\/\/www.ladiagonale.net\/wp-content\/uploads\/2023\/07\/verticalite\u0301-betis-2-300x160.png 300w, https:\/\/www.ladiagonale.net\/wp-content\/uploads\/2023\/07\/verticalite\u0301-betis-2-768x411.png 768w, https:\/\/www.ladiagonale.net\/wp-content\/uploads\/2023\/07\/verticalite\u0301-betis-2-1536x821.png 1536w, https:\/\/www.ladiagonale.net\/wp-content\/uploads\/2023\/07\/verticalite\u0301-betis-2-128x68.png 128w, https:\/\/www.ladiagonale.net\/wp-content\/uploads\/2023\/07\/verticalite\u0301-betis-2-32x17.png 32w, https:\/\/www.ladiagonale.net\/wp-content\/uploads\/2023\/07\/verticalite\u0301-betis-2.png 1928w\" sizes=\"(max-width: 1024px) 100vw, 1024px\" \/><\/figure>\n\n\n\n<p class=\"has-white-color has-text-color has-background\" style=\"background-color:#303030;font-size:15px\">Face \u00e0 deux joueurs du Betis, Diop cherche une nouvelle fois \u00e0 jouer le plus verticalement possible, en sollicitant Boadu. Le choix peut interpeller, alors que Volland lance un appel dans le dos des deux joueurs adverses, et que Boadu n&rsquo;est pas encore d\u00e9marqu\u00e9. Mais la passe \u00e9limine deux joueurs et le ballon, repouss\u00e9 dans un premier temps, est finalement r\u00e9cup\u00e9r\u00e9 par l&rsquo;ASM. Cela donne tout de suite une nouvelle situation devant la cage espagnole.<\/p>\n\n\n\n<figure class=\"wp-block-image size-large\"><img loading=\"lazy\" width=\"1024\" height=\"548\" src=\"https:\/\/www.ladiagonale.net\/wp-content\/uploads\/2023\/07\/verticalite\u0301-betis-3-1-1024x548.png\" alt=\"\" class=\"wp-image-14379\" srcset=\"https:\/\/www.ladiagonale.net\/wp-content\/uploads\/2023\/07\/verticalite\u0301-betis-3-1-1024x548.png 1024w, https:\/\/www.ladiagonale.net\/wp-content\/uploads\/2023\/07\/verticalite\u0301-betis-3-1-300x160.png 300w, https:\/\/www.ladiagonale.net\/wp-content\/uploads\/2023\/07\/verticalite\u0301-betis-3-1-768x411.png 768w, https:\/\/www.ladiagonale.net\/wp-content\/uploads\/2023\/07\/verticalite\u0301-betis-3-1-1536x821.png 1536w, https:\/\/www.ladiagonale.net\/wp-content\/uploads\/2023\/07\/verticalite\u0301-betis-3-1-128x68.png 128w, https:\/\/www.ladiagonale.net\/wp-content\/uploads\/2023\/07\/verticalite\u0301-betis-3-1-32x17.png 32w, https:\/\/www.ladiagonale.net\/wp-content\/uploads\/2023\/07\/verticalite\u0301-betis-3-1.png 1928w\" sizes=\"(max-width: 1024px) 100vw, 1024px\" \/><\/figure>\n\n\n\n<p class=\"has-white-color has-text-color has-background\" style=\"background-color:#303030;font-size:15px\">Nouvelle illustration ici de la capacit\u00e9 de Diop \u00e0 jouer rapidement vers l&rsquo;avant. Le ballon est \u00e0 peine r\u00e9cup\u00e9r\u00e9 qu&rsquo;il cherche imm\u00e9diatement Volland en pointe, sans perdre de temps.<\/p>\n\n\n\n<p>Comme on l&rsquo;a soulign\u00e9 plus haut, Edan Diop poss\u00e8de une technique de passe s\u00fbre, ce qui lui permet de jouer avec confiance et rapidit\u00e9 vers l&rsquo;avant. Un autre aspect int\u00e9ressant de son jeu r\u00e9side dans sa capacit\u00e9 \u00e0 jouer en deux touches de balle maximum, le plus souvent en une seule, y compris pour des passes qui semblent plut\u00f4t risqu\u00e9es. Face \u00e0 Leeds, la diff\u00e9rence entre lui et Fofana, qui a tendance \u00e0 porter le ballon sur quelques m\u00e8tres et multiplier les touches avant une passe, a \u00e9t\u00e9 tr\u00e8s nette. Quand Fofana ou Camara ont tendance \u00e0 ralentir le jeu en multipliant les touches, Diop l&rsquo;acc\u00e9l\u00e8re de fa\u00e7on notable. <\/p>\n\n\n\n<h2>La vision du jeu comme meilleure arme<\/h2>\n\n\n\n<p>Pour jouer vite comme il le fait, le secret est bien connu. Tout r\u00e9side dans la lecture du jeu et l&rsquo;anticipation au niveau de la prise d&rsquo;information. Dans ce domaine, Diop semble effectivement avoir un temps d&rsquo;avance sur le terrain, et cela ne se remarque pas seulement sur sa facult\u00e9 \u00e0 orienter le jeu. Mais sur un plan purement statistique, il est int\u00e9ressant de noter que Diop est impliqu\u00e9 dans quatre des cinq derniers buts inscrits par l&rsquo;ASM.<\/p>\n\n\n\n<figure class=\"wp-block-image size-large\"><img loading=\"lazy\" width=\"1024\" height=\"548\" src=\"https:\/\/www.ladiagonale.net\/wp-content\/uploads\/2023\/07\/vision-1-betis-1024x548.png\" alt=\"\" class=\"wp-image-14363\" srcset=\"https:\/\/www.ladiagonale.net\/wp-content\/uploads\/2023\/07\/vision-1-betis-1024x548.png 1024w, https:\/\/www.ladiagonale.net\/wp-content\/uploads\/2023\/07\/vision-1-betis-300x160.png 300w, https:\/\/www.ladiagonale.net\/wp-content\/uploads\/2023\/07\/vision-1-betis-768x411.png 768w, https:\/\/www.ladiagonale.net\/wp-content\/uploads\/2023\/07\/vision-1-betis-1536x821.png 1536w, https:\/\/www.ladiagonale.net\/wp-content\/uploads\/2023\/07\/vision-1-betis-128x68.png 128w, https:\/\/www.ladiagonale.net\/wp-content\/uploads\/2023\/07\/vision-1-betis-32x17.png 32w, https:\/\/www.ladiagonale.net\/wp-content\/uploads\/2023\/07\/vision-1-betis.png 1928w\" sizes=\"(max-width: 1024px) 100vw, 1024px\" \/><\/figure>\n\n\n\n<p class=\"has-white-color has-text-color has-background\" style=\"background-color:#303030;font-size:15px\">Bien avant que Caio Henrique ne d\u00e9clenche sa passe, Edan Diop a d\u00e9j\u00e0 pris l&rsquo;information sur la position de ses co\u00e9quipiers aux avant-postes. Ainsi, il va privil\u00e9gier une passe vers Minamino (tout \u00e0 gauche) plut\u00f4t que de redoubler vers Caio Henrique qui ne s&rsquo;est pas encore d\u00e9fait de son vis-\u00e0-vis. En une touche de balle, au milieu de trois joueurs adverses, Diop trouve une bonne passe vers l&rsquo;avant et entame un mouvement qui va aboutir au premier but mon\u00e9gasque.<\/p>\n\n\n\n<figure class=\"wp-block-image size-large\"><img loading=\"lazy\" width=\"1024\" height=\"548\" src=\"https:\/\/www.ladiagonale.net\/wp-content\/uploads\/2023\/07\/projection-1-1024x548.png\" alt=\"\" class=\"wp-image-14361\" srcset=\"https:\/\/www.ladiagonale.net\/wp-content\/uploads\/2023\/07\/projection-1-1024x548.png 1024w, https:\/\/www.ladiagonale.net\/wp-content\/uploads\/2023\/07\/projection-1-300x160.png 300w, https:\/\/www.ladiagonale.net\/wp-content\/uploads\/2023\/07\/projection-1-768x411.png 768w, https:\/\/www.ladiagonale.net\/wp-content\/uploads\/2023\/07\/projection-1-1536x821.png 1536w, https:\/\/www.ladiagonale.net\/wp-content\/uploads\/2023\/07\/projection-1-128x68.png 128w, https:\/\/www.ladiagonale.net\/wp-content\/uploads\/2023\/07\/projection-1-32x17.png 32w, https:\/\/www.ladiagonale.net\/wp-content\/uploads\/2023\/07\/projection-1.png 1928w\" sizes=\"(max-width: 1024px) 100vw, 1024px\" \/><\/figure>\n\n\n\n<p>Si Diop n&rsquo;h\u00e9site pas \u00e0 jouer vertical, c&rsquo;est aussi tr\u00e8s rare qu&rsquo;il se contente de jouer de fa\u00e7on lat\u00e9rale ou en retrait, comme aurait tendance \u00e0 le faire majoritairement un Eliot Matazo. Sur les deux exemples suivants, on peut voir son aptitude \u00e0 jouer plus long avec des transversales qui restent pr\u00e9cises. <\/p>\n\n\n\n<figure class=\"wp-block-image size-large\"><img loading=\"lazy\" width=\"1024\" height=\"548\" src=\"https:\/\/www.ladiagonale.net\/wp-content\/uploads\/2023\/07\/Leeds-transversale-1-1024x548.png\" alt=\"\" class=\"wp-image-14381\" srcset=\"https:\/\/www.ladiagonale.net\/wp-content\/uploads\/2023\/07\/Leeds-transversale-1-1024x548.png 1024w, https:\/\/www.ladiagonale.net\/wp-content\/uploads\/2023\/07\/Leeds-transversale-1-300x160.png 300w, https:\/\/www.ladiagonale.net\/wp-content\/uploads\/2023\/07\/Leeds-transversale-1-768x411.png 768w, https:\/\/www.ladiagonale.net\/wp-content\/uploads\/2023\/07\/Leeds-transversale-1-1536x821.png 1536w, https:\/\/www.ladiagonale.net\/wp-content\/uploads\/2023\/07\/Leeds-transversale-1-128x68.png 128w, https:\/\/www.ladiagonale.net\/wp-content\/uploads\/2023\/07\/Leeds-transversale-1-32x17.png 32w, https:\/\/www.ladiagonale.net\/wp-content\/uploads\/2023\/07\/Leeds-transversale-1.png 1928w\" sizes=\"(max-width: 1024px) 100vw, 1024px\" \/><\/figure>\n\n\n\n<p class=\"has-white-color has-text-color has-background\" style=\"background-color:#303030;font-size:15px\">Ici, Diop a du temps car il n&rsquo;est pas press\u00e9 par l&rsquo;adversaire, mais cela ne l&#8217;emp\u00eache pas de jouer en limitant son nombre de touches \u00e0 deux. Il va ouvrir le jeu avec une longue transversale en direction de Kr\u00e9pin Diatta, d\u00e9marqu\u00e9. Le S\u00e9n\u00e9galais enverra ensuite un long centre pour la t\u00eate de Kevin Volland, ce qui permettra \u00e0 Monaco de doubler la mise.<\/p>\n\n\n\n<figure class=\"wp-block-image size-large\"><img loading=\"lazy\" width=\"1024\" height=\"548\" src=\"https:\/\/www.ladiagonale.net\/wp-content\/uploads\/2023\/07\/transversale-leeds-2-1-1024x548.png\" alt=\"\" class=\"wp-image-14383\" srcset=\"https:\/\/www.ladiagonale.net\/wp-content\/uploads\/2023\/07\/transversale-leeds-2-1-1024x548.png 1024w, https:\/\/www.ladiagonale.net\/wp-content\/uploads\/2023\/07\/transversale-leeds-2-1-300x160.png 300w, https:\/\/www.ladiagonale.net\/wp-content\/uploads\/2023\/07\/transversale-leeds-2-1-768x411.png 768w, https:\/\/www.ladiagonale.net\/wp-content\/uploads\/2023\/07\/transversale-leeds-2-1-1536x821.png 1536w, https:\/\/www.ladiagonale.net\/wp-content\/uploads\/2023\/07\/transversale-leeds-2-1-128x68.png 128w, https:\/\/www.ladiagonale.net\/wp-content\/uploads\/2023\/07\/transversale-leeds-2-1-32x17.png 32w, https:\/\/www.ladiagonale.net\/wp-content\/uploads\/2023\/07\/transversale-leeds-2-1.png 1928w\" sizes=\"(max-width: 1024px) 100vw, 1024px\" \/><\/figure>\n\n\n\n<p class=\"has-white-color has-text-color has-background\" style=\"background-color:#303030;font-size:15px\">Davantage press\u00e9 sur cette phase de jeu, Diop \u00e9carte imm\u00e9diatement sur la droite malgr\u00e9 la pr\u00e9sence d&rsquo;un joueur adverse face \u00e0 lui. Peu avare en efforts, il poursuit l&rsquo;action en remontant tout le terrain pour se positionner aux abords de la surface adverse et ainsi cr\u00e9er le surnombre.<\/p>\n\n\n\n<p>L&rsquo;intelligence que Diop manifeste dans l&rsquo;orientation du jeu, on la retrouve \u00e9galement dans les phases de pressing, o\u00f9 il fait preuve d&rsquo;un vrai sens de l&rsquo;anticipation. C&rsquo;est notamment \u00e0 la retomb\u00e9e d&rsquo;un corner qu&rsquo;il obtient un p\u00e9nalty contre Leeds et qui permettra \u00e0 l&rsquo;ASM de prendre l&rsquo;avantage. C&rsquo;est en interceptant une passe d&rsquo;un joueur du Betis qu&rsquo;il va se muer en passeur d\u00e9cisif pour Volland sur la deuxi\u00e8me r\u00e9alisation as\u00e9miste. <\/p>\n\n\n\n<figure class=\"wp-block-image size-large\"><img loading=\"lazy\" width=\"1024\" height=\"548\" src=\"https:\/\/www.ladiagonale.net\/wp-content\/uploads\/2023\/07\/interception-betis-1024x548.png\" alt=\"\" class=\"wp-image-14385\" srcset=\"https:\/\/www.ladiagonale.net\/wp-content\/uploads\/2023\/07\/interception-betis-1024x548.png 1024w, https:\/\/www.ladiagonale.net\/wp-content\/uploads\/2023\/07\/interception-betis-300x160.png 300w, https:\/\/www.ladiagonale.net\/wp-content\/uploads\/2023\/07\/interception-betis-768x411.png 768w, https:\/\/www.ladiagonale.net\/wp-content\/uploads\/2023\/07\/interception-betis-1536x821.png 1536w, https:\/\/www.ladiagonale.net\/wp-content\/uploads\/2023\/07\/interception-betis-128x68.png 128w, https:\/\/www.ladiagonale.net\/wp-content\/uploads\/2023\/07\/interception-betis-32x17.png 32w, https:\/\/www.ladiagonale.net\/wp-content\/uploads\/2023\/07\/interception-betis.png 1928w\" sizes=\"(max-width: 1024px) 100vw, 1024px\" \/><\/figure>\n\n\n\n<p class=\"has-white-color has-text-color has-background\" style=\"background-color:#303030;font-size:15px\">Ici, Diop est encore assez loin de son vis-\u00e0-vis, mais il se met vite en mouvement pour aller <em>a minima<\/em> presser. La passe mal assur\u00e9e et le manque d&rsquo;engagement du joueur du Betis pour r\u00e9ceptionner le ballon vont permettre \u00e0 Diop de l&rsquo;intercepter. Ensuite, son d\u00e9calage pour Volland am\u00e8nera le second but de l&rsquo;ASM dans cette rencontre.<\/p>\n\n\n\n<figure class=\"wp-block-image size-large\"><img loading=\"lazy\" width=\"1024\" height=\"548\" src=\"https:\/\/www.ladiagonale.net\/wp-content\/uploads\/2023\/07\/pressing-leeds-1024x548.png\" alt=\"\" class=\"wp-image-14387\" srcset=\"https:\/\/www.ladiagonale.net\/wp-content\/uploads\/2023\/07\/pressing-leeds-1024x548.png 1024w, https:\/\/www.ladiagonale.net\/wp-content\/uploads\/2023\/07\/pressing-leeds-300x160.png 300w, https:\/\/www.ladiagonale.net\/wp-content\/uploads\/2023\/07\/pressing-leeds-768x411.png 768w, https:\/\/www.ladiagonale.net\/wp-content\/uploads\/2023\/07\/pressing-leeds-1536x821.png 1536w, https:\/\/www.ladiagonale.net\/wp-content\/uploads\/2023\/07\/pressing-leeds-128x68.png 128w, https:\/\/www.ladiagonale.net\/wp-content\/uploads\/2023\/07\/pressing-leeds-32x17.png 32w, https:\/\/www.ladiagonale.net\/wp-content\/uploads\/2023\/07\/pressing-leeds.png 1928w\" sizes=\"(max-width: 1024px) 100vw, 1024px\" \/><\/figure>\n\n\n\n<p class=\"has-white-color has-text-color has-background\" style=\"background-color:#303030;font-size:15px\">Cette s\u00e9quence int\u00e9ressante d\u00e9montre une nouvelle fois la vision du jeu et le sens de l&rsquo;anticipation de Diop pour aller presser tr\u00e8s haut le milieu de terrain de Leeds Archie Gray, et ce m\u00eame s&rsquo;il vient de loin. Si ce n&rsquo;est pas lui r\u00e9cup\u00e8re le ballon, son pressing intense va g\u00eaner la relance anglaise et favoriser la r\u00e9cup\u00e9ration de Golovin juste derri\u00e8re.<\/p>\n\n\n\n<h2>L&rsquo;engagement d\u00e9fensif comme axe de progression<\/h2>\n\n\n\n<p>Bien s\u00fbr, il ne faut pas non plus penser que Diop est le joueur parfait et qu&rsquo;il n&rsquo;a pas de d\u00e9fauts. Les s\u00e9quences de pressing initi\u00e9es par le milieu de terrain sont int\u00e9ressantes, mais d&rsquo;autres montrent parfois que son empressement \u00e0 la t\u00e2che a d&rsquo;autres cons\u00e9quences et qu&rsquo;il est aussi important de veiller \u00e0 l&rsquo;\u00e9quilibre du bloc \u00e9quipe. Plus d&rsquo;une fois, le pressing haut des Mon\u00e9gasques lors de la partie contre Leeds a r\u00e9v\u00e9l\u00e9 un bloc coup\u00e9 en deux, avec un vrai \u00e9cart entre la ligne des d\u00e9fenseurs et celle des joueurs offensifs. <\/p>\n\n\n\n<figure class=\"wp-block-image size-large\"><img loading=\"lazy\" width=\"1024\" height=\"548\" src=\"https:\/\/www.ladiagonale.net\/wp-content\/uploads\/2023\/07\/pressing-leeds1-1-1024x548.png\" alt=\"\" class=\"wp-image-14389\" srcset=\"https:\/\/www.ladiagonale.net\/wp-content\/uploads\/2023\/07\/pressing-leeds1-1-1024x548.png 1024w, https:\/\/www.ladiagonale.net\/wp-content\/uploads\/2023\/07\/pressing-leeds1-1-300x160.png 300w, https:\/\/www.ladiagonale.net\/wp-content\/uploads\/2023\/07\/pressing-leeds1-1-768x411.png 768w, https:\/\/www.ladiagonale.net\/wp-content\/uploads\/2023\/07\/pressing-leeds1-1-1536x821.png 1536w, https:\/\/www.ladiagonale.net\/wp-content\/uploads\/2023\/07\/pressing-leeds1-1-128x68.png 128w, https:\/\/www.ladiagonale.net\/wp-content\/uploads\/2023\/07\/pressing-leeds1-1-32x17.png 32w, https:\/\/www.ladiagonale.net\/wp-content\/uploads\/2023\/07\/pressing-leeds1-1.png 1928w\" sizes=\"(max-width: 1024px) 100vw, 1024px\" \/><\/figure>\n\n\n\n<p class=\"has-white-color has-text-color has-background\" style=\"background-color:#303030;font-size:15px\">Pour aller presser tr\u00e8s haut le porteur du ballon, Diop lib\u00e8re une zone tr\u00e8s grande dans son dos dans laquelle deux joueurs adverses sont esseul\u00e9s. Si le ballon n&rsquo;est pas intercept\u00e9, le bloc adverse aura l&rsquo;occasion de se projeter facilement vers l&rsquo;avant, ce qui sera le cas.<\/p>\n\n\n\n<p>S&rsquo;il se montre g\u00e9n\u00e9reux dans ses efforts et multiplie les courses de replacement, il doit encore progresser sur ce domaine et dans la couverture d\u00e9fensive. Dans le 3-4-2-1 d&rsquo;Adi H\u00fctter, le double pivot du milieu de terrain a une fonction cl\u00e9 dans l&rsquo;\u00e9quilibre de l&rsquo;\u00e9quipe et dans les t\u00e2ches d\u00e9fensives. Le jeu pr\u00f4n\u00e9 par l&rsquo;Autrichien et sa volont\u00e9 de presser haut pour r\u00e9cup\u00e9rer vite la balle demande de nombreux efforts, surtout pour ensuite revenir dans les zones si le pressing est contourn\u00e9. <\/p>\n\n\n\n<figure class=\"wp-block-image size-large\"><img loading=\"lazy\" width=\"1024\" height=\"548\" src=\"https:\/\/www.ladiagonale.net\/wp-content\/uploads\/2023\/07\/but-cercle-1024x548.png\" alt=\"\" class=\"wp-image-14392\" srcset=\"https:\/\/www.ladiagonale.net\/wp-content\/uploads\/2023\/07\/but-cercle-1024x548.png 1024w, https:\/\/www.ladiagonale.net\/wp-content\/uploads\/2023\/07\/but-cercle-300x160.png 300w, https:\/\/www.ladiagonale.net\/wp-content\/uploads\/2023\/07\/but-cercle-768x411.png 768w, https:\/\/www.ladiagonale.net\/wp-content\/uploads\/2023\/07\/but-cercle-1536x821.png 1536w, https:\/\/www.ladiagonale.net\/wp-content\/uploads\/2023\/07\/but-cercle-128x68.png 128w, https:\/\/www.ladiagonale.net\/wp-content\/uploads\/2023\/07\/but-cercle-32x17.png 32w, https:\/\/www.ladiagonale.net\/wp-content\/uploads\/2023\/07\/but-cercle.png 1928w\" sizes=\"(max-width: 1024px) 100vw, 1024px\" \/><\/figure>\n\n\n\n<p class=\"has-white-color has-text-color has-background\" style=\"background-color:#303030;font-size:15px\">Sur le second but inscrit par le Cercle Bruges face \u00e0 l&rsquo;ASM, Diop suit de trop loin Somers qui a du champ pour ensuite se retrouver face \u00e0 Lienard. En anticipant davantage, Diop aurait pu coller un peu plus l&rsquo;attaquant brugeois et potentiellement le g\u00eaner sur sa frappe.<\/p>\n\n\n\n<p>Si l&rsquo;on peut noter une qualit\u00e9 sup\u00e9rieure dans l&rsquo;orientation du jeu par rapport \u00e0 d&rsquo;autres milieux de terrains qui composent l&rsquo;effectif, Diop accuse un certain retard pour ce qui est de l&rsquo;engagement au duel et \u00e0 la r\u00e9cup\u00e9ration, le plus souvent compens\u00e9 par sa mobilit\u00e9 et un bon positionnement qui limite les possibilit\u00e9s de passes adverses. Il appara\u00eet n\u00e9cessaire de pr\u00e9ciser qu&rsquo;il s&rsquo;agit de matchs amicaux et que la pression et l&rsquo;intensit\u00e9 sont moindres qu&rsquo;en comp\u00e9tition, mais la diff\u00e9rence avec un Fofana \u00e0 ses c\u00f4t\u00e9s, plus incisif au duel et beaucoup plus rapidement dans les bonnes zones pour intervenir, montre le chemin \u00e0 parcourir encore pour Edan Diop dans ce registre. La dimension athl\u00e9tique sera \u00e9galement un point essentiel car le physique du milieu de terrain reste celui d&rsquo;un tr\u00e8s jeune joueur qui doit encore prendre de l&rsquo;\u00e9paisseur.<\/p>\n\n\n\n<h2>S\u2019installer au plus vite \u00e0 un poste<\/h2>\n\n\n\n<p>Si la polyvalence d\u2019un joueur de foot peut-\u00eatre mis \u00e0 son cr\u00e9dit, parce qu\u2019elle r\u00e9v\u00e8le une certaine capacit\u00e9 d\u2019adaptation ainsi qu\u2019une forme d\u2019intelligence, elle peut aussi le desservir. Bien des ann\u00e9es plus t\u00f4t, Claude Puel estimait pendant ses ann\u00e9es mon\u00e9gasques (1979-1997) qu\u2019avoir \u00e9t\u00e9 trimball\u00e9 entre la d\u00e9fense et le milieu lui avait certainement jou\u00e9 des tours : \u00ab\u00a0<em>Le Puel de l\u2019\u00e9poque \u00e9tait devenu titulaire en club et chez les Espoirs fran\u00e7ais gr\u00e2ce \u00e0 ses facult\u00e9s de r\u00e9cup\u00e9ration et d\u2019endurance mais aussi \u00e0 sa polyvalence, dont je puis dire finalement qu\u2019elle m\u2019a desservi. En effet, je n\u2019ai r\u00e9ellement progress\u00e9 et m\u00fbri que lorsque je me suis fix\u00e9 en num\u00e9ro 6, \u00e0 l\u2019\u00e2ge de vingt-six, vingt-sept ans.<\/em>\u00a0\u00bb<\/p>\n\n\n\n<p>Edan Diop n&rsquo;a que 19 ans et il semble aujourd&rsquo;hui plus important pour lui de pouvoir gagner sensiblement du temps de jeu, quel que soit sa position sur le rectangle vert. Mais pour sa progression personnelle, il sera aussi indispensable qu&rsquo;il puisse \u00eatre fix\u00e9 rapidement \u00e0 un poste pour pouvoir acqu\u00e9rir les automatismes li\u00e9s \u00e0 celui-ci. Quoi qu\u2019il en soit, face \u00e0 un Camara qui n&rsquo;affiche pas de solides garanties balle au pied ou un Matazo tr\u00e8s prudent dans ce domaine et dont la progression n&rsquo;est pas si \u00e9vidente depuis deux saisons, Diop a des arguments pour tirer son \u00e9pingle du jeu. <\/p>\n\n\n\n<p>Il est peu probable de le voir briguer une place de titulaire face \u00e0 Camara ou Fofana, ou bien son rempla\u00e7ant, puisqu&rsquo;il para\u00eet difficile de croire que ce dernier sera encore mon\u00e9gasque cette saison, m\u00eame si les clubs ne semblent pas se bousculer au portillon. Mais pour ce qui est de la rotation, Diop peut venir bousculer la hi\u00e9rarchie afin d&rsquo;apporter une touche plus technique dans le c\u0153ur du jeu, ce dont Monaco a cruellement manqu\u00e9 la saison derni\u00e8re. <\/p>\n\n\n\n<p>Photo : <em>AS Monaco<\/em><\/p>\n\n\n\n<p>Captures de matches : <em>Youtube AS Monaco et Cercle Bruges<\/em><\/p>\n","protected":false},"excerpt":{"rendered":"<p>Son talent est sans doute moins flamboyant et moins \u00e9clatant que celui d\u2019Eliesse Ben Seghir, mais il n\u2019en est pas moins pr\u00e9cieux. La saison pass\u00e9e, Edan Diop a lui aussi fait son entr\u00e9e dans le monde des professionnels. Plus discr\u00e8tement. Mais les premiers matchs de la pr\u00e9saison semblent indiquer qu&rsquo;il peut s&rsquo;installer plus durablement dans [&#8230;]\n","protected":false},"author":2,"featured_media":14350,"comment_status":"open","ping_status":"open","sticky":false,"template":"","format":"standard","meta":[],"categories":[5,6],"tags":[416,86,80,417],"yoast_head":"<!-- This site is optimized with the Yoast SEO plugin v19.8 - https:\/\/yoast.com\/wordpress\/plugins\/seo\/ -->\n<title>Diop, l&#039;axe du bien - La Diagonale<\/title>\n<meta name=\"robots\" content=\"index, follow, max-snippet:-1, max-image-preview:large, max-video-preview:-1\" \/>\n<link rel=\"canonical\" href=\"https:\/\/www.ladiagonale.net\/index.php\/2023\/07\/26\/diop-laxe-du-bien\/\" \/>\n<meta property=\"og:locale\" content=\"fr_FR\" \/>\n<meta property=\"og:type\" content=\"article\" \/>\n<meta property=\"og:title\" content=\"Diop, l&#039;axe du bien - La Diagonale\" \/>\n<meta property=\"og:description\" content=\"Son talent est sans doute moins flamboyant et moins \u00e9clatant que celui d\u2019Eliesse Ben Seghir, mais il n\u2019en est pas moins pr\u00e9cieux. La saison pass\u00e9e, Edan Diop a lui aussi fait son entr\u00e9e dans le monde des professionnels. Plus discr\u00e8tement. Mais les premiers matchs de la pr\u00e9saison semblent indiquer qu&rsquo;il peut s&rsquo;installer plus durablement dans [...]\" \/>\n<meta property=\"og:url\" content=\"https:\/\/www.ladiagonale.net\/index.php\/2023\/07\/26\/diop-laxe-du-bien\/\" \/>\n<meta property=\"og:site_name\" content=\"La Diagonale\" \/>\n<meta property=\"article:published_time\" content=\"2023-07-26T13:40:45+00:00\" \/>\n<meta property=\"article:modified_time\" content=\"2023-07-26T13:40:51+00:00\" \/>\n<meta property=\"og:image\" content=\"https:\/\/www.ladiagonale.net\/wp-content\/uploads\/2023\/07\/diop-1.png\" \/>\n\t<meta property=\"og:image:width\" content=\"1160\" \/>\n\t<meta property=\"og:image:height\" content=\"650\" \/>\n\t<meta property=\"og:image:type\" content=\"image\/png\" \/>\n<meta name=\"author\" content=\"Damien Dellerba\" \/>\n<meta name=\"twitter:card\" content=\"summary_large_image\" \/>\n<meta name=\"twitter:image\" content=\"https:\/\/www.ladiagonale.net\/wp-content\/uploads\/2023\/07\/diop-1.png\" \/>\n<meta name=\"twitter:label1\" content=\"\u00c9crit par\" \/>\n\t<meta name=\"twitter:data1\" content=\"Damien Dellerba\" \/>\n\t<meta name=\"twitter:label2\" content=\"Dur\u00e9e de lecture estim\u00e9e\" \/>\n\t<meta name=\"twitter:data2\" content=\"14 minutes\" \/>\n<script type=\"application\/ld+json\" class=\"yoast-schema-graph\">{\"@context\":\"https:\/\/schema.org\",\"@graph\":[{\"@type\":\"WebPage\",\"@id\":\"https:\/\/www.ladiagonale.net\/index.php\/2023\/07\/26\/diop-laxe-du-bien\/\",\"url\":\"https:\/\/www.ladiagonale.net\/index.php\/2023\/07\/26\/diop-laxe-du-bien\/\",\"name\":\"Diop, l'axe du bien - La Diagonale\",\"isPartOf\":{\"@id\":\"https:\/\/www.ladiagonale.net\/#website\"},\"datePublished\":\"2023-07-26T13:40:45+00:00\",\"dateModified\":\"2023-07-26T13:40:51+00:00\",\"author\":{\"@id\":\"https:\/\/www.ladiagonale.net\/#\/schema\/person\/79ff1e7b0853ed01b2aa26e64ad300bf\"},\"breadcrumb\":{\"@id\":\"https:\/\/www.ladiagonale.net\/index.php\/2023\/07\/26\/diop-laxe-du-bien\/#breadcrumb\"},\"inLanguage\":\"fr-FR\",\"potentialAction\":[{\"@type\":\"ReadAction\",\"target\":[\"https:\/\/www.ladiagonale.net\/index.php\/2023\/07\/26\/diop-laxe-du-bien\/\"]}]},{\"@type\":\"BreadcrumbList\",\"@id\":\"https:\/\/www.ladiagonale.net\/index.php\/2023\/07\/26\/diop-laxe-du-bien\/#breadcrumb\",\"itemListElement\":[{\"@type\":\"ListItem\",\"position\":1,\"name\":\"Accueil\",\"item\":\"https:\/\/www.ladiagonale.net\/\"},{\"@type\":\"ListItem\",\"position\":2,\"name\":\"Diop, l&rsquo;axe du bien\"}]},{\"@type\":\"WebSite\",\"@id\":\"https:\/\/www.ladiagonale.net\/#website\",\"url\":\"https:\/\/www.ladiagonale.net\/\",\"name\":\"La Diagonale\",\"description\":\"Le site des supporters de l&#039;AS Monaco FC\",\"potentialAction\":[{\"@type\":\"SearchAction\",\"target\":{\"@type\":\"EntryPoint\",\"urlTemplate\":\"https:\/\/www.ladiagonale.net\/?s={search_term_string}\"},\"query-input\":\"required name=search_term_string\"}],\"inLanguage\":\"fr-FR\"},{\"@type\":\"Person\",\"@id\":\"https:\/\/www.ladiagonale.net\/#\/schema\/person\/79ff1e7b0853ed01b2aa26e64ad300bf\",\"name\":\"Damien Dellerba\",\"image\":{\"@type\":\"ImageObject\",\"inLanguage\":\"fr-FR\",\"@id\":\"https:\/\/www.ladiagonale.net\/#\/schema\/person\/image\/\",\"url\":\"https:\/\/secure.gravatar.com\/avatar\/c7850e06d3ff63cdbaee88b7fc16e2f0?s=96&d=mm&r=g\",\"contentUrl\":\"https:\/\/secure.gravatar.com\/avatar\/c7850e06d3ff63cdbaee88b7fc16e2f0?s=96&d=mm&r=g\",\"caption\":\"Damien Dellerba\"},\"url\":\"https:\/\/www.ladiagonale.net\/index.php\/author\/damien\/\"}]}<\/script>\n<!-- \/ Yoast SEO plugin. -->","yoast_head_json":{"title":"Diop, l'axe du bien - La Diagonale","robots":{"index":"index","follow":"follow","max-snippet":"max-snippet:-1","max-image-preview":"max-image-preview:large","max-video-preview":"max-video-preview:-1"},"canonical":"https:\/\/www.ladiagonale.net\/index.php\/2023\/07\/26\/diop-laxe-du-bien\/","og_locale":"fr_FR","og_type":"article","og_title":"Diop, l'axe du bien - La Diagonale","og_description":"Son talent est sans doute moins flamboyant et moins \u00e9clatant que celui d\u2019Eliesse Ben Seghir, mais il n\u2019en est pas moins pr\u00e9cieux. La saison pass\u00e9e, Edan Diop a lui aussi fait son entr\u00e9e dans le monde des professionnels. Plus discr\u00e8tement. Mais les premiers matchs de la pr\u00e9saison semblent indiquer qu&rsquo;il peut s&rsquo;installer plus durablement dans [...]","og_url":"https:\/\/www.ladiagonale.net\/index.php\/2023\/07\/26\/diop-laxe-du-bien\/","og_site_name":"La Diagonale","article_published_time":"2023-07-26T13:40:45+00:00","article_modified_time":"2023-07-26T13:40:51+00:00","og_image":[{"width":1160,"height":650,"url":"https:\/\/www.ladiagonale.net\/wp-content\/uploads\/2023\/07\/diop-1.png","type":"image\/png"}],"author":"Damien Dellerba","twitter_card":"summary_large_image","twitter_image":"https:\/\/www.ladiagonale.net\/wp-content\/uploads\/2023\/07\/diop-1.png","twitter_misc":{"\u00c9crit par":"Damien Dellerba","Dur\u00e9e de lecture estim\u00e9e":"14 minutes"},"schema":{"@context":"https:\/\/schema.org","@graph":[{"@type":"WebPage","@id":"https:\/\/www.ladiagonale.net\/index.php\/2023\/07\/26\/diop-laxe-du-bien\/","url":"https:\/\/www.ladiagonale.net\/index.php\/2023\/07\/26\/diop-laxe-du-bien\/","name":"Diop, l'axe du bien - La Diagonale","isPartOf":{"@id":"https:\/\/www.ladiagonale.net\/#website"},"datePublished":"2023-07-26T13:40:45+00:00","dateModified":"2023-07-26T13:40:51+00:00","author":{"@id":"https:\/\/www.ladiagonale.net\/#\/schema\/person\/79ff1e7b0853ed01b2aa26e64ad300bf"},"breadcrumb":{"@id":"https:\/\/www.ladiagonale.net\/index.php\/2023\/07\/26\/diop-laxe-du-bien\/#breadcrumb"},"inLanguage":"fr-FR","potentialAction":[{"@type":"ReadAction","target":["https:\/\/www.ladiagonale.net\/index.php\/2023\/07\/26\/diop-laxe-du-bien\/"]}]},{"@type":"BreadcrumbList","@id":"https:\/\/www.ladiagonale.net\/index.php\/2023\/07\/26\/diop-laxe-du-bien\/#breadcrumb","itemListElement":[{"@type":"ListItem","position":1,"name":"Accueil","item":"https:\/\/www.ladiagonale.net\/"},{"@type":"ListItem","position":2,"name":"Diop, l&rsquo;axe du bien"}]},{"@type":"WebSite","@id":"https:\/\/www.ladiagonale.net\/#website","url":"https:\/\/www.ladiagonale.net\/","name":"La Diagonale","description":"Le site des supporters de l&#039;AS Monaco FC","potentialAction":[{"@type":"SearchAction","target":{"@type":"EntryPoint","urlTemplate":"https:\/\/www.ladiagonale.net\/?s={search_term_string}"},"query-input":"required name=search_term_string"}],"inLanguage":"fr-FR"},{"@type":"Person","@id":"https:\/\/www.ladiagonale.net\/#\/schema\/person\/79ff1e7b0853ed01b2aa26e64ad300bf","name":"Damien Dellerba","image":{"@type":"ImageObject","inLanguage":"fr-FR","@id":"https:\/\/www.ladiagonale.net\/#\/schema\/person\/image\/","url":"https:\/\/secure.gravatar.com\/avatar\/c7850e06d3ff63cdbaee88b7fc16e2f0?s=96&d=mm&r=g","contentUrl":"https:\/\/secure.gravatar.com\/avatar\/c7850e06d3ff63cdbaee88b7fc16e2f0?s=96&d=mm&r=g","caption":"Damien Dellerba"},"url":"https:\/\/www.ladiagonale.net\/index.php\/author\/damien\/"}]}},"_links":{"self":[{"href":"https:\/\/www.ladiagonale.net\/index.php\/wp-json\/wp\/v2\/posts\/14349"}],"collection":[{"href":"https:\/\/www.ladiagonale.net\/index.php\/wp-json\/wp\/v2\/posts"}],"about":[{"href":"https:\/\/www.ladiagonale.net\/index.php\/wp-json\/wp\/v2\/types\/post"}],"author":[{"embeddable":true,"href":"https:\/\/www.ladiagonale.net\/index.php\/wp-json\/wp\/v2\/users\/2"}],"replies":[{"embeddable":true,"href":"https:\/\/www.ladiagonale.net\/index.php\/wp-json\/wp\/v2\/comments?post=14349"}],"version-history":[{"count":24,"href":"https:\/\/www.ladiagonale.net\/index.php\/wp-json\/wp\/v2\/posts\/14349\/revisions"}],"predecessor-version":[{"id":14399,"href":"https:\/\/www.ladiagonale.net\/index.php\/wp-json\/wp\/v2\/posts\/14349\/revisions\/14399"}],"wp:featuredmedia":[{"embeddable":true,"href":"https:\/\/www.ladiagonale.net\/index.php\/wp-json\/wp\/v2\/media\/14350"}],"wp:attachment":[{"href":"https:\/\/www.ladiagonale.net\/index.php\/wp-json\/wp\/v2\/media?parent=14349"}],"wp:term":[{"taxonomy":"category","embeddable":true,"href":"https:\/\/www.ladiagonale.net\/index.php\/wp-json\/wp\/v2\/categories?post=14349"},{"taxonomy":"post_tag","embeddable":true,"href":"https:\/\/www.ladiagonale.net\/index.php\/wp-json\/wp\/v2\/tags?post=14349"}],"curies":[{"name":"wp","href":"https:\/\/api.w.org\/{rel}","templated":true}]}}