{"id":14354,"date":"2023-07-25T20:46:35","date_gmt":"2023-07-25T18:46:35","guid":{"rendered":"https:\/\/www.ladiagonale.net\/?p=14354"},"modified":"2023-07-25T20:46:39","modified_gmt":"2023-07-25T18:46:39","slug":"monaco-aurait-transmis-une-offre-pour-zakaria","status":"publish","type":"post","link":"https:\/\/www.ladiagonale.net\/index.php\/2023\/07\/25\/monaco-aurait-transmis-une-offre-pour-zakaria\/","title":{"rendered":"Monaco aurait transmis une offre pour Zakaria"},"content":{"rendered":"\n\n\n<p>L&rsquo;AS Monaco serait en qu\u00eate d&rsquo;un milieu de terrain et aurait transmis une premi\u00e8re offre \u00e0 celui de la Juventus, Denis Zakaria, selon le journaliste italien Fabrizio Romano. L&rsquo;international suisse (49 s\u00e9lections) serait m\u00eame la priorit\u00e9 pour le club de la Principaut\u00e9 \u00e0 ce poste, indique Romano. Ce ne serait pas forc\u00e9ment le cas du joueur, dont le contrat expire en juin 2026, puisqu&rsquo;il disposerait de plusieurs options. West Ham, notamment, serait d\u00e9j\u00e0 entr\u00e9 en n\u00e9gociations avec la Juventus.<\/p>\n\n\n\n<p>\u00c2g\u00e9 de 26 ans, l&rsquo;athl\u00e9tique milieu d\u00e9fensif conna\u00eet bien Adi H\u00fctter, qui l&rsquo;a eu sous ses ordres aux Young Boys de Berne, entre 2015 et 2017, et au Borussia M\u00f6nchengladbach, lors de six premiers mois de la saison 2021-2022. Zakaria a ensuite rejoint la Juventus \u00e0 l&rsquo;hiver 2022, o\u00f9 il a peu jou\u00e9 (15 matchs). La saison derni\u00e8re, il a \u00e9t\u00e9 pr\u00eat\u00e9 \u00e0 Chelsea, mais n&rsquo;a toutefois disput\u00e9 que 13 rencontres. <\/p>\n","protected":false},"excerpt":{"rendered":"<p>L&rsquo;AS Monaco serait en qu\u00eate d&rsquo;un milieu de terrain et aurait transmis une premi\u00e8re offre \u00e0 celui de la Juventus, Denis Zakaria, selon le journaliste italien Fabrizio Romano. L&rsquo;international suisse (49 s\u00e9lections) serait m\u00eame la priorit\u00e9 pour le club de la Principaut\u00e9 \u00e0 ce poste, indique Romano. Ce ne serait pas forc\u00e9ment le cas du [&#8230;]\n","protected":false},"author":2,"featured_media":0,"comment_status":"open","ping_status":"open","sticky":false,"template":"","format":"standard","meta":[],"categories":[6],"tags":[86,631,632,111,110],"yoast_head":"<!-- This site is optimized with the Yoast SEO plugin v19.8 - https:\/\/yoast.com\/wordpress\/plugins\/seo\/ -->\n<title>Monaco aurait transmis une offre pour Zakaria - La Diagonale<\/title>\n<meta name=\"robots\" content=\"index, follow, max-snippet:-1, max-image-preview:large, max-video-preview:-1\" \/>\n<link rel=\"canonical\" href=\"https:\/\/www.ladiagonale.net\/index.php\/2023\/07\/25\/monaco-aurait-transmis-une-offre-pour-zakaria\/\" \/>\n<meta property=\"og:locale\" content=\"fr_FR\" \/>\n<meta property=\"og:type\" content=\"article\" \/>\n<meta property=\"og:title\" content=\"Monaco aurait transmis une offre pour Zakaria - La Diagonale\" \/>\n<meta property=\"og:description\" content=\"L&rsquo;AS Monaco serait en qu\u00eate d&rsquo;un milieu de terrain et aurait transmis une premi\u00e8re offre \u00e0 celui de la Juventus, Denis Zakaria, selon le journaliste italien Fabrizio Romano. L&rsquo;international suisse (49 s\u00e9lections) serait m\u00eame la priorit\u00e9 pour le club de la Principaut\u00e9 \u00e0 ce poste, indique Romano. Ce ne serait pas forc\u00e9ment le cas du [...]\" \/>\n<meta property=\"og:url\" content=\"https:\/\/www.ladiagonale.net\/index.php\/2023\/07\/25\/monaco-aurait-transmis-une-offre-pour-zakaria\/\" \/>\n<meta property=\"og:site_name\" content=\"La Diagonale\" \/>\n<meta property=\"article:published_time\" content=\"2023-07-25T18:46:35+00:00\" \/>\n<meta property=\"article:modified_time\" content=\"2023-07-25T18:46:39+00:00\" \/>\n<meta property=\"og:image\" content=\"https:\/\/www.ladiagonale.net\/wp-content\/uploads\/2023\/07\/zakaria.png\" \/>\n\t<meta property=\"og:image:width\" content=\"1160\" \/>\n\t<meta property=\"og:image:height\" content=\"650\" \/>\n\t<meta property=\"og:image:type\" content=\"image\/png\" \/>\n<meta name=\"author\" content=\"Damien Dellerba\" \/>\n<meta name=\"twitter:card\" content=\"summary_large_image\" \/>\n<meta name=\"twitter:image\" content=\"https:\/\/www.ladiagonale.net\/wp-content\/uploads\/2023\/07\/zakaria.png\" \/>\n<meta name=\"twitter:label1\" content=\"\u00c9crit par\" \/>\n\t<meta name=\"twitter:data1\" content=\"Damien Dellerba\" \/>\n\t<meta name=\"twitter:label2\" content=\"Dur\u00e9e de lecture estim\u00e9e\" \/>\n\t<meta name=\"twitter:data2\" content=\"1 minute\" \/>\n<script type=\"application\/ld+json\" class=\"yoast-schema-graph\">{\"@context\":\"https:\/\/schema.org\",\"@graph\":[{\"@type\":\"WebPage\",\"@id\":\"https:\/\/www.ladiagonale.net\/index.php\/2023\/07\/25\/monaco-aurait-transmis-une-offre-pour-zakaria\/\",\"url\":\"https:\/\/www.ladiagonale.net\/index.php\/2023\/07\/25\/monaco-aurait-transmis-une-offre-pour-zakaria\/\",\"name\":\"Monaco aurait transmis une offre pour Zakaria - La Diagonale\",\"isPartOf\":{\"@id\":\"https:\/\/www.ladiagonale.net\/#website\"},\"datePublished\":\"2023-07-25T18:46:35+00:00\",\"dateModified\":\"2023-07-25T18:46:39+00:00\",\"author\":{\"@id\":\"https:\/\/www.ladiagonale.net\/#\/schema\/person\/79ff1e7b0853ed01b2aa26e64ad300bf\"},\"breadcrumb\":{\"@id\":\"https:\/\/www.ladiagonale.net\/index.php\/2023\/07\/25\/monaco-aurait-transmis-une-offre-pour-zakaria\/#breadcrumb\"},\"inLanguage\":\"fr-FR\",\"potentialAction\":[{\"@type\":\"ReadAction\",\"target\":[\"https:\/\/www.ladiagonale.net\/index.php\/2023\/07\/25\/monaco-aurait-transmis-une-offre-pour-zakaria\/\"]}]},{\"@type\":\"BreadcrumbList\",\"@id\":\"https:\/\/www.ladiagonale.net\/index.php\/2023\/07\/25\/monaco-aurait-transmis-une-offre-pour-zakaria\/#breadcrumb\",\"itemListElement\":[{\"@type\":\"ListItem\",\"position\":1,\"name\":\"Accueil\",\"item\":\"https:\/\/www.ladiagonale.net\/\"},{\"@type\":\"ListItem\",\"position\":2,\"name\":\"Monaco aurait transmis une offre pour Zakaria\"}]},{\"@type\":\"WebSite\",\"@id\":\"https:\/\/www.ladiagonale.net\/#website\",\"url\":\"https:\/\/www.ladiagonale.net\/\",\"name\":\"La Diagonale\",\"description\":\"Le site des supporters de l&#039;AS Monaco FC\",\"potentialAction\":[{\"@type\":\"SearchAction\",\"target\":{\"@type\":\"EntryPoint\",\"urlTemplate\":\"https:\/\/www.ladiagonale.net\/?s={search_term_string}\"},\"query-input\":\"required name=search_term_string\"}],\"inLanguage\":\"fr-FR\"},{\"@type\":\"Person\",\"@id\":\"https:\/\/www.ladiagonale.net\/#\/schema\/person\/79ff1e7b0853ed01b2aa26e64ad300bf\",\"name\":\"Damien Dellerba\",\"image\":{\"@type\":\"ImageObject\",\"inLanguage\":\"fr-FR\",\"@id\":\"https:\/\/www.ladiagonale.net\/#\/schema\/person\/image\/\",\"url\":\"https:\/\/secure.gravatar.com\/avatar\/c7850e06d3ff63cdbaee88b7fc16e2f0?s=96&d=mm&r=g\",\"contentUrl\":\"https:\/\/secure.gravatar.com\/avatar\/c7850e06d3ff63cdbaee88b7fc16e2f0?s=96&d=mm&r=g\",\"caption\":\"Damien Dellerba\"},\"url\":\"https:\/\/www.ladiagonale.net\/index.php\/author\/damien\/\"}]}<\/script>\n<!-- \/ Yoast SEO plugin. -->","yoast_head_json":{"title":"Monaco aurait transmis une offre pour Zakaria - La Diagonale","robots":{"index":"index","follow":"follow","max-snippet":"max-snippet:-1","max-image-preview":"max-image-preview:large","max-video-preview":"max-video-preview:-1"},"canonical":"https:\/\/www.ladiagonale.net\/index.php\/2023\/07\/25\/monaco-aurait-transmis-une-offre-pour-zakaria\/","og_locale":"fr_FR","og_type":"article","og_title":"Monaco aurait transmis une offre pour Zakaria - La Diagonale","og_description":"L&rsquo;AS Monaco serait en qu\u00eate d&rsquo;un milieu de terrain et aurait transmis une premi\u00e8re offre \u00e0 celui de la Juventus, Denis Zakaria, selon le journaliste italien Fabrizio Romano. L&rsquo;international suisse (49 s\u00e9lections) serait m\u00eame la priorit\u00e9 pour le club de la Principaut\u00e9 \u00e0 ce poste, indique Romano. Ce ne serait pas forc\u00e9ment le cas du [...]","og_url":"https:\/\/www.ladiagonale.net\/index.php\/2023\/07\/25\/monaco-aurait-transmis-une-offre-pour-zakaria\/","og_site_name":"La Diagonale","article_published_time":"2023-07-25T18:46:35+00:00","article_modified_time":"2023-07-25T18:46:39+00:00","og_image":[{"width":1160,"height":650,"url":"https:\/\/www.ladiagonale.net\/wp-content\/uploads\/2023\/07\/zakaria.png","type":"image\/png"}],"author":"Damien Dellerba","twitter_card":"summary_large_image","twitter_image":"https:\/\/www.ladiagonale.net\/wp-content\/uploads\/2023\/07\/zakaria.png","twitter_misc":{"\u00c9crit par":"Damien Dellerba","Dur\u00e9e de lecture estim\u00e9e":"1 minute"},"schema":{"@context":"https:\/\/schema.org","@graph":[{"@type":"WebPage","@id":"https:\/\/www.ladiagonale.net\/index.php\/2023\/07\/25\/monaco-aurait-transmis-une-offre-pour-zakaria\/","url":"https:\/\/www.ladiagonale.net\/index.php\/2023\/07\/25\/monaco-aurait-transmis-une-offre-pour-zakaria\/","name":"Monaco aurait transmis une offre pour Zakaria - La Diagonale","isPartOf":{"@id":"https:\/\/www.ladiagonale.net\/#website"},"datePublished":"2023-07-25T18:46:35+00:00","dateModified":"2023-07-25T18:46:39+00:00","author":{"@id":"https:\/\/www.ladiagonale.net\/#\/schema\/person\/79ff1e7b0853ed01b2aa26e64ad300bf"},"breadcrumb":{"@id":"https:\/\/www.ladiagonale.net\/index.php\/2023\/07\/25\/monaco-aurait-transmis-une-offre-pour-zakaria\/#breadcrumb"},"inLanguage":"fr-FR","potentialAction":[{"@type":"ReadAction","target":["https:\/\/www.ladiagonale.net\/index.php\/2023\/07\/25\/monaco-aurait-transmis-une-offre-pour-zakaria\/"]}]},{"@type":"BreadcrumbList","@id":"https:\/\/www.ladiagonale.net\/index.php\/2023\/07\/25\/monaco-aurait-transmis-une-offre-pour-zakaria\/#breadcrumb","itemListElement":[{"@type":"ListItem","position":1,"name":"Accueil","item":"https:\/\/www.ladiagonale.net\/"},{"@type":"ListItem","position":2,"name":"Monaco aurait transmis une offre pour Zakaria"}]},{"@type":"WebSite","@id":"https:\/\/www.ladiagonale.net\/#website","url":"https:\/\/www.ladiagonale.net\/","name":"La Diagonale","description":"Le site des supporters de l&#039;AS Monaco FC","potentialAction":[{"@type":"SearchAction","target":{"@type":"EntryPoint","urlTemplate":"https:\/\/www.ladiagonale.net\/?s={search_term_string}"},"query-input":"required name=search_term_string"}],"inLanguage":"fr-FR"},{"@type":"Person","@id":"https:\/\/www.ladiagonale.net\/#\/schema\/person\/79ff1e7b0853ed01b2aa26e64ad300bf","name":"Damien Dellerba","image":{"@type":"ImageObject","inLanguage":"fr-FR","@id":"https:\/\/www.ladiagonale.net\/#\/schema\/person\/image\/","url":"https:\/\/secure.gravatar.com\/avatar\/c7850e06d3ff63cdbaee88b7fc16e2f0?s=96&d=mm&r=g","contentUrl":"https:\/\/secure.gravatar.com\/avatar\/c7850e06d3ff63cdbaee88b7fc16e2f0?s=96&d=mm&r=g","caption":"Damien Dellerba"},"url":"https:\/\/www.ladiagonale.net\/index.php\/author\/damien\/"}]}},"_links":{"self":[{"href":"https:\/\/www.ladiagonale.net\/index.php\/wp-json\/wp\/v2\/posts\/14354"}],"collection":[{"href":"https:\/\/www.ladiagonale.net\/index.php\/wp-json\/wp\/v2\/posts"}],"about":[{"href":"https:\/\/www.ladiagonale.net\/index.php\/wp-json\/wp\/v2\/types\/post"}],"author":[{"embeddable":true,"href":"https:\/\/www.ladiagonale.net\/index.php\/wp-json\/wp\/v2\/users\/2"}],"replies":[{"embeddable":true,"href":"https:\/\/www.ladiagonale.net\/index.php\/wp-json\/wp\/v2\/comments?post=14354"}],"version-history":[{"count":1,"href":"https:\/\/www.ladiagonale.net\/index.php\/wp-json\/wp\/v2\/posts\/14354\/revisions"}],"predecessor-version":[{"id":14356,"href":"https:\/\/www.ladiagonale.net\/index.php\/wp-json\/wp\/v2\/posts\/14354\/revisions\/14356"}],"wp:attachment":[{"href":"https:\/\/www.ladiagonale.net\/index.php\/wp-json\/wp\/v2\/media?parent=14354"}],"wp:term":[{"taxonomy":"category","embeddable":true,"href":"https:\/\/www.ladiagonale.net\/index.php\/wp-json\/wp\/v2\/categories?post=14354"},{"taxonomy":"post_tag","embeddable":true,"href":"https:\/\/www.ladiagonale.net\/index.php\/wp-json\/wp\/v2\/tags?post=14354"}],"curies":[{"name":"wp","href":"https:\/\/api.w.org\/{rel}","templated":true}]}}