{"id":14357,"date":"2023-07-25T23:19:22","date_gmt":"2023-07-25T21:19:22","guid":{"rendered":"https:\/\/www.ladiagonale.net\/?p=14357"},"modified":"2023-07-26T11:31:47","modified_gmt":"2023-07-26T09:31:47","slug":"grace-a-baglieri-monaco-vient-a-bout-de-la-sampdoria","status":"publish","type":"post","link":"https:\/\/www.ladiagonale.net\/index.php\/2023\/07\/25\/grace-a-baglieri-monaco-vient-a-bout-de-la-sampdoria\/","title":{"rendered":"Gr\u00e2ce \u00e0 Baglieri, le Groupe \u00c9lite vient \u00e0 bout de la Sampdoria"},"content":{"rendered":"\n\n\n<p>Apr\u00e8s <a href=\"https:\/\/www.ladiagonale.net\/index.php\/2023\/07\/22\/le-groupe-elite-reussit-son-retour\/\">avoir battu Grasse<\/a> samedi (4-2), le Groupe \u00c9lite dirig\u00e9 par Damien Perrinelle a remport\u00e9 un deuxi\u00e8me succ\u00e8s de rang lors d&rsquo;un match amical face \u00e0 la <em>Primavera<\/em> (\u00e9quipe r\u00e9serve) de la Sampdoria ce mardi (3-2). Sur la pelouse de la formation italienne, c&rsquo;est l&rsquo;attaquant Enzo Baglieri qui a notamment permis aux Rouge et Blanc de s&rsquo;imposer, gr\u00e2ce \u00e0 un doubl\u00e9.<\/p>\n\n\n\n<p>La rencontre avait pourtant mal d\u00e9marr\u00e9 avec l&rsquo;ouverture du score de la Sampdoria, qui a vir\u00e9 en t\u00eate \u00e0 la fin du premier acte. C&rsquo;est justement Enzo Baglieri qui a remis les deux \u00e9quipes \u00e0 \u00e9galit\u00e9 avant que Jonathan Bakali ne donne l&rsquo;avantage aux jeunes pousses as\u00e9mistes sur un exploit individuel. Si l&rsquo;\u00e9quipe g\u00e9noise est revenue au score, Baglieri a inscrit le but lib\u00e9rateur pour l&rsquo;ASM.<\/p>\n\n\n\n<p><strong>La onze de d\u00e9part : <\/strong>Zadi \u2013 Platret, Kuzmanovic, Couto, Cartillier \u2013 Coulibaly, Bamba (cap.) \u2013 Decarpentrie, Bouabr\u00e9, Michal \u2013 Kouassi.<\/p>\n\n\n\n<p><strong>Le onze en seconde p\u00e9riode :&nbsp;<\/strong>Benchaouch \u2013 Baba\u00ef, El Maach, B\u00e9ry, Bakali \u2013 Baranik (cap.), Benama, Bouabr\u00e9 \u2013 Etonde, Baglieri, Michal.<\/p>\n\n\n\n<p>Avec deux succ\u00e8s en deux matchs, les Mon\u00e9gasques peuvent se pr\u00e9senter avec des certitudes au tournoi europ\u00e9en U21 des centres de formation, qui se tiendra au Centre technique de Bretagne, \u00e0 Ploufragan. Celui-ci d\u00e9butera le 28 juillet et s&rsquo;\u00e9talera sur les deux jours suivants. Monaco devra ferrailler avec Guingamp, Saint-\u00c9tienne et Bournemouth en poules, avant les matchs de classement.<\/p>\n\n\n\n<p>Source : <em>AS Monaco<\/em><\/p>\n","protected":false},"excerpt":{"rendered":"<p>Apr\u00e8s avoir battu Grasse samedi (4-2), le Groupe \u00c9lite dirig\u00e9 par Damien Perrinelle a remport\u00e9 un deuxi\u00e8me succ\u00e8s de rang lors d&rsquo;un match amical face \u00e0 la Primavera (\u00e9quipe r\u00e9serve) de la Sampdoria ce mardi (3-2). Sur la pelouse de la formation italienne, c&rsquo;est l&rsquo;attaquant Enzo Baglieri qui a notamment permis aux Rouge et Blanc [&#8230;]\n","protected":false},"author":2,"featured_media":0,"comment_status":"open","ping_status":"open","sticky":false,"template":"","format":"standard","meta":[],"categories":[6],"tags":[76,86,587,228],"yoast_head":"<!-- This site is optimized with the Yoast SEO plugin v19.8 - https:\/\/yoast.com\/wordpress\/plugins\/seo\/ -->\n<title>Gr\u00e2ce \u00e0 Baglieri, le Groupe \u00c9lite vient \u00e0 bout de la Sampdoria - La Diagonale<\/title>\n<meta name=\"robots\" content=\"index, follow, max-snippet:-1, max-image-preview:large, max-video-preview:-1\" \/>\n<link rel=\"canonical\" href=\"https:\/\/www.ladiagonale.net\/index.php\/2023\/07\/25\/grace-a-baglieri-monaco-vient-a-bout-de-la-sampdoria\/\" \/>\n<meta property=\"og:locale\" content=\"fr_FR\" \/>\n<meta property=\"og:type\" content=\"article\" \/>\n<meta property=\"og:title\" content=\"Gr\u00e2ce \u00e0 Baglieri, le Groupe \u00c9lite vient \u00e0 bout de la Sampdoria - La Diagonale\" \/>\n<meta property=\"og:description\" content=\"Apr\u00e8s avoir battu Grasse samedi (4-2), le Groupe \u00c9lite dirig\u00e9 par Damien Perrinelle a remport\u00e9 un deuxi\u00e8me succ\u00e8s de rang lors d&rsquo;un match amical face \u00e0 la Primavera (\u00e9quipe r\u00e9serve) de la Sampdoria ce mardi (3-2). Sur la pelouse de la formation italienne, c&rsquo;est l&rsquo;attaquant Enzo Baglieri qui a notamment permis aux Rouge et Blanc [...]\" \/>\n<meta property=\"og:url\" content=\"https:\/\/www.ladiagonale.net\/index.php\/2023\/07\/25\/grace-a-baglieri-monaco-vient-a-bout-de-la-sampdoria\/\" \/>\n<meta property=\"og:site_name\" content=\"La Diagonale\" \/>\n<meta property=\"article:published_time\" content=\"2023-07-25T21:19:22+00:00\" \/>\n<meta property=\"article:modified_time\" content=\"2023-07-26T09:31:47+00:00\" \/>\n<meta property=\"og:image\" content=\"https:\/\/www.ladiagonale.net\/wp-content\/uploads\/2023\/07\/baglieri2.png\" \/>\n\t<meta property=\"og:image:width\" content=\"1160\" \/>\n\t<meta property=\"og:image:height\" content=\"650\" \/>\n\t<meta property=\"og:image:type\" content=\"image\/png\" \/>\n<meta name=\"author\" content=\"Damien Dellerba\" \/>\n<meta name=\"twitter:card\" content=\"summary_large_image\" \/>\n<meta name=\"twitter:image\" content=\"https:\/\/www.ladiagonale.net\/wp-content\/uploads\/2023\/07\/baglieri2.png\" \/>\n<meta name=\"twitter:label1\" content=\"\u00c9crit par\" \/>\n\t<meta name=\"twitter:data1\" content=\"Damien Dellerba\" \/>\n\t<meta name=\"twitter:label2\" content=\"Dur\u00e9e de lecture estim\u00e9e\" \/>\n\t<meta name=\"twitter:data2\" content=\"2 minutes\" \/>\n<script type=\"application\/ld+json\" class=\"yoast-schema-graph\">{\"@context\":\"https:\/\/schema.org\",\"@graph\":[{\"@type\":\"WebPage\",\"@id\":\"https:\/\/www.ladiagonale.net\/index.php\/2023\/07\/25\/grace-a-baglieri-monaco-vient-a-bout-de-la-sampdoria\/\",\"url\":\"https:\/\/www.ladiagonale.net\/index.php\/2023\/07\/25\/grace-a-baglieri-monaco-vient-a-bout-de-la-sampdoria\/\",\"name\":\"Gr\u00e2ce \u00e0 Baglieri, le Groupe \u00c9lite vient \u00e0 bout de la Sampdoria - La Diagonale\",\"isPartOf\":{\"@id\":\"https:\/\/www.ladiagonale.net\/#website\"},\"datePublished\":\"2023-07-25T21:19:22+00:00\",\"dateModified\":\"2023-07-26T09:31:47+00:00\",\"author\":{\"@id\":\"https:\/\/www.ladiagonale.net\/#\/schema\/person\/79ff1e7b0853ed01b2aa26e64ad300bf\"},\"breadcrumb\":{\"@id\":\"https:\/\/www.ladiagonale.net\/index.php\/2023\/07\/25\/grace-a-baglieri-monaco-vient-a-bout-de-la-sampdoria\/#breadcrumb\"},\"inLanguage\":\"fr-FR\",\"potentialAction\":[{\"@type\":\"ReadAction\",\"target\":[\"https:\/\/www.ladiagonale.net\/index.php\/2023\/07\/25\/grace-a-baglieri-monaco-vient-a-bout-de-la-sampdoria\/\"]}]},{\"@type\":\"BreadcrumbList\",\"@id\":\"https:\/\/www.ladiagonale.net\/index.php\/2023\/07\/25\/grace-a-baglieri-monaco-vient-a-bout-de-la-sampdoria\/#breadcrumb\",\"itemListElement\":[{\"@type\":\"ListItem\",\"position\":1,\"name\":\"Accueil\",\"item\":\"https:\/\/www.ladiagonale.net\/\"},{\"@type\":\"ListItem\",\"position\":2,\"name\":\"Gr\u00e2ce \u00e0 Baglieri, le Groupe \u00c9lite vient \u00e0 bout de la Sampdoria\"}]},{\"@type\":\"WebSite\",\"@id\":\"https:\/\/www.ladiagonale.net\/#website\",\"url\":\"https:\/\/www.ladiagonale.net\/\",\"name\":\"La Diagonale\",\"description\":\"Le site des supporters de l&#039;AS Monaco FC\",\"potentialAction\":[{\"@type\":\"SearchAction\",\"target\":{\"@type\":\"EntryPoint\",\"urlTemplate\":\"https:\/\/www.ladiagonale.net\/?s={search_term_string}\"},\"query-input\":\"required name=search_term_string\"}],\"inLanguage\":\"fr-FR\"},{\"@type\":\"Person\",\"@id\":\"https:\/\/www.ladiagonale.net\/#\/schema\/person\/79ff1e7b0853ed01b2aa26e64ad300bf\",\"name\":\"Damien Dellerba\",\"image\":{\"@type\":\"ImageObject\",\"inLanguage\":\"fr-FR\",\"@id\":\"https:\/\/www.ladiagonale.net\/#\/schema\/person\/image\/\",\"url\":\"https:\/\/secure.gravatar.com\/avatar\/c7850e06d3ff63cdbaee88b7fc16e2f0?s=96&d=mm&r=g\",\"contentUrl\":\"https:\/\/secure.gravatar.com\/avatar\/c7850e06d3ff63cdbaee88b7fc16e2f0?s=96&d=mm&r=g\",\"caption\":\"Damien Dellerba\"},\"url\":\"https:\/\/www.ladiagonale.net\/index.php\/author\/damien\/\"}]}<\/script>\n<!-- \/ Yoast SEO plugin. -->","yoast_head_json":{"title":"Gr\u00e2ce \u00e0 Baglieri, le Groupe \u00c9lite vient \u00e0 bout de la Sampdoria - La Diagonale","robots":{"index":"index","follow":"follow","max-snippet":"max-snippet:-1","max-image-preview":"max-image-preview:large","max-video-preview":"max-video-preview:-1"},"canonical":"https:\/\/www.ladiagonale.net\/index.php\/2023\/07\/25\/grace-a-baglieri-monaco-vient-a-bout-de-la-sampdoria\/","og_locale":"fr_FR","og_type":"article","og_title":"Gr\u00e2ce \u00e0 Baglieri, le Groupe \u00c9lite vient \u00e0 bout de la Sampdoria - La Diagonale","og_description":"Apr\u00e8s avoir battu Grasse samedi (4-2), le Groupe \u00c9lite dirig\u00e9 par Damien Perrinelle a remport\u00e9 un deuxi\u00e8me succ\u00e8s de rang lors d&rsquo;un match amical face \u00e0 la Primavera (\u00e9quipe r\u00e9serve) de la Sampdoria ce mardi (3-2). Sur la pelouse de la formation italienne, c&rsquo;est l&rsquo;attaquant Enzo Baglieri qui a notamment permis aux Rouge et Blanc [...]","og_url":"https:\/\/www.ladiagonale.net\/index.php\/2023\/07\/25\/grace-a-baglieri-monaco-vient-a-bout-de-la-sampdoria\/","og_site_name":"La Diagonale","article_published_time":"2023-07-25T21:19:22+00:00","article_modified_time":"2023-07-26T09:31:47+00:00","og_image":[{"width":1160,"height":650,"url":"https:\/\/www.ladiagonale.net\/wp-content\/uploads\/2023\/07\/baglieri2.png","type":"image\/png"}],"author":"Damien Dellerba","twitter_card":"summary_large_image","twitter_image":"https:\/\/www.ladiagonale.net\/wp-content\/uploads\/2023\/07\/baglieri2.png","twitter_misc":{"\u00c9crit par":"Damien Dellerba","Dur\u00e9e de lecture estim\u00e9e":"2 minutes"},"schema":{"@context":"https:\/\/schema.org","@graph":[{"@type":"WebPage","@id":"https:\/\/www.ladiagonale.net\/index.php\/2023\/07\/25\/grace-a-baglieri-monaco-vient-a-bout-de-la-sampdoria\/","url":"https:\/\/www.ladiagonale.net\/index.php\/2023\/07\/25\/grace-a-baglieri-monaco-vient-a-bout-de-la-sampdoria\/","name":"Gr\u00e2ce \u00e0 Baglieri, le Groupe \u00c9lite vient \u00e0 bout de la Sampdoria - La Diagonale","isPartOf":{"@id":"https:\/\/www.ladiagonale.net\/#website"},"datePublished":"2023-07-25T21:19:22+00:00","dateModified":"2023-07-26T09:31:47+00:00","author":{"@id":"https:\/\/www.ladiagonale.net\/#\/schema\/person\/79ff1e7b0853ed01b2aa26e64ad300bf"},"breadcrumb":{"@id":"https:\/\/www.ladiagonale.net\/index.php\/2023\/07\/25\/grace-a-baglieri-monaco-vient-a-bout-de-la-sampdoria\/#breadcrumb"},"inLanguage":"fr-FR","potentialAction":[{"@type":"ReadAction","target":["https:\/\/www.ladiagonale.net\/index.php\/2023\/07\/25\/grace-a-baglieri-monaco-vient-a-bout-de-la-sampdoria\/"]}]},{"@type":"BreadcrumbList","@id":"https:\/\/www.ladiagonale.net\/index.php\/2023\/07\/25\/grace-a-baglieri-monaco-vient-a-bout-de-la-sampdoria\/#breadcrumb","itemListElement":[{"@type":"ListItem","position":1,"name":"Accueil","item":"https:\/\/www.ladiagonale.net\/"},{"@type":"ListItem","position":2,"name":"Gr\u00e2ce \u00e0 Baglieri, le Groupe \u00c9lite vient \u00e0 bout de la Sampdoria"}]},{"@type":"WebSite","@id":"https:\/\/www.ladiagonale.net\/#website","url":"https:\/\/www.ladiagonale.net\/","name":"La Diagonale","description":"Le site des supporters de l&#039;AS Monaco FC","potentialAction":[{"@type":"SearchAction","target":{"@type":"EntryPoint","urlTemplate":"https:\/\/www.ladiagonale.net\/?s={search_term_string}"},"query-input":"required name=search_term_string"}],"inLanguage":"fr-FR"},{"@type":"Person","@id":"https:\/\/www.ladiagonale.net\/#\/schema\/person\/79ff1e7b0853ed01b2aa26e64ad300bf","name":"Damien Dellerba","image":{"@type":"ImageObject","inLanguage":"fr-FR","@id":"https:\/\/www.ladiagonale.net\/#\/schema\/person\/image\/","url":"https:\/\/secure.gravatar.com\/avatar\/c7850e06d3ff63cdbaee88b7fc16e2f0?s=96&d=mm&r=g","contentUrl":"https:\/\/secure.gravatar.com\/avatar\/c7850e06d3ff63cdbaee88b7fc16e2f0?s=96&d=mm&r=g","caption":"Damien Dellerba"},"url":"https:\/\/www.ladiagonale.net\/index.php\/author\/damien\/"}]}},"_links":{"self":[{"href":"https:\/\/www.ladiagonale.net\/index.php\/wp-json\/wp\/v2\/posts\/14357"}],"collection":[{"href":"https:\/\/www.ladiagonale.net\/index.php\/wp-json\/wp\/v2\/posts"}],"about":[{"href":"https:\/\/www.ladiagonale.net\/index.php\/wp-json\/wp\/v2\/types\/post"}],"author":[{"embeddable":true,"href":"https:\/\/www.ladiagonale.net\/index.php\/wp-json\/wp\/v2\/users\/2"}],"replies":[{"embeddable":true,"href":"https:\/\/www.ladiagonale.net\/index.php\/wp-json\/wp\/v2\/comments?post=14357"}],"version-history":[{"count":2,"href":"https:\/\/www.ladiagonale.net\/index.php\/wp-json\/wp\/v2\/posts\/14357\/revisions"}],"predecessor-version":[{"id":14371,"href":"https:\/\/www.ladiagonale.net\/index.php\/wp-json\/wp\/v2\/posts\/14357\/revisions\/14371"}],"wp:attachment":[{"href":"https:\/\/www.ladiagonale.net\/index.php\/wp-json\/wp\/v2\/media?parent=14357"}],"wp:term":[{"taxonomy":"category","embeddable":true,"href":"https:\/\/www.ladiagonale.net\/index.php\/wp-json\/wp\/v2\/categories?post=14357"},{"taxonomy":"post_tag","embeddable":true,"href":"https:\/\/www.ladiagonale.net\/index.php\/wp-json\/wp\/v2\/tags?post=14357"}],"curies":[{"name":"wp","href":"https:\/\/api.w.org\/{rel}","templated":true}]}}