{"id":14400,"date":"2023-07-26T17:07:44","date_gmt":"2023-07-26T15:07:44","guid":{"rendered":"https:\/\/www.ladiagonale.net\/?p=14400"},"modified":"2023-07-27T10:44:47","modified_gmt":"2023-07-27T08:44:47","slug":"monaco-revele-un-troisieme-maillot-au-bleu-azureen","status":"publish","type":"post","link":"https:\/\/www.ladiagonale.net\/index.php\/2023\/07\/26\/monaco-revele-un-troisieme-maillot-au-bleu-azureen\/","title":{"rendered":"Monaco r\u00e9v\u00e8le un troisi\u00e8me maillot au bleu azur\u00e9en"},"content":{"rendered":"\n<p><strong>Ce mercredi, l&rsquo;AS Monaco a d\u00e9voil\u00e9 son troisi\u00e8me maillot pour la saison 2023-2024 au Mus\u00e9e oc\u00e9anographique de la Principaut\u00e9, au cours d&rsquo;une pr\u00e9sentation exceptionnelle. <em>La Diagonale<\/em> \u00e9tait pr\u00e9sente et vous dit tout sur l&rsquo;\u00e9v\u00e9nement. <\/strong><\/p>\n\n\n\n<p>La d\u00e9l\u00e9gation mon\u00e9gasque \u00e9tait venue en nombre pour marquer le coup. En pr\u00e9sence du directeur g\u00e9n\u00e9ral Ben Lambrecht, de son nouvel entra\u00eeneur Adi H\u00fctter ainsi que de Breel Embolo, Eliot Matazo, Mamadou Coulibaly, Aur\u00e9lien Platret et Sa\u00efmon Bouabr\u00e9, l\u2019AS Monaco a lev\u00e9 le voile sur la tunique qui fera office de troisi\u00e8me maillot pour la saison \u00e0 venir. Le maillot, nomm\u00e9 \u00ab Oceano \u00bb et \u00e9labor\u00e9 par Kappa en relation avec le Mus\u00e9e oc\u00e9anographique de Monaco, veut rappeler l\u2019ancrage m\u00e9diterran\u00e9en de la Principaut\u00e9 mais \u00e9galement \u00ab <em>contribuer \u00e0 la sensibilisation sur la fragilit\u00e9 du monde marin et la protection de sa biodiversit\u00e9. <\/em>\u00bb<\/p>\n\n\n<div class=\"wp-block-image\">\n<figure class=\"aligncenter size-large is-resized\"><img loading=\"lazy\" src=\"https:\/\/www.ladiagonale.net\/wp-content\/uploads\/2023\/07\/IMG_9127-768x1024.jpg\" alt=\"\" class=\"wp-image-14443\" width=\"576\" height=\"768\" srcset=\"https:\/\/www.ladiagonale.net\/wp-content\/uploads\/2023\/07\/IMG_9127-768x1024.jpg 768w, https:\/\/www.ladiagonale.net\/wp-content\/uploads\/2023\/07\/IMG_9127-225x300.jpg 225w, https:\/\/www.ladiagonale.net\/wp-content\/uploads\/2023\/07\/IMG_9127-1152x1536.jpg 1152w, https:\/\/www.ladiagonale.net\/wp-content\/uploads\/2023\/07\/IMG_9127-1536x2048.jpg 1536w, https:\/\/www.ladiagonale.net\/wp-content\/uploads\/2023\/07\/IMG_9127-96x128.jpg 96w, https:\/\/www.ladiagonale.net\/wp-content\/uploads\/2023\/07\/IMG_9127-24x32.jpg 24w, https:\/\/www.ladiagonale.net\/wp-content\/uploads\/2023\/07\/IMG_9127-scaled.jpg 1920w\" sizes=\"(max-width: 576px) 100vw, 576px\" \/><figcaption>La tunique Oceano, avec le short et les chaussettes, expos\u00e9e au Mus\u00e9e Oc\u00e9anographique. Cr\u00e9dit photo : La Diagonale<\/figcaption><\/figure><\/div>\n\n\n<p>\u00ab\u00a0<em>Il y a quelques mois, nous nous \u00e9tions rencontr\u00e9s ici pour signer une convention de partenariat avec cette id\u00e9e de faire \u00e9quipe et de pouvoir, \u00e0 notre niveau, aider l\u2019institut \u00e0 sensibiliser le plus grand nombre \u00e0 la protection de l\u2019oc\u00e9an, <\/em>a introduit Ben Lambrecht<em>. Nous nous \u00e9tions alors engag\u00e9s avec Monsieur Calcagno (le directeur du Mus\u00e9e oc\u00e9anographique, NDLR) \u00e0 faire vivre ce partenariat. Plusieurs actions \u00e0 but p\u00e9dagogique ont d\u00e9j\u00e0 pu voir le jour aupr\u00e8s des jeunes joueurs de notre Academy. <\/em>\u00bb<\/p>\n\n\n\n<p>\u00ab <em>C&rsquo;est un partenariat qui est amen\u00e9 \u00e0 durer, <\/em>a pris soin de pr\u00e9ciser Lambrecht<em>. C&rsquo;est dans la dur\u00e9e que l&rsquo;on va construire quelque chose. Le but c&rsquo;est de faire \u00e7a \u00e0 plus long terme. On va continuer \u00e0 dynamiser ce partenariat. C&rsquo;est un grand \u00e9v\u00e9nement pour nous et pour le mus\u00e9e.<\/em> \u00bb<\/p>\n\n\n\n<p>Le directeur g\u00e9n\u00e9ral du club as\u00e9miste a \u00e9galement rappel\u00e9 que le maillot \u00e9tait fabriqu\u00e9 en mat\u00e9riaux 100% recycl\u00e9s, comme c&rsquo;est le cas <a href=\"https:\/\/www.ladiagonale.net\/index.php\/2023\/07\/13\/le-maillot-domicile-de-las-monaco-devoile\/\">pour le maillot domicile<\/a> ce qui constitue une premi\u00e8re pour les tuniques des Rouge et Blanc. Ben Lambrecht en a d&rsquo;ailleurs profit\u00e9 pour saluer le travail r\u00e9alis\u00e9 par <em>Kappa<\/em>, qui a fourni \u00ab <em>beaucoup d&rsquo;efforts pour la conception de ce maillot<\/em> \u00bb et a \u00e9mis le souhait que ce maillot puisse rencontrer \u00ab <em>le plus de succ\u00e8s possible<\/em> \u00bb sur les terrains.<\/p>\n\n\n\n<blockquote class=\"wp-block-quote\"><p><em>\u00ab<\/em> <em>Un maillot doit toujours avoir une histoire, et l\u2019histoire qu\u2019il y a derri\u00e8re, visant \u00e0 sensibiliser sur le monde oc\u00e9anique, envoie un bon message.<\/em> \u00bb<\/p><cite>Breel Embolo<\/cite><\/blockquote>\n\n\n\n<p>Dans son communiqu\u00e9, l\u2019ASM indique que cette tunique se <em>\u00ab distingue par un jeu de d\u00e9grad\u00e9s de couleurs dessinant sur la face avant une repr\u00e9sentation du littoral, o\u00f9 le bleu de la mer M\u00e9diterran\u00e9e \u00e9pouse le blanc du rivage azur\u00e9en. Un blanc singulier rappelant \u00e9galement la couleur de la pierre du Mus\u00e9e oc\u00e9anographique de Monaco<\/em> \u00bb. Comme la saison derni\u00e8re et le maillot Third violet, la diagonale est pr\u00e9sente, une nouvelle fois d\u00e9clin\u00e9e.<\/p>\n\n\n\n<p>Les joueurs semblent appr\u00e9cier cette nouvelle tunique, comme l&rsquo;a confi\u00e9 Breel Embolo devant la presse lors de cette pr\u00e9sentation : <em>\u00ab<\/em> <em>Un maillot doit toujours avoir une histoire, et l\u2019histoire qu\u2019il y a derri\u00e8re, visant \u00e0 sensibiliser sur le monde oc\u00e9anique, envoie un bon message. Apr\u00e8s on reste dans les bases avec la diagonale, et les couleurs du mus\u00e9e. En tant que joueur, c\u2019est toujours bien d\u2019avoir de nouveaux maillots, c\u2019est comme un nouveau d\u00e9part. On est super heureux de le voir et on a h\u00e2te de pouvoir le porter pour les prochains matchs.<\/em> \u00bb<\/p>\n\n\n<div class=\"wp-block-image\">\n<figure class=\"aligncenter size-large is-resized\"><img loading=\"lazy\" src=\"https:\/\/www.ladiagonale.net\/wp-content\/uploads\/2023\/07\/IMG_9126-2-768x1024.jpg\" alt=\"\" class=\"wp-image-14438\" width=\"576\" height=\"768\" srcset=\"https:\/\/www.ladiagonale.net\/wp-content\/uploads\/2023\/07\/IMG_9126-2-768x1024.jpg 768w, https:\/\/www.ladiagonale.net\/wp-content\/uploads\/2023\/07\/IMG_9126-2-225x300.jpg 225w, https:\/\/www.ladiagonale.net\/wp-content\/uploads\/2023\/07\/IMG_9126-2-1152x1536.jpg 1152w, https:\/\/www.ladiagonale.net\/wp-content\/uploads\/2023\/07\/IMG_9126-2-1536x2048.jpg 1536w, https:\/\/www.ladiagonale.net\/wp-content\/uploads\/2023\/07\/IMG_9126-2-96x128.jpg 96w, https:\/\/www.ladiagonale.net\/wp-content\/uploads\/2023\/07\/IMG_9126-2-24x32.jpg 24w, https:\/\/www.ladiagonale.net\/wp-content\/uploads\/2023\/07\/IMG_9126-2-scaled.jpg 1920w\" sizes=\"(max-width: 576px) 100vw, 576px\" \/><figcaption>D\u00e9tail du maillot et de la diagonale imitant la rencontre de la mer M\u00e9diterran\u00e9e et du rivage azur\u00e9en. Cr\u00e9dit photo : La Diagonale<\/figcaption><\/figure><\/div>\n\n\n<p>Eliot Matazo a rench\u00e9ri sur l&rsquo;avis de son co\u00e9quipier : <em>\u00ab<\/em> <em>D\u2019un point de vue esth\u00e9tique, ce sont des couleurs que j\u2019appr\u00e9cie beaucoup. Le bleu et le blanc, ce sont de belles couleurs \u00e0 porter. Et en connaissant la cause, cela a un peu plus de valeur \u00e0 nos yeux. Je pense que c\u2019est une tr\u00e8s belle cause dans lequel le club s\u2019engage. \u00c9tant donn\u00e9 qu\u2019on est situ\u00e9s dans un pays au bord de la mer M\u00e9diterran\u00e9e, on est directement impact\u00e9. Voir le club \u00eatre en partenariat avec le Mus\u00e9e oc\u00e9anographique pour cette cause, c\u2019est marquant.<\/em> \u00bb<\/p>\n\n\n\n<p><em>\u00ab<\/em> <em>Je l\u2019aime beaucoup<\/em> <em>parce que j\u2019aime les couleurs, m\u00eame si les couleurs de Monaco sont le rouge et le blanc, <\/em>a comment\u00e9 le nouvel entra\u00eeneur mon\u00e9gasque Adi H\u00fctter<em>. Mais je pense que c\u2019est une id\u00e9e fantastique que de prot\u00e9ger les oc\u00e9ans et la connexion entre le club et le mus\u00e9e est une tr\u00e8s bonne initiative.<\/em> <em>C\u2019est tr\u00e8s important, car en tant que club de foot, vous \u00eates r\u00e9guli\u00e8rement \u00e0 la t\u00e9l\u00e9vision lors des matchs et je pense que c\u2019est un grand coup d\u2019avoir cette connexion.<\/em> \u00bb<\/p>\n\n\n<div class=\"wp-block-image\">\n<figure class=\"aligncenter size-full\"><img loading=\"lazy\" width=\"781\" height=\"453\" src=\"https:\/\/www.ladiagonale.net\/wp-content\/uploads\/2023\/07\/Capture-de\u0301cran-2023-07-27-a\u0300-03.14.53.png\" alt=\"\" class=\"wp-image-14452\" srcset=\"https:\/\/www.ladiagonale.net\/wp-content\/uploads\/2023\/07\/Capture-de\u0301cran-2023-07-27-a\u0300-03.14.53.png 781w, https:\/\/www.ladiagonale.net\/wp-content\/uploads\/2023\/07\/Capture-de\u0301cran-2023-07-27-a\u0300-03.14.53-300x174.png 300w, https:\/\/www.ladiagonale.net\/wp-content\/uploads\/2023\/07\/Capture-de\u0301cran-2023-07-27-a\u0300-03.14.53-768x445.png 768w, https:\/\/www.ladiagonale.net\/wp-content\/uploads\/2023\/07\/Capture-de\u0301cran-2023-07-27-a\u0300-03.14.53-128x74.png 128w, https:\/\/www.ladiagonale.net\/wp-content\/uploads\/2023\/07\/Capture-de\u0301cran-2023-07-27-a\u0300-03.14.53-32x19.png 32w\" sizes=\"(max-width: 781px) 100vw, 781px\" \/><figcaption>Eliot Matazo, Breel Embolo, Sa\u00efmon Bouabr\u00e9, Ben Lambrecht, Mamadou Coulibaly, Adi H\u00fctter, Aur\u00e9lien Platret et Robert Calcagno pr\u00e9sentent le maillot \u00ab\u00a0Oceano\u00a0\u00bb &#8211; Cr\u00e9dit photo : La Diagonale<\/figcaption><\/figure><\/div>\n\n\n<p>Dans le cadre de la convention de partenariat qui lie l\u2019ASM et son \u00e9quipementier au Mus\u00e9e oc\u00e9anographique de Monaco, cinq euros par maillot vendu seront revers\u00e9s \u00e0 l&rsquo;institution afin de soutenir les actions de pr\u00e9vention et de sensibilisation qu&rsquo;elle m\u00e8ne. Une fa\u00e7on de faire de chacun un acteur solidaire de cette cause, comme l&rsquo;a pr\u00e9cis\u00e9 Ben Lambrecht. Il sera d&rsquo;aillleurs possible de se procurer le maillot \u00e0 la boutique du Mus\u00e9e. En revanche, pour d\u00e9couvrir le maillot ext\u00e9rieur, il faudra encore s&rsquo;armer de patience, puisqu&rsquo;il sera d\u00e9voil\u00e9 \u00e0 l&rsquo;occasion des matchs amicaux qui auront lieu en Italie en fin de semaine.<\/p>\n","protected":false},"excerpt":{"rendered":"<p>Ce mercredi, l&rsquo;AS Monaco a d\u00e9voil\u00e9 son troisi\u00e8me maillot pour la saison 2023-2024 au Mus\u00e9e oc\u00e9anographique de la Principaut\u00e9, au cours d&rsquo;une pr\u00e9sentation exceptionnelle. La Diagonale \u00e9tait pr\u00e9sente et vous dit tout sur l&rsquo;\u00e9v\u00e9nement. La d\u00e9l\u00e9gation mon\u00e9gasque \u00e9tait venue en nombre pour marquer le coup. En pr\u00e9sence du directeur g\u00e9n\u00e9ral Ben Lambrecht, de son nouvel [&#8230;]\n","protected":false},"author":2,"featured_media":14432,"comment_status":"open","ping_status":"open","sticky":false,"template":"","format":"standard","meta":[],"categories":[5,6],"tags":[86,260,637,634],"yoast_head":"<!-- This site is optimized with the Yoast SEO plugin v19.8 - https:\/\/yoast.com\/wordpress\/plugins\/seo\/ -->\n<title>Monaco r\u00e9v\u00e8le un troisi\u00e8me maillot au bleu azur\u00e9en - La Diagonale<\/title>\n<meta name=\"robots\" content=\"index, follow, max-snippet:-1, max-image-preview:large, max-video-preview:-1\" \/>\n<link rel=\"canonical\" href=\"https:\/\/www.ladiagonale.net\/index.php\/2023\/07\/26\/monaco-revele-un-troisieme-maillot-au-bleu-azureen\/\" \/>\n<meta property=\"og:locale\" content=\"fr_FR\" \/>\n<meta property=\"og:type\" content=\"article\" \/>\n<meta property=\"og:title\" content=\"Monaco r\u00e9v\u00e8le un troisi\u00e8me maillot au bleu azur\u00e9en - La Diagonale\" \/>\n<meta property=\"og:description\" content=\"Ce mercredi, l&rsquo;AS Monaco a d\u00e9voil\u00e9 son troisi\u00e8me maillot pour la saison 2023-2024 au Mus\u00e9e oc\u00e9anographique de la Principaut\u00e9, au cours d&rsquo;une pr\u00e9sentation exceptionnelle. La Diagonale \u00e9tait pr\u00e9sente et vous dit tout sur l&rsquo;\u00e9v\u00e9nement. La d\u00e9l\u00e9gation mon\u00e9gasque \u00e9tait venue en nombre pour marquer le coup. En pr\u00e9sence du directeur g\u00e9n\u00e9ral Ben Lambrecht, de son nouvel [...]\" \/>\n<meta property=\"og:url\" content=\"https:\/\/www.ladiagonale.net\/index.php\/2023\/07\/26\/monaco-revele-un-troisieme-maillot-au-bleu-azureen\/\" \/>\n<meta property=\"og:site_name\" content=\"La Diagonale\" \/>\n<meta property=\"article:published_time\" content=\"2023-07-26T15:07:44+00:00\" \/>\n<meta property=\"article:modified_time\" content=\"2023-07-27T08:44:47+00:00\" \/>\n<meta property=\"og:image\" content=\"https:\/\/www.ladiagonale.net\/wp-content\/uploads\/2023\/07\/pre\u0301sentation-maillot-third.png\" \/>\n\t<meta property=\"og:image:width\" content=\"1160\" \/>\n\t<meta property=\"og:image:height\" content=\"650\" \/>\n\t<meta property=\"og:image:type\" content=\"image\/png\" \/>\n<meta name=\"author\" content=\"Damien Dellerba\" \/>\n<meta name=\"twitter:card\" content=\"summary_large_image\" \/>\n<meta name=\"twitter:image\" content=\"https:\/\/www.ladiagonale.net\/wp-content\/uploads\/2023\/07\/pre\u0301sentation-maillot-third.png\" \/>\n<meta name=\"twitter:label1\" content=\"\u00c9crit par\" \/>\n\t<meta name=\"twitter:data1\" content=\"Damien Dellerba\" \/>\n\t<meta name=\"twitter:label2\" content=\"Dur\u00e9e de lecture estim\u00e9e\" \/>\n\t<meta name=\"twitter:data2\" content=\"6 minutes\" \/>\n<script type=\"application\/ld+json\" class=\"yoast-schema-graph\">{\"@context\":\"https:\/\/schema.org\",\"@graph\":[{\"@type\":\"WebPage\",\"@id\":\"https:\/\/www.ladiagonale.net\/index.php\/2023\/07\/26\/monaco-revele-un-troisieme-maillot-au-bleu-azureen\/\",\"url\":\"https:\/\/www.ladiagonale.net\/index.php\/2023\/07\/26\/monaco-revele-un-troisieme-maillot-au-bleu-azureen\/\",\"name\":\"Monaco r\u00e9v\u00e8le un troisi\u00e8me maillot au bleu azur\u00e9en - La Diagonale\",\"isPartOf\":{\"@id\":\"https:\/\/www.ladiagonale.net\/#website\"},\"datePublished\":\"2023-07-26T15:07:44+00:00\",\"dateModified\":\"2023-07-27T08:44:47+00:00\",\"author\":{\"@id\":\"https:\/\/www.ladiagonale.net\/#\/schema\/person\/79ff1e7b0853ed01b2aa26e64ad300bf\"},\"breadcrumb\":{\"@id\":\"https:\/\/www.ladiagonale.net\/index.php\/2023\/07\/26\/monaco-revele-un-troisieme-maillot-au-bleu-azureen\/#breadcrumb\"},\"inLanguage\":\"fr-FR\",\"potentialAction\":[{\"@type\":\"ReadAction\",\"target\":[\"https:\/\/www.ladiagonale.net\/index.php\/2023\/07\/26\/monaco-revele-un-troisieme-maillot-au-bleu-azureen\/\"]}]},{\"@type\":\"BreadcrumbList\",\"@id\":\"https:\/\/www.ladiagonale.net\/index.php\/2023\/07\/26\/monaco-revele-un-troisieme-maillot-au-bleu-azureen\/#breadcrumb\",\"itemListElement\":[{\"@type\":\"ListItem\",\"position\":1,\"name\":\"Accueil\",\"item\":\"https:\/\/www.ladiagonale.net\/\"},{\"@type\":\"ListItem\",\"position\":2,\"name\":\"Monaco r\u00e9v\u00e8le un troisi\u00e8me maillot au bleu azur\u00e9en\"}]},{\"@type\":\"WebSite\",\"@id\":\"https:\/\/www.ladiagonale.net\/#website\",\"url\":\"https:\/\/www.ladiagonale.net\/\",\"name\":\"La Diagonale\",\"description\":\"Le site des supporters de l&#039;AS Monaco FC\",\"potentialAction\":[{\"@type\":\"SearchAction\",\"target\":{\"@type\":\"EntryPoint\",\"urlTemplate\":\"https:\/\/www.ladiagonale.net\/?s={search_term_string}\"},\"query-input\":\"required name=search_term_string\"}],\"inLanguage\":\"fr-FR\"},{\"@type\":\"Person\",\"@id\":\"https:\/\/www.ladiagonale.net\/#\/schema\/person\/79ff1e7b0853ed01b2aa26e64ad300bf\",\"name\":\"Damien Dellerba\",\"image\":{\"@type\":\"ImageObject\",\"inLanguage\":\"fr-FR\",\"@id\":\"https:\/\/www.ladiagonale.net\/#\/schema\/person\/image\/\",\"url\":\"https:\/\/secure.gravatar.com\/avatar\/c7850e06d3ff63cdbaee88b7fc16e2f0?s=96&d=mm&r=g\",\"contentUrl\":\"https:\/\/secure.gravatar.com\/avatar\/c7850e06d3ff63cdbaee88b7fc16e2f0?s=96&d=mm&r=g\",\"caption\":\"Damien Dellerba\"},\"url\":\"https:\/\/www.ladiagonale.net\/index.php\/author\/damien\/\"}]}<\/script>\n<!-- \/ Yoast SEO plugin. -->","yoast_head_json":{"title":"Monaco r\u00e9v\u00e8le un troisi\u00e8me maillot au bleu azur\u00e9en - La Diagonale","robots":{"index":"index","follow":"follow","max-snippet":"max-snippet:-1","max-image-preview":"max-image-preview:large","max-video-preview":"max-video-preview:-1"},"canonical":"https:\/\/www.ladiagonale.net\/index.php\/2023\/07\/26\/monaco-revele-un-troisieme-maillot-au-bleu-azureen\/","og_locale":"fr_FR","og_type":"article","og_title":"Monaco r\u00e9v\u00e8le un troisi\u00e8me maillot au bleu azur\u00e9en - La Diagonale","og_description":"Ce mercredi, l&rsquo;AS Monaco a d\u00e9voil\u00e9 son troisi\u00e8me maillot pour la saison 2023-2024 au Mus\u00e9e oc\u00e9anographique de la Principaut\u00e9, au cours d&rsquo;une pr\u00e9sentation exceptionnelle. La Diagonale \u00e9tait pr\u00e9sente et vous dit tout sur l&rsquo;\u00e9v\u00e9nement. La d\u00e9l\u00e9gation mon\u00e9gasque \u00e9tait venue en nombre pour marquer le coup. En pr\u00e9sence du directeur g\u00e9n\u00e9ral Ben Lambrecht, de son nouvel [...]","og_url":"https:\/\/www.ladiagonale.net\/index.php\/2023\/07\/26\/monaco-revele-un-troisieme-maillot-au-bleu-azureen\/","og_site_name":"La Diagonale","article_published_time":"2023-07-26T15:07:44+00:00","article_modified_time":"2023-07-27T08:44:47+00:00","og_image":[{"width":1160,"height":650,"url":"https:\/\/www.ladiagonale.net\/wp-content\/uploads\/2023\/07\/pre\u0301sentation-maillot-third.png","type":"image\/png"}],"author":"Damien Dellerba","twitter_card":"summary_large_image","twitter_image":"https:\/\/www.ladiagonale.net\/wp-content\/uploads\/2023\/07\/pre\u0301sentation-maillot-third.png","twitter_misc":{"\u00c9crit par":"Damien Dellerba","Dur\u00e9e de lecture estim\u00e9e":"6 minutes"},"schema":{"@context":"https:\/\/schema.org","@graph":[{"@type":"WebPage","@id":"https:\/\/www.ladiagonale.net\/index.php\/2023\/07\/26\/monaco-revele-un-troisieme-maillot-au-bleu-azureen\/","url":"https:\/\/www.ladiagonale.net\/index.php\/2023\/07\/26\/monaco-revele-un-troisieme-maillot-au-bleu-azureen\/","name":"Monaco r\u00e9v\u00e8le un troisi\u00e8me maillot au bleu azur\u00e9en - La Diagonale","isPartOf":{"@id":"https:\/\/www.ladiagonale.net\/#website"},"datePublished":"2023-07-26T15:07:44+00:00","dateModified":"2023-07-27T08:44:47+00:00","author":{"@id":"https:\/\/www.ladiagonale.net\/#\/schema\/person\/79ff1e7b0853ed01b2aa26e64ad300bf"},"breadcrumb":{"@id":"https:\/\/www.ladiagonale.net\/index.php\/2023\/07\/26\/monaco-revele-un-troisieme-maillot-au-bleu-azureen\/#breadcrumb"},"inLanguage":"fr-FR","potentialAction":[{"@type":"ReadAction","target":["https:\/\/www.ladiagonale.net\/index.php\/2023\/07\/26\/monaco-revele-un-troisieme-maillot-au-bleu-azureen\/"]}]},{"@type":"BreadcrumbList","@id":"https:\/\/www.ladiagonale.net\/index.php\/2023\/07\/26\/monaco-revele-un-troisieme-maillot-au-bleu-azureen\/#breadcrumb","itemListElement":[{"@type":"ListItem","position":1,"name":"Accueil","item":"https:\/\/www.ladiagonale.net\/"},{"@type":"ListItem","position":2,"name":"Monaco r\u00e9v\u00e8le un troisi\u00e8me maillot au bleu azur\u00e9en"}]},{"@type":"WebSite","@id":"https:\/\/www.ladiagonale.net\/#website","url":"https:\/\/www.ladiagonale.net\/","name":"La Diagonale","description":"Le site des supporters de l&#039;AS Monaco FC","potentialAction":[{"@type":"SearchAction","target":{"@type":"EntryPoint","urlTemplate":"https:\/\/www.ladiagonale.net\/?s={search_term_string}"},"query-input":"required name=search_term_string"}],"inLanguage":"fr-FR"},{"@type":"Person","@id":"https:\/\/www.ladiagonale.net\/#\/schema\/person\/79ff1e7b0853ed01b2aa26e64ad300bf","name":"Damien Dellerba","image":{"@type":"ImageObject","inLanguage":"fr-FR","@id":"https:\/\/www.ladiagonale.net\/#\/schema\/person\/image\/","url":"https:\/\/secure.gravatar.com\/avatar\/c7850e06d3ff63cdbaee88b7fc16e2f0?s=96&d=mm&r=g","contentUrl":"https:\/\/secure.gravatar.com\/avatar\/c7850e06d3ff63cdbaee88b7fc16e2f0?s=96&d=mm&r=g","caption":"Damien Dellerba"},"url":"https:\/\/www.ladiagonale.net\/index.php\/author\/damien\/"}]}},"_links":{"self":[{"href":"https:\/\/www.ladiagonale.net\/index.php\/wp-json\/wp\/v2\/posts\/14400"}],"collection":[{"href":"https:\/\/www.ladiagonale.net\/index.php\/wp-json\/wp\/v2\/posts"}],"about":[{"href":"https:\/\/www.ladiagonale.net\/index.php\/wp-json\/wp\/v2\/types\/post"}],"author":[{"embeddable":true,"href":"https:\/\/www.ladiagonale.net\/index.php\/wp-json\/wp\/v2\/users\/2"}],"replies":[{"embeddable":true,"href":"https:\/\/www.ladiagonale.net\/index.php\/wp-json\/wp\/v2\/comments?post=14400"}],"version-history":[{"count":28,"href":"https:\/\/www.ladiagonale.net\/index.php\/wp-json\/wp\/v2\/posts\/14400\/revisions"}],"predecessor-version":[{"id":14458,"href":"https:\/\/www.ladiagonale.net\/index.php\/wp-json\/wp\/v2\/posts\/14400\/revisions\/14458"}],"wp:featuredmedia":[{"embeddable":true,"href":"https:\/\/www.ladiagonale.net\/index.php\/wp-json\/wp\/v2\/media\/14432"}],"wp:attachment":[{"href":"https:\/\/www.ladiagonale.net\/index.php\/wp-json\/wp\/v2\/media?parent=14400"}],"wp:term":[{"taxonomy":"category","embeddable":true,"href":"https:\/\/www.ladiagonale.net\/index.php\/wp-json\/wp\/v2\/categories?post=14400"},{"taxonomy":"post_tag","embeddable":true,"href":"https:\/\/www.ladiagonale.net\/index.php\/wp-json\/wp\/v2\/tags?post=14400"}],"curies":[{"name":"wp","href":"https:\/\/api.w.org\/{rel}","templated":true}]}}