{"id":14417,"date":"2023-07-27T00:00:26","date_gmt":"2023-07-26T22:00:26","guid":{"rendered":"https:\/\/www.ladiagonale.net\/?p=14417"},"modified":"2023-07-27T00:01:39","modified_gmt":"2023-07-26T22:01:39","slug":"nottingham-forest-avancerait-sur-le-dossier-jakobs","status":"publish","type":"post","link":"https:\/\/www.ladiagonale.net\/index.php\/2023\/07\/27\/nottingham-forest-avancerait-sur-le-dossier-jakobs\/","title":{"rendered":"Nottingham Forest avancerait sur le dossier Jakobs"},"content":{"rendered":"\n\n\n<p>Il y a quelques jours, le journal anglais <em>The Times<\/em> avait r\u00e9v\u00e9l\u00e9 <a href=\"https:\/\/www.ladiagonale.net\/index.php\/2023\/07\/21\/des-pourparlers-avec-nottingham-forest-pour-jakobs\/\">un int\u00e9r\u00eat de Nottingham Forest pour Ismail Jakobs<\/a>. Convoit\u00e9 \u00e9galement <a href=\"https:\/\/www.ladiagonale.net\/index.php\/2023\/06\/18\/jakobs-convoite-par-lunion-berlin\/\">en Allemagne par l&rsquo;Union Berlin<\/a>, le lat\u00e9ral s\u00e9n\u00e9galais semble toutefois se diriger vers l&rsquo;Angleterre, o\u00f9 les n\u00e9gociations entre l&rsquo;AS Monaco et le club de <em>Premier League<\/em> avanceraient vite, selon Fabrizio Romano. Le journaliste italien indique que le joueur de 23 ans, sous contrat en Principaut\u00e9 jusqu&rsquo;en juin 2026, serait d\u00e9sireux de trouver un nouveau club et un accord pourrait \u00eatre trouv\u00e9 prochainement. <\/p>\n\n\n\n<p>Malgr\u00e9 un statut de titulaire acquis en s\u00e9lection du S\u00e9n\u00e9gal avec la Coupe du monde au Qatar, Ismail Jakobs n&rsquo;est jamais parvenu \u00e0 d\u00e9passer celui de rempla\u00e7ant \u00e0 l&rsquo;ASM. L&rsquo;an dernier, il a \u00e9t\u00e9 utilis\u00e9 \u00e0 41 reprises par Philippe Clement, mais surtout en sortie de banc puisqu\u2019il n\u2019a \u00e9t\u00e9 titularis\u00e9 qu\u2019\u00e0 12 reprises, pour un temps de jeu de 1420 minutes. En fin de saison, le comportement de Jakobs avait \u00e9t\u00e9 point\u00e9 du doigt pour ses frasques nocturnes, ce qui lui avait valu d&rsquo;\u00eatre <a href=\"https:\/\/www.ladiagonale.net\/index.php\/2023\/06\/01\/jakobs-ecarte-golovin-incertain\/\">\u00e9cart\u00e9 du groupe avant la derni\u00e8re journ\u00e9e de championnat.<\/a><\/p>\n","protected":false},"excerpt":{"rendered":"<p>Il y a quelques jours, le journal anglais The Times avait r\u00e9v\u00e9l\u00e9 un int\u00e9r\u00eat de Nottingham Forest pour Ismail Jakobs. Convoit\u00e9 \u00e9galement en Allemagne par l&rsquo;Union Berlin, le lat\u00e9ral s\u00e9n\u00e9galais semble toutefois se diriger vers l&rsquo;Angleterre, o\u00f9 les n\u00e9gociations entre l&rsquo;AS Monaco et le club de Premier League avanceraient vite, selon Fabrizio Romano. Le journaliste [&#8230;]\n","protected":false},"author":2,"featured_media":0,"comment_status":"open","ping_status":"open","sticky":false,"template":"","format":"standard","meta":[],"categories":[6],"tags":[86,162,111,626,110],"yoast_head":"<!-- This site is optimized with the Yoast SEO plugin v19.8 - https:\/\/yoast.com\/wordpress\/plugins\/seo\/ -->\n<title>Nottingham Forest avancerait sur le dossier Jakobs - La Diagonale<\/title>\n<meta name=\"robots\" content=\"index, follow, max-snippet:-1, max-image-preview:large, max-video-preview:-1\" \/>\n<link rel=\"canonical\" href=\"https:\/\/www.ladiagonale.net\/index.php\/2023\/07\/27\/nottingham-forest-avancerait-sur-le-dossier-jakobs\/\" \/>\n<meta property=\"og:locale\" content=\"fr_FR\" \/>\n<meta property=\"og:type\" content=\"article\" \/>\n<meta property=\"og:title\" content=\"Nottingham Forest avancerait sur le dossier Jakobs - La Diagonale\" \/>\n<meta property=\"og:description\" content=\"Il y a quelques jours, le journal anglais The Times avait r\u00e9v\u00e9l\u00e9 un int\u00e9r\u00eat de Nottingham Forest pour Ismail Jakobs. Convoit\u00e9 \u00e9galement en Allemagne par l&rsquo;Union Berlin, le lat\u00e9ral s\u00e9n\u00e9galais semble toutefois se diriger vers l&rsquo;Angleterre, o\u00f9 les n\u00e9gociations entre l&rsquo;AS Monaco et le club de Premier League avanceraient vite, selon Fabrizio Romano. Le journaliste [...]\" \/>\n<meta property=\"og:url\" content=\"https:\/\/www.ladiagonale.net\/index.php\/2023\/07\/27\/nottingham-forest-avancerait-sur-le-dossier-jakobs\/\" \/>\n<meta property=\"og:site_name\" content=\"La Diagonale\" \/>\n<meta property=\"article:published_time\" content=\"2023-07-26T22:00:26+00:00\" \/>\n<meta property=\"article:modified_time\" content=\"2023-07-26T22:01:39+00:00\" \/>\n<meta property=\"og:image\" content=\"https:\/\/www.ladiagonale.net\/wp-content\/uploads\/2022\/11\/jakobs.png\" \/>\n\t<meta property=\"og:image:width\" content=\"1160\" \/>\n\t<meta property=\"og:image:height\" content=\"650\" \/>\n\t<meta property=\"og:image:type\" content=\"image\/png\" \/>\n<meta name=\"author\" content=\"Damien Dellerba\" \/>\n<meta name=\"twitter:card\" content=\"summary_large_image\" \/>\n<meta name=\"twitter:image\" content=\"https:\/\/www.ladiagonale.net\/wp-content\/uploads\/2022\/11\/jakobs.png\" \/>\n<meta name=\"twitter:label1\" content=\"\u00c9crit par\" \/>\n\t<meta name=\"twitter:data1\" content=\"Damien Dellerba\" \/>\n\t<meta name=\"twitter:label2\" content=\"Dur\u00e9e de lecture estim\u00e9e\" \/>\n\t<meta name=\"twitter:data2\" content=\"1 minute\" \/>\n<script type=\"application\/ld+json\" class=\"yoast-schema-graph\">{\"@context\":\"https:\/\/schema.org\",\"@graph\":[{\"@type\":\"WebPage\",\"@id\":\"https:\/\/www.ladiagonale.net\/index.php\/2023\/07\/27\/nottingham-forest-avancerait-sur-le-dossier-jakobs\/\",\"url\":\"https:\/\/www.ladiagonale.net\/index.php\/2023\/07\/27\/nottingham-forest-avancerait-sur-le-dossier-jakobs\/\",\"name\":\"Nottingham Forest avancerait sur le dossier Jakobs - La Diagonale\",\"isPartOf\":{\"@id\":\"https:\/\/www.ladiagonale.net\/#website\"},\"datePublished\":\"2023-07-26T22:00:26+00:00\",\"dateModified\":\"2023-07-26T22:01:39+00:00\",\"author\":{\"@id\":\"https:\/\/www.ladiagonale.net\/#\/schema\/person\/79ff1e7b0853ed01b2aa26e64ad300bf\"},\"breadcrumb\":{\"@id\":\"https:\/\/www.ladiagonale.net\/index.php\/2023\/07\/27\/nottingham-forest-avancerait-sur-le-dossier-jakobs\/#breadcrumb\"},\"inLanguage\":\"fr-FR\",\"potentialAction\":[{\"@type\":\"ReadAction\",\"target\":[\"https:\/\/www.ladiagonale.net\/index.php\/2023\/07\/27\/nottingham-forest-avancerait-sur-le-dossier-jakobs\/\"]}]},{\"@type\":\"BreadcrumbList\",\"@id\":\"https:\/\/www.ladiagonale.net\/index.php\/2023\/07\/27\/nottingham-forest-avancerait-sur-le-dossier-jakobs\/#breadcrumb\",\"itemListElement\":[{\"@type\":\"ListItem\",\"position\":1,\"name\":\"Accueil\",\"item\":\"https:\/\/www.ladiagonale.net\/\"},{\"@type\":\"ListItem\",\"position\":2,\"name\":\"Nottingham Forest avancerait sur le dossier Jakobs\"}]},{\"@type\":\"WebSite\",\"@id\":\"https:\/\/www.ladiagonale.net\/#website\",\"url\":\"https:\/\/www.ladiagonale.net\/\",\"name\":\"La Diagonale\",\"description\":\"Le site des supporters de l&#039;AS Monaco FC\",\"potentialAction\":[{\"@type\":\"SearchAction\",\"target\":{\"@type\":\"EntryPoint\",\"urlTemplate\":\"https:\/\/www.ladiagonale.net\/?s={search_term_string}\"},\"query-input\":\"required name=search_term_string\"}],\"inLanguage\":\"fr-FR\"},{\"@type\":\"Person\",\"@id\":\"https:\/\/www.ladiagonale.net\/#\/schema\/person\/79ff1e7b0853ed01b2aa26e64ad300bf\",\"name\":\"Damien Dellerba\",\"image\":{\"@type\":\"ImageObject\",\"inLanguage\":\"fr-FR\",\"@id\":\"https:\/\/www.ladiagonale.net\/#\/schema\/person\/image\/\",\"url\":\"https:\/\/secure.gravatar.com\/avatar\/c7850e06d3ff63cdbaee88b7fc16e2f0?s=96&d=mm&r=g\",\"contentUrl\":\"https:\/\/secure.gravatar.com\/avatar\/c7850e06d3ff63cdbaee88b7fc16e2f0?s=96&d=mm&r=g\",\"caption\":\"Damien Dellerba\"},\"url\":\"https:\/\/www.ladiagonale.net\/index.php\/author\/damien\/\"}]}<\/script>\n<!-- \/ Yoast SEO plugin. -->","yoast_head_json":{"title":"Nottingham Forest avancerait sur le dossier Jakobs - La Diagonale","robots":{"index":"index","follow":"follow","max-snippet":"max-snippet:-1","max-image-preview":"max-image-preview:large","max-video-preview":"max-video-preview:-1"},"canonical":"https:\/\/www.ladiagonale.net\/index.php\/2023\/07\/27\/nottingham-forest-avancerait-sur-le-dossier-jakobs\/","og_locale":"fr_FR","og_type":"article","og_title":"Nottingham Forest avancerait sur le dossier Jakobs - La Diagonale","og_description":"Il y a quelques jours, le journal anglais The Times avait r\u00e9v\u00e9l\u00e9 un int\u00e9r\u00eat de Nottingham Forest pour Ismail Jakobs. Convoit\u00e9 \u00e9galement en Allemagne par l&rsquo;Union Berlin, le lat\u00e9ral s\u00e9n\u00e9galais semble toutefois se diriger vers l&rsquo;Angleterre, o\u00f9 les n\u00e9gociations entre l&rsquo;AS Monaco et le club de Premier League avanceraient vite, selon Fabrizio Romano. Le journaliste [...]","og_url":"https:\/\/www.ladiagonale.net\/index.php\/2023\/07\/27\/nottingham-forest-avancerait-sur-le-dossier-jakobs\/","og_site_name":"La Diagonale","article_published_time":"2023-07-26T22:00:26+00:00","article_modified_time":"2023-07-26T22:01:39+00:00","og_image":[{"width":1160,"height":650,"url":"https:\/\/www.ladiagonale.net\/wp-content\/uploads\/2022\/11\/jakobs.png","type":"image\/png"}],"author":"Damien Dellerba","twitter_card":"summary_large_image","twitter_image":"https:\/\/www.ladiagonale.net\/wp-content\/uploads\/2022\/11\/jakobs.png","twitter_misc":{"\u00c9crit par":"Damien Dellerba","Dur\u00e9e de lecture estim\u00e9e":"1 minute"},"schema":{"@context":"https:\/\/schema.org","@graph":[{"@type":"WebPage","@id":"https:\/\/www.ladiagonale.net\/index.php\/2023\/07\/27\/nottingham-forest-avancerait-sur-le-dossier-jakobs\/","url":"https:\/\/www.ladiagonale.net\/index.php\/2023\/07\/27\/nottingham-forest-avancerait-sur-le-dossier-jakobs\/","name":"Nottingham Forest avancerait sur le dossier Jakobs - La Diagonale","isPartOf":{"@id":"https:\/\/www.ladiagonale.net\/#website"},"datePublished":"2023-07-26T22:00:26+00:00","dateModified":"2023-07-26T22:01:39+00:00","author":{"@id":"https:\/\/www.ladiagonale.net\/#\/schema\/person\/79ff1e7b0853ed01b2aa26e64ad300bf"},"breadcrumb":{"@id":"https:\/\/www.ladiagonale.net\/index.php\/2023\/07\/27\/nottingham-forest-avancerait-sur-le-dossier-jakobs\/#breadcrumb"},"inLanguage":"fr-FR","potentialAction":[{"@type":"ReadAction","target":["https:\/\/www.ladiagonale.net\/index.php\/2023\/07\/27\/nottingham-forest-avancerait-sur-le-dossier-jakobs\/"]}]},{"@type":"BreadcrumbList","@id":"https:\/\/www.ladiagonale.net\/index.php\/2023\/07\/27\/nottingham-forest-avancerait-sur-le-dossier-jakobs\/#breadcrumb","itemListElement":[{"@type":"ListItem","position":1,"name":"Accueil","item":"https:\/\/www.ladiagonale.net\/"},{"@type":"ListItem","position":2,"name":"Nottingham Forest avancerait sur le dossier Jakobs"}]},{"@type":"WebSite","@id":"https:\/\/www.ladiagonale.net\/#website","url":"https:\/\/www.ladiagonale.net\/","name":"La Diagonale","description":"Le site des supporters de l&#039;AS Monaco FC","potentialAction":[{"@type":"SearchAction","target":{"@type":"EntryPoint","urlTemplate":"https:\/\/www.ladiagonale.net\/?s={search_term_string}"},"query-input":"required name=search_term_string"}],"inLanguage":"fr-FR"},{"@type":"Person","@id":"https:\/\/www.ladiagonale.net\/#\/schema\/person\/79ff1e7b0853ed01b2aa26e64ad300bf","name":"Damien Dellerba","image":{"@type":"ImageObject","inLanguage":"fr-FR","@id":"https:\/\/www.ladiagonale.net\/#\/schema\/person\/image\/","url":"https:\/\/secure.gravatar.com\/avatar\/c7850e06d3ff63cdbaee88b7fc16e2f0?s=96&d=mm&r=g","contentUrl":"https:\/\/secure.gravatar.com\/avatar\/c7850e06d3ff63cdbaee88b7fc16e2f0?s=96&d=mm&r=g","caption":"Damien Dellerba"},"url":"https:\/\/www.ladiagonale.net\/index.php\/author\/damien\/"}]}},"_links":{"self":[{"href":"https:\/\/www.ladiagonale.net\/index.php\/wp-json\/wp\/v2\/posts\/14417"}],"collection":[{"href":"https:\/\/www.ladiagonale.net\/index.php\/wp-json\/wp\/v2\/posts"}],"about":[{"href":"https:\/\/www.ladiagonale.net\/index.php\/wp-json\/wp\/v2\/types\/post"}],"author":[{"embeddable":true,"href":"https:\/\/www.ladiagonale.net\/index.php\/wp-json\/wp\/v2\/users\/2"}],"replies":[{"embeddable":true,"href":"https:\/\/www.ladiagonale.net\/index.php\/wp-json\/wp\/v2\/comments?post=14417"}],"version-history":[{"count":3,"href":"https:\/\/www.ladiagonale.net\/index.php\/wp-json\/wp\/v2\/posts\/14417\/revisions"}],"predecessor-version":[{"id":14420,"href":"https:\/\/www.ladiagonale.net\/index.php\/wp-json\/wp\/v2\/posts\/14417\/revisions\/14420"}],"wp:attachment":[{"href":"https:\/\/www.ladiagonale.net\/index.php\/wp-json\/wp\/v2\/media?parent=14417"}],"wp:term":[{"taxonomy":"category","embeddable":true,"href":"https:\/\/www.ladiagonale.net\/index.php\/wp-json\/wp\/v2\/categories?post=14417"},{"taxonomy":"post_tag","embeddable":true,"href":"https:\/\/www.ladiagonale.net\/index.php\/wp-json\/wp\/v2\/tags?post=14417"}],"curies":[{"name":"wp","href":"https:\/\/api.w.org\/{rel}","templated":true}]}}