{"id":14459,"date":"2023-07-27T11:13:12","date_gmt":"2023-07-27T09:13:12","guid":{"rendered":"https:\/\/www.ladiagonale.net\/?p=14459"},"modified":"2023-07-27T11:13:15","modified_gmt":"2023-07-27T09:13:15","slug":"embolo-continue-le-travail-individuel","status":"publish","type":"post","link":"https:\/\/www.ladiagonale.net\/index.php\/2023\/07\/27\/embolo-continue-le-travail-individuel\/","title":{"rendered":"Embolo continue le travail individuel"},"content":{"rendered":"\n\n\n<p>En marge de <a href=\"https:\/\/www.ladiagonale.net\/index.php\/2023\/07\/26\/monaco-revele-un-troisieme-maillot-au-bleu-azureen\/\">la pr\u00e9sentation du troisi\u00e8me maillot de l&rsquo;AS Monaco au Mus\u00e9e oc\u00e9anographique<\/a>, Breel Embolo s&rsquo;est confi\u00e9 sur son \u00e9tat de sant\u00e9. L&rsquo;attaquant suisse n&rsquo;a pas encore pu disputer le moindre match amical depuis le d\u00e9but de la pr\u00e9saison et continue de s&rsquo;entra\u00eener individuellement \u00e0 la suite de sa blessure \u00e0 un genou. Il s&rsquo;est pourtant montr\u00e9 positif et esp\u00e8re pouvoir retrouver rapidement les terrains. <\/p>\n\n\n\n<p>\u00ab\u00a0<em>Je n\u2019ai pas eu une fin de saison simple, mais c\u2019est du pass\u00e9<\/em>, a confi\u00e9 Embolo. <em>Je regarde toujours vers l\u2019avant, positivement. Je travaille pour me remettre en forme. L\u2019\u00e9quipe a fait un bon stage en Angleterre, je reste proche d\u2019elle. Je travaille individuellement. <\/em>(<em>&#8230;) C\u2019est \u00e0 moi de rattraper l\u2019\u00e9cart avec le reste de l\u2019\u00e9quipe et en m\u00eame temps de travailler pour moi-m\u00eame.<\/em>\u00a0\u00bb<\/p>\n\n\n\n<p>La reprise de la Ligue 1 approche et Embolo se veut optimiste sur ses chances d&rsquo;\u00eatre pr\u00eat pour le premier d\u00e9placement de l&rsquo;ann\u00e9e, \u00e0 Clermont le 13 ao\u00fbt : \u00ab <em>Je suis tr\u00e8s confiant. Ce n\u2019\u00e9tait pas simple de finir comme \u00e7a. Pendant les vacances aussi parce qu\u2019on ne peut pas compl\u00e8tement partir parce que tu as quelque chose. Je ne suis pas heureux de ne pas commencer avec l\u2019\u00e9quipe, mais on a une longue saison qui nous attend. \u00c7a fait mal maintenant, mais j\u2019esp\u00e8re que \u00e7a va s\u2019arr\u00eater et que je n\u2019aurais pas de bobo pendant la saison.<\/em> \u00bb<\/p>\n","protected":false},"excerpt":{"rendered":"<p>En marge de la pr\u00e9sentation du troisi\u00e8me maillot de l&rsquo;AS Monaco au Mus\u00e9e oc\u00e9anographique, Breel Embolo s&rsquo;est confi\u00e9 sur son \u00e9tat de sant\u00e9. L&rsquo;attaquant suisse n&rsquo;a pas encore pu disputer le moindre match amical depuis le d\u00e9but de la pr\u00e9saison et continue de s&rsquo;entra\u00eener individuellement \u00e0 la suite de sa blessure \u00e0 un genou. Il [&#8230;]\n","protected":false},"author":2,"featured_media":0,"comment_status":"open","ping_status":"open","sticky":false,"template":"","format":"standard","meta":[],"categories":[6],"tags":[86,161,196],"yoast_head":"<!-- This site is optimized with the Yoast SEO plugin v19.8 - https:\/\/yoast.com\/wordpress\/plugins\/seo\/ -->\n<title>Embolo continue le travail individuel - La Diagonale<\/title>\n<meta name=\"robots\" content=\"index, follow, max-snippet:-1, max-image-preview:large, max-video-preview:-1\" \/>\n<link rel=\"canonical\" href=\"https:\/\/www.ladiagonale.net\/index.php\/2023\/07\/27\/embolo-continue-le-travail-individuel\/\" \/>\n<meta property=\"og:locale\" content=\"fr_FR\" \/>\n<meta property=\"og:type\" content=\"article\" \/>\n<meta property=\"og:title\" content=\"Embolo continue le travail individuel - La Diagonale\" \/>\n<meta property=\"og:description\" content=\"En marge de la pr\u00e9sentation du troisi\u00e8me maillot de l&rsquo;AS Monaco au Mus\u00e9e oc\u00e9anographique, Breel Embolo s&rsquo;est confi\u00e9 sur son \u00e9tat de sant\u00e9. L&rsquo;attaquant suisse n&rsquo;a pas encore pu disputer le moindre match amical depuis le d\u00e9but de la pr\u00e9saison et continue de s&rsquo;entra\u00eener individuellement \u00e0 la suite de sa blessure \u00e0 un genou. Il [...]\" \/>\n<meta property=\"og:url\" content=\"https:\/\/www.ladiagonale.net\/index.php\/2023\/07\/27\/embolo-continue-le-travail-individuel\/\" \/>\n<meta property=\"og:site_name\" content=\"La Diagonale\" \/>\n<meta property=\"article:published_time\" content=\"2023-07-27T09:13:12+00:00\" \/>\n<meta property=\"article:modified_time\" content=\"2023-07-27T09:13:15+00:00\" \/>\n<meta property=\"og:image\" content=\"https:\/\/www.ladiagonale.net\/wp-content\/uploads\/2023\/01\/embolo.png\" \/>\n\t<meta property=\"og:image:width\" content=\"1160\" \/>\n\t<meta property=\"og:image:height\" content=\"650\" \/>\n\t<meta property=\"og:image:type\" content=\"image\/png\" \/>\n<meta name=\"author\" content=\"Damien Dellerba\" \/>\n<meta name=\"twitter:card\" content=\"summary_large_image\" \/>\n<meta name=\"twitter:image\" content=\"https:\/\/www.ladiagonale.net\/wp-content\/uploads\/2023\/01\/embolo.png\" \/>\n<meta name=\"twitter:label1\" content=\"\u00c9crit par\" \/>\n\t<meta name=\"twitter:data1\" content=\"Damien Dellerba\" \/>\n\t<meta name=\"twitter:label2\" content=\"Dur\u00e9e de lecture estim\u00e9e\" \/>\n\t<meta name=\"twitter:data2\" content=\"2 minutes\" \/>\n<script type=\"application\/ld+json\" class=\"yoast-schema-graph\">{\"@context\":\"https:\/\/schema.org\",\"@graph\":[{\"@type\":\"WebPage\",\"@id\":\"https:\/\/www.ladiagonale.net\/index.php\/2023\/07\/27\/embolo-continue-le-travail-individuel\/\",\"url\":\"https:\/\/www.ladiagonale.net\/index.php\/2023\/07\/27\/embolo-continue-le-travail-individuel\/\",\"name\":\"Embolo continue le travail individuel - La Diagonale\",\"isPartOf\":{\"@id\":\"https:\/\/www.ladiagonale.net\/#website\"},\"datePublished\":\"2023-07-27T09:13:12+00:00\",\"dateModified\":\"2023-07-27T09:13:15+00:00\",\"author\":{\"@id\":\"https:\/\/www.ladiagonale.net\/#\/schema\/person\/79ff1e7b0853ed01b2aa26e64ad300bf\"},\"breadcrumb\":{\"@id\":\"https:\/\/www.ladiagonale.net\/index.php\/2023\/07\/27\/embolo-continue-le-travail-individuel\/#breadcrumb\"},\"inLanguage\":\"fr-FR\",\"potentialAction\":[{\"@type\":\"ReadAction\",\"target\":[\"https:\/\/www.ladiagonale.net\/index.php\/2023\/07\/27\/embolo-continue-le-travail-individuel\/\"]}]},{\"@type\":\"BreadcrumbList\",\"@id\":\"https:\/\/www.ladiagonale.net\/index.php\/2023\/07\/27\/embolo-continue-le-travail-individuel\/#breadcrumb\",\"itemListElement\":[{\"@type\":\"ListItem\",\"position\":1,\"name\":\"Accueil\",\"item\":\"https:\/\/www.ladiagonale.net\/\"},{\"@type\":\"ListItem\",\"position\":2,\"name\":\"Embolo continue le travail individuel\"}]},{\"@type\":\"WebSite\",\"@id\":\"https:\/\/www.ladiagonale.net\/#website\",\"url\":\"https:\/\/www.ladiagonale.net\/\",\"name\":\"La Diagonale\",\"description\":\"Le site des supporters de l&#039;AS Monaco FC\",\"potentialAction\":[{\"@type\":\"SearchAction\",\"target\":{\"@type\":\"EntryPoint\",\"urlTemplate\":\"https:\/\/www.ladiagonale.net\/?s={search_term_string}\"},\"query-input\":\"required name=search_term_string\"}],\"inLanguage\":\"fr-FR\"},{\"@type\":\"Person\",\"@id\":\"https:\/\/www.ladiagonale.net\/#\/schema\/person\/79ff1e7b0853ed01b2aa26e64ad300bf\",\"name\":\"Damien Dellerba\",\"image\":{\"@type\":\"ImageObject\",\"inLanguage\":\"fr-FR\",\"@id\":\"https:\/\/www.ladiagonale.net\/#\/schema\/person\/image\/\",\"url\":\"https:\/\/secure.gravatar.com\/avatar\/c7850e06d3ff63cdbaee88b7fc16e2f0?s=96&d=mm&r=g\",\"contentUrl\":\"https:\/\/secure.gravatar.com\/avatar\/c7850e06d3ff63cdbaee88b7fc16e2f0?s=96&d=mm&r=g\",\"caption\":\"Damien Dellerba\"},\"url\":\"https:\/\/www.ladiagonale.net\/index.php\/author\/damien\/\"}]}<\/script>\n<!-- \/ Yoast SEO plugin. -->","yoast_head_json":{"title":"Embolo continue le travail individuel - La Diagonale","robots":{"index":"index","follow":"follow","max-snippet":"max-snippet:-1","max-image-preview":"max-image-preview:large","max-video-preview":"max-video-preview:-1"},"canonical":"https:\/\/www.ladiagonale.net\/index.php\/2023\/07\/27\/embolo-continue-le-travail-individuel\/","og_locale":"fr_FR","og_type":"article","og_title":"Embolo continue le travail individuel - La Diagonale","og_description":"En marge de la pr\u00e9sentation du troisi\u00e8me maillot de l&rsquo;AS Monaco au Mus\u00e9e oc\u00e9anographique, Breel Embolo s&rsquo;est confi\u00e9 sur son \u00e9tat de sant\u00e9. L&rsquo;attaquant suisse n&rsquo;a pas encore pu disputer le moindre match amical depuis le d\u00e9but de la pr\u00e9saison et continue de s&rsquo;entra\u00eener individuellement \u00e0 la suite de sa blessure \u00e0 un genou. Il [...]","og_url":"https:\/\/www.ladiagonale.net\/index.php\/2023\/07\/27\/embolo-continue-le-travail-individuel\/","og_site_name":"La Diagonale","article_published_time":"2023-07-27T09:13:12+00:00","article_modified_time":"2023-07-27T09:13:15+00:00","og_image":[{"width":1160,"height":650,"url":"https:\/\/www.ladiagonale.net\/wp-content\/uploads\/2023\/01\/embolo.png","type":"image\/png"}],"author":"Damien Dellerba","twitter_card":"summary_large_image","twitter_image":"https:\/\/www.ladiagonale.net\/wp-content\/uploads\/2023\/01\/embolo.png","twitter_misc":{"\u00c9crit par":"Damien Dellerba","Dur\u00e9e de lecture estim\u00e9e":"2 minutes"},"schema":{"@context":"https:\/\/schema.org","@graph":[{"@type":"WebPage","@id":"https:\/\/www.ladiagonale.net\/index.php\/2023\/07\/27\/embolo-continue-le-travail-individuel\/","url":"https:\/\/www.ladiagonale.net\/index.php\/2023\/07\/27\/embolo-continue-le-travail-individuel\/","name":"Embolo continue le travail individuel - La Diagonale","isPartOf":{"@id":"https:\/\/www.ladiagonale.net\/#website"},"datePublished":"2023-07-27T09:13:12+00:00","dateModified":"2023-07-27T09:13:15+00:00","author":{"@id":"https:\/\/www.ladiagonale.net\/#\/schema\/person\/79ff1e7b0853ed01b2aa26e64ad300bf"},"breadcrumb":{"@id":"https:\/\/www.ladiagonale.net\/index.php\/2023\/07\/27\/embolo-continue-le-travail-individuel\/#breadcrumb"},"inLanguage":"fr-FR","potentialAction":[{"@type":"ReadAction","target":["https:\/\/www.ladiagonale.net\/index.php\/2023\/07\/27\/embolo-continue-le-travail-individuel\/"]}]},{"@type":"BreadcrumbList","@id":"https:\/\/www.ladiagonale.net\/index.php\/2023\/07\/27\/embolo-continue-le-travail-individuel\/#breadcrumb","itemListElement":[{"@type":"ListItem","position":1,"name":"Accueil","item":"https:\/\/www.ladiagonale.net\/"},{"@type":"ListItem","position":2,"name":"Embolo continue le travail individuel"}]},{"@type":"WebSite","@id":"https:\/\/www.ladiagonale.net\/#website","url":"https:\/\/www.ladiagonale.net\/","name":"La Diagonale","description":"Le site des supporters de l&#039;AS Monaco FC","potentialAction":[{"@type":"SearchAction","target":{"@type":"EntryPoint","urlTemplate":"https:\/\/www.ladiagonale.net\/?s={search_term_string}"},"query-input":"required name=search_term_string"}],"inLanguage":"fr-FR"},{"@type":"Person","@id":"https:\/\/www.ladiagonale.net\/#\/schema\/person\/79ff1e7b0853ed01b2aa26e64ad300bf","name":"Damien Dellerba","image":{"@type":"ImageObject","inLanguage":"fr-FR","@id":"https:\/\/www.ladiagonale.net\/#\/schema\/person\/image\/","url":"https:\/\/secure.gravatar.com\/avatar\/c7850e06d3ff63cdbaee88b7fc16e2f0?s=96&d=mm&r=g","contentUrl":"https:\/\/secure.gravatar.com\/avatar\/c7850e06d3ff63cdbaee88b7fc16e2f0?s=96&d=mm&r=g","caption":"Damien Dellerba"},"url":"https:\/\/www.ladiagonale.net\/index.php\/author\/damien\/"}]}},"_links":{"self":[{"href":"https:\/\/www.ladiagonale.net\/index.php\/wp-json\/wp\/v2\/posts\/14459"}],"collection":[{"href":"https:\/\/www.ladiagonale.net\/index.php\/wp-json\/wp\/v2\/posts"}],"about":[{"href":"https:\/\/www.ladiagonale.net\/index.php\/wp-json\/wp\/v2\/types\/post"}],"author":[{"embeddable":true,"href":"https:\/\/www.ladiagonale.net\/index.php\/wp-json\/wp\/v2\/users\/2"}],"replies":[{"embeddable":true,"href":"https:\/\/www.ladiagonale.net\/index.php\/wp-json\/wp\/v2\/comments?post=14459"}],"version-history":[{"count":1,"href":"https:\/\/www.ladiagonale.net\/index.php\/wp-json\/wp\/v2\/posts\/14459\/revisions"}],"predecessor-version":[{"id":14460,"href":"https:\/\/www.ladiagonale.net\/index.php\/wp-json\/wp\/v2\/posts\/14459\/revisions\/14460"}],"wp:attachment":[{"href":"https:\/\/www.ladiagonale.net\/index.php\/wp-json\/wp\/v2\/media?parent=14459"}],"wp:term":[{"taxonomy":"category","embeddable":true,"href":"https:\/\/www.ladiagonale.net\/index.php\/wp-json\/wp\/v2\/categories?post=14459"},{"taxonomy":"post_tag","embeddable":true,"href":"https:\/\/www.ladiagonale.net\/index.php\/wp-json\/wp\/v2\/tags?post=14459"}],"curies":[{"name":"wp","href":"https:\/\/api.w.org\/{rel}","templated":true}]}}