{"id":14463,"date":"2023-07-27T22:00:50","date_gmt":"2023-07-27T20:00:50","guid":{"rendered":"https:\/\/www.ladiagonale.net\/?p=14463"},"modified":"2023-07-27T22:00:53","modified_gmt":"2023-07-27T20:00:53","slug":"monaco-aurait-transmis-une-premiere-offre-pour-adarabioyo","status":"publish","type":"post","link":"https:\/\/www.ladiagonale.net\/index.php\/2023\/07\/27\/monaco-aurait-transmis-une-premiere-offre-pour-adarabioyo\/","title":{"rendered":"Monaco aurait transmis une premi\u00e8re offre pour Adarabioyo (Actualis\u00e9)"},"content":{"rendered":"\n<p>Depuis quelques semaines, l\u2019AS Monaco s\u2019est mis en qu\u00eate d\u2019un d\u00e9fenseur central. Selon <em>L\u2019\u00c9quipe<\/em>, les dirigeants as\u00e9mistes seraient m\u00eame pass\u00e9s \u00e0 l\u2019action pour l\u2019Anglais de Fulham, Tosin Adarabioyo, form\u00e9 \u00e0 Manchester City. Une premi\u00e8re offre de cinq millions d\u2019euros aurait \u00e9t\u00e9 transmise pour le joueur de 25 ans, \u00e0 qui il ne reste qu\u2019une seule ann\u00e9e de contrat, d\u2019apr\u00e8s une information du quotidien sportif. <\/p>\n\n\n\n<p>Quoi qu\u2019il en soit, l\u2019AS Monaco va devoir renforcer son arri\u00e8re-garde cet \u00e9t\u00e9, notamment si Adi H\u00fctter souhaite maintenir un syst\u00e8me avec une d\u00e9fense \u00e0 trois pendant la saison. Le d\u00e9part de Disasi est pressenti et <a href=\"https:\/\/www.ladiagonale.net\/index.php\/2023\/07\/26\/ludinese-et-villarreal-convoiteraient-matsima\/\">celui de Matsima serait \u00e9galement dans les tuyaux<\/a>. Ces derni\u00e8res semaines, l\u2019ASM aurait donc planch\u00e9 sur plusieurs dossiers dont celui de Mohammed Salisu, <a href=\"https:\/\/www.ladiagonale.net\/index.php\/2023\/07\/20\/monaco-recale-a-deux-reprises-pour-salisu\/\">o\u00f9 deux offres auraient \u00e9t\u00e9 rejet\u00e9es<\/a>. Le d\u00e9fenseur de Southampton resterait la priorit\u00e9 de Monaco \u00e0 en croire <em>The Daily Telegraph<\/em>.<\/p>\n\n\n\n<p><strong>Actualisation :<\/strong> <em>Si Foot Mercato<\/em> ne confirme pas l\u2019offre de Monaco adress\u00e9e \u00e0 Fulham pour Adarabioyo, il indique que le club de la Principaut\u00e9 tiendrait quasiment un accord avec le joueur, qui privil\u00e9gierait la proposition de l\u2019ASM \u00e0 celle de Tottenham. Pour ce qui est du dossier Salisu, le m\u00e9dia sp\u00e9cialis\u00e9 dans les transferts pr\u00e9cise que Monaco aurait bien l\u2019intention de signer les deux joueurs.<\/p>\n","protected":false},"excerpt":{"rendered":"<p>Depuis quelques semaines, l\u2019AS Monaco s\u2019est mis en qu\u00eate d\u2019un d\u00e9fenseur central. Selon L\u2019\u00c9quipe, les dirigeants as\u00e9mistes seraient m\u00eame pass\u00e9s \u00e0 l\u2019action pour l\u2019Anglais de Fulham, Tosin Adarabioyo, form\u00e9 \u00e0 Manchester City. Une premi\u00e8re offre de cinq millions d\u2019euros aurait \u00e9t\u00e9 transmise pour le joueur de 25 ans, \u00e0 qui il ne reste qu\u2019une seule [&#8230;]\n","protected":false},"author":2,"featured_media":0,"comment_status":"open","ping_status":"open","sticky":false,"template":"","format":"standard","meta":[],"categories":[6],"tags":[86,638,111,381,110],"yoast_head":"<!-- This site is optimized with the Yoast SEO plugin v19.8 - https:\/\/yoast.com\/wordpress\/plugins\/seo\/ -->\n<title>Monaco aurait transmis une premi\u00e8re offre pour Adarabioyo (Actualis\u00e9) - La Diagonale<\/title>\n<meta name=\"robots\" content=\"index, follow, max-snippet:-1, max-image-preview:large, max-video-preview:-1\" \/>\n<link rel=\"canonical\" href=\"https:\/\/www.ladiagonale.net\/index.php\/2023\/07\/27\/monaco-aurait-transmis-une-premiere-offre-pour-adarabioyo\/\" \/>\n<meta property=\"og:locale\" content=\"fr_FR\" \/>\n<meta property=\"og:type\" content=\"article\" \/>\n<meta property=\"og:title\" content=\"Monaco aurait transmis une premi\u00e8re offre pour Adarabioyo (Actualis\u00e9) - La Diagonale\" \/>\n<meta property=\"og:description\" content=\"Depuis quelques semaines, l\u2019AS Monaco s\u2019est mis en qu\u00eate d\u2019un d\u00e9fenseur central. Selon L\u2019\u00c9quipe, les dirigeants as\u00e9mistes seraient m\u00eame pass\u00e9s \u00e0 l\u2019action pour l\u2019Anglais de Fulham, Tosin Adarabioyo, form\u00e9 \u00e0 Manchester City. Une premi\u00e8re offre de cinq millions d\u2019euros aurait \u00e9t\u00e9 transmise pour le joueur de 25 ans, \u00e0 qui il ne reste qu\u2019une seule [...]\" \/>\n<meta property=\"og:url\" content=\"https:\/\/www.ladiagonale.net\/index.php\/2023\/07\/27\/monaco-aurait-transmis-une-premiere-offre-pour-adarabioyo\/\" \/>\n<meta property=\"og:site_name\" content=\"La Diagonale\" \/>\n<meta property=\"article:published_time\" content=\"2023-07-27T20:00:50+00:00\" \/>\n<meta property=\"article:modified_time\" content=\"2023-07-27T20:00:53+00:00\" \/>\n<meta property=\"og:image\" content=\"https:\/\/www.ladiagonale.net\/wp-content\/uploads\/2023\/01\/adarabioyo.png\" \/>\n\t<meta property=\"og:image:width\" content=\"1160\" \/>\n\t<meta property=\"og:image:height\" content=\"650\" \/>\n\t<meta property=\"og:image:type\" content=\"image\/png\" \/>\n<meta name=\"author\" content=\"Damien Dellerba\" \/>\n<meta name=\"twitter:card\" content=\"summary_large_image\" \/>\n<meta name=\"twitter:image\" content=\"https:\/\/www.ladiagonale.net\/wp-content\/uploads\/2023\/01\/adarabioyo.png\" \/>\n<meta name=\"twitter:label1\" content=\"\u00c9crit par\" \/>\n\t<meta name=\"twitter:data1\" content=\"Damien Dellerba\" \/>\n\t<meta name=\"twitter:label2\" content=\"Dur\u00e9e de lecture estim\u00e9e\" \/>\n\t<meta name=\"twitter:data2\" content=\"2 minutes\" \/>\n<script type=\"application\/ld+json\" class=\"yoast-schema-graph\">{\"@context\":\"https:\/\/schema.org\",\"@graph\":[{\"@type\":\"WebPage\",\"@id\":\"https:\/\/www.ladiagonale.net\/index.php\/2023\/07\/27\/monaco-aurait-transmis-une-premiere-offre-pour-adarabioyo\/\",\"url\":\"https:\/\/www.ladiagonale.net\/index.php\/2023\/07\/27\/monaco-aurait-transmis-une-premiere-offre-pour-adarabioyo\/\",\"name\":\"Monaco aurait transmis une premi\u00e8re offre pour Adarabioyo (Actualis\u00e9) - La Diagonale\",\"isPartOf\":{\"@id\":\"https:\/\/www.ladiagonale.net\/#website\"},\"datePublished\":\"2023-07-27T20:00:50+00:00\",\"dateModified\":\"2023-07-27T20:00:53+00:00\",\"author\":{\"@id\":\"https:\/\/www.ladiagonale.net\/#\/schema\/person\/79ff1e7b0853ed01b2aa26e64ad300bf\"},\"breadcrumb\":{\"@id\":\"https:\/\/www.ladiagonale.net\/index.php\/2023\/07\/27\/monaco-aurait-transmis-une-premiere-offre-pour-adarabioyo\/#breadcrumb\"},\"inLanguage\":\"fr-FR\",\"potentialAction\":[{\"@type\":\"ReadAction\",\"target\":[\"https:\/\/www.ladiagonale.net\/index.php\/2023\/07\/27\/monaco-aurait-transmis-une-premiere-offre-pour-adarabioyo\/\"]}]},{\"@type\":\"BreadcrumbList\",\"@id\":\"https:\/\/www.ladiagonale.net\/index.php\/2023\/07\/27\/monaco-aurait-transmis-une-premiere-offre-pour-adarabioyo\/#breadcrumb\",\"itemListElement\":[{\"@type\":\"ListItem\",\"position\":1,\"name\":\"Accueil\",\"item\":\"https:\/\/www.ladiagonale.net\/\"},{\"@type\":\"ListItem\",\"position\":2,\"name\":\"Monaco aurait transmis une premi\u00e8re offre pour Adarabioyo (Actualis\u00e9)\"}]},{\"@type\":\"WebSite\",\"@id\":\"https:\/\/www.ladiagonale.net\/#website\",\"url\":\"https:\/\/www.ladiagonale.net\/\",\"name\":\"La Diagonale\",\"description\":\"Le site des supporters de l&#039;AS Monaco FC\",\"potentialAction\":[{\"@type\":\"SearchAction\",\"target\":{\"@type\":\"EntryPoint\",\"urlTemplate\":\"https:\/\/www.ladiagonale.net\/?s={search_term_string}\"},\"query-input\":\"required name=search_term_string\"}],\"inLanguage\":\"fr-FR\"},{\"@type\":\"Person\",\"@id\":\"https:\/\/www.ladiagonale.net\/#\/schema\/person\/79ff1e7b0853ed01b2aa26e64ad300bf\",\"name\":\"Damien Dellerba\",\"image\":{\"@type\":\"ImageObject\",\"inLanguage\":\"fr-FR\",\"@id\":\"https:\/\/www.ladiagonale.net\/#\/schema\/person\/image\/\",\"url\":\"https:\/\/secure.gravatar.com\/avatar\/c7850e06d3ff63cdbaee88b7fc16e2f0?s=96&d=mm&r=g\",\"contentUrl\":\"https:\/\/secure.gravatar.com\/avatar\/c7850e06d3ff63cdbaee88b7fc16e2f0?s=96&d=mm&r=g\",\"caption\":\"Damien Dellerba\"},\"url\":\"https:\/\/www.ladiagonale.net\/index.php\/author\/damien\/\"}]}<\/script>\n<!-- \/ Yoast SEO plugin. -->","yoast_head_json":{"title":"Monaco aurait transmis une premi\u00e8re offre pour Adarabioyo (Actualis\u00e9) - La Diagonale","robots":{"index":"index","follow":"follow","max-snippet":"max-snippet:-1","max-image-preview":"max-image-preview:large","max-video-preview":"max-video-preview:-1"},"canonical":"https:\/\/www.ladiagonale.net\/index.php\/2023\/07\/27\/monaco-aurait-transmis-une-premiere-offre-pour-adarabioyo\/","og_locale":"fr_FR","og_type":"article","og_title":"Monaco aurait transmis une premi\u00e8re offre pour Adarabioyo (Actualis\u00e9) - La Diagonale","og_description":"Depuis quelques semaines, l\u2019AS Monaco s\u2019est mis en qu\u00eate d\u2019un d\u00e9fenseur central. Selon L\u2019\u00c9quipe, les dirigeants as\u00e9mistes seraient m\u00eame pass\u00e9s \u00e0 l\u2019action pour l\u2019Anglais de Fulham, Tosin Adarabioyo, form\u00e9 \u00e0 Manchester City. Une premi\u00e8re offre de cinq millions d\u2019euros aurait \u00e9t\u00e9 transmise pour le joueur de 25 ans, \u00e0 qui il ne reste qu\u2019une seule [...]","og_url":"https:\/\/www.ladiagonale.net\/index.php\/2023\/07\/27\/monaco-aurait-transmis-une-premiere-offre-pour-adarabioyo\/","og_site_name":"La Diagonale","article_published_time":"2023-07-27T20:00:50+00:00","article_modified_time":"2023-07-27T20:00:53+00:00","og_image":[{"width":1160,"height":650,"url":"https:\/\/www.ladiagonale.net\/wp-content\/uploads\/2023\/01\/adarabioyo.png","type":"image\/png"}],"author":"Damien Dellerba","twitter_card":"summary_large_image","twitter_image":"https:\/\/www.ladiagonale.net\/wp-content\/uploads\/2023\/01\/adarabioyo.png","twitter_misc":{"\u00c9crit par":"Damien Dellerba","Dur\u00e9e de lecture estim\u00e9e":"2 minutes"},"schema":{"@context":"https:\/\/schema.org","@graph":[{"@type":"WebPage","@id":"https:\/\/www.ladiagonale.net\/index.php\/2023\/07\/27\/monaco-aurait-transmis-une-premiere-offre-pour-adarabioyo\/","url":"https:\/\/www.ladiagonale.net\/index.php\/2023\/07\/27\/monaco-aurait-transmis-une-premiere-offre-pour-adarabioyo\/","name":"Monaco aurait transmis une premi\u00e8re offre pour Adarabioyo (Actualis\u00e9) - La Diagonale","isPartOf":{"@id":"https:\/\/www.ladiagonale.net\/#website"},"datePublished":"2023-07-27T20:00:50+00:00","dateModified":"2023-07-27T20:00:53+00:00","author":{"@id":"https:\/\/www.ladiagonale.net\/#\/schema\/person\/79ff1e7b0853ed01b2aa26e64ad300bf"},"breadcrumb":{"@id":"https:\/\/www.ladiagonale.net\/index.php\/2023\/07\/27\/monaco-aurait-transmis-une-premiere-offre-pour-adarabioyo\/#breadcrumb"},"inLanguage":"fr-FR","potentialAction":[{"@type":"ReadAction","target":["https:\/\/www.ladiagonale.net\/index.php\/2023\/07\/27\/monaco-aurait-transmis-une-premiere-offre-pour-adarabioyo\/"]}]},{"@type":"BreadcrumbList","@id":"https:\/\/www.ladiagonale.net\/index.php\/2023\/07\/27\/monaco-aurait-transmis-une-premiere-offre-pour-adarabioyo\/#breadcrumb","itemListElement":[{"@type":"ListItem","position":1,"name":"Accueil","item":"https:\/\/www.ladiagonale.net\/"},{"@type":"ListItem","position":2,"name":"Monaco aurait transmis une premi\u00e8re offre pour Adarabioyo (Actualis\u00e9)"}]},{"@type":"WebSite","@id":"https:\/\/www.ladiagonale.net\/#website","url":"https:\/\/www.ladiagonale.net\/","name":"La Diagonale","description":"Le site des supporters de l&#039;AS Monaco FC","potentialAction":[{"@type":"SearchAction","target":{"@type":"EntryPoint","urlTemplate":"https:\/\/www.ladiagonale.net\/?s={search_term_string}"},"query-input":"required name=search_term_string"}],"inLanguage":"fr-FR"},{"@type":"Person","@id":"https:\/\/www.ladiagonale.net\/#\/schema\/person\/79ff1e7b0853ed01b2aa26e64ad300bf","name":"Damien Dellerba","image":{"@type":"ImageObject","inLanguage":"fr-FR","@id":"https:\/\/www.ladiagonale.net\/#\/schema\/person\/image\/","url":"https:\/\/secure.gravatar.com\/avatar\/c7850e06d3ff63cdbaee88b7fc16e2f0?s=96&d=mm&r=g","contentUrl":"https:\/\/secure.gravatar.com\/avatar\/c7850e06d3ff63cdbaee88b7fc16e2f0?s=96&d=mm&r=g","caption":"Damien Dellerba"},"url":"https:\/\/www.ladiagonale.net\/index.php\/author\/damien\/"}]}},"_links":{"self":[{"href":"https:\/\/www.ladiagonale.net\/index.php\/wp-json\/wp\/v2\/posts\/14463"}],"collection":[{"href":"https:\/\/www.ladiagonale.net\/index.php\/wp-json\/wp\/v2\/posts"}],"about":[{"href":"https:\/\/www.ladiagonale.net\/index.php\/wp-json\/wp\/v2\/types\/post"}],"author":[{"embeddable":true,"href":"https:\/\/www.ladiagonale.net\/index.php\/wp-json\/wp\/v2\/users\/2"}],"replies":[{"embeddable":true,"href":"https:\/\/www.ladiagonale.net\/index.php\/wp-json\/wp\/v2\/comments?post=14463"}],"version-history":[{"count":15,"href":"https:\/\/www.ladiagonale.net\/index.php\/wp-json\/wp\/v2\/posts\/14463\/revisions"}],"predecessor-version":[{"id":14482,"href":"https:\/\/www.ladiagonale.net\/index.php\/wp-json\/wp\/v2\/posts\/14463\/revisions\/14482"}],"wp:attachment":[{"href":"https:\/\/www.ladiagonale.net\/index.php\/wp-json\/wp\/v2\/media?parent=14463"}],"wp:term":[{"taxonomy":"category","embeddable":true,"href":"https:\/\/www.ladiagonale.net\/index.php\/wp-json\/wp\/v2\/categories?post=14463"},{"taxonomy":"post_tag","embeddable":true,"href":"https:\/\/www.ladiagonale.net\/index.php\/wp-json\/wp\/v2\/tags?post=14463"}],"curies":[{"name":"wp","href":"https:\/\/api.w.org\/{rel}","templated":true}]}}