{"id":14485,"date":"2023-07-28T14:07:56","date_gmt":"2023-07-28T12:07:56","guid":{"rendered":"https:\/\/www.ladiagonale.net\/?p=14485"},"modified":"2023-07-28T15:55:18","modified_gmt":"2023-07-28T13:55:18","slug":"le-groupe-elite-reussit-ses-debuts-au-tournoi-europeen-u21","status":"publish","type":"post","link":"https:\/\/www.ladiagonale.net\/index.php\/2023\/07\/28\/le-groupe-elite-reussit-ses-debuts-au-tournoi-europeen-u21\/","title":{"rendered":"Le Groupe \u00c9lite r\u00e9ussit ses d\u00e9buts au Tournoi europ\u00e9en U21"},"content":{"rendered":"\n\n\n<p>Engag\u00e9 ce week-end au Tournoi europ\u00e9en U21, le Groupe \u00c9lite de l&rsquo;AS Monaco a pris une petite revanche face \u00e0 Guingamp, <a href=\"https:\/\/www.ladiagonale.net\/index.php\/2022\/07\/31\/finale-perdue-pour-le-groupe-elite\/\">qui avait battu les Rouge et Blanc en finale l&rsquo;an dernier,<\/a> en s&rsquo;imposant pour le premier match de cette nouvelle \u00e9dition (2-0). L&rsquo;\u00e9quipe entra\u00een\u00e9e par Damien Perrinelle a dispos\u00e9 de la formation bretonne gr\u00e2ce \u00e0 des buts inscrits par Romaric Etonde (1-0, 9<sup>e<\/sup>) et Bechir Yacoub (2-0, 25<sup>e<\/sup>).<\/p>\n\n\n\n<p>Les Mon\u00e9gasques disputeront leurs deux autres matches de poules samedi, face \u00e0 Bournemouth (10h) et face \u00e0 Saint-\u00c9tienne (16h45). La journ\u00e9e de dimanche sera consacr\u00e9e aux matchs de classement.<\/p>\n","protected":false},"excerpt":{"rendered":"<p>Engag\u00e9 ce week-end au Tournoi europ\u00e9en U21, le Groupe \u00c9lite de l&rsquo;AS Monaco a pris une petite revanche face \u00e0 Guingamp, qui avait battu les Rouge et Blanc en finale l&rsquo;an dernier, en s&rsquo;imposant pour le premier match de cette nouvelle \u00e9dition (2-0). L&rsquo;\u00e9quipe entra\u00een\u00e9e par Damien Perrinelle a dispos\u00e9 de la formation bretonne gr\u00e2ce [&#8230;]\n","protected":false},"author":2,"featured_media":0,"comment_status":"open","ping_status":"open","sticky":false,"template":"","format":"standard","meta":[],"categories":[6],"tags":[76,86,228],"yoast_head":"<!-- This site is optimized with the Yoast SEO plugin v19.8 - https:\/\/yoast.com\/wordpress\/plugins\/seo\/ -->\n<title>Le Groupe \u00c9lite r\u00e9ussit ses d\u00e9buts au Tournoi europ\u00e9en U21 - La Diagonale<\/title>\n<meta name=\"robots\" content=\"index, follow, max-snippet:-1, max-image-preview:large, max-video-preview:-1\" \/>\n<link rel=\"canonical\" href=\"https:\/\/www.ladiagonale.net\/index.php\/2023\/07\/28\/le-groupe-elite-reussit-ses-debuts-au-tournoi-europeen-u21\/\" \/>\n<meta property=\"og:locale\" content=\"fr_FR\" \/>\n<meta property=\"og:type\" content=\"article\" \/>\n<meta property=\"og:title\" content=\"Le Groupe \u00c9lite r\u00e9ussit ses d\u00e9buts au Tournoi europ\u00e9en U21 - La Diagonale\" \/>\n<meta property=\"og:description\" content=\"Engag\u00e9 ce week-end au Tournoi europ\u00e9en U21, le Groupe \u00c9lite de l&rsquo;AS Monaco a pris une petite revanche face \u00e0 Guingamp, qui avait battu les Rouge et Blanc en finale l&rsquo;an dernier, en s&rsquo;imposant pour le premier match de cette nouvelle \u00e9dition (2-0). L&rsquo;\u00e9quipe entra\u00een\u00e9e par Damien Perrinelle a dispos\u00e9 de la formation bretonne gr\u00e2ce [...]\" \/>\n<meta property=\"og:url\" content=\"https:\/\/www.ladiagonale.net\/index.php\/2023\/07\/28\/le-groupe-elite-reussit-ses-debuts-au-tournoi-europeen-u21\/\" \/>\n<meta property=\"og:site_name\" content=\"La Diagonale\" \/>\n<meta property=\"article:published_time\" content=\"2023-07-28T12:07:56+00:00\" \/>\n<meta property=\"article:modified_time\" content=\"2023-07-28T13:55:18+00:00\" \/>\n<meta property=\"og:image\" content=\"https:\/\/www.ladiagonale.net\/wp-content\/uploads\/2023\/07\/bouabre\u03012.png\" \/>\n\t<meta property=\"og:image:width\" content=\"1160\" \/>\n\t<meta property=\"og:image:height\" content=\"650\" \/>\n\t<meta property=\"og:image:type\" content=\"image\/png\" \/>\n<meta name=\"author\" content=\"Damien Dellerba\" \/>\n<meta name=\"twitter:card\" content=\"summary_large_image\" \/>\n<meta name=\"twitter:image\" content=\"https:\/\/www.ladiagonale.net\/wp-content\/uploads\/2023\/07\/bouabre\u03012.png\" \/>\n<meta name=\"twitter:label1\" content=\"\u00c9crit par\" \/>\n\t<meta name=\"twitter:data1\" content=\"Damien Dellerba\" \/>\n\t<meta name=\"twitter:label2\" content=\"Dur\u00e9e de lecture estim\u00e9e\" \/>\n\t<meta name=\"twitter:data2\" content=\"1 minute\" \/>\n<script type=\"application\/ld+json\" class=\"yoast-schema-graph\">{\"@context\":\"https:\/\/schema.org\",\"@graph\":[{\"@type\":\"WebPage\",\"@id\":\"https:\/\/www.ladiagonale.net\/index.php\/2023\/07\/28\/le-groupe-elite-reussit-ses-debuts-au-tournoi-europeen-u21\/\",\"url\":\"https:\/\/www.ladiagonale.net\/index.php\/2023\/07\/28\/le-groupe-elite-reussit-ses-debuts-au-tournoi-europeen-u21\/\",\"name\":\"Le Groupe \u00c9lite r\u00e9ussit ses d\u00e9buts au Tournoi europ\u00e9en U21 - La Diagonale\",\"isPartOf\":{\"@id\":\"https:\/\/www.ladiagonale.net\/#website\"},\"datePublished\":\"2023-07-28T12:07:56+00:00\",\"dateModified\":\"2023-07-28T13:55:18+00:00\",\"author\":{\"@id\":\"https:\/\/www.ladiagonale.net\/#\/schema\/person\/79ff1e7b0853ed01b2aa26e64ad300bf\"},\"breadcrumb\":{\"@id\":\"https:\/\/www.ladiagonale.net\/index.php\/2023\/07\/28\/le-groupe-elite-reussit-ses-debuts-au-tournoi-europeen-u21\/#breadcrumb\"},\"inLanguage\":\"fr-FR\",\"potentialAction\":[{\"@type\":\"ReadAction\",\"target\":[\"https:\/\/www.ladiagonale.net\/index.php\/2023\/07\/28\/le-groupe-elite-reussit-ses-debuts-au-tournoi-europeen-u21\/\"]}]},{\"@type\":\"BreadcrumbList\",\"@id\":\"https:\/\/www.ladiagonale.net\/index.php\/2023\/07\/28\/le-groupe-elite-reussit-ses-debuts-au-tournoi-europeen-u21\/#breadcrumb\",\"itemListElement\":[{\"@type\":\"ListItem\",\"position\":1,\"name\":\"Accueil\",\"item\":\"https:\/\/www.ladiagonale.net\/\"},{\"@type\":\"ListItem\",\"position\":2,\"name\":\"Le Groupe \u00c9lite r\u00e9ussit ses d\u00e9buts au Tournoi europ\u00e9en U21\"}]},{\"@type\":\"WebSite\",\"@id\":\"https:\/\/www.ladiagonale.net\/#website\",\"url\":\"https:\/\/www.ladiagonale.net\/\",\"name\":\"La Diagonale\",\"description\":\"Le site des supporters de l&#039;AS Monaco FC\",\"potentialAction\":[{\"@type\":\"SearchAction\",\"target\":{\"@type\":\"EntryPoint\",\"urlTemplate\":\"https:\/\/www.ladiagonale.net\/?s={search_term_string}\"},\"query-input\":\"required name=search_term_string\"}],\"inLanguage\":\"fr-FR\"},{\"@type\":\"Person\",\"@id\":\"https:\/\/www.ladiagonale.net\/#\/schema\/person\/79ff1e7b0853ed01b2aa26e64ad300bf\",\"name\":\"Damien Dellerba\",\"image\":{\"@type\":\"ImageObject\",\"inLanguage\":\"fr-FR\",\"@id\":\"https:\/\/www.ladiagonale.net\/#\/schema\/person\/image\/\",\"url\":\"https:\/\/secure.gravatar.com\/avatar\/c7850e06d3ff63cdbaee88b7fc16e2f0?s=96&d=mm&r=g\",\"contentUrl\":\"https:\/\/secure.gravatar.com\/avatar\/c7850e06d3ff63cdbaee88b7fc16e2f0?s=96&d=mm&r=g\",\"caption\":\"Damien Dellerba\"},\"url\":\"https:\/\/www.ladiagonale.net\/index.php\/author\/damien\/\"}]}<\/script>\n<!-- \/ Yoast SEO plugin. -->","yoast_head_json":{"title":"Le Groupe \u00c9lite r\u00e9ussit ses d\u00e9buts au Tournoi europ\u00e9en U21 - La Diagonale","robots":{"index":"index","follow":"follow","max-snippet":"max-snippet:-1","max-image-preview":"max-image-preview:large","max-video-preview":"max-video-preview:-1"},"canonical":"https:\/\/www.ladiagonale.net\/index.php\/2023\/07\/28\/le-groupe-elite-reussit-ses-debuts-au-tournoi-europeen-u21\/","og_locale":"fr_FR","og_type":"article","og_title":"Le Groupe \u00c9lite r\u00e9ussit ses d\u00e9buts au Tournoi europ\u00e9en U21 - La Diagonale","og_description":"Engag\u00e9 ce week-end au Tournoi europ\u00e9en U21, le Groupe \u00c9lite de l&rsquo;AS Monaco a pris une petite revanche face \u00e0 Guingamp, qui avait battu les Rouge et Blanc en finale l&rsquo;an dernier, en s&rsquo;imposant pour le premier match de cette nouvelle \u00e9dition (2-0). L&rsquo;\u00e9quipe entra\u00een\u00e9e par Damien Perrinelle a dispos\u00e9 de la formation bretonne gr\u00e2ce [...]","og_url":"https:\/\/www.ladiagonale.net\/index.php\/2023\/07\/28\/le-groupe-elite-reussit-ses-debuts-au-tournoi-europeen-u21\/","og_site_name":"La Diagonale","article_published_time":"2023-07-28T12:07:56+00:00","article_modified_time":"2023-07-28T13:55:18+00:00","og_image":[{"width":1160,"height":650,"url":"https:\/\/www.ladiagonale.net\/wp-content\/uploads\/2023\/07\/bouabre\u03012.png","type":"image\/png"}],"author":"Damien Dellerba","twitter_card":"summary_large_image","twitter_image":"https:\/\/www.ladiagonale.net\/wp-content\/uploads\/2023\/07\/bouabre\u03012.png","twitter_misc":{"\u00c9crit par":"Damien Dellerba","Dur\u00e9e de lecture estim\u00e9e":"1 minute"},"schema":{"@context":"https:\/\/schema.org","@graph":[{"@type":"WebPage","@id":"https:\/\/www.ladiagonale.net\/index.php\/2023\/07\/28\/le-groupe-elite-reussit-ses-debuts-au-tournoi-europeen-u21\/","url":"https:\/\/www.ladiagonale.net\/index.php\/2023\/07\/28\/le-groupe-elite-reussit-ses-debuts-au-tournoi-europeen-u21\/","name":"Le Groupe \u00c9lite r\u00e9ussit ses d\u00e9buts au Tournoi europ\u00e9en U21 - La Diagonale","isPartOf":{"@id":"https:\/\/www.ladiagonale.net\/#website"},"datePublished":"2023-07-28T12:07:56+00:00","dateModified":"2023-07-28T13:55:18+00:00","author":{"@id":"https:\/\/www.ladiagonale.net\/#\/schema\/person\/79ff1e7b0853ed01b2aa26e64ad300bf"},"breadcrumb":{"@id":"https:\/\/www.ladiagonale.net\/index.php\/2023\/07\/28\/le-groupe-elite-reussit-ses-debuts-au-tournoi-europeen-u21\/#breadcrumb"},"inLanguage":"fr-FR","potentialAction":[{"@type":"ReadAction","target":["https:\/\/www.ladiagonale.net\/index.php\/2023\/07\/28\/le-groupe-elite-reussit-ses-debuts-au-tournoi-europeen-u21\/"]}]},{"@type":"BreadcrumbList","@id":"https:\/\/www.ladiagonale.net\/index.php\/2023\/07\/28\/le-groupe-elite-reussit-ses-debuts-au-tournoi-europeen-u21\/#breadcrumb","itemListElement":[{"@type":"ListItem","position":1,"name":"Accueil","item":"https:\/\/www.ladiagonale.net\/"},{"@type":"ListItem","position":2,"name":"Le Groupe \u00c9lite r\u00e9ussit ses d\u00e9buts au Tournoi europ\u00e9en U21"}]},{"@type":"WebSite","@id":"https:\/\/www.ladiagonale.net\/#website","url":"https:\/\/www.ladiagonale.net\/","name":"La Diagonale","description":"Le site des supporters de l&#039;AS Monaco FC","potentialAction":[{"@type":"SearchAction","target":{"@type":"EntryPoint","urlTemplate":"https:\/\/www.ladiagonale.net\/?s={search_term_string}"},"query-input":"required name=search_term_string"}],"inLanguage":"fr-FR"},{"@type":"Person","@id":"https:\/\/www.ladiagonale.net\/#\/schema\/person\/79ff1e7b0853ed01b2aa26e64ad300bf","name":"Damien Dellerba","image":{"@type":"ImageObject","inLanguage":"fr-FR","@id":"https:\/\/www.ladiagonale.net\/#\/schema\/person\/image\/","url":"https:\/\/secure.gravatar.com\/avatar\/c7850e06d3ff63cdbaee88b7fc16e2f0?s=96&d=mm&r=g","contentUrl":"https:\/\/secure.gravatar.com\/avatar\/c7850e06d3ff63cdbaee88b7fc16e2f0?s=96&d=mm&r=g","caption":"Damien Dellerba"},"url":"https:\/\/www.ladiagonale.net\/index.php\/author\/damien\/"}]}},"_links":{"self":[{"href":"https:\/\/www.ladiagonale.net\/index.php\/wp-json\/wp\/v2\/posts\/14485"}],"collection":[{"href":"https:\/\/www.ladiagonale.net\/index.php\/wp-json\/wp\/v2\/posts"}],"about":[{"href":"https:\/\/www.ladiagonale.net\/index.php\/wp-json\/wp\/v2\/types\/post"}],"author":[{"embeddable":true,"href":"https:\/\/www.ladiagonale.net\/index.php\/wp-json\/wp\/v2\/users\/2"}],"replies":[{"embeddable":true,"href":"https:\/\/www.ladiagonale.net\/index.php\/wp-json\/wp\/v2\/comments?post=14485"}],"version-history":[{"count":4,"href":"https:\/\/www.ladiagonale.net\/index.php\/wp-json\/wp\/v2\/posts\/14485\/revisions"}],"predecessor-version":[{"id":14490,"href":"https:\/\/www.ladiagonale.net\/index.php\/wp-json\/wp\/v2\/posts\/14485\/revisions\/14490"}],"wp:attachment":[{"href":"https:\/\/www.ladiagonale.net\/index.php\/wp-json\/wp\/v2\/media?parent=14485"}],"wp:term":[{"taxonomy":"category","embeddable":true,"href":"https:\/\/www.ladiagonale.net\/index.php\/wp-json\/wp\/v2\/categories?post=14485"},{"taxonomy":"post_tag","embeddable":true,"href":"https:\/\/www.ladiagonale.net\/index.php\/wp-json\/wp\/v2\/tags?post=14485"}],"curies":[{"name":"wp","href":"https:\/\/api.w.org\/{rel}","templated":true}]}}