{"id":14497,"date":"2023-07-29T01:24:48","date_gmt":"2023-07-28T23:24:48","guid":{"rendered":"https:\/\/www.ladiagonale.net\/?p=14497"},"modified":"2023-07-30T12:32:18","modified_gmt":"2023-07-30T10:32:18","slug":"ben-yedder-devrait-rester-a-monaco","status":"publish","type":"post","link":"https:\/\/www.ladiagonale.net\/index.php\/2023\/07\/29\/ben-yedder-devrait-rester-a-monaco\/","title":{"rendered":"Ben Yedder devrait rester \u00e0 Monaco"},"content":{"rendered":"\n\n\n<p>En fin de contrat en juin 2024, Wissam Ben Yedder (32 ans) devrait aller au bout de son engagement avec l&rsquo;AS Monaco. Le quotidien <em>L&rsquo;\u00c9quipe<\/em> rapporte dans son \u00e9dition du jour que le capitaine as\u00e9miste aurait fait l&rsquo;objet de plusieurs sollicitations, venues notamment d&rsquo;Arabie saoudite, comme <a href=\"https:\/\/www.ladiagonale.net\/index.php\/2023\/06\/10\/ben-yedder-piste-en-arabie-saoudite\/\">r\u00e9v\u00e9l\u00e9 en juin<\/a>, mais que cela ne devrait rien changer \u00e0 son avenir, qui se situerait toujours sur le Rocher.<\/p>\n\n\n\n<p>Si la tendance n&rsquo;est pas \u00e0 un d\u00e9part, rien n&rsquo;indique que Ben Yedder pourrait \u00e9tendre son bail avec le club de la Principaut\u00e9. Il y a plusieurs mois, <em>L&rsquo;\u00c9quipe<\/em> annon\u00e7ait <a href=\"https:\/\/www.ladiagonale.net\/index.php\/2023\/04\/15\/la-prolongation-de-ben-yedder-ne-serait-pas-a-lordre-du-jour\/\">qu&rsquo;aucune discussion pour une prolongation de contrat n&rsquo;\u00e9tait en cours<\/a>. R\u00e9cemment, Ben Yedder a d\u00e9fray\u00e9 la chronique, <a href=\"https:\/\/www.ladiagonale.net\/index.php\/2023\/07\/13\/ben-yedder-accuse-dagression-sexuelle-et-de-viol\/\">vis\u00e9 par une plainte pour viol et agression sexuelle<\/a>. L&rsquo;ASM n&rsquo;a pas pris de mesure pr\u00e9ventive \u00e0 l&rsquo;encontre du joueur, qui effectue la pr\u00e9paration normalement et a disput\u00e9 tous les matchs amicaux avec le brassard de capitaine.<\/p>\n","protected":false},"excerpt":{"rendered":"<p>En fin de contrat en juin 2024, Wissam Ben Yedder (32 ans) devrait aller au bout de son engagement avec l&rsquo;AS Monaco. Le quotidien L&rsquo;\u00c9quipe rapporte dans son \u00e9dition du jour que le capitaine as\u00e9miste aurait fait l&rsquo;objet de plusieurs sollicitations, venues notamment d&rsquo;Arabie saoudite, comme r\u00e9v\u00e9l\u00e9 en juin, mais que cela ne devrait rien [&#8230;]\n","protected":false},"author":2,"featured_media":0,"comment_status":"open","ping_status":"open","sticky":false,"template":"","format":"standard","meta":[],"categories":[6],"tags":[86,111,110,175],"yoast_head":"<!-- This site is optimized with the Yoast SEO plugin v19.8 - https:\/\/yoast.com\/wordpress\/plugins\/seo\/ -->\n<title>Ben Yedder devrait rester \u00e0 Monaco - La Diagonale<\/title>\n<meta name=\"robots\" content=\"index, follow, max-snippet:-1, max-image-preview:large, max-video-preview:-1\" \/>\n<link rel=\"canonical\" href=\"https:\/\/www.ladiagonale.net\/index.php\/2023\/07\/29\/ben-yedder-devrait-rester-a-monaco\/\" \/>\n<meta property=\"og:locale\" content=\"fr_FR\" \/>\n<meta property=\"og:type\" content=\"article\" \/>\n<meta property=\"og:title\" content=\"Ben Yedder devrait rester \u00e0 Monaco - La Diagonale\" \/>\n<meta property=\"og:description\" content=\"En fin de contrat en juin 2024, Wissam Ben Yedder (32 ans) devrait aller au bout de son engagement avec l&rsquo;AS Monaco. Le quotidien L&rsquo;\u00c9quipe rapporte dans son \u00e9dition du jour que le capitaine as\u00e9miste aurait fait l&rsquo;objet de plusieurs sollicitations, venues notamment d&rsquo;Arabie saoudite, comme r\u00e9v\u00e9l\u00e9 en juin, mais que cela ne devrait rien [...]\" \/>\n<meta property=\"og:url\" content=\"https:\/\/www.ladiagonale.net\/index.php\/2023\/07\/29\/ben-yedder-devrait-rester-a-monaco\/\" \/>\n<meta property=\"og:site_name\" content=\"La Diagonale\" \/>\n<meta property=\"article:published_time\" content=\"2023-07-28T23:24:48+00:00\" \/>\n<meta property=\"article:modified_time\" content=\"2023-07-30T10:32:18+00:00\" \/>\n<meta property=\"og:image\" content=\"https:\/\/www.ladiagonale.net\/wp-content\/uploads\/2023\/07\/BenYedder.png\" \/>\n\t<meta property=\"og:image:width\" content=\"1160\" \/>\n\t<meta property=\"og:image:height\" content=\"650\" \/>\n\t<meta property=\"og:image:type\" content=\"image\/png\" \/>\n<meta name=\"author\" content=\"Damien Dellerba\" \/>\n<meta name=\"twitter:card\" content=\"summary_large_image\" \/>\n<meta name=\"twitter:image\" content=\"https:\/\/www.ladiagonale.net\/wp-content\/uploads\/2023\/07\/BenYedder.png\" \/>\n<meta name=\"twitter:label1\" content=\"\u00c9crit par\" \/>\n\t<meta name=\"twitter:data1\" content=\"Damien Dellerba\" \/>\n\t<meta name=\"twitter:label2\" content=\"Dur\u00e9e de lecture estim\u00e9e\" \/>\n\t<meta name=\"twitter:data2\" content=\"1 minute\" \/>\n<script type=\"application\/ld+json\" class=\"yoast-schema-graph\">{\"@context\":\"https:\/\/schema.org\",\"@graph\":[{\"@type\":\"WebPage\",\"@id\":\"https:\/\/www.ladiagonale.net\/index.php\/2023\/07\/29\/ben-yedder-devrait-rester-a-monaco\/\",\"url\":\"https:\/\/www.ladiagonale.net\/index.php\/2023\/07\/29\/ben-yedder-devrait-rester-a-monaco\/\",\"name\":\"Ben Yedder devrait rester \u00e0 Monaco - La Diagonale\",\"isPartOf\":{\"@id\":\"https:\/\/www.ladiagonale.net\/#website\"},\"datePublished\":\"2023-07-28T23:24:48+00:00\",\"dateModified\":\"2023-07-30T10:32:18+00:00\",\"author\":{\"@id\":\"https:\/\/www.ladiagonale.net\/#\/schema\/person\/79ff1e7b0853ed01b2aa26e64ad300bf\"},\"breadcrumb\":{\"@id\":\"https:\/\/www.ladiagonale.net\/index.php\/2023\/07\/29\/ben-yedder-devrait-rester-a-monaco\/#breadcrumb\"},\"inLanguage\":\"fr-FR\",\"potentialAction\":[{\"@type\":\"ReadAction\",\"target\":[\"https:\/\/www.ladiagonale.net\/index.php\/2023\/07\/29\/ben-yedder-devrait-rester-a-monaco\/\"]}]},{\"@type\":\"BreadcrumbList\",\"@id\":\"https:\/\/www.ladiagonale.net\/index.php\/2023\/07\/29\/ben-yedder-devrait-rester-a-monaco\/#breadcrumb\",\"itemListElement\":[{\"@type\":\"ListItem\",\"position\":1,\"name\":\"Accueil\",\"item\":\"https:\/\/www.ladiagonale.net\/\"},{\"@type\":\"ListItem\",\"position\":2,\"name\":\"Ben Yedder devrait rester \u00e0 Monaco\"}]},{\"@type\":\"WebSite\",\"@id\":\"https:\/\/www.ladiagonale.net\/#website\",\"url\":\"https:\/\/www.ladiagonale.net\/\",\"name\":\"La Diagonale\",\"description\":\"Le site des supporters de l&#039;AS Monaco FC\",\"potentialAction\":[{\"@type\":\"SearchAction\",\"target\":{\"@type\":\"EntryPoint\",\"urlTemplate\":\"https:\/\/www.ladiagonale.net\/?s={search_term_string}\"},\"query-input\":\"required name=search_term_string\"}],\"inLanguage\":\"fr-FR\"},{\"@type\":\"Person\",\"@id\":\"https:\/\/www.ladiagonale.net\/#\/schema\/person\/79ff1e7b0853ed01b2aa26e64ad300bf\",\"name\":\"Damien Dellerba\",\"image\":{\"@type\":\"ImageObject\",\"inLanguage\":\"fr-FR\",\"@id\":\"https:\/\/www.ladiagonale.net\/#\/schema\/person\/image\/\",\"url\":\"https:\/\/secure.gravatar.com\/avatar\/c7850e06d3ff63cdbaee88b7fc16e2f0?s=96&d=mm&r=g\",\"contentUrl\":\"https:\/\/secure.gravatar.com\/avatar\/c7850e06d3ff63cdbaee88b7fc16e2f0?s=96&d=mm&r=g\",\"caption\":\"Damien Dellerba\"},\"url\":\"https:\/\/www.ladiagonale.net\/index.php\/author\/damien\/\"}]}<\/script>\n<!-- \/ Yoast SEO plugin. -->","yoast_head_json":{"title":"Ben Yedder devrait rester \u00e0 Monaco - La Diagonale","robots":{"index":"index","follow":"follow","max-snippet":"max-snippet:-1","max-image-preview":"max-image-preview:large","max-video-preview":"max-video-preview:-1"},"canonical":"https:\/\/www.ladiagonale.net\/index.php\/2023\/07\/29\/ben-yedder-devrait-rester-a-monaco\/","og_locale":"fr_FR","og_type":"article","og_title":"Ben Yedder devrait rester \u00e0 Monaco - La Diagonale","og_description":"En fin de contrat en juin 2024, Wissam Ben Yedder (32 ans) devrait aller au bout de son engagement avec l&rsquo;AS Monaco. Le quotidien L&rsquo;\u00c9quipe rapporte dans son \u00e9dition du jour que le capitaine as\u00e9miste aurait fait l&rsquo;objet de plusieurs sollicitations, venues notamment d&rsquo;Arabie saoudite, comme r\u00e9v\u00e9l\u00e9 en juin, mais que cela ne devrait rien [...]","og_url":"https:\/\/www.ladiagonale.net\/index.php\/2023\/07\/29\/ben-yedder-devrait-rester-a-monaco\/","og_site_name":"La Diagonale","article_published_time":"2023-07-28T23:24:48+00:00","article_modified_time":"2023-07-30T10:32:18+00:00","og_image":[{"width":1160,"height":650,"url":"https:\/\/www.ladiagonale.net\/wp-content\/uploads\/2023\/07\/BenYedder.png","type":"image\/png"}],"author":"Damien Dellerba","twitter_card":"summary_large_image","twitter_image":"https:\/\/www.ladiagonale.net\/wp-content\/uploads\/2023\/07\/BenYedder.png","twitter_misc":{"\u00c9crit par":"Damien Dellerba","Dur\u00e9e de lecture estim\u00e9e":"1 minute"},"schema":{"@context":"https:\/\/schema.org","@graph":[{"@type":"WebPage","@id":"https:\/\/www.ladiagonale.net\/index.php\/2023\/07\/29\/ben-yedder-devrait-rester-a-monaco\/","url":"https:\/\/www.ladiagonale.net\/index.php\/2023\/07\/29\/ben-yedder-devrait-rester-a-monaco\/","name":"Ben Yedder devrait rester \u00e0 Monaco - La Diagonale","isPartOf":{"@id":"https:\/\/www.ladiagonale.net\/#website"},"datePublished":"2023-07-28T23:24:48+00:00","dateModified":"2023-07-30T10:32:18+00:00","author":{"@id":"https:\/\/www.ladiagonale.net\/#\/schema\/person\/79ff1e7b0853ed01b2aa26e64ad300bf"},"breadcrumb":{"@id":"https:\/\/www.ladiagonale.net\/index.php\/2023\/07\/29\/ben-yedder-devrait-rester-a-monaco\/#breadcrumb"},"inLanguage":"fr-FR","potentialAction":[{"@type":"ReadAction","target":["https:\/\/www.ladiagonale.net\/index.php\/2023\/07\/29\/ben-yedder-devrait-rester-a-monaco\/"]}]},{"@type":"BreadcrumbList","@id":"https:\/\/www.ladiagonale.net\/index.php\/2023\/07\/29\/ben-yedder-devrait-rester-a-monaco\/#breadcrumb","itemListElement":[{"@type":"ListItem","position":1,"name":"Accueil","item":"https:\/\/www.ladiagonale.net\/"},{"@type":"ListItem","position":2,"name":"Ben Yedder devrait rester \u00e0 Monaco"}]},{"@type":"WebSite","@id":"https:\/\/www.ladiagonale.net\/#website","url":"https:\/\/www.ladiagonale.net\/","name":"La Diagonale","description":"Le site des supporters de l&#039;AS Monaco FC","potentialAction":[{"@type":"SearchAction","target":{"@type":"EntryPoint","urlTemplate":"https:\/\/www.ladiagonale.net\/?s={search_term_string}"},"query-input":"required name=search_term_string"}],"inLanguage":"fr-FR"},{"@type":"Person","@id":"https:\/\/www.ladiagonale.net\/#\/schema\/person\/79ff1e7b0853ed01b2aa26e64ad300bf","name":"Damien Dellerba","image":{"@type":"ImageObject","inLanguage":"fr-FR","@id":"https:\/\/www.ladiagonale.net\/#\/schema\/person\/image\/","url":"https:\/\/secure.gravatar.com\/avatar\/c7850e06d3ff63cdbaee88b7fc16e2f0?s=96&d=mm&r=g","contentUrl":"https:\/\/secure.gravatar.com\/avatar\/c7850e06d3ff63cdbaee88b7fc16e2f0?s=96&d=mm&r=g","caption":"Damien Dellerba"},"url":"https:\/\/www.ladiagonale.net\/index.php\/author\/damien\/"}]}},"_links":{"self":[{"href":"https:\/\/www.ladiagonale.net\/index.php\/wp-json\/wp\/v2\/posts\/14497"}],"collection":[{"href":"https:\/\/www.ladiagonale.net\/index.php\/wp-json\/wp\/v2\/posts"}],"about":[{"href":"https:\/\/www.ladiagonale.net\/index.php\/wp-json\/wp\/v2\/types\/post"}],"author":[{"embeddable":true,"href":"https:\/\/www.ladiagonale.net\/index.php\/wp-json\/wp\/v2\/users\/2"}],"replies":[{"embeddable":true,"href":"https:\/\/www.ladiagonale.net\/index.php\/wp-json\/wp\/v2\/comments?post=14497"}],"version-history":[{"count":2,"href":"https:\/\/www.ladiagonale.net\/index.php\/wp-json\/wp\/v2\/posts\/14497\/revisions"}],"predecessor-version":[{"id":14529,"href":"https:\/\/www.ladiagonale.net\/index.php\/wp-json\/wp\/v2\/posts\/14497\/revisions\/14529"}],"wp:attachment":[{"href":"https:\/\/www.ladiagonale.net\/index.php\/wp-json\/wp\/v2\/media?parent=14497"}],"wp:term":[{"taxonomy":"category","embeddable":true,"href":"https:\/\/www.ladiagonale.net\/index.php\/wp-json\/wp\/v2\/categories?post=14497"},{"taxonomy":"post_tag","embeddable":true,"href":"https:\/\/www.ladiagonale.net\/index.php\/wp-json\/wp\/v2\/tags?post=14497"}],"curies":[{"name":"wp","href":"https:\/\/api.w.org\/{rel}","templated":true}]}}