{"id":14506,"date":"2023-07-29T21:31:57","date_gmt":"2023-07-29T19:31:57","guid":{"rendered":"https:\/\/www.ladiagonale.net\/?p=14506"},"modified":"2023-07-30T13:16:53","modified_gmt":"2023-07-30T11:16:53","slug":"le-groupe-elite-jouera-la-petite-finale-au-tournoi-europeen-u21-contre-nice","status":"publish","type":"post","link":"https:\/\/www.ladiagonale.net\/index.php\/2023\/07\/29\/le-groupe-elite-jouera-la-petite-finale-au-tournoi-europeen-u21-contre-nice\/","title":{"rendered":"Le Groupe \u00c9lite jouera la petite finale \u00e0 Ploufragan"},"content":{"rendered":"\n<p>Les joueurs du Groupe \u00c9lite de l\u2019AS Monaco ne seront pas en mesure de r\u00e9\u00e9diter leur performance de la saison derni\u00e8re, lorsqu\u2019ils avaient atteint la finale du Tournoi europ\u00e9en U21. Les Rouge et Blanc n\u2019ont r\u00e9ussi \u00e0 se qualifier que pour la \u00ab petite \u00bb finale, ce qui ne les classera au mieux qu\u2019\u00e0 la troisi\u00e8me place. Pour cela, il faudra battre l\u2019OGC Nice ce dimanche, \u00e0 14 heures. Alors qu\u2019ils avaient bien entam\u00e9 leur tournoi la veille, avec un succ\u00e8s contre Guingamp (2-0), les hommes de Damien Perrinelle ont chut\u00e9 lors du match d\u00e9cisif pour la premi\u00e8re place du groupe ce samedi contre Saint-\u00c9tienne (1-2).<\/p>\n\n\n\n<p>Avant de d\u00e9fier les Verts dans l&rsquo;apr\u00e8s-midi, les As\u00e9mistes ont affront\u00e9 Bournemouth ce samedi matin. Une rencontre qui s\u2019est sold\u00e9e par un r\u00e9sultat nul mais que l\u2019ASM a finalement remport\u00e9e apr\u00e8s la s\u00e9ance de tirs au but (1-1, 4-3 aux t.a.b.). Di\u00e9dry Kouassi a ouvert le score sur p\u00e9nalty juste avant la mi-temps, mais la formation anglaise est revenue \u00e0 hauteur en toute fin de match, obligeant \u00e0 disputer une s\u00e9ance de tirs au but pour d\u00e9partager les deux \u00e9quipes. L\u2019ASM a fait un sans-faute dans cet exercice et a empoch\u00e9 trois points suppl\u00e9mentaires, confortant ainsi sa premi\u00e8re place du groupe.<\/p>\n\n\n\n<p>Avec six points contre quatre pour Saint-\u00c9tienne, qui a \u00e9t\u00e9 tenu en \u00e9chec par Guingamp lors de sa deuxi\u00e8me rencontre de poule (0-0), les Mon\u00e9gasques ont abord\u00e9 cette rencontre en position de force. Un avantage qu\u2019Enzo Baglieri a cru accro\u00eetre en marquant le premier but face aux Verts (1-0, 10<sup>e<\/sup>). Mais les jeunes pousses as\u00e9mistes n&rsquo;ont pas r\u00e9ussi \u00e0 conserver leur avance et se sont fait rejoindre au tableau d&rsquo;affichage puis d\u00e9passer en quelques minutes seulement lors du second acte de la rencontre. Avec six points contre sept pour Saint-\u00c9tienne, Monaco a termin\u00e9 \u00e0 la seconde place du groupe et jouera donc le match pour la 3e place dimanche. <\/p>\n","protected":false},"excerpt":{"rendered":"<p>Les joueurs du Groupe \u00c9lite de l\u2019AS Monaco ne seront pas en mesure de r\u00e9\u00e9diter leur performance de la saison derni\u00e8re, lorsqu\u2019ils avaient atteint la finale du Tournoi europ\u00e9en U21. Les Rouge et Blanc n\u2019ont r\u00e9ussi \u00e0 se qualifier que pour la \u00ab petite \u00bb finale, ce qui ne les classera au mieux qu\u2019\u00e0 la [&#8230;]\n","protected":false},"author":2,"featured_media":0,"comment_status":"open","ping_status":"open","sticky":false,"template":"","format":"standard","meta":[],"categories":[6],"tags":[76,86,228,581],"yoast_head":"<!-- This site is optimized with the Yoast SEO plugin v19.8 - https:\/\/yoast.com\/wordpress\/plugins\/seo\/ -->\n<title>Le Groupe \u00c9lite jouera la petite finale \u00e0 Ploufragan - La Diagonale<\/title>\n<meta name=\"robots\" content=\"index, follow, max-snippet:-1, max-image-preview:large, max-video-preview:-1\" \/>\n<link rel=\"canonical\" href=\"https:\/\/www.ladiagonale.net\/index.php\/2023\/07\/29\/le-groupe-elite-jouera-la-petite-finale-au-tournoi-europeen-u21-contre-nice\/\" \/>\n<meta property=\"og:locale\" content=\"fr_FR\" \/>\n<meta property=\"og:type\" content=\"article\" \/>\n<meta property=\"og:title\" content=\"Le Groupe \u00c9lite jouera la petite finale \u00e0 Ploufragan - La Diagonale\" \/>\n<meta property=\"og:description\" content=\"Les joueurs du Groupe \u00c9lite de l\u2019AS Monaco ne seront pas en mesure de r\u00e9\u00e9diter leur performance de la saison derni\u00e8re, lorsqu\u2019ils avaient atteint la finale du Tournoi europ\u00e9en U21. Les Rouge et Blanc n\u2019ont r\u00e9ussi \u00e0 se qualifier que pour la \u00ab petite \u00bb finale, ce qui ne les classera au mieux qu\u2019\u00e0 la [...]\" \/>\n<meta property=\"og:url\" content=\"https:\/\/www.ladiagonale.net\/index.php\/2023\/07\/29\/le-groupe-elite-jouera-la-petite-finale-au-tournoi-europeen-u21-contre-nice\/\" \/>\n<meta property=\"og:site_name\" content=\"La Diagonale\" \/>\n<meta property=\"article:published_time\" content=\"2023-07-29T19:31:57+00:00\" \/>\n<meta property=\"article:modified_time\" content=\"2023-07-30T11:16:53+00:00\" \/>\n<meta property=\"og:image\" content=\"https:\/\/www.ladiagonale.net\/wp-content\/uploads\/2023\/07\/Groupe-eliteS2.png\" \/>\n\t<meta property=\"og:image:width\" content=\"1160\" \/>\n\t<meta property=\"og:image:height\" content=\"650\" \/>\n\t<meta property=\"og:image:type\" content=\"image\/png\" \/>\n<meta name=\"author\" content=\"Damien Dellerba\" \/>\n<meta name=\"twitter:card\" content=\"summary_large_image\" \/>\n<meta name=\"twitter:image\" content=\"https:\/\/www.ladiagonale.net\/wp-content\/uploads\/2023\/07\/Groupe-eliteS2.png\" \/>\n<meta name=\"twitter:label1\" content=\"\u00c9crit par\" \/>\n\t<meta name=\"twitter:data1\" content=\"Damien Dellerba\" \/>\n\t<meta name=\"twitter:label2\" content=\"Dur\u00e9e de lecture estim\u00e9e\" \/>\n\t<meta name=\"twitter:data2\" content=\"2 minutes\" \/>\n<script type=\"application\/ld+json\" class=\"yoast-schema-graph\">{\"@context\":\"https:\/\/schema.org\",\"@graph\":[{\"@type\":\"WebPage\",\"@id\":\"https:\/\/www.ladiagonale.net\/index.php\/2023\/07\/29\/le-groupe-elite-jouera-la-petite-finale-au-tournoi-europeen-u21-contre-nice\/\",\"url\":\"https:\/\/www.ladiagonale.net\/index.php\/2023\/07\/29\/le-groupe-elite-jouera-la-petite-finale-au-tournoi-europeen-u21-contre-nice\/\",\"name\":\"Le Groupe \u00c9lite jouera la petite finale \u00e0 Ploufragan - La Diagonale\",\"isPartOf\":{\"@id\":\"https:\/\/www.ladiagonale.net\/#website\"},\"datePublished\":\"2023-07-29T19:31:57+00:00\",\"dateModified\":\"2023-07-30T11:16:53+00:00\",\"author\":{\"@id\":\"https:\/\/www.ladiagonale.net\/#\/schema\/person\/79ff1e7b0853ed01b2aa26e64ad300bf\"},\"breadcrumb\":{\"@id\":\"https:\/\/www.ladiagonale.net\/index.php\/2023\/07\/29\/le-groupe-elite-jouera-la-petite-finale-au-tournoi-europeen-u21-contre-nice\/#breadcrumb\"},\"inLanguage\":\"fr-FR\",\"potentialAction\":[{\"@type\":\"ReadAction\",\"target\":[\"https:\/\/www.ladiagonale.net\/index.php\/2023\/07\/29\/le-groupe-elite-jouera-la-petite-finale-au-tournoi-europeen-u21-contre-nice\/\"]}]},{\"@type\":\"BreadcrumbList\",\"@id\":\"https:\/\/www.ladiagonale.net\/index.php\/2023\/07\/29\/le-groupe-elite-jouera-la-petite-finale-au-tournoi-europeen-u21-contre-nice\/#breadcrumb\",\"itemListElement\":[{\"@type\":\"ListItem\",\"position\":1,\"name\":\"Accueil\",\"item\":\"https:\/\/www.ladiagonale.net\/\"},{\"@type\":\"ListItem\",\"position\":2,\"name\":\"Le Groupe \u00c9lite jouera la petite finale \u00e0 Ploufragan\"}]},{\"@type\":\"WebSite\",\"@id\":\"https:\/\/www.ladiagonale.net\/#website\",\"url\":\"https:\/\/www.ladiagonale.net\/\",\"name\":\"La Diagonale\",\"description\":\"Le site des supporters de l&#039;AS Monaco FC\",\"potentialAction\":[{\"@type\":\"SearchAction\",\"target\":{\"@type\":\"EntryPoint\",\"urlTemplate\":\"https:\/\/www.ladiagonale.net\/?s={search_term_string}\"},\"query-input\":\"required name=search_term_string\"}],\"inLanguage\":\"fr-FR\"},{\"@type\":\"Person\",\"@id\":\"https:\/\/www.ladiagonale.net\/#\/schema\/person\/79ff1e7b0853ed01b2aa26e64ad300bf\",\"name\":\"Damien Dellerba\",\"image\":{\"@type\":\"ImageObject\",\"inLanguage\":\"fr-FR\",\"@id\":\"https:\/\/www.ladiagonale.net\/#\/schema\/person\/image\/\",\"url\":\"https:\/\/secure.gravatar.com\/avatar\/c7850e06d3ff63cdbaee88b7fc16e2f0?s=96&d=mm&r=g\",\"contentUrl\":\"https:\/\/secure.gravatar.com\/avatar\/c7850e06d3ff63cdbaee88b7fc16e2f0?s=96&d=mm&r=g\",\"caption\":\"Damien Dellerba\"},\"url\":\"https:\/\/www.ladiagonale.net\/index.php\/author\/damien\/\"}]}<\/script>\n<!-- \/ Yoast SEO plugin. -->","yoast_head_json":{"title":"Le Groupe \u00c9lite jouera la petite finale \u00e0 Ploufragan - La Diagonale","robots":{"index":"index","follow":"follow","max-snippet":"max-snippet:-1","max-image-preview":"max-image-preview:large","max-video-preview":"max-video-preview:-1"},"canonical":"https:\/\/www.ladiagonale.net\/index.php\/2023\/07\/29\/le-groupe-elite-jouera-la-petite-finale-au-tournoi-europeen-u21-contre-nice\/","og_locale":"fr_FR","og_type":"article","og_title":"Le Groupe \u00c9lite jouera la petite finale \u00e0 Ploufragan - La Diagonale","og_description":"Les joueurs du Groupe \u00c9lite de l\u2019AS Monaco ne seront pas en mesure de r\u00e9\u00e9diter leur performance de la saison derni\u00e8re, lorsqu\u2019ils avaient atteint la finale du Tournoi europ\u00e9en U21. Les Rouge et Blanc n\u2019ont r\u00e9ussi \u00e0 se qualifier que pour la \u00ab petite \u00bb finale, ce qui ne les classera au mieux qu\u2019\u00e0 la [...]","og_url":"https:\/\/www.ladiagonale.net\/index.php\/2023\/07\/29\/le-groupe-elite-jouera-la-petite-finale-au-tournoi-europeen-u21-contre-nice\/","og_site_name":"La Diagonale","article_published_time":"2023-07-29T19:31:57+00:00","article_modified_time":"2023-07-30T11:16:53+00:00","og_image":[{"width":1160,"height":650,"url":"https:\/\/www.ladiagonale.net\/wp-content\/uploads\/2023\/07\/Groupe-eliteS2.png","type":"image\/png"}],"author":"Damien Dellerba","twitter_card":"summary_large_image","twitter_image":"https:\/\/www.ladiagonale.net\/wp-content\/uploads\/2023\/07\/Groupe-eliteS2.png","twitter_misc":{"\u00c9crit par":"Damien Dellerba","Dur\u00e9e de lecture estim\u00e9e":"2 minutes"},"schema":{"@context":"https:\/\/schema.org","@graph":[{"@type":"WebPage","@id":"https:\/\/www.ladiagonale.net\/index.php\/2023\/07\/29\/le-groupe-elite-jouera-la-petite-finale-au-tournoi-europeen-u21-contre-nice\/","url":"https:\/\/www.ladiagonale.net\/index.php\/2023\/07\/29\/le-groupe-elite-jouera-la-petite-finale-au-tournoi-europeen-u21-contre-nice\/","name":"Le Groupe \u00c9lite jouera la petite finale \u00e0 Ploufragan - La Diagonale","isPartOf":{"@id":"https:\/\/www.ladiagonale.net\/#website"},"datePublished":"2023-07-29T19:31:57+00:00","dateModified":"2023-07-30T11:16:53+00:00","author":{"@id":"https:\/\/www.ladiagonale.net\/#\/schema\/person\/79ff1e7b0853ed01b2aa26e64ad300bf"},"breadcrumb":{"@id":"https:\/\/www.ladiagonale.net\/index.php\/2023\/07\/29\/le-groupe-elite-jouera-la-petite-finale-au-tournoi-europeen-u21-contre-nice\/#breadcrumb"},"inLanguage":"fr-FR","potentialAction":[{"@type":"ReadAction","target":["https:\/\/www.ladiagonale.net\/index.php\/2023\/07\/29\/le-groupe-elite-jouera-la-petite-finale-au-tournoi-europeen-u21-contre-nice\/"]}]},{"@type":"BreadcrumbList","@id":"https:\/\/www.ladiagonale.net\/index.php\/2023\/07\/29\/le-groupe-elite-jouera-la-petite-finale-au-tournoi-europeen-u21-contre-nice\/#breadcrumb","itemListElement":[{"@type":"ListItem","position":1,"name":"Accueil","item":"https:\/\/www.ladiagonale.net\/"},{"@type":"ListItem","position":2,"name":"Le Groupe \u00c9lite jouera la petite finale \u00e0 Ploufragan"}]},{"@type":"WebSite","@id":"https:\/\/www.ladiagonale.net\/#website","url":"https:\/\/www.ladiagonale.net\/","name":"La Diagonale","description":"Le site des supporters de l&#039;AS Monaco FC","potentialAction":[{"@type":"SearchAction","target":{"@type":"EntryPoint","urlTemplate":"https:\/\/www.ladiagonale.net\/?s={search_term_string}"},"query-input":"required name=search_term_string"}],"inLanguage":"fr-FR"},{"@type":"Person","@id":"https:\/\/www.ladiagonale.net\/#\/schema\/person\/79ff1e7b0853ed01b2aa26e64ad300bf","name":"Damien Dellerba","image":{"@type":"ImageObject","inLanguage":"fr-FR","@id":"https:\/\/www.ladiagonale.net\/#\/schema\/person\/image\/","url":"https:\/\/secure.gravatar.com\/avatar\/c7850e06d3ff63cdbaee88b7fc16e2f0?s=96&d=mm&r=g","contentUrl":"https:\/\/secure.gravatar.com\/avatar\/c7850e06d3ff63cdbaee88b7fc16e2f0?s=96&d=mm&r=g","caption":"Damien Dellerba"},"url":"https:\/\/www.ladiagonale.net\/index.php\/author\/damien\/"}]}},"_links":{"self":[{"href":"https:\/\/www.ladiagonale.net\/index.php\/wp-json\/wp\/v2\/posts\/14506"}],"collection":[{"href":"https:\/\/www.ladiagonale.net\/index.php\/wp-json\/wp\/v2\/posts"}],"about":[{"href":"https:\/\/www.ladiagonale.net\/index.php\/wp-json\/wp\/v2\/types\/post"}],"author":[{"embeddable":true,"href":"https:\/\/www.ladiagonale.net\/index.php\/wp-json\/wp\/v2\/users\/2"}],"replies":[{"embeddable":true,"href":"https:\/\/www.ladiagonale.net\/index.php\/wp-json\/wp\/v2\/comments?post=14506"}],"version-history":[{"count":8,"href":"https:\/\/www.ladiagonale.net\/index.php\/wp-json\/wp\/v2\/posts\/14506\/revisions"}],"predecessor-version":[{"id":14532,"href":"https:\/\/www.ladiagonale.net\/index.php\/wp-json\/wp\/v2\/posts\/14506\/revisions\/14532"}],"wp:attachment":[{"href":"https:\/\/www.ladiagonale.net\/index.php\/wp-json\/wp\/v2\/media?parent=14506"}],"wp:term":[{"taxonomy":"category","embeddable":true,"href":"https:\/\/www.ladiagonale.net\/index.php\/wp-json\/wp\/v2\/categories?post=14506"},{"taxonomy":"post_tag","embeddable":true,"href":"https:\/\/www.ladiagonale.net\/index.php\/wp-json\/wp\/v2\/tags?post=14506"}],"curies":[{"name":"wp","href":"https:\/\/api.w.org\/{rel}","templated":true}]}}