{"id":14518,"date":"2023-07-29T23:14:48","date_gmt":"2023-07-29T21:14:48","guid":{"rendered":"https:\/\/www.ladiagonale.net\/?p=14518"},"modified":"2023-07-30T12:55:36","modified_gmt":"2023-07-30T10:55:36","slug":"monaco-battu-par-le-genoa-0-1","status":"publish","type":"post","link":"https:\/\/www.ladiagonale.net\/index.php\/2023\/07\/29\/monaco-battu-par-le-genoa-0-1\/","title":{"rendered":"Monaco battu par le Genoa (0-1)"},"content":{"rendered":"\n\n\n<p>Apr\u00e8s avoir affront\u00e9 et <a href=\"https:\/\/www.ladiagonale.net\/index.php\/2023\/07\/28\/monaco-bat-bologne-de-justesse\/\">battu de justesse Bologne<\/a> vendredi, l&rsquo;AS Monaco s&rsquo;est inclin\u00e9e d&rsquo;une courte t\u00eate samedi soir contre le Genoa (0-1). Le promu italien a marqu\u00e9 l&rsquo;unique but de la rencontre par Gudmundsson, sur un p\u00e9nalty g\u00e9n\u00e9reusement accord\u00e9 (0-1, 17<sup>e<\/sup>). Pour cette rencontre, Adi H\u00fctter a align\u00e9 une \u00e9quipe totalement diff\u00e9rente de celle de la veille, avec notamment Soungoutou Magassa en tant qu&rsquo;axial droit dans la d\u00e9fense \u00e0 trois, \u00e0 la place de Ruben Aguilar. Au milieu de terrain, Lemarechal a fait la paire avec Camara tandis que Volland et Ben Seghir ont \u00e9volu\u00e9 en soutien de Myron Boadu. Dans les buts c&rsquo;est Radoslaw Majecki qui a \u00e9t\u00e9 align\u00e9.<\/p>\n\n\n\n<p class=\"has-white-color has-text-color has-background\" style=\"background-color:#303030\"><strong>Composition :<\/strong> Majecki \u2013 Magassa, Disasi (cap.), Valme \u2013 Vanderson, Camara (Coulibaly, 84<sup>e<\/sup>), Lemarechal, Jakobs \u2013 Volland, Ben Seghir \u2013 Boadu (Efekele, 81<sup>e<\/sup>).<\/p>\n\n\n\n<p>Les Mon\u00e9gasques ont subi les assauts des G\u00eanois d\u00e8s le d\u00e9but de la rencontre et Majecki a \u00e9t\u00e9 imm\u00e9diatement mis \u00e0 contribution. Une domination qui s&rsquo;est concr\u00e9tis\u00e9e sur un p\u00e9nalty qui n&rsquo;avait sans doute pas lieu d&rsquo;\u00eatre. Les hommes d&rsquo;Adi H\u00fctter ont eu beaucoup de mal \u00e0 se procurer des occasions lors de cette sixi\u00e8me rencontre amicale et se sont content\u00e9s d&rsquo;une possession st\u00e9rile. Face au 5-3-2 italien, les espaces ont \u00e9t\u00e9 difficiles \u00e0 trouver et la seconde p\u00e9riode n&rsquo;a pas vraiment permis d&rsquo;inverser la tendance. <\/p>\n\n\n\n<p>Pour l&rsquo;ASM, cette d\u00e9faite apr\u00e8s une s\u00e9rie de trois victoires de rang est finalement plut\u00f4t logique et montre encore le chemin \u00e0 parcourir d&rsquo;ici la reprise du championnat. Le prochain rendez-vous des Rouge et Blanc sera une rencontre de gala, puisque Monaco ira \u00e0 ce mardi (19h) \u00e0 Londres pour affronter Arsenal dans le cadre de l&rsquo;Emirates Cup. Une rencontre qui permettra de juger avec encore plus d&rsquo;acuit\u00e9 le degr\u00e9 de pr\u00e9paration des As\u00e9mistes.<\/p>\n","protected":false},"excerpt":{"rendered":"<p>Apr\u00e8s avoir affront\u00e9 et battu de justesse Bologne vendredi, l&rsquo;AS Monaco s&rsquo;est inclin\u00e9e d&rsquo;une courte t\u00eate samedi soir contre le Genoa (0-1). Le promu italien a marqu\u00e9 l&rsquo;unique but de la rencontre par Gudmundsson, sur un p\u00e9nalty g\u00e9n\u00e9reusement accord\u00e9 (0-1, 17e). Pour cette rencontre, Adi H\u00fctter a align\u00e9 une \u00e9quipe totalement diff\u00e9rente de celle de [&#8230;]\n","protected":false},"author":2,"featured_media":14524,"comment_status":"open","ping_status":"open","sticky":false,"template":"","format":"standard","meta":[],"categories":[5,6],"tags":[87,86,88],"yoast_head":"<!-- This site is optimized with the Yoast SEO plugin v19.8 - https:\/\/yoast.com\/wordpress\/plugins\/seo\/ -->\n<title>Monaco battu par le Genoa (0-1) - La Diagonale<\/title>\n<meta name=\"robots\" content=\"index, follow, max-snippet:-1, max-image-preview:large, max-video-preview:-1\" \/>\n<link rel=\"canonical\" href=\"https:\/\/www.ladiagonale.net\/index.php\/2023\/07\/29\/monaco-battu-par-le-genoa-0-1\/\" \/>\n<meta property=\"og:locale\" content=\"fr_FR\" \/>\n<meta property=\"og:type\" content=\"article\" \/>\n<meta property=\"og:title\" content=\"Monaco battu par le Genoa (0-1) - La Diagonale\" \/>\n<meta property=\"og:description\" content=\"Apr\u00e8s avoir affront\u00e9 et battu de justesse Bologne vendredi, l&rsquo;AS Monaco s&rsquo;est inclin\u00e9e d&rsquo;une courte t\u00eate samedi soir contre le Genoa (0-1). Le promu italien a marqu\u00e9 l&rsquo;unique but de la rencontre par Gudmundsson, sur un p\u00e9nalty g\u00e9n\u00e9reusement accord\u00e9 (0-1, 17e). Pour cette rencontre, Adi H\u00fctter a align\u00e9 une \u00e9quipe totalement diff\u00e9rente de celle de [...]\" \/>\n<meta property=\"og:url\" content=\"https:\/\/www.ladiagonale.net\/index.php\/2023\/07\/29\/monaco-battu-par-le-genoa-0-1\/\" \/>\n<meta property=\"og:site_name\" content=\"La Diagonale\" \/>\n<meta property=\"article:published_time\" content=\"2023-07-29T21:14:48+00:00\" \/>\n<meta property=\"article:modified_time\" content=\"2023-07-30T10:55:36+00:00\" \/>\n<meta property=\"og:image\" content=\"https:\/\/www.ladiagonale.net\/wp-content\/uploads\/2023\/07\/boadu.png\" \/>\n\t<meta property=\"og:image:width\" content=\"1160\" \/>\n\t<meta property=\"og:image:height\" content=\"650\" \/>\n\t<meta property=\"og:image:type\" content=\"image\/png\" \/>\n<meta name=\"author\" content=\"Damien Dellerba\" \/>\n<meta name=\"twitter:card\" content=\"summary_large_image\" \/>\n<meta name=\"twitter:image\" content=\"https:\/\/www.ladiagonale.net\/wp-content\/uploads\/2023\/07\/boadu.png\" \/>\n<meta name=\"twitter:label1\" content=\"\u00c9crit par\" \/>\n\t<meta name=\"twitter:data1\" content=\"Damien Dellerba\" \/>\n\t<meta name=\"twitter:label2\" content=\"Dur\u00e9e de lecture estim\u00e9e\" \/>\n\t<meta name=\"twitter:data2\" content=\"2 minutes\" \/>\n<script type=\"application\/ld+json\" class=\"yoast-schema-graph\">{\"@context\":\"https:\/\/schema.org\",\"@graph\":[{\"@type\":\"WebPage\",\"@id\":\"https:\/\/www.ladiagonale.net\/index.php\/2023\/07\/29\/monaco-battu-par-le-genoa-0-1\/\",\"url\":\"https:\/\/www.ladiagonale.net\/index.php\/2023\/07\/29\/monaco-battu-par-le-genoa-0-1\/\",\"name\":\"Monaco battu par le Genoa (0-1) - La Diagonale\",\"isPartOf\":{\"@id\":\"https:\/\/www.ladiagonale.net\/#website\"},\"datePublished\":\"2023-07-29T21:14:48+00:00\",\"dateModified\":\"2023-07-30T10:55:36+00:00\",\"author\":{\"@id\":\"https:\/\/www.ladiagonale.net\/#\/schema\/person\/79ff1e7b0853ed01b2aa26e64ad300bf\"},\"breadcrumb\":{\"@id\":\"https:\/\/www.ladiagonale.net\/index.php\/2023\/07\/29\/monaco-battu-par-le-genoa-0-1\/#breadcrumb\"},\"inLanguage\":\"fr-FR\",\"potentialAction\":[{\"@type\":\"ReadAction\",\"target\":[\"https:\/\/www.ladiagonale.net\/index.php\/2023\/07\/29\/monaco-battu-par-le-genoa-0-1\/\"]}]},{\"@type\":\"BreadcrumbList\",\"@id\":\"https:\/\/www.ladiagonale.net\/index.php\/2023\/07\/29\/monaco-battu-par-le-genoa-0-1\/#breadcrumb\",\"itemListElement\":[{\"@type\":\"ListItem\",\"position\":1,\"name\":\"Accueil\",\"item\":\"https:\/\/www.ladiagonale.net\/\"},{\"@type\":\"ListItem\",\"position\":2,\"name\":\"Monaco battu par le Genoa (0-1)\"}]},{\"@type\":\"WebSite\",\"@id\":\"https:\/\/www.ladiagonale.net\/#website\",\"url\":\"https:\/\/www.ladiagonale.net\/\",\"name\":\"La Diagonale\",\"description\":\"Le site des supporters de l&#039;AS Monaco FC\",\"potentialAction\":[{\"@type\":\"SearchAction\",\"target\":{\"@type\":\"EntryPoint\",\"urlTemplate\":\"https:\/\/www.ladiagonale.net\/?s={search_term_string}\"},\"query-input\":\"required name=search_term_string\"}],\"inLanguage\":\"fr-FR\"},{\"@type\":\"Person\",\"@id\":\"https:\/\/www.ladiagonale.net\/#\/schema\/person\/79ff1e7b0853ed01b2aa26e64ad300bf\",\"name\":\"Damien Dellerba\",\"image\":{\"@type\":\"ImageObject\",\"inLanguage\":\"fr-FR\",\"@id\":\"https:\/\/www.ladiagonale.net\/#\/schema\/person\/image\/\",\"url\":\"https:\/\/secure.gravatar.com\/avatar\/c7850e06d3ff63cdbaee88b7fc16e2f0?s=96&d=mm&r=g\",\"contentUrl\":\"https:\/\/secure.gravatar.com\/avatar\/c7850e06d3ff63cdbaee88b7fc16e2f0?s=96&d=mm&r=g\",\"caption\":\"Damien Dellerba\"},\"url\":\"https:\/\/www.ladiagonale.net\/index.php\/author\/damien\/\"}]}<\/script>\n<!-- \/ Yoast SEO plugin. -->","yoast_head_json":{"title":"Monaco battu par le Genoa (0-1) - La Diagonale","robots":{"index":"index","follow":"follow","max-snippet":"max-snippet:-1","max-image-preview":"max-image-preview:large","max-video-preview":"max-video-preview:-1"},"canonical":"https:\/\/www.ladiagonale.net\/index.php\/2023\/07\/29\/monaco-battu-par-le-genoa-0-1\/","og_locale":"fr_FR","og_type":"article","og_title":"Monaco battu par le Genoa (0-1) - La Diagonale","og_description":"Apr\u00e8s avoir affront\u00e9 et battu de justesse Bologne vendredi, l&rsquo;AS Monaco s&rsquo;est inclin\u00e9e d&rsquo;une courte t\u00eate samedi soir contre le Genoa (0-1). Le promu italien a marqu\u00e9 l&rsquo;unique but de la rencontre par Gudmundsson, sur un p\u00e9nalty g\u00e9n\u00e9reusement accord\u00e9 (0-1, 17e). Pour cette rencontre, Adi H\u00fctter a align\u00e9 une \u00e9quipe totalement diff\u00e9rente de celle de [...]","og_url":"https:\/\/www.ladiagonale.net\/index.php\/2023\/07\/29\/monaco-battu-par-le-genoa-0-1\/","og_site_name":"La Diagonale","article_published_time":"2023-07-29T21:14:48+00:00","article_modified_time":"2023-07-30T10:55:36+00:00","og_image":[{"width":1160,"height":650,"url":"https:\/\/www.ladiagonale.net\/wp-content\/uploads\/2023\/07\/boadu.png","type":"image\/png"}],"author":"Damien Dellerba","twitter_card":"summary_large_image","twitter_image":"https:\/\/www.ladiagonale.net\/wp-content\/uploads\/2023\/07\/boadu.png","twitter_misc":{"\u00c9crit par":"Damien Dellerba","Dur\u00e9e de lecture estim\u00e9e":"2 minutes"},"schema":{"@context":"https:\/\/schema.org","@graph":[{"@type":"WebPage","@id":"https:\/\/www.ladiagonale.net\/index.php\/2023\/07\/29\/monaco-battu-par-le-genoa-0-1\/","url":"https:\/\/www.ladiagonale.net\/index.php\/2023\/07\/29\/monaco-battu-par-le-genoa-0-1\/","name":"Monaco battu par le Genoa (0-1) - La Diagonale","isPartOf":{"@id":"https:\/\/www.ladiagonale.net\/#website"},"datePublished":"2023-07-29T21:14:48+00:00","dateModified":"2023-07-30T10:55:36+00:00","author":{"@id":"https:\/\/www.ladiagonale.net\/#\/schema\/person\/79ff1e7b0853ed01b2aa26e64ad300bf"},"breadcrumb":{"@id":"https:\/\/www.ladiagonale.net\/index.php\/2023\/07\/29\/monaco-battu-par-le-genoa-0-1\/#breadcrumb"},"inLanguage":"fr-FR","potentialAction":[{"@type":"ReadAction","target":["https:\/\/www.ladiagonale.net\/index.php\/2023\/07\/29\/monaco-battu-par-le-genoa-0-1\/"]}]},{"@type":"BreadcrumbList","@id":"https:\/\/www.ladiagonale.net\/index.php\/2023\/07\/29\/monaco-battu-par-le-genoa-0-1\/#breadcrumb","itemListElement":[{"@type":"ListItem","position":1,"name":"Accueil","item":"https:\/\/www.ladiagonale.net\/"},{"@type":"ListItem","position":2,"name":"Monaco battu par le Genoa (0-1)"}]},{"@type":"WebSite","@id":"https:\/\/www.ladiagonale.net\/#website","url":"https:\/\/www.ladiagonale.net\/","name":"La Diagonale","description":"Le site des supporters de l&#039;AS Monaco FC","potentialAction":[{"@type":"SearchAction","target":{"@type":"EntryPoint","urlTemplate":"https:\/\/www.ladiagonale.net\/?s={search_term_string}"},"query-input":"required name=search_term_string"}],"inLanguage":"fr-FR"},{"@type":"Person","@id":"https:\/\/www.ladiagonale.net\/#\/schema\/person\/79ff1e7b0853ed01b2aa26e64ad300bf","name":"Damien Dellerba","image":{"@type":"ImageObject","inLanguage":"fr-FR","@id":"https:\/\/www.ladiagonale.net\/#\/schema\/person\/image\/","url":"https:\/\/secure.gravatar.com\/avatar\/c7850e06d3ff63cdbaee88b7fc16e2f0?s=96&d=mm&r=g","contentUrl":"https:\/\/secure.gravatar.com\/avatar\/c7850e06d3ff63cdbaee88b7fc16e2f0?s=96&d=mm&r=g","caption":"Damien Dellerba"},"url":"https:\/\/www.ladiagonale.net\/index.php\/author\/damien\/"}]}},"_links":{"self":[{"href":"https:\/\/www.ladiagonale.net\/index.php\/wp-json\/wp\/v2\/posts\/14518"}],"collection":[{"href":"https:\/\/www.ladiagonale.net\/index.php\/wp-json\/wp\/v2\/posts"}],"about":[{"href":"https:\/\/www.ladiagonale.net\/index.php\/wp-json\/wp\/v2\/types\/post"}],"author":[{"embeddable":true,"href":"https:\/\/www.ladiagonale.net\/index.php\/wp-json\/wp\/v2\/users\/2"}],"replies":[{"embeddable":true,"href":"https:\/\/www.ladiagonale.net\/index.php\/wp-json\/wp\/v2\/comments?post=14518"}],"version-history":[{"count":6,"href":"https:\/\/www.ladiagonale.net\/index.php\/wp-json\/wp\/v2\/posts\/14518\/revisions"}],"predecessor-version":[{"id":14531,"href":"https:\/\/www.ladiagonale.net\/index.php\/wp-json\/wp\/v2\/posts\/14518\/revisions\/14531"}],"wp:featuredmedia":[{"embeddable":true,"href":"https:\/\/www.ladiagonale.net\/index.php\/wp-json\/wp\/v2\/media\/14524"}],"wp:attachment":[{"href":"https:\/\/www.ladiagonale.net\/index.php\/wp-json\/wp\/v2\/media?parent=14518"}],"wp:term":[{"taxonomy":"category","embeddable":true,"href":"https:\/\/www.ladiagonale.net\/index.php\/wp-json\/wp\/v2\/categories?post=14518"},{"taxonomy":"post_tag","embeddable":true,"href":"https:\/\/www.ladiagonale.net\/index.php\/wp-json\/wp\/v2\/tags?post=14518"}],"curies":[{"name":"wp","href":"https:\/\/api.w.org\/{rel}","templated":true}]}}