{"id":14534,"date":"2023-07-30T18:19:28","date_gmt":"2023-07-30T16:19:28","guid":{"rendered":"https:\/\/www.ladiagonale.net\/?p=14534"},"modified":"2023-07-31T00:21:53","modified_gmt":"2023-07-30T22:21:53","slug":"le-groupe-elite-battu-par-nice-termine-4e-a-ploufragan","status":"publish","type":"post","link":"https:\/\/www.ladiagonale.net\/index.php\/2023\/07\/30\/le-groupe-elite-battu-par-nice-termine-4e-a-ploufragan\/","title":{"rendered":"Le Groupe \u00c9lite, battu par Nice, termine 4e \u00e0 Ploufragan"},"content":{"rendered":"\n<p>Le Groupe \u00c9lite de l\u2019AS Monaco a mal termin\u00e9 son tournoi europ\u00e9en U21. Les hommes de Damien Perrinelle se sont inclin\u00e9s lors de la petite finale, s\u00e8chement battus par le rival ni\u00e7ois (3-0). Une rencontre que Monaco a jou\u00e9 la majeure partie du temps en inf\u00e9riorit\u00e9 num\u00e9rique, apr\u00e8s l\u2019expulsion d\u2019Abdoulaye Sow en d\u00e9but de match (13e).<\/p>\n\n\n\n<p>Les Ni\u00e7ois ont pris le match par le bon bout, en concr\u00e9tisant leur premi\u00e8re occasion d\u00e8s l\u2019entame (0-1, 1re) et ont fait le break seulement dix minutes plus tard (0-2, 11e). Les Aiglons ont ensuite enfonc\u00e9 le clou en fin de rencontre, avec un troisi\u00e8me but (0-3, 51e). \u00c0 la suite de cette d\u00e9faite, les Rouge et Blanc terminent quatri\u00e8mes du tournoi et font donc moins bien que l\u2019an dernier, o\u00f9 il avait fini deuxi\u00e8mes.<\/p>\n\n\n\n<p>Pour autant, les Mon\u00e9gaqsques ne rentreront pas les mains vides puisque Yanis Benchaouch a \u00e9t\u00e9 \u00e9lu meilleur gardien du tournoi. Il succ\u00e8de \u00e0 un ancien Mon\u00e9gasque, Lisandru Olmeta, qui avait \u00e9t\u00e9 r\u00e9compens\u00e9 lors du tournoi de l\u2019an dernier. Samedi prochain (18h), les jeunes pousses as\u00e9mistes disputeront une rencontre amicale face \u00e0 Cannes au Centre de Performance de la Turbie. <\/p>\n","protected":false},"excerpt":{"rendered":"<p>Le Groupe \u00c9lite de l\u2019AS Monaco a mal termin\u00e9 son tournoi europ\u00e9en U21. Les hommes de Damien Perrinelle se sont inclin\u00e9s lors de la petite finale, s\u00e8chement battus par le rival ni\u00e7ois (3-0). Une rencontre que Monaco a jou\u00e9 la majeure partie du temps en inf\u00e9riorit\u00e9 num\u00e9rique, apr\u00e8s l\u2019expulsion d\u2019Abdoulaye Sow en d\u00e9but de match [&#8230;]\n","protected":false},"author":2,"featured_media":0,"comment_status":"open","ping_status":"open","sticky":false,"template":"","format":"standard","meta":[],"categories":[6],"tags":[76,86,228,581],"yoast_head":"<!-- This site is optimized with the Yoast SEO plugin v19.8 - https:\/\/yoast.com\/wordpress\/plugins\/seo\/ -->\n<title>Le Groupe \u00c9lite, battu par Nice, termine 4e \u00e0 Ploufragan - La Diagonale<\/title>\n<meta name=\"robots\" content=\"index, follow, max-snippet:-1, max-image-preview:large, max-video-preview:-1\" \/>\n<link rel=\"canonical\" href=\"https:\/\/www.ladiagonale.net\/index.php\/2023\/07\/30\/le-groupe-elite-battu-par-nice-termine-4e-a-ploufragan\/\" \/>\n<meta property=\"og:locale\" content=\"fr_FR\" \/>\n<meta property=\"og:type\" content=\"article\" \/>\n<meta property=\"og:title\" content=\"Le Groupe \u00c9lite, battu par Nice, termine 4e \u00e0 Ploufragan - La Diagonale\" \/>\n<meta property=\"og:description\" content=\"Le Groupe \u00c9lite de l\u2019AS Monaco a mal termin\u00e9 son tournoi europ\u00e9en U21. Les hommes de Damien Perrinelle se sont inclin\u00e9s lors de la petite finale, s\u00e8chement battus par le rival ni\u00e7ois (3-0). Une rencontre que Monaco a jou\u00e9 la majeure partie du temps en inf\u00e9riorit\u00e9 num\u00e9rique, apr\u00e8s l\u2019expulsion d\u2019Abdoulaye Sow en d\u00e9but de match [...]\" \/>\n<meta property=\"og:url\" content=\"https:\/\/www.ladiagonale.net\/index.php\/2023\/07\/30\/le-groupe-elite-battu-par-nice-termine-4e-a-ploufragan\/\" \/>\n<meta property=\"og:site_name\" content=\"La Diagonale\" \/>\n<meta property=\"article:published_time\" content=\"2023-07-30T16:19:28+00:00\" \/>\n<meta property=\"article:modified_time\" content=\"2023-07-30T22:21:53+00:00\" \/>\n<meta property=\"og:image\" content=\"https:\/\/www.ladiagonale.net\/wp-content\/uploads\/2023\/07\/Groupe-eliteS2.png\" \/>\n\t<meta property=\"og:image:width\" content=\"1160\" \/>\n\t<meta property=\"og:image:height\" content=\"650\" \/>\n\t<meta property=\"og:image:type\" content=\"image\/png\" \/>\n<meta name=\"author\" content=\"Damien Dellerba\" \/>\n<meta name=\"twitter:card\" content=\"summary_large_image\" \/>\n<meta name=\"twitter:image\" content=\"https:\/\/www.ladiagonale.net\/wp-content\/uploads\/2023\/07\/Groupe-eliteS2.png\" \/>\n<meta name=\"twitter:label1\" content=\"\u00c9crit par\" \/>\n\t<meta name=\"twitter:data1\" content=\"Damien Dellerba\" \/>\n\t<meta name=\"twitter:label2\" content=\"Dur\u00e9e de lecture estim\u00e9e\" \/>\n\t<meta name=\"twitter:data2\" content=\"1 minute\" \/>\n<script type=\"application\/ld+json\" class=\"yoast-schema-graph\">{\"@context\":\"https:\/\/schema.org\",\"@graph\":[{\"@type\":\"WebPage\",\"@id\":\"https:\/\/www.ladiagonale.net\/index.php\/2023\/07\/30\/le-groupe-elite-battu-par-nice-termine-4e-a-ploufragan\/\",\"url\":\"https:\/\/www.ladiagonale.net\/index.php\/2023\/07\/30\/le-groupe-elite-battu-par-nice-termine-4e-a-ploufragan\/\",\"name\":\"Le Groupe \u00c9lite, battu par Nice, termine 4e \u00e0 Ploufragan - La Diagonale\",\"isPartOf\":{\"@id\":\"https:\/\/www.ladiagonale.net\/#website\"},\"datePublished\":\"2023-07-30T16:19:28+00:00\",\"dateModified\":\"2023-07-30T22:21:53+00:00\",\"author\":{\"@id\":\"https:\/\/www.ladiagonale.net\/#\/schema\/person\/79ff1e7b0853ed01b2aa26e64ad300bf\"},\"breadcrumb\":{\"@id\":\"https:\/\/www.ladiagonale.net\/index.php\/2023\/07\/30\/le-groupe-elite-battu-par-nice-termine-4e-a-ploufragan\/#breadcrumb\"},\"inLanguage\":\"fr-FR\",\"potentialAction\":[{\"@type\":\"ReadAction\",\"target\":[\"https:\/\/www.ladiagonale.net\/index.php\/2023\/07\/30\/le-groupe-elite-battu-par-nice-termine-4e-a-ploufragan\/\"]}]},{\"@type\":\"BreadcrumbList\",\"@id\":\"https:\/\/www.ladiagonale.net\/index.php\/2023\/07\/30\/le-groupe-elite-battu-par-nice-termine-4e-a-ploufragan\/#breadcrumb\",\"itemListElement\":[{\"@type\":\"ListItem\",\"position\":1,\"name\":\"Accueil\",\"item\":\"https:\/\/www.ladiagonale.net\/\"},{\"@type\":\"ListItem\",\"position\":2,\"name\":\"Le Groupe \u00c9lite, battu par Nice, termine 4e \u00e0 Ploufragan\"}]},{\"@type\":\"WebSite\",\"@id\":\"https:\/\/www.ladiagonale.net\/#website\",\"url\":\"https:\/\/www.ladiagonale.net\/\",\"name\":\"La Diagonale\",\"description\":\"Le site des supporters de l&#039;AS Monaco FC\",\"potentialAction\":[{\"@type\":\"SearchAction\",\"target\":{\"@type\":\"EntryPoint\",\"urlTemplate\":\"https:\/\/www.ladiagonale.net\/?s={search_term_string}\"},\"query-input\":\"required name=search_term_string\"}],\"inLanguage\":\"fr-FR\"},{\"@type\":\"Person\",\"@id\":\"https:\/\/www.ladiagonale.net\/#\/schema\/person\/79ff1e7b0853ed01b2aa26e64ad300bf\",\"name\":\"Damien Dellerba\",\"image\":{\"@type\":\"ImageObject\",\"inLanguage\":\"fr-FR\",\"@id\":\"https:\/\/www.ladiagonale.net\/#\/schema\/person\/image\/\",\"url\":\"https:\/\/secure.gravatar.com\/avatar\/c7850e06d3ff63cdbaee88b7fc16e2f0?s=96&d=mm&r=g\",\"contentUrl\":\"https:\/\/secure.gravatar.com\/avatar\/c7850e06d3ff63cdbaee88b7fc16e2f0?s=96&d=mm&r=g\",\"caption\":\"Damien Dellerba\"},\"url\":\"https:\/\/www.ladiagonale.net\/index.php\/author\/damien\/\"}]}<\/script>\n<!-- \/ Yoast SEO plugin. -->","yoast_head_json":{"title":"Le Groupe \u00c9lite, battu par Nice, termine 4e \u00e0 Ploufragan - La Diagonale","robots":{"index":"index","follow":"follow","max-snippet":"max-snippet:-1","max-image-preview":"max-image-preview:large","max-video-preview":"max-video-preview:-1"},"canonical":"https:\/\/www.ladiagonale.net\/index.php\/2023\/07\/30\/le-groupe-elite-battu-par-nice-termine-4e-a-ploufragan\/","og_locale":"fr_FR","og_type":"article","og_title":"Le Groupe \u00c9lite, battu par Nice, termine 4e \u00e0 Ploufragan - La Diagonale","og_description":"Le Groupe \u00c9lite de l\u2019AS Monaco a mal termin\u00e9 son tournoi europ\u00e9en U21. Les hommes de Damien Perrinelle se sont inclin\u00e9s lors de la petite finale, s\u00e8chement battus par le rival ni\u00e7ois (3-0). Une rencontre que Monaco a jou\u00e9 la majeure partie du temps en inf\u00e9riorit\u00e9 num\u00e9rique, apr\u00e8s l\u2019expulsion d\u2019Abdoulaye Sow en d\u00e9but de match [...]","og_url":"https:\/\/www.ladiagonale.net\/index.php\/2023\/07\/30\/le-groupe-elite-battu-par-nice-termine-4e-a-ploufragan\/","og_site_name":"La Diagonale","article_published_time":"2023-07-30T16:19:28+00:00","article_modified_time":"2023-07-30T22:21:53+00:00","og_image":[{"width":1160,"height":650,"url":"https:\/\/www.ladiagonale.net\/wp-content\/uploads\/2023\/07\/Groupe-eliteS2.png","type":"image\/png"}],"author":"Damien Dellerba","twitter_card":"summary_large_image","twitter_image":"https:\/\/www.ladiagonale.net\/wp-content\/uploads\/2023\/07\/Groupe-eliteS2.png","twitter_misc":{"\u00c9crit par":"Damien Dellerba","Dur\u00e9e de lecture estim\u00e9e":"1 minute"},"schema":{"@context":"https:\/\/schema.org","@graph":[{"@type":"WebPage","@id":"https:\/\/www.ladiagonale.net\/index.php\/2023\/07\/30\/le-groupe-elite-battu-par-nice-termine-4e-a-ploufragan\/","url":"https:\/\/www.ladiagonale.net\/index.php\/2023\/07\/30\/le-groupe-elite-battu-par-nice-termine-4e-a-ploufragan\/","name":"Le Groupe \u00c9lite, battu par Nice, termine 4e \u00e0 Ploufragan - La Diagonale","isPartOf":{"@id":"https:\/\/www.ladiagonale.net\/#website"},"datePublished":"2023-07-30T16:19:28+00:00","dateModified":"2023-07-30T22:21:53+00:00","author":{"@id":"https:\/\/www.ladiagonale.net\/#\/schema\/person\/79ff1e7b0853ed01b2aa26e64ad300bf"},"breadcrumb":{"@id":"https:\/\/www.ladiagonale.net\/index.php\/2023\/07\/30\/le-groupe-elite-battu-par-nice-termine-4e-a-ploufragan\/#breadcrumb"},"inLanguage":"fr-FR","potentialAction":[{"@type":"ReadAction","target":["https:\/\/www.ladiagonale.net\/index.php\/2023\/07\/30\/le-groupe-elite-battu-par-nice-termine-4e-a-ploufragan\/"]}]},{"@type":"BreadcrumbList","@id":"https:\/\/www.ladiagonale.net\/index.php\/2023\/07\/30\/le-groupe-elite-battu-par-nice-termine-4e-a-ploufragan\/#breadcrumb","itemListElement":[{"@type":"ListItem","position":1,"name":"Accueil","item":"https:\/\/www.ladiagonale.net\/"},{"@type":"ListItem","position":2,"name":"Le Groupe \u00c9lite, battu par Nice, termine 4e \u00e0 Ploufragan"}]},{"@type":"WebSite","@id":"https:\/\/www.ladiagonale.net\/#website","url":"https:\/\/www.ladiagonale.net\/","name":"La Diagonale","description":"Le site des supporters de l&#039;AS Monaco FC","potentialAction":[{"@type":"SearchAction","target":{"@type":"EntryPoint","urlTemplate":"https:\/\/www.ladiagonale.net\/?s={search_term_string}"},"query-input":"required name=search_term_string"}],"inLanguage":"fr-FR"},{"@type":"Person","@id":"https:\/\/www.ladiagonale.net\/#\/schema\/person\/79ff1e7b0853ed01b2aa26e64ad300bf","name":"Damien Dellerba","image":{"@type":"ImageObject","inLanguage":"fr-FR","@id":"https:\/\/www.ladiagonale.net\/#\/schema\/person\/image\/","url":"https:\/\/secure.gravatar.com\/avatar\/c7850e06d3ff63cdbaee88b7fc16e2f0?s=96&d=mm&r=g","contentUrl":"https:\/\/secure.gravatar.com\/avatar\/c7850e06d3ff63cdbaee88b7fc16e2f0?s=96&d=mm&r=g","caption":"Damien Dellerba"},"url":"https:\/\/www.ladiagonale.net\/index.php\/author\/damien\/"}]}},"_links":{"self":[{"href":"https:\/\/www.ladiagonale.net\/index.php\/wp-json\/wp\/v2\/posts\/14534"}],"collection":[{"href":"https:\/\/www.ladiagonale.net\/index.php\/wp-json\/wp\/v2\/posts"}],"about":[{"href":"https:\/\/www.ladiagonale.net\/index.php\/wp-json\/wp\/v2\/types\/post"}],"author":[{"embeddable":true,"href":"https:\/\/www.ladiagonale.net\/index.php\/wp-json\/wp\/v2\/users\/2"}],"replies":[{"embeddable":true,"href":"https:\/\/www.ladiagonale.net\/index.php\/wp-json\/wp\/v2\/comments?post=14534"}],"version-history":[{"count":4,"href":"https:\/\/www.ladiagonale.net\/index.php\/wp-json\/wp\/v2\/posts\/14534\/revisions"}],"predecessor-version":[{"id":14542,"href":"https:\/\/www.ladiagonale.net\/index.php\/wp-json\/wp\/v2\/posts\/14534\/revisions\/14542"}],"wp:attachment":[{"href":"https:\/\/www.ladiagonale.net\/index.php\/wp-json\/wp\/v2\/media?parent=14534"}],"wp:term":[{"taxonomy":"category","embeddable":true,"href":"https:\/\/www.ladiagonale.net\/index.php\/wp-json\/wp\/v2\/categories?post=14534"},{"taxonomy":"post_tag","embeddable":true,"href":"https:\/\/www.ladiagonale.net\/index.php\/wp-json\/wp\/v2\/tags?post=14534"}],"curies":[{"name":"wp","href":"https:\/\/api.w.org\/{rel}","templated":true}]}}